{"id":73220,"date":"2022-06-03T22:56:48","date_gmt":"2022-06-03T22:56:48","guid":{"rendered":"http:\/\/www.noticiasradioreflejos.com.ar\/2021\/?p=73220"},"modified":"2022-06-03T22:56:48","modified_gmt":"2022-06-03T22:56:48","slug":"el-intendente-se-encuentra-gestionando-para-dar-una-solucion-a-la-problematica-actual-de-la-energia-electrica","status":"publish","type":"post","link":"https:\/\/www.noticiasradioreflejos.com.ar\/2021\/el-intendente-se-encuentra-gestionando-para-dar-una-solucion-a-la-problematica-actual-de-la-energia-electrica\/","title":{"rendered":"El Intendente se encuentra gestionando para dar una soluci\u00f3n a la problem\u00e1tica actual de la energ\u00eda el\u00e9ctrica"},"content":{"rendered":"<p>En el d\u00eda de ayer las cooperativas el\u00e9ctricas del distrito tuvieron que realizar bajas en los consumos de la energ\u00eda el\u00e9ctrica para evitar cortes en el suministro debido a la alta demanda, por la ola de frio polar que atravesamos.<!--more--><\/p>\n<p>Por tal motivo, se recort\u00f3 algunos sectores del alumbrado p\u00fablico durante hora de la madrugada, a fin de evitar perjudicar a los vecinos, en horarios pico de trabajo.<\/p>\n<p>En este sentido, varias cooperativas que prestan el servicio se comunicaron con el Departamento Ejecutivo mostrando su gran preocupaci\u00f3n al respecto. Es por esto, que el intendente Sergio Bordoni se encuentra realizando gestiones junto al OCEBA para encontrar una pronta soluci\u00f3n al problema de manera inmediata, y a su vez gestionar una resoluci\u00f3n definitiva.<\/p>\n<p>Dicha problem\u00e1tica se hab\u00eda expuesto meses atr\u00e1s, ante la visita del Gobernador Axel Kicillof a Sierra de la Ventana, donde se present\u00f3 un proyecto para contar con mayor capacidad energ\u00e9tica y evitar interrupciones en el servicio, sobre todo en los momentos de mayor demanda y consumo.<\/p>\n","protected":false},"excerpt":{"rendered":"<p>En el d\u00eda de ayer las cooperativas el\u00e9ctricas del distrito tuvieron que realizar bajas en los consumos de la energ\u00eda el\u00e9ctrica para evitar cortes en el suministro debido a la alta demanda, por la ola de frio polar que atravesamos.<\/p>\n","protected":false},"author":3,"featured_media":0,"comment_status":"closed","ping_status":"closed","sticky":false,"template":"","format":"standard","meta":{"footnotes":""},"categories":[28],"tags":[],"class_list":["post-73220","post","type-post","status-publish","format-standard","hentry","category-municipales"],"yoast_head":"<!-- This site is optimized with the Yoast SEO plugin v25.9 - https:\/\/yoast.com\/wordpress\/plugins\/seo\/ -->\n<title>El Intendente se encuentra gestionando para dar una soluci\u00f3n a la problem\u00e1tica actual de la energ\u00eda el\u00e9ctrica - Noticias Radio Reflejos<\/title>\n<meta name=\"robots\" content=\"index, follow, max-snippet:-1, max-image-preview:large, max-video-preview:-1\" \/>\n<link rel=\"canonical\" href=\"https:\/\/www.noticiasradioreflejos.com.ar\/2021\/el-intendente-se-encuentra-gestionando-para-dar-una-solucion-a-la-problematica-actual-de-la-energia-electrica\/\" \/>\n<meta property=\"og:locale\" content=\"es_ES\" \/>\n<meta property=\"og:type\" content=\"article\" \/>\n<meta property=\"og:title\" content=\"El Intendente se encuentra gestionando para dar una soluci\u00f3n a la problem\u00e1tica actual de la energ\u00eda el\u00e9ctrica - Noticias Radio Reflejos\" \/>\n<meta property=\"og:description\" content=\"En el d\u00eda de ayer las cooperativas el\u00e9ctricas del distrito tuvieron que realizar bajas en los consumos de la energ\u00eda el\u00e9ctrica para evitar cortes en el suministro debido a la alta demanda, por la ola de frio polar que atravesamos.\" \/>\n<meta property=\"og:url\" content=\"https:\/\/www.noticiasradioreflejos.com.ar\/2021\/el-intendente-se-encuentra-gestionando-para-dar-una-solucion-a-la-problematica-actual-de-la-energia-electrica\/\" \/>\n<meta property=\"og:site_name\" content=\"Noticias Radio Reflejos\" \/>\n<meta property=\"article:published_time\" content=\"2022-06-03T22:56:48+00:00\" \/>\n<meta property=\"og:image\" content=\"https:\/\/www.noticiasradioreflejos.com.ar\/2021\/wp-content\/uploads\/2021\/07\/logosol300x200.png\" \/>\n\t<meta property=\"og:image:width\" content=\"300\" \/>\n\t<meta property=\"og:image:height\" content=\"200\" \/>\n\t<meta property=\"og:image:type\" content=\"image\/png\" \/>\n<meta name=\"author\" content=\"Arnaldo Botto\" \/>\n<meta name=\"twitter:card\" content=\"summary_large_image\" \/>\n<script type=\"application\/ld+json\" class=\"yoast-schema-graph\">{\"@context\":\"https:\/\/schema.org\",\"@graph\":[{\"@type\":\"WebPage\",\"@id\":\"https:\/\/www.noticiasradioreflejos.com.ar\/2021\/el-intendente-se-encuentra-gestionando-para-dar-una-solucion-a-la-problematica-actual-de-la-energia-electrica\/\",\"url\":\"https:\/\/www.noticiasradioreflejos.com.ar\/2021\/el-intendente-se-encuentra-gestionando-para-dar-una-solucion-a-la-problematica-actual-de-la-energia-electrica\/\",\"name\":\"El Intendente se encuentra gestionando para dar una soluci\u00f3n a la problem\u00e1tica actual de la energ\u00eda el\u00e9ctrica - Noticias Radio Reflejos\",\"isPartOf\":{\"@id\":\"https:\/\/www.noticiasradioreflejos.com.ar\/2021\/#website\"},\"datePublished\":\"2022-06-03T22:56:48+00:00\",\"author\":{\"@id\":\"https:\/\/www.noticiasradioreflejos.com.ar\/2021\/#\/schema\/person\/ad82545263dcc5ec0996818884fd5fb1\"},\"breadcrumb\":{\"@id\":\"https:\/\/www.noticiasradioreflejos.com.ar\/2021\/el-intendente-se-encuentra-gestionando-para-dar-una-solucion-a-la-problematica-actual-de-la-energia-electrica\/#breadcrumb\"},\"inLanguage\":\"es\",\"potentialAction\":[{\"@type\":\"ReadAction\",\"target\":[\"https:\/\/www.noticiasradioreflejos.com.ar\/2021\/el-intendente-se-encuentra-gestionando-para-dar-una-solucion-a-la-problematica-actual-de-la-energia-electrica\/\"]}]},{\"@type\":\"BreadcrumbList\",\"@id\":\"https:\/\/www.noticiasradioreflejos.com.ar\/2021\/el-intendente-se-encuentra-gestionando-para-dar-una-solucion-a-la-problematica-actual-de-la-energia-electrica\/#breadcrumb\",\"itemListElement\":[{\"@type\":\"ListItem\",\"position\":1,\"name\":\"Portada\",\"item\":\"https:\/\/www.noticiasradioreflejos.com.ar\/2021\/\"},{\"@type\":\"ListItem\",\"position\":2,\"name\":\"El Intendente se encuentra gestionando para dar una soluci\u00f3n a la problem\u00e1tica actual de la energ\u00eda el\u00e9ctrica\"}]},{\"@type\":\"WebSite\",\"@id\":\"https:\/\/www.noticiasradioreflejos.com.ar\/2021\/#website\",\"url\":\"https:\/\/www.noticiasradioreflejos.com.ar\/2021\/\",\"name\":\"Noticias Radio Reflejos\",\"description\":\"Las noticias de mi comarca\",\"potentialAction\":[{\"@type\":\"SearchAction\",\"target\":{\"@type\":\"EntryPoint\",\"urlTemplate\":\"https:\/\/www.noticiasradioreflejos.com.ar\/2021\/?s={search_term_string}\"},\"query-input\":{\"@type\":\"PropertyValueSpecification\",\"valueRequired\":true,\"valueName\":\"search_term_string\"}}],\"inLanguage\":\"es\"},{\"@type\":\"Person\",\"@id\":\"https:\/\/www.noticiasradioreflejos.com.ar\/2021\/#\/schema\/person\/ad82545263dcc5ec0996818884fd5fb1\",\"name\":\"Arnaldo Botto\",\"image\":{\"@type\":\"ImageObject\",\"inLanguage\":\"es\",\"@id\":\"https:\/\/www.noticiasradioreflejos.com.ar\/2021\/#\/schema\/person\/image\/\",\"url\":\"https:\/\/secure.gravatar.com\/avatar\/55cb5e37c1efa326397366e6974cb338056df65cb50e7d64d1cf314e87504837?s=96&d=mm&r=g\",\"contentUrl\":\"https:\/\/secure.gravatar.com\/avatar\/55cb5e37c1efa326397366e6974cb338056df65cb50e7d64d1cf314e87504837?s=96&d=mm&r=g\",\"caption\":\"Arnaldo Botto\"},\"url\":\"https:\/\/www.noticiasradioreflejos.com.ar\/2021\/author\/arnaldo\/\"}]}<\/script>\n<!-- \/ Yoast SEO plugin. -->","yoast_head_json":{"title":"El Intendente se encuentra gestionando para dar una soluci\u00f3n a la problem\u00e1tica actual de la energ\u00eda el\u00e9ctrica - Noticias Radio Reflejos","robots":{"index":"index","follow":"follow","max-snippet":"max-snippet:-1","max-image-preview":"max-image-preview:large","max-video-preview":"max-video-preview:-1"},"canonical":"https:\/\/www.noticiasradioreflejos.com.ar\/2021\/el-intendente-se-encuentra-gestionando-para-dar-una-solucion-a-la-problematica-actual-de-la-energia-electrica\/","og_locale":"es_ES","og_type":"article","og_title":"El Intendente se encuentra gestionando para dar una soluci\u00f3n a la problem\u00e1tica actual de la energ\u00eda el\u00e9ctrica - Noticias Radio Reflejos","og_description":"En el d\u00eda de ayer las cooperativas el\u00e9ctricas del distrito tuvieron que realizar bajas en los consumos de la energ\u00eda el\u00e9ctrica para evitar cortes en el suministro debido a la alta demanda, por la ola de frio polar que atravesamos.","og_url":"https:\/\/www.noticiasradioreflejos.com.ar\/2021\/el-intendente-se-encuentra-gestionando-para-dar-una-solucion-a-la-problematica-actual-de-la-energia-electrica\/","og_site_name":"Noticias Radio Reflejos","article_published_time":"2022-06-03T22:56:48+00:00","og_image":[{"width":300,"height":200,"url":"https:\/\/www.noticiasradioreflejos.com.ar\/2021\/wp-content\/uploads\/2021\/07\/logosol300x200.png","type":"image\/png"}],"author":"Arnaldo Botto","twitter_card":"summary_large_image","schema":{"@context":"https:\/\/schema.org","@graph":[{"@type":"WebPage","@id":"https:\/\/www.noticiasradioreflejos.com.ar\/2021\/el-intendente-se-encuentra-gestionando-para-dar-una-solucion-a-la-problematica-actual-de-la-energia-electrica\/","url":"https:\/\/www.noticiasradioreflejos.com.ar\/2021\/el-intendente-se-encuentra-gestionando-para-dar-una-solucion-a-la-problematica-actual-de-la-energia-electrica\/","name":"El Intendente se encuentra gestionando para dar una soluci\u00f3n a la problem\u00e1tica actual de la energ\u00eda el\u00e9ctrica - Noticias Radio Reflejos","isPartOf":{"@id":"https:\/\/www.noticiasradioreflejos.com.ar\/2021\/#website"},"datePublished":"2022-06-03T22:56:48+00:00","author":{"@id":"https:\/\/www.noticiasradioreflejos.com.ar\/2021\/#\/schema\/person\/ad82545263dcc5ec0996818884fd5fb1"},"breadcrumb":{"@id":"https:\/\/www.noticiasradioreflejos.com.ar\/2021\/el-intendente-se-encuentra-gestionando-para-dar-una-solucion-a-la-problematica-actual-de-la-energia-electrica\/#breadcrumb"},"inLanguage":"es","potentialAction":[{"@type":"ReadAction","target":["https:\/\/www.noticiasradioreflejos.com.ar\/2021\/el-intendente-se-encuentra-gestionando-para-dar-una-solucion-a-la-problematica-actual-de-la-energia-electrica\/"]}]},{"@type":"BreadcrumbList","@id":"https:\/\/www.noticiasradioreflejos.com.ar\/2021\/el-intendente-se-encuentra-gestionando-para-dar-una-solucion-a-la-problematica-actual-de-la-energia-electrica\/#breadcrumb","itemListElement":[{"@type":"ListItem","position":1,"name":"Portada","item":"https:\/\/www.noticiasradioreflejos.com.ar\/2021\/"},{"@type":"ListItem","position":2,"name":"El Intendente se encuentra gestionando para dar una soluci\u00f3n a la problem\u00e1tica actual de la energ\u00eda el\u00e9ctrica"}]},{"@type":"WebSite","@id":"https:\/\/www.noticiasradioreflejos.com.ar\/2021\/#website","url":"https:\/\/www.noticiasradioreflejos.com.ar\/2021\/","name":"Noticias Radio Reflejos","description":"Las noticias de mi comarca","potentialAction":[{"@type":"SearchAction","target":{"@type":"EntryPoint","urlTemplate":"https:\/\/www.noticiasradioreflejos.com.ar\/2021\/?s={search_term_string}"},"query-input":{"@type":"PropertyValueSpecification","valueRequired":true,"valueName":"search_term_string"}}],"inLanguage":"es"},{"@type":"Person","@id":"https:\/\/www.noticiasradioreflejos.com.ar\/2021\/#\/schema\/person\/ad82545263dcc5ec0996818884fd5fb1","name":"Arnaldo Botto","image":{"@type":"ImageObject","inLanguage":"es","@id":"https:\/\/www.noticiasradioreflejos.com.ar\/2021\/#\/schema\/person\/image\/","url":"https:\/\/secure.gravatar.com\/avatar\/55cb5e37c1efa326397366e6974cb338056df65cb50e7d64d1cf314e87504837?s=96&d=mm&r=g","contentUrl":"https:\/\/secure.gravatar.com\/avatar\/55cb5e37c1efa326397366e6974cb338056df65cb50e7d64d1cf314e87504837?s=96&d=mm&r=g","caption":"Arnaldo Botto"},"url":"https:\/\/www.noticiasradioreflejos.com.ar\/2021\/author\/arnaldo\/"}]}},"_links":{"self":[{"href":"https:\/\/www.noticiasradioreflejos.com.ar\/2021\/wp-json\/wp\/v2\/posts\/73220","targetHints":{"allow":["GET"]}}],"collection":[{"href":"https:\/\/www.noticiasradioreflejos.com.ar\/2021\/wp-json\/wp\/v2\/posts"}],"about":[{"href":"https:\/\/www.noticiasradioreflejos.com.ar\/2021\/wp-json\/wp\/v2\/types\/post"}],"author":[{"embeddable":true,"href":"https:\/\/www.noticiasradioreflejos.com.ar\/2021\/wp-json\/wp\/v2\/users\/3"}],"replies":[{"embeddable":true,"href":"https:\/\/www.noticiasradioreflejos.com.ar\/2021\/wp-json\/wp\/v2\/comments?post=73220"}],"version-history":[{"count":1,"href":"https:\/\/www.noticiasradioreflejos.com.ar\/2021\/wp-json\/wp\/v2\/posts\/73220\/revisions"}],"predecessor-version":[{"id":73221,"href":"https:\/\/www.noticiasradioreflejos.com.ar\/2021\/wp-json\/wp\/v2\/posts\/73220\/revisions\/73221"}],"wp:attachment":[{"href":"https:\/\/www.noticiasradioreflejos.com.ar\/2021\/wp-json\/wp\/v2\/media?parent=73220"}],"wp:term":[{"taxonomy":"category","embeddable":true,"href":"https:\/\/www.noticiasradioreflejos.com.ar\/2021\/wp-json\/wp\/v2\/categories?post=73220"},{"taxonomy":"post_tag","embeddable":true,"href":"https:\/\/www.noticiasradioreflejos.com.ar\/2021\/wp-json\/wp\/v2\/tags?post=73220"}],"curies":[{"name":"wp","href":"https:\/\/api.w.org\/{rel}","templated":true}]}}