{"id":73213,"date":"2022-06-03T19:09:23","date_gmt":"2022-06-03T19:09:23","guid":{"rendered":"http:\/\/www.noticiasradioreflejos.com.ar\/2021\/?p=73213"},"modified":"2022-06-03T19:09:23","modified_gmt":"2022-06-03T19:09:23","slug":"garganta-del-diablo-se-suspendio-el-acceso-del-publico-por-la-creciente-del-rio-iguazu","status":"publish","type":"post","link":"https:\/\/www.noticiasradioreflejos.com.ar\/2021\/garganta-del-diablo-se-suspendio-el-acceso-del-publico-por-la-creciente-del-rio-iguazu\/","title":{"rendered":"Garganta del Diablo: se suspendi\u00f3 el acceso del p\u00fablico por la creciente del r\u00edo Iguaz\u00fa"},"content":{"rendered":"<p>A ra\u00edz de la crecida extraordinaria del r\u00edo Iguaz\u00fa, en la ma\u00f1ana de este viernes se cerr\u00f3 el acceso al p\u00fablico a la zona de la Garganta del Diablo como medida preventiva, al inhabilitar la principal ca\u00edda del agua de los 275 saltos que conforman el Iguaz\u00fa, debido a que el caudal del r\u00edo llegar\u00eda a los 8 mil metros c\u00fabicos por segundo.<!--more--><\/p>\n<p>Las represas ubicadas aguas arriba de las Cataratas emitieron un alerta y adelantaron que abrir\u00edan\u00a0las compuertas de los diques, decisi\u00f3n que provocar\u00eda que el caudal de agua aumentara tambi\u00e9n de forma extraordinaria.<\/p>\n<div id=\"talkFireEvent\"><\/div>\n<p>La Concesionaria del \u00c1rea Cataratas del Parque Nacional Iguaz\u00fa, por su parte, comunic\u00f3 a trav\u00e9s de Facebook que<b>\u00a0el objetivo\u00a0de la medida era proteger la salud de todos los visitantes y preservar la estructura que conduce al salto. Adem\u00e1s, indic\u00f3 que personal de Iguaz\u00fa Argentina rebatir\u00eda las barandas de las pasarelas para permitir que el flujo de agua pasara libremente.<\/b><\/p>\n<p><iframe loading=\"lazy\" src=\"\/\/content.jwplatform.com\/players\/MyuZucqQ-EQxdbIDD.html\" width=\"640\" height=\"360\" frameborder=\"0\" scrolling=\"auto\"><\/iframe><\/p>\n<p>A las 18 del jueves el caudal ya hab\u00eda alcanzado 4800 metros c\u00fabicos por segundo y se espera que este viernes aumente a 8000 metros c\u00fabicos. Hasta el momento, la empresa prestataria no cancel\u00f3 el servicio y espera la evaluaci\u00f3n de Prefectura Naval Argentina.<b>\u00a0<\/b><\/p>\n<p><b>El circuito preferido de los turistas permanecer\u00e1 cerrado hasta que se garantice la seguridad para transitarlo.<br \/>\n<\/b><\/p>\n<p>&nbsp;<\/p>\n<p><iframe loading=\"lazy\" src=\"\/\/content.jwplatform.com\/players\/8O0JgTjd-EQxdbIDD.html\" width=\"640\" height=\"360\" frameborder=\"0\" scrolling=\"auto\"><\/iframe><\/p>\n<h2>Casos similares<\/h2>\n<p>El antecedente m\u00e1s cercano del cierre de la Garganta del Diablo se remonta al 3 de diciembre de 2015, cuando el caudal del r\u00edo alcanz\u00f3 los 11 mil metros c\u00fabicos por segundo, una cantidad mucho mayor que los 1500 metros c\u00fabicos habituales.<\/p>\n<p>En aquel entonces, la creciente comenz\u00f3 a evidenciarse a ra\u00edz de las lluvias incesantes que se registraron en el sur de Brasil, principalmente en los estados de Paran\u00e1, Santa Catalina y R\u00edo Grande del Sur.<\/p>\n<p><iframe loading=\"lazy\" src=\"\/\/content.jwplatform.com\/players\/adovXwZV-EQxdbIDD.html\" width=\"640\" height=\"360\" frameborder=\"0\" scrolling=\"auto\"><\/iframe><\/p>\n<p><strong>Fuente Pagina 12<\/strong><em><\/p>\n","protected":false},"excerpt":{"rendered":"<p>A ra\u00edz de la crecida extraordinaria del r\u00edo Iguaz\u00fa, en la ma\u00f1ana de este viernes se cerr\u00f3 el acceso al p\u00fablico a la zona de la Garganta del Diablo como medida preventiva, al inhabilitar la principal ca\u00edda del agua de los 275 saltos que conforman el Iguaz\u00fa, debido a que el caudal del r\u00edo llegar\u00eda [&hellip;]<\/p>\n","protected":false},"author":3,"featured_media":0,"comment_status":"closed","ping_status":"closed","sticky":false,"template":"","format":"standard","meta":{"footnotes":""},"categories":[26],"tags":[],"class_list":["post-73213","post","type-post","status-publish","format-standard","hentry","category-sociedad"],"yoast_head":"<!-- This site is optimized with the Yoast SEO plugin v25.9 - https:\/\/yoast.com\/wordpress\/plugins\/seo\/ -->\n<title>Garganta del Diablo: se suspendi\u00f3 el acceso del p\u00fablico por la creciente del r\u00edo Iguaz\u00fa - Noticias Radio Reflejos<\/title>\n<meta name=\"robots\" content=\"index, follow, max-snippet:-1, max-image-preview:large, max-video-preview:-1\" \/>\n<link rel=\"canonical\" href=\"https:\/\/www.noticiasradioreflejos.com.ar\/2021\/garganta-del-diablo-se-suspendio-el-acceso-del-publico-por-la-creciente-del-rio-iguazu\/\" \/>\n<meta property=\"og:locale\" content=\"es_ES\" \/>\n<meta property=\"og:type\" content=\"article\" \/>\n<meta property=\"og:title\" content=\"Garganta del Diablo: se suspendi\u00f3 el acceso del p\u00fablico por la creciente del r\u00edo Iguaz\u00fa - Noticias Radio Reflejos\" \/>\n<meta property=\"og:description\" content=\"A ra\u00edz de la crecida extraordinaria del r\u00edo Iguaz\u00fa, en la ma\u00f1ana de este viernes se cerr\u00f3 el acceso al p\u00fablico a la zona de la Garganta del Diablo como medida preventiva, al inhabilitar la principal ca\u00edda del agua de los 275 saltos que conforman el Iguaz\u00fa, debido a que el caudal del r\u00edo llegar\u00eda [&hellip;]\" \/>\n<meta property=\"og:url\" content=\"https:\/\/www.noticiasradioreflejos.com.ar\/2021\/garganta-del-diablo-se-suspendio-el-acceso-del-publico-por-la-creciente-del-rio-iguazu\/\" \/>\n<meta property=\"og:site_name\" content=\"Noticias Radio Reflejos\" \/>\n<meta property=\"article:published_time\" content=\"2022-06-03T19:09:23+00:00\" \/>\n<meta property=\"og:image\" content=\"https:\/\/www.noticiasradioreflejos.com.ar\/2021\/wp-content\/uploads\/2021\/07\/logosol300x200.png\" \/>\n\t<meta property=\"og:image:width\" content=\"300\" \/>\n\t<meta property=\"og:image:height\" content=\"200\" \/>\n\t<meta property=\"og:image:type\" content=\"image\/png\" \/>\n<meta name=\"author\" content=\"Arnaldo Botto\" \/>\n<meta name=\"twitter:card\" content=\"summary_large_image\" \/>\n<script type=\"application\/ld+json\" class=\"yoast-schema-graph\">{\"@context\":\"https:\/\/schema.org\",\"@graph\":[{\"@type\":\"WebPage\",\"@id\":\"https:\/\/www.noticiasradioreflejos.com.ar\/2021\/garganta-del-diablo-se-suspendio-el-acceso-del-publico-por-la-creciente-del-rio-iguazu\/\",\"url\":\"https:\/\/www.noticiasradioreflejos.com.ar\/2021\/garganta-del-diablo-se-suspendio-el-acceso-del-publico-por-la-creciente-del-rio-iguazu\/\",\"name\":\"Garganta del Diablo: se suspendi\u00f3 el acceso del p\u00fablico por la creciente del r\u00edo Iguaz\u00fa - Noticias Radio Reflejos\",\"isPartOf\":{\"@id\":\"https:\/\/www.noticiasradioreflejos.com.ar\/2021\/#website\"},\"datePublished\":\"2022-06-03T19:09:23+00:00\",\"author\":{\"@id\":\"https:\/\/www.noticiasradioreflejos.com.ar\/2021\/#\/schema\/person\/ad82545263dcc5ec0996818884fd5fb1\"},\"breadcrumb\":{\"@id\":\"https:\/\/www.noticiasradioreflejos.com.ar\/2021\/garganta-del-diablo-se-suspendio-el-acceso-del-publico-por-la-creciente-del-rio-iguazu\/#breadcrumb\"},\"inLanguage\":\"es\",\"potentialAction\":[{\"@type\":\"ReadAction\",\"target\":[\"https:\/\/www.noticiasradioreflejos.com.ar\/2021\/garganta-del-diablo-se-suspendio-el-acceso-del-publico-por-la-creciente-del-rio-iguazu\/\"]}]},{\"@type\":\"BreadcrumbList\",\"@id\":\"https:\/\/www.noticiasradioreflejos.com.ar\/2021\/garganta-del-diablo-se-suspendio-el-acceso-del-publico-por-la-creciente-del-rio-iguazu\/#breadcrumb\",\"itemListElement\":[{\"@type\":\"ListItem\",\"position\":1,\"name\":\"Portada\",\"item\":\"https:\/\/www.noticiasradioreflejos.com.ar\/2021\/\"},{\"@type\":\"ListItem\",\"position\":2,\"name\":\"Garganta del Diablo: se suspendi\u00f3 el acceso del p\u00fablico por la creciente del r\u00edo Iguaz\u00fa\"}]},{\"@type\":\"WebSite\",\"@id\":\"https:\/\/www.noticiasradioreflejos.com.ar\/2021\/#website\",\"url\":\"https:\/\/www.noticiasradioreflejos.com.ar\/2021\/\",\"name\":\"Noticias Radio Reflejos\",\"description\":\"Las noticias de mi comarca\",\"potentialAction\":[{\"@type\":\"SearchAction\",\"target\":{\"@type\":\"EntryPoint\",\"urlTemplate\":\"https:\/\/www.noticiasradioreflejos.com.ar\/2021\/?s={search_term_string}\"},\"query-input\":{\"@type\":\"PropertyValueSpecification\",\"valueRequired\":true,\"valueName\":\"search_term_string\"}}],\"inLanguage\":\"es\"},{\"@type\":\"Person\",\"@id\":\"https:\/\/www.noticiasradioreflejos.com.ar\/2021\/#\/schema\/person\/ad82545263dcc5ec0996818884fd5fb1\",\"name\":\"Arnaldo Botto\",\"image\":{\"@type\":\"ImageObject\",\"inLanguage\":\"es\",\"@id\":\"https:\/\/www.noticiasradioreflejos.com.ar\/2021\/#\/schema\/person\/image\/\",\"url\":\"https:\/\/secure.gravatar.com\/avatar\/55cb5e37c1efa326397366e6974cb338056df65cb50e7d64d1cf314e87504837?s=96&d=mm&r=g\",\"contentUrl\":\"https:\/\/secure.gravatar.com\/avatar\/55cb5e37c1efa326397366e6974cb338056df65cb50e7d64d1cf314e87504837?s=96&d=mm&r=g\",\"caption\":\"Arnaldo Botto\"},\"url\":\"https:\/\/www.noticiasradioreflejos.com.ar\/2021\/author\/arnaldo\/\"}]}<\/script>\n<!-- \/ Yoast SEO plugin. -->","yoast_head_json":{"title":"Garganta del Diablo: se suspendi\u00f3 el acceso del p\u00fablico por la creciente del r\u00edo Iguaz\u00fa - Noticias Radio Reflejos","robots":{"index":"index","follow":"follow","max-snippet":"max-snippet:-1","max-image-preview":"max-image-preview:large","max-video-preview":"max-video-preview:-1"},"canonical":"https:\/\/www.noticiasradioreflejos.com.ar\/2021\/garganta-del-diablo-se-suspendio-el-acceso-del-publico-por-la-creciente-del-rio-iguazu\/","og_locale":"es_ES","og_type":"article","og_title":"Garganta del Diablo: se suspendi\u00f3 el acceso del p\u00fablico por la creciente del r\u00edo Iguaz\u00fa - Noticias Radio Reflejos","og_description":"A ra\u00edz de la crecida extraordinaria del r\u00edo Iguaz\u00fa, en la ma\u00f1ana de este viernes se cerr\u00f3 el acceso al p\u00fablico a la zona de la Garganta del Diablo como medida preventiva, al inhabilitar la principal ca\u00edda del agua de los 275 saltos que conforman el Iguaz\u00fa, debido a que el caudal del r\u00edo llegar\u00eda [&hellip;]","og_url":"https:\/\/www.noticiasradioreflejos.com.ar\/2021\/garganta-del-diablo-se-suspendio-el-acceso-del-publico-por-la-creciente-del-rio-iguazu\/","og_site_name":"Noticias Radio Reflejos","article_published_time":"2022-06-03T19:09:23+00:00","og_image":[{"width":300,"height":200,"url":"https:\/\/www.noticiasradioreflejos.com.ar\/2021\/wp-content\/uploads\/2021\/07\/logosol300x200.png","type":"image\/png"}],"author":"Arnaldo Botto","twitter_card":"summary_large_image","schema":{"@context":"https:\/\/schema.org","@graph":[{"@type":"WebPage","@id":"https:\/\/www.noticiasradioreflejos.com.ar\/2021\/garganta-del-diablo-se-suspendio-el-acceso-del-publico-por-la-creciente-del-rio-iguazu\/","url":"https:\/\/www.noticiasradioreflejos.com.ar\/2021\/garganta-del-diablo-se-suspendio-el-acceso-del-publico-por-la-creciente-del-rio-iguazu\/","name":"Garganta del Diablo: se suspendi\u00f3 el acceso del p\u00fablico por la creciente del r\u00edo Iguaz\u00fa - Noticias Radio Reflejos","isPartOf":{"@id":"https:\/\/www.noticiasradioreflejos.com.ar\/2021\/#website"},"datePublished":"2022-06-03T19:09:23+00:00","author":{"@id":"https:\/\/www.noticiasradioreflejos.com.ar\/2021\/#\/schema\/person\/ad82545263dcc5ec0996818884fd5fb1"},"breadcrumb":{"@id":"https:\/\/www.noticiasradioreflejos.com.ar\/2021\/garganta-del-diablo-se-suspendio-el-acceso-del-publico-por-la-creciente-del-rio-iguazu\/#breadcrumb"},"inLanguage":"es","potentialAction":[{"@type":"ReadAction","target":["https:\/\/www.noticiasradioreflejos.com.ar\/2021\/garganta-del-diablo-se-suspendio-el-acceso-del-publico-por-la-creciente-del-rio-iguazu\/"]}]},{"@type":"BreadcrumbList","@id":"https:\/\/www.noticiasradioreflejos.com.ar\/2021\/garganta-del-diablo-se-suspendio-el-acceso-del-publico-por-la-creciente-del-rio-iguazu\/#breadcrumb","itemListElement":[{"@type":"ListItem","position":1,"name":"Portada","item":"https:\/\/www.noticiasradioreflejos.com.ar\/2021\/"},{"@type":"ListItem","position":2,"name":"Garganta del Diablo: se suspendi\u00f3 el acceso del p\u00fablico por la creciente del r\u00edo Iguaz\u00fa"}]},{"@type":"WebSite","@id":"https:\/\/www.noticiasradioreflejos.com.ar\/2021\/#website","url":"https:\/\/www.noticiasradioreflejos.com.ar\/2021\/","name":"Noticias Radio Reflejos","description":"Las noticias de mi comarca","potentialAction":[{"@type":"SearchAction","target":{"@type":"EntryPoint","urlTemplate":"https:\/\/www.noticiasradioreflejos.com.ar\/2021\/?s={search_term_string}"},"query-input":{"@type":"PropertyValueSpecification","valueRequired":true,"valueName":"search_term_string"}}],"inLanguage":"es"},{"@type":"Person","@id":"https:\/\/www.noticiasradioreflejos.com.ar\/2021\/#\/schema\/person\/ad82545263dcc5ec0996818884fd5fb1","name":"Arnaldo Botto","image":{"@type":"ImageObject","inLanguage":"es","@id":"https:\/\/www.noticiasradioreflejos.com.ar\/2021\/#\/schema\/person\/image\/","url":"https:\/\/secure.gravatar.com\/avatar\/55cb5e37c1efa326397366e6974cb338056df65cb50e7d64d1cf314e87504837?s=96&d=mm&r=g","contentUrl":"https:\/\/secure.gravatar.com\/avatar\/55cb5e37c1efa326397366e6974cb338056df65cb50e7d64d1cf314e87504837?s=96&d=mm&r=g","caption":"Arnaldo Botto"},"url":"https:\/\/www.noticiasradioreflejos.com.ar\/2021\/author\/arnaldo\/"}]}},"_links":{"self":[{"href":"https:\/\/www.noticiasradioreflejos.com.ar\/2021\/wp-json\/wp\/v2\/posts\/73213","targetHints":{"allow":["GET"]}}],"collection":[{"href":"https:\/\/www.noticiasradioreflejos.com.ar\/2021\/wp-json\/wp\/v2\/posts"}],"about":[{"href":"https:\/\/www.noticiasradioreflejos.com.ar\/2021\/wp-json\/wp\/v2\/types\/post"}],"author":[{"embeddable":true,"href":"https:\/\/www.noticiasradioreflejos.com.ar\/2021\/wp-json\/wp\/v2\/users\/3"}],"replies":[{"embeddable":true,"href":"https:\/\/www.noticiasradioreflejos.com.ar\/2021\/wp-json\/wp\/v2\/comments?post=73213"}],"version-history":[{"count":1,"href":"https:\/\/www.noticiasradioreflejos.com.ar\/2021\/wp-json\/wp\/v2\/posts\/73213\/revisions"}],"predecessor-version":[{"id":73215,"href":"https:\/\/www.noticiasradioreflejos.com.ar\/2021\/wp-json\/wp\/v2\/posts\/73213\/revisions\/73215"}],"wp:attachment":[{"href":"https:\/\/www.noticiasradioreflejos.com.ar\/2021\/wp-json\/wp\/v2\/media?parent=73213"}],"wp:term":[{"taxonomy":"category","embeddable":true,"href":"https:\/\/www.noticiasradioreflejos.com.ar\/2021\/wp-json\/wp\/v2\/categories?post=73213"},{"taxonomy":"post_tag","embeddable":true,"href":"https:\/\/www.noticiasradioreflejos.com.ar\/2021\/wp-json\/wp\/v2\/tags?post=73213"}],"curies":[{"name":"wp","href":"https:\/\/api.w.org\/{rel}","templated":true}]}}