{"id":73209,"date":"2022-06-03T18:34:03","date_gmt":"2022-06-03T18:34:03","guid":{"rendered":"http:\/\/www.noticiasradioreflejos.com.ar\/2021\/?p=73209"},"modified":"2022-06-03T18:34:03","modified_gmt":"2022-06-03T18:34:03","slug":"despues-de-10-dias-en-terapia-intensiva-fallecio-el-noba","status":"publish","type":"post","link":"https:\/\/www.noticiasradioreflejos.com.ar\/2021\/despues-de-10-dias-en-terapia-intensiva-fallecio-el-noba\/","title":{"rendered":"Despu\u00e9s de 10 d\u00edas en terapia intensiva, falleci\u00f3 El Noba"},"content":{"rendered":"<p>Lautaro Coronel integraba el movimiento musical \u00abCumbia 420\u00bb junto a L-Gante, Perro Primo y DT Bilardo. Estaba internado desde hace 10 d\u00edas, tras haber impactado contra un auto con su moto y haber ca\u00eddo al asfalto, sin llevar puesto su casco reglamentario.<!--more--><\/p>\n<figure class=\"mb-3\"><img decoding=\"async\" src=\"https:\/\/www.telam.com.ar\/thumbs\/bluesteel\/advf\/imagenes\/2022\/05\/628e0d7e0c446_900.jpg\" alt=\"El vocalista integraba el movimiento musical Cumbia 420 junto a LGante Perro Primo y DT Bilardo\" width=\"100%\" height=\"100%\" \/><\/p>\n<div class=\"media-icons\"><\/div><figcaption>El vocalista integraba el movimiento musical \u00abCumbia 420\u00bb junto a L-Gante, Perro Primo y DT Bilardo.<\/figcaption><\/figure>\n<p>Lautaro Coronel, conocido musicalmente bajo el seud\u00f3nimo de El Noba, falleci\u00f3 luego de permanecer internado durante 10 d\u00edas en la Unidad de Terapia Intensiva del Hospital de Alta Complejidad en Red El Cruce Dr. N\u00e9stor Kirchner en estado cr\u00edtico, informaron desde el centro de salud.<\/p>\n<p>\u00abLuego de realizar las evaluaciones requeridas para su certificaci\u00f3n, lamentamos comunicar el fallecimiento de Lautaro Coronel, qui\u00e9n permaneci\u00f3 internado en la Unidad de Terapia Intensiva de Adultos de nuestra Instituci\u00f3n, desde el 24 de mayo de 2022\u00bb, destacaron en el parte emitido este viernes.<\/p>\n<p>Este jueves, el parte m\u00e9dico emitido indicaba que el cantante, de 25 a\u00f1os, estaba en \u00abestado cr\u00edtico\u00bb y con \u00abpron\u00f3stico es reservado\u00bb luego de haber impactado contra un auto con su moto y haber ca\u00eddo al asfalto, sin llevar puesto su casco reglamentario.<\/p>\n<p>El vocalista integraba el movimiento musical \u00abCumbia 420\u00bb junto a L-Gante, Perro Primo y DT Bilardo.<\/p>\n<p><a title=\"View Informe oficial on Scribd\" href=\"https:\/\/www.scribd.com\/document\/576909842\/Informe-oficial#from_embed\">Informe oficial<\/a>\u00a0by\u00a0<a title=\"View T\u00e9lam's profile on Scribd\" href=\"https:\/\/es.scribd.com\/user\/276843644\/Telam#from_embed\">T\u00e9lam<\/a>\u00a0on Scribd<\/p>\n<p><iframe loading=\"lazy\" id=\"doc_78036\" class=\"scribd_iframe_embed\" title=\"Informe oficial\" src=\"https:\/\/es.scribd.com\/embeds\/576909842\/content?start_page=1&amp;view_mode=scroll&amp;access_key=key-ElZlXrN6pwsN48bcgXdR\" width=\"100%\" height=\"600\" frameborder=\"0\" scrolling=\"no\" data-auto-height=\"false\" data-aspect-ratio=\"0.7080062794348508\"><\/iframe><\/p>\n<div class=\"tags mt-4\">\n<p>ETIQUETAS:<\/p>\n<ul>\n<li class=\"blank\"><a href=\"https:\/\/www.telam.com.ar\/tags\/1615-fallecimiento\/noticias\">FALLECIMIENTO<\/a><\/li>\n<li class=\"blank\"><a href=\"https:\/\/www.telam.com.ar\/tags\/923-tr%C3%A1nsito\/noticias\">TR\u00c1NSITO<\/a><\/li>\n<li class=\"blank\"><a href=\"https:\/\/www.telam.com.ar\/tags\/846-accidente\/noticias\">ACCIDENTE<\/a><\/li>\n<\/ul>\n<\/div>\n","protected":false},"excerpt":{"rendered":"<p>Lautaro Coronel integraba el movimiento musical \u00abCumbia 420\u00bb junto a L-Gante, Perro Primo y DT Bilardo. Estaba internado desde hace 10 d\u00edas, tras haber impactado contra un auto con su moto y haber ca\u00eddo al asfalto, sin llevar puesto su casco reglamentario.<\/p>\n","protected":false},"author":3,"featured_media":0,"comment_status":"closed","ping_status":"closed","sticky":false,"template":"","format":"standard","meta":{"footnotes":""},"categories":[29],"tags":[],"class_list":["post-73209","post","type-post","status-publish","format-standard","hentry","category-policiales"],"yoast_head":"<!-- This site is optimized with the Yoast SEO plugin v25.9 - https:\/\/yoast.com\/wordpress\/plugins\/seo\/ -->\n<title>Despu\u00e9s de 10 d\u00edas en terapia intensiva, falleci\u00f3 El Noba - Noticias Radio Reflejos<\/title>\n<meta name=\"robots\" content=\"index, follow, max-snippet:-1, max-image-preview:large, max-video-preview:-1\" \/>\n<link rel=\"canonical\" href=\"https:\/\/www.noticiasradioreflejos.com.ar\/2021\/despues-de-10-dias-en-terapia-intensiva-fallecio-el-noba\/\" \/>\n<meta property=\"og:locale\" content=\"es_ES\" \/>\n<meta property=\"og:type\" content=\"article\" \/>\n<meta property=\"og:title\" content=\"Despu\u00e9s de 10 d\u00edas en terapia intensiva, falleci\u00f3 El Noba - Noticias Radio Reflejos\" \/>\n<meta property=\"og:description\" content=\"Lautaro Coronel integraba el movimiento musical \u00abCumbia 420\u00bb junto a L-Gante, Perro Primo y DT Bilardo. Estaba internado desde hace 10 d\u00edas, tras haber impactado contra un auto con su moto y haber ca\u00eddo al asfalto, sin llevar puesto su casco reglamentario.\" \/>\n<meta property=\"og:url\" content=\"https:\/\/www.noticiasradioreflejos.com.ar\/2021\/despues-de-10-dias-en-terapia-intensiva-fallecio-el-noba\/\" \/>\n<meta property=\"og:site_name\" content=\"Noticias Radio Reflejos\" \/>\n<meta property=\"article:published_time\" content=\"2022-06-03T18:34:03+00:00\" \/>\n<meta property=\"og:image\" content=\"https:\/\/www.telam.com.ar\/thumbs\/bluesteel\/advf\/imagenes\/2022\/05\/628e0d7e0c446_900.jpg\" \/>\n<meta name=\"author\" content=\"Arnaldo Botto\" \/>\n<meta name=\"twitter:card\" content=\"summary_large_image\" \/>\n<script type=\"application\/ld+json\" class=\"yoast-schema-graph\">{\"@context\":\"https:\/\/schema.org\",\"@graph\":[{\"@type\":\"WebPage\",\"@id\":\"https:\/\/www.noticiasradioreflejos.com.ar\/2021\/despues-de-10-dias-en-terapia-intensiva-fallecio-el-noba\/\",\"url\":\"https:\/\/www.noticiasradioreflejos.com.ar\/2021\/despues-de-10-dias-en-terapia-intensiva-fallecio-el-noba\/\",\"name\":\"Despu\u00e9s de 10 d\u00edas en terapia intensiva, falleci\u00f3 El Noba - Noticias Radio Reflejos\",\"isPartOf\":{\"@id\":\"https:\/\/www.noticiasradioreflejos.com.ar\/2021\/#website\"},\"primaryImageOfPage\":{\"@id\":\"https:\/\/www.noticiasradioreflejos.com.ar\/2021\/despues-de-10-dias-en-terapia-intensiva-fallecio-el-noba\/#primaryimage\"},\"image\":{\"@id\":\"https:\/\/www.noticiasradioreflejos.com.ar\/2021\/despues-de-10-dias-en-terapia-intensiva-fallecio-el-noba\/#primaryimage\"},\"thumbnailUrl\":\"https:\/\/www.telam.com.ar\/thumbs\/bluesteel\/advf\/imagenes\/2022\/05\/628e0d7e0c446_900.jpg\",\"datePublished\":\"2022-06-03T18:34:03+00:00\",\"author\":{\"@id\":\"https:\/\/www.noticiasradioreflejos.com.ar\/2021\/#\/schema\/person\/ad82545263dcc5ec0996818884fd5fb1\"},\"breadcrumb\":{\"@id\":\"https:\/\/www.noticiasradioreflejos.com.ar\/2021\/despues-de-10-dias-en-terapia-intensiva-fallecio-el-noba\/#breadcrumb\"},\"inLanguage\":\"es\",\"potentialAction\":[{\"@type\":\"ReadAction\",\"target\":[\"https:\/\/www.noticiasradioreflejos.com.ar\/2021\/despues-de-10-dias-en-terapia-intensiva-fallecio-el-noba\/\"]}]},{\"@type\":\"ImageObject\",\"inLanguage\":\"es\",\"@id\":\"https:\/\/www.noticiasradioreflejos.com.ar\/2021\/despues-de-10-dias-en-terapia-intensiva-fallecio-el-noba\/#primaryimage\",\"url\":\"https:\/\/www.telam.com.ar\/thumbs\/bluesteel\/advf\/imagenes\/2022\/05\/628e0d7e0c446_900.jpg\",\"contentUrl\":\"https:\/\/www.telam.com.ar\/thumbs\/bluesteel\/advf\/imagenes\/2022\/05\/628e0d7e0c446_900.jpg\"},{\"@type\":\"BreadcrumbList\",\"@id\":\"https:\/\/www.noticiasradioreflejos.com.ar\/2021\/despues-de-10-dias-en-terapia-intensiva-fallecio-el-noba\/#breadcrumb\",\"itemListElement\":[{\"@type\":\"ListItem\",\"position\":1,\"name\":\"Portada\",\"item\":\"https:\/\/www.noticiasradioreflejos.com.ar\/2021\/\"},{\"@type\":\"ListItem\",\"position\":2,\"name\":\"Despu\u00e9s de 10 d\u00edas en terapia intensiva, falleci\u00f3 El Noba\"}]},{\"@type\":\"WebSite\",\"@id\":\"https:\/\/www.noticiasradioreflejos.com.ar\/2021\/#website\",\"url\":\"https:\/\/www.noticiasradioreflejos.com.ar\/2021\/\",\"name\":\"Noticias Radio Reflejos\",\"description\":\"Las noticias de mi comarca\",\"potentialAction\":[{\"@type\":\"SearchAction\",\"target\":{\"@type\":\"EntryPoint\",\"urlTemplate\":\"https:\/\/www.noticiasradioreflejos.com.ar\/2021\/?s={search_term_string}\"},\"query-input\":{\"@type\":\"PropertyValueSpecification\",\"valueRequired\":true,\"valueName\":\"search_term_string\"}}],\"inLanguage\":\"es\"},{\"@type\":\"Person\",\"@id\":\"https:\/\/www.noticiasradioreflejos.com.ar\/2021\/#\/schema\/person\/ad82545263dcc5ec0996818884fd5fb1\",\"name\":\"Arnaldo Botto\",\"image\":{\"@type\":\"ImageObject\",\"inLanguage\":\"es\",\"@id\":\"https:\/\/www.noticiasradioreflejos.com.ar\/2021\/#\/schema\/person\/image\/\",\"url\":\"https:\/\/secure.gravatar.com\/avatar\/55cb5e37c1efa326397366e6974cb338056df65cb50e7d64d1cf314e87504837?s=96&d=mm&r=g\",\"contentUrl\":\"https:\/\/secure.gravatar.com\/avatar\/55cb5e37c1efa326397366e6974cb338056df65cb50e7d64d1cf314e87504837?s=96&d=mm&r=g\",\"caption\":\"Arnaldo Botto\"},\"url\":\"https:\/\/www.noticiasradioreflejos.com.ar\/2021\/author\/arnaldo\/\"}]}<\/script>\n<!-- \/ Yoast SEO plugin. -->","yoast_head_json":{"title":"Despu\u00e9s de 10 d\u00edas en terapia intensiva, falleci\u00f3 El Noba - Noticias Radio Reflejos","robots":{"index":"index","follow":"follow","max-snippet":"max-snippet:-1","max-image-preview":"max-image-preview:large","max-video-preview":"max-video-preview:-1"},"canonical":"https:\/\/www.noticiasradioreflejos.com.ar\/2021\/despues-de-10-dias-en-terapia-intensiva-fallecio-el-noba\/","og_locale":"es_ES","og_type":"article","og_title":"Despu\u00e9s de 10 d\u00edas en terapia intensiva, falleci\u00f3 El Noba - Noticias Radio Reflejos","og_description":"Lautaro Coronel integraba el movimiento musical \u00abCumbia 420\u00bb junto a L-Gante, Perro Primo y DT Bilardo. Estaba internado desde hace 10 d\u00edas, tras haber impactado contra un auto con su moto y haber ca\u00eddo al asfalto, sin llevar puesto su casco reglamentario.","og_url":"https:\/\/www.noticiasradioreflejos.com.ar\/2021\/despues-de-10-dias-en-terapia-intensiva-fallecio-el-noba\/","og_site_name":"Noticias Radio Reflejos","article_published_time":"2022-06-03T18:34:03+00:00","og_image":[{"url":"https:\/\/www.telam.com.ar\/thumbs\/bluesteel\/advf\/imagenes\/2022\/05\/628e0d7e0c446_900.jpg","type":"","width":"","height":""}],"author":"Arnaldo Botto","twitter_card":"summary_large_image","schema":{"@context":"https:\/\/schema.org","@graph":[{"@type":"WebPage","@id":"https:\/\/www.noticiasradioreflejos.com.ar\/2021\/despues-de-10-dias-en-terapia-intensiva-fallecio-el-noba\/","url":"https:\/\/www.noticiasradioreflejos.com.ar\/2021\/despues-de-10-dias-en-terapia-intensiva-fallecio-el-noba\/","name":"Despu\u00e9s de 10 d\u00edas en terapia intensiva, falleci\u00f3 El Noba - Noticias Radio Reflejos","isPartOf":{"@id":"https:\/\/www.noticiasradioreflejos.com.ar\/2021\/#website"},"primaryImageOfPage":{"@id":"https:\/\/www.noticiasradioreflejos.com.ar\/2021\/despues-de-10-dias-en-terapia-intensiva-fallecio-el-noba\/#primaryimage"},"image":{"@id":"https:\/\/www.noticiasradioreflejos.com.ar\/2021\/despues-de-10-dias-en-terapia-intensiva-fallecio-el-noba\/#primaryimage"},"thumbnailUrl":"https:\/\/www.telam.com.ar\/thumbs\/bluesteel\/advf\/imagenes\/2022\/05\/628e0d7e0c446_900.jpg","datePublished":"2022-06-03T18:34:03+00:00","author":{"@id":"https:\/\/www.noticiasradioreflejos.com.ar\/2021\/#\/schema\/person\/ad82545263dcc5ec0996818884fd5fb1"},"breadcrumb":{"@id":"https:\/\/www.noticiasradioreflejos.com.ar\/2021\/despues-de-10-dias-en-terapia-intensiva-fallecio-el-noba\/#breadcrumb"},"inLanguage":"es","potentialAction":[{"@type":"ReadAction","target":["https:\/\/www.noticiasradioreflejos.com.ar\/2021\/despues-de-10-dias-en-terapia-intensiva-fallecio-el-noba\/"]}]},{"@type":"ImageObject","inLanguage":"es","@id":"https:\/\/www.noticiasradioreflejos.com.ar\/2021\/despues-de-10-dias-en-terapia-intensiva-fallecio-el-noba\/#primaryimage","url":"https:\/\/www.telam.com.ar\/thumbs\/bluesteel\/advf\/imagenes\/2022\/05\/628e0d7e0c446_900.jpg","contentUrl":"https:\/\/www.telam.com.ar\/thumbs\/bluesteel\/advf\/imagenes\/2022\/05\/628e0d7e0c446_900.jpg"},{"@type":"BreadcrumbList","@id":"https:\/\/www.noticiasradioreflejos.com.ar\/2021\/despues-de-10-dias-en-terapia-intensiva-fallecio-el-noba\/#breadcrumb","itemListElement":[{"@type":"ListItem","position":1,"name":"Portada","item":"https:\/\/www.noticiasradioreflejos.com.ar\/2021\/"},{"@type":"ListItem","position":2,"name":"Despu\u00e9s de 10 d\u00edas en terapia intensiva, falleci\u00f3 El Noba"}]},{"@type":"WebSite","@id":"https:\/\/www.noticiasradioreflejos.com.ar\/2021\/#website","url":"https:\/\/www.noticiasradioreflejos.com.ar\/2021\/","name":"Noticias Radio Reflejos","description":"Las noticias de mi comarca","potentialAction":[{"@type":"SearchAction","target":{"@type":"EntryPoint","urlTemplate":"https:\/\/www.noticiasradioreflejos.com.ar\/2021\/?s={search_term_string}"},"query-input":{"@type":"PropertyValueSpecification","valueRequired":true,"valueName":"search_term_string"}}],"inLanguage":"es"},{"@type":"Person","@id":"https:\/\/www.noticiasradioreflejos.com.ar\/2021\/#\/schema\/person\/ad82545263dcc5ec0996818884fd5fb1","name":"Arnaldo Botto","image":{"@type":"ImageObject","inLanguage":"es","@id":"https:\/\/www.noticiasradioreflejos.com.ar\/2021\/#\/schema\/person\/image\/","url":"https:\/\/secure.gravatar.com\/avatar\/55cb5e37c1efa326397366e6974cb338056df65cb50e7d64d1cf314e87504837?s=96&d=mm&r=g","contentUrl":"https:\/\/secure.gravatar.com\/avatar\/55cb5e37c1efa326397366e6974cb338056df65cb50e7d64d1cf314e87504837?s=96&d=mm&r=g","caption":"Arnaldo Botto"},"url":"https:\/\/www.noticiasradioreflejos.com.ar\/2021\/author\/arnaldo\/"}]}},"_links":{"self":[{"href":"https:\/\/www.noticiasradioreflejos.com.ar\/2021\/wp-json\/wp\/v2\/posts\/73209","targetHints":{"allow":["GET"]}}],"collection":[{"href":"https:\/\/www.noticiasradioreflejos.com.ar\/2021\/wp-json\/wp\/v2\/posts"}],"about":[{"href":"https:\/\/www.noticiasradioreflejos.com.ar\/2021\/wp-json\/wp\/v2\/types\/post"}],"author":[{"embeddable":true,"href":"https:\/\/www.noticiasradioreflejos.com.ar\/2021\/wp-json\/wp\/v2\/users\/3"}],"replies":[{"embeddable":true,"href":"https:\/\/www.noticiasradioreflejos.com.ar\/2021\/wp-json\/wp\/v2\/comments?post=73209"}],"version-history":[{"count":1,"href":"https:\/\/www.noticiasradioreflejos.com.ar\/2021\/wp-json\/wp\/v2\/posts\/73209\/revisions"}],"predecessor-version":[{"id":73211,"href":"https:\/\/www.noticiasradioreflejos.com.ar\/2021\/wp-json\/wp\/v2\/posts\/73209\/revisions\/73211"}],"wp:attachment":[{"href":"https:\/\/www.noticiasradioreflejos.com.ar\/2021\/wp-json\/wp\/v2\/media?parent=73209"}],"wp:term":[{"taxonomy":"category","embeddable":true,"href":"https:\/\/www.noticiasradioreflejos.com.ar\/2021\/wp-json\/wp\/v2\/categories?post=73209"},{"taxonomy":"post_tag","embeddable":true,"href":"https:\/\/www.noticiasradioreflejos.com.ar\/2021\/wp-json\/wp\/v2\/tags?post=73209"}],"curies":[{"name":"wp","href":"https:\/\/api.w.org\/{rel}","templated":true}]}}