{"id":73204,"date":"2022-06-03T18:22:03","date_gmt":"2022-06-03T18:22:03","guid":{"rendered":"http:\/\/www.noticiasradioreflejos.com.ar\/2021\/?p=73204"},"modified":"2022-06-03T18:22:03","modified_gmt":"2022-06-03T18:22:03","slug":"ingreso-a-la-docencia-2022-2023","status":"publish","type":"post","link":"https:\/\/www.noticiasradioreflejos.com.ar\/2021\/ingreso-a-la-docencia-2022-2023\/","title":{"rendered":"Ingreso a la docencia 2022\/2023"},"content":{"rendered":"<div>\n<div dir=\"auto\">Secretar\u00eda de Asuntos Docentes de TORNQUIST informa que ante la proximidad de la finalizaci\u00f3n de la Inscripci\u00f3n al Ingreso a la Docencia 2022 listado oficial 2023, todo aquel docente que hubiera tenido alg\u00fan inconveniente con el aplicativo, podr\u00e1 realizar la inscripci\u00f3n mediante correo electr\u00f3nico hasta el d\u00eda lunes 06 de junio del corriente a\u00f1o.<\/div>\n<div dir=\"auto\"><\/div>\n<\/div>\n<p><!--more--><\/p>\n<div>\n<div dir=\"auto\">La recepci\u00f3n de las inscripciones se realizar\u00e1 a trav\u00e9s de la direcci\u00f3n de correo electr\u00f3nico: <b><a href=\"mailto:sad105inscripciones@gmail.com\" target=\"_blank\" rel=\"noopener\">sad105inscripciones@gmail.com<\/a> <\/b><\/div>\n<div dir=\"auto\"><\/div>\n<div dir=\"auto\">Colocar en el ASUNTO (EXCLUYENTE)<\/div>\n<div dir=\"auto\">* Cuando es inscripci\u00f3n por primera vez :<\/div>\n<div dir=\"auto\">Apellido y nombre\/ n\u00ba de distrito\/ inscripcion por mail &#8211; LOF 2023<\/div>\n<\/div>\n<div>\n<div dir=\"auto\">*Cuando es Rectificaci\u00f3n :<\/div>\n<div dir=\"auto\">Apellido y nombre\/n\u00ba de distrito\/ rectificaci\u00f3n por mail &#8211; LOF 2023<\/div>\n<\/div>\n<div>\n<div dir=\"auto\">El formulario a emplear por los docentes, son los que se encuentran en el portal abc, documentos de descarga PID.<\/div>\n<\/div>\n","protected":false},"excerpt":{"rendered":"<p>Secretar\u00eda de Asuntos Docentes de TORNQUIST informa que ante la proximidad de la finalizaci\u00f3n de la Inscripci\u00f3n al Ingreso a la Docencia 2022 listado oficial 2023, todo aquel docente que hubiera tenido alg\u00fan inconveniente con el aplicativo, podr\u00e1 realizar la inscripci\u00f3n mediante correo electr\u00f3nico hasta el d\u00eda lunes 06 de junio del corriente a\u00f1o.<\/p>\n","protected":false},"author":3,"featured_media":50776,"comment_status":"closed","ping_status":"closed","sticky":false,"template":"","format":"standard","meta":{"footnotes":""},"categories":[34],"tags":[],"class_list":["post-73204","post","type-post","status-publish","format-standard","has-post-thumbnail","hentry","category-educacion"],"yoast_head":"<!-- This site is optimized with the Yoast SEO plugin v25.9 - https:\/\/yoast.com\/wordpress\/plugins\/seo\/ -->\n<title>Ingreso a la docencia 2022\/2023 - Noticias Radio Reflejos<\/title>\n<meta name=\"robots\" content=\"index, follow, max-snippet:-1, max-image-preview:large, max-video-preview:-1\" \/>\n<link rel=\"canonical\" href=\"https:\/\/www.noticiasradioreflejos.com.ar\/2021\/ingreso-a-la-docencia-2022-2023\/\" \/>\n<meta property=\"og:locale\" content=\"es_ES\" \/>\n<meta property=\"og:type\" content=\"article\" \/>\n<meta property=\"og:title\" content=\"Ingreso a la docencia 2022\/2023 - Noticias Radio Reflejos\" \/>\n<meta property=\"og:description\" content=\"Secretar\u00eda de Asuntos Docentes de TORNQUIST informa que ante la proximidad de la finalizaci\u00f3n de la Inscripci\u00f3n al Ingreso a la Docencia 2022 listado oficial 2023, todo aquel docente que hubiera tenido alg\u00fan inconveniente con el aplicativo, podr\u00e1 realizar la inscripci\u00f3n mediante correo electr\u00f3nico hasta el d\u00eda lunes 06 de junio del corriente a\u00f1o.\" \/>\n<meta property=\"og:url\" content=\"https:\/\/www.noticiasradioreflejos.com.ar\/2021\/ingreso-a-la-docencia-2022-2023\/\" \/>\n<meta property=\"og:site_name\" content=\"Noticias Radio Reflejos\" \/>\n<meta property=\"article:published_time\" content=\"2022-06-03T18:22:03+00:00\" \/>\n<meta property=\"og:image\" content=\"https:\/\/www.noticiasradioreflejos.com.ar\/2021\/wp-content\/uploads\/2020\/12\/SAD.jpg\" \/>\n\t<meta property=\"og:image:width\" content=\"506\" \/>\n\t<meta property=\"og:image:height\" content=\"330\" \/>\n\t<meta property=\"og:image:type\" content=\"image\/jpeg\" \/>\n<meta name=\"author\" content=\"Arnaldo Botto\" \/>\n<meta name=\"twitter:card\" content=\"summary_large_image\" \/>\n<script type=\"application\/ld+json\" class=\"yoast-schema-graph\">{\"@context\":\"https:\/\/schema.org\",\"@graph\":[{\"@type\":\"WebPage\",\"@id\":\"https:\/\/www.noticiasradioreflejos.com.ar\/2021\/ingreso-a-la-docencia-2022-2023\/\",\"url\":\"https:\/\/www.noticiasradioreflejos.com.ar\/2021\/ingreso-a-la-docencia-2022-2023\/\",\"name\":\"Ingreso a la docencia 2022\/2023 - Noticias Radio Reflejos\",\"isPartOf\":{\"@id\":\"https:\/\/www.noticiasradioreflejos.com.ar\/2021\/#website\"},\"primaryImageOfPage\":{\"@id\":\"https:\/\/www.noticiasradioreflejos.com.ar\/2021\/ingreso-a-la-docencia-2022-2023\/#primaryimage\"},\"image\":{\"@id\":\"https:\/\/www.noticiasradioreflejos.com.ar\/2021\/ingreso-a-la-docencia-2022-2023\/#primaryimage\"},\"thumbnailUrl\":\"https:\/\/www.noticiasradioreflejos.com.ar\/2021\/wp-content\/uploads\/2020\/12\/SAD.jpg\",\"datePublished\":\"2022-06-03T18:22:03+00:00\",\"author\":{\"@id\":\"https:\/\/www.noticiasradioreflejos.com.ar\/2021\/#\/schema\/person\/ad82545263dcc5ec0996818884fd5fb1\"},\"breadcrumb\":{\"@id\":\"https:\/\/www.noticiasradioreflejos.com.ar\/2021\/ingreso-a-la-docencia-2022-2023\/#breadcrumb\"},\"inLanguage\":\"es\",\"potentialAction\":[{\"@type\":\"ReadAction\",\"target\":[\"https:\/\/www.noticiasradioreflejos.com.ar\/2021\/ingreso-a-la-docencia-2022-2023\/\"]}]},{\"@type\":\"ImageObject\",\"inLanguage\":\"es\",\"@id\":\"https:\/\/www.noticiasradioreflejos.com.ar\/2021\/ingreso-a-la-docencia-2022-2023\/#primaryimage\",\"url\":\"https:\/\/www.noticiasradioreflejos.com.ar\/2021\/wp-content\/uploads\/2020\/12\/SAD.jpg\",\"contentUrl\":\"https:\/\/www.noticiasradioreflejos.com.ar\/2021\/wp-content\/uploads\/2020\/12\/SAD.jpg\",\"width\":506,\"height\":330},{\"@type\":\"BreadcrumbList\",\"@id\":\"https:\/\/www.noticiasradioreflejos.com.ar\/2021\/ingreso-a-la-docencia-2022-2023\/#breadcrumb\",\"itemListElement\":[{\"@type\":\"ListItem\",\"position\":1,\"name\":\"Portada\",\"item\":\"https:\/\/www.noticiasradioreflejos.com.ar\/2021\/\"},{\"@type\":\"ListItem\",\"position\":2,\"name\":\"Ingreso a la docencia 2022\/2023\"}]},{\"@type\":\"WebSite\",\"@id\":\"https:\/\/www.noticiasradioreflejos.com.ar\/2021\/#website\",\"url\":\"https:\/\/www.noticiasradioreflejos.com.ar\/2021\/\",\"name\":\"Noticias Radio Reflejos\",\"description\":\"Las noticias de mi comarca\",\"potentialAction\":[{\"@type\":\"SearchAction\",\"target\":{\"@type\":\"EntryPoint\",\"urlTemplate\":\"https:\/\/www.noticiasradioreflejos.com.ar\/2021\/?s={search_term_string}\"},\"query-input\":{\"@type\":\"PropertyValueSpecification\",\"valueRequired\":true,\"valueName\":\"search_term_string\"}}],\"inLanguage\":\"es\"},{\"@type\":\"Person\",\"@id\":\"https:\/\/www.noticiasradioreflejos.com.ar\/2021\/#\/schema\/person\/ad82545263dcc5ec0996818884fd5fb1\",\"name\":\"Arnaldo Botto\",\"image\":{\"@type\":\"ImageObject\",\"inLanguage\":\"es\",\"@id\":\"https:\/\/www.noticiasradioreflejos.com.ar\/2021\/#\/schema\/person\/image\/\",\"url\":\"https:\/\/secure.gravatar.com\/avatar\/55cb5e37c1efa326397366e6974cb338056df65cb50e7d64d1cf314e87504837?s=96&d=mm&r=g\",\"contentUrl\":\"https:\/\/secure.gravatar.com\/avatar\/55cb5e37c1efa326397366e6974cb338056df65cb50e7d64d1cf314e87504837?s=96&d=mm&r=g\",\"caption\":\"Arnaldo Botto\"},\"url\":\"https:\/\/www.noticiasradioreflejos.com.ar\/2021\/author\/arnaldo\/\"}]}<\/script>\n<!-- \/ Yoast SEO plugin. -->","yoast_head_json":{"title":"Ingreso a la docencia 2022\/2023 - Noticias Radio Reflejos","robots":{"index":"index","follow":"follow","max-snippet":"max-snippet:-1","max-image-preview":"max-image-preview:large","max-video-preview":"max-video-preview:-1"},"canonical":"https:\/\/www.noticiasradioreflejos.com.ar\/2021\/ingreso-a-la-docencia-2022-2023\/","og_locale":"es_ES","og_type":"article","og_title":"Ingreso a la docencia 2022\/2023 - Noticias Radio Reflejos","og_description":"Secretar\u00eda de Asuntos Docentes de TORNQUIST informa que ante la proximidad de la finalizaci\u00f3n de la Inscripci\u00f3n al Ingreso a la Docencia 2022 listado oficial 2023, todo aquel docente que hubiera tenido alg\u00fan inconveniente con el aplicativo, podr\u00e1 realizar la inscripci\u00f3n mediante correo electr\u00f3nico hasta el d\u00eda lunes 06 de junio del corriente a\u00f1o.","og_url":"https:\/\/www.noticiasradioreflejos.com.ar\/2021\/ingreso-a-la-docencia-2022-2023\/","og_site_name":"Noticias Radio Reflejos","article_published_time":"2022-06-03T18:22:03+00:00","og_image":[{"width":506,"height":330,"url":"https:\/\/www.noticiasradioreflejos.com.ar\/2021\/wp-content\/uploads\/2020\/12\/SAD.jpg","type":"image\/jpeg"}],"author":"Arnaldo Botto","twitter_card":"summary_large_image","schema":{"@context":"https:\/\/schema.org","@graph":[{"@type":"WebPage","@id":"https:\/\/www.noticiasradioreflejos.com.ar\/2021\/ingreso-a-la-docencia-2022-2023\/","url":"https:\/\/www.noticiasradioreflejos.com.ar\/2021\/ingreso-a-la-docencia-2022-2023\/","name":"Ingreso a la docencia 2022\/2023 - Noticias Radio Reflejos","isPartOf":{"@id":"https:\/\/www.noticiasradioreflejos.com.ar\/2021\/#website"},"primaryImageOfPage":{"@id":"https:\/\/www.noticiasradioreflejos.com.ar\/2021\/ingreso-a-la-docencia-2022-2023\/#primaryimage"},"image":{"@id":"https:\/\/www.noticiasradioreflejos.com.ar\/2021\/ingreso-a-la-docencia-2022-2023\/#primaryimage"},"thumbnailUrl":"https:\/\/www.noticiasradioreflejos.com.ar\/2021\/wp-content\/uploads\/2020\/12\/SAD.jpg","datePublished":"2022-06-03T18:22:03+00:00","author":{"@id":"https:\/\/www.noticiasradioreflejos.com.ar\/2021\/#\/schema\/person\/ad82545263dcc5ec0996818884fd5fb1"},"breadcrumb":{"@id":"https:\/\/www.noticiasradioreflejos.com.ar\/2021\/ingreso-a-la-docencia-2022-2023\/#breadcrumb"},"inLanguage":"es","potentialAction":[{"@type":"ReadAction","target":["https:\/\/www.noticiasradioreflejos.com.ar\/2021\/ingreso-a-la-docencia-2022-2023\/"]}]},{"@type":"ImageObject","inLanguage":"es","@id":"https:\/\/www.noticiasradioreflejos.com.ar\/2021\/ingreso-a-la-docencia-2022-2023\/#primaryimage","url":"https:\/\/www.noticiasradioreflejos.com.ar\/2021\/wp-content\/uploads\/2020\/12\/SAD.jpg","contentUrl":"https:\/\/www.noticiasradioreflejos.com.ar\/2021\/wp-content\/uploads\/2020\/12\/SAD.jpg","width":506,"height":330},{"@type":"BreadcrumbList","@id":"https:\/\/www.noticiasradioreflejos.com.ar\/2021\/ingreso-a-la-docencia-2022-2023\/#breadcrumb","itemListElement":[{"@type":"ListItem","position":1,"name":"Portada","item":"https:\/\/www.noticiasradioreflejos.com.ar\/2021\/"},{"@type":"ListItem","position":2,"name":"Ingreso a la docencia 2022\/2023"}]},{"@type":"WebSite","@id":"https:\/\/www.noticiasradioreflejos.com.ar\/2021\/#website","url":"https:\/\/www.noticiasradioreflejos.com.ar\/2021\/","name":"Noticias Radio Reflejos","description":"Las noticias de mi comarca","potentialAction":[{"@type":"SearchAction","target":{"@type":"EntryPoint","urlTemplate":"https:\/\/www.noticiasradioreflejos.com.ar\/2021\/?s={search_term_string}"},"query-input":{"@type":"PropertyValueSpecification","valueRequired":true,"valueName":"search_term_string"}}],"inLanguage":"es"},{"@type":"Person","@id":"https:\/\/www.noticiasradioreflejos.com.ar\/2021\/#\/schema\/person\/ad82545263dcc5ec0996818884fd5fb1","name":"Arnaldo Botto","image":{"@type":"ImageObject","inLanguage":"es","@id":"https:\/\/www.noticiasradioreflejos.com.ar\/2021\/#\/schema\/person\/image\/","url":"https:\/\/secure.gravatar.com\/avatar\/55cb5e37c1efa326397366e6974cb338056df65cb50e7d64d1cf314e87504837?s=96&d=mm&r=g","contentUrl":"https:\/\/secure.gravatar.com\/avatar\/55cb5e37c1efa326397366e6974cb338056df65cb50e7d64d1cf314e87504837?s=96&d=mm&r=g","caption":"Arnaldo Botto"},"url":"https:\/\/www.noticiasradioreflejos.com.ar\/2021\/author\/arnaldo\/"}]}},"_links":{"self":[{"href":"https:\/\/www.noticiasradioreflejos.com.ar\/2021\/wp-json\/wp\/v2\/posts\/73204","targetHints":{"allow":["GET"]}}],"collection":[{"href":"https:\/\/www.noticiasradioreflejos.com.ar\/2021\/wp-json\/wp\/v2\/posts"}],"about":[{"href":"https:\/\/www.noticiasradioreflejos.com.ar\/2021\/wp-json\/wp\/v2\/types\/post"}],"author":[{"embeddable":true,"href":"https:\/\/www.noticiasradioreflejos.com.ar\/2021\/wp-json\/wp\/v2\/users\/3"}],"replies":[{"embeddable":true,"href":"https:\/\/www.noticiasradioreflejos.com.ar\/2021\/wp-json\/wp\/v2\/comments?post=73204"}],"version-history":[{"count":1,"href":"https:\/\/www.noticiasradioreflejos.com.ar\/2021\/wp-json\/wp\/v2\/posts\/73204\/revisions"}],"predecessor-version":[{"id":73205,"href":"https:\/\/www.noticiasradioreflejos.com.ar\/2021\/wp-json\/wp\/v2\/posts\/73204\/revisions\/73205"}],"wp:featuredmedia":[{"embeddable":true,"href":"https:\/\/www.noticiasradioreflejos.com.ar\/2021\/wp-json\/wp\/v2\/media\/50776"}],"wp:attachment":[{"href":"https:\/\/www.noticiasradioreflejos.com.ar\/2021\/wp-json\/wp\/v2\/media?parent=73204"}],"wp:term":[{"taxonomy":"category","embeddable":true,"href":"https:\/\/www.noticiasradioreflejos.com.ar\/2021\/wp-json\/wp\/v2\/categories?post=73204"},{"taxonomy":"post_tag","embeddable":true,"href":"https:\/\/www.noticiasradioreflejos.com.ar\/2021\/wp-json\/wp\/v2\/tags?post=73204"}],"curies":[{"name":"wp","href":"https:\/\/api.w.org\/{rel}","templated":true}]}}