{"id":73194,"date":"2022-06-03T17:35:28","date_gmt":"2022-06-03T17:35:28","guid":{"rendered":"http:\/\/www.noticiasradioreflejos.com.ar\/2021\/?p=73194"},"modified":"2022-06-03T17:35:28","modified_gmt":"2022-06-03T17:35:28","slug":"a-7-anos-de-la-primera-marcha-niunamenos","status":"publish","type":"post","link":"https:\/\/www.noticiasradioreflejos.com.ar\/2021\/a-7-anos-de-la-primera-marcha-niunamenos\/","title":{"rendered":"A 7 a\u00f1os de la primera marcha #NiUnaMenos"},"content":{"rendered":"<p>El Consejo de las Mujeres de Tornquist comparte el siguiente comunicado.<!--more--><\/p>\n<p>Hoy, 3 de Junio, desde el Consejo de las Mujeres Tornquist,  ingresamos en Mesa de Entrada-Delegaci\u00f3n Sierra de la Ventana, una nota-petitorio dirigida al Intendente Municipal se\u00f1or Sergio Bordoni.<\/p>\n<p>Con el mismo convencimiento de los a\u00f1os anteriores, decimos que  para decir #NiUnaMenos en nuestro distrito, necesitamos articular, concretar, difundir pol\u00edticas p\u00fablicas en favor de las mujeres que son v\u00edctimas de alguna de las m\u00faltiples formas de violencia por motivos de g\u00e9nero.<\/p>\n<p>Por  ello es que reclamamos  avances de relevancia en las pol\u00edticas p\u00fablicas que atiendan esta problem\u00e1tica y le solicitamos que:<\/p>\n<p>1) se implemente efectivamente la Ley Micaela que establece la capacitaci\u00f3n obligatoria  en el \u00e1mbito de todas las dependencias del Estado Municipal en la tem\u00e1tica de g\u00e9nero y violencia contra las mujeres;<\/p>\n<p>2) se difundan por los canales de comunicaci\u00f3n pertinentes, los alcances de la Ley Nacional N\u00b0 27.501 que introduce el Acoso Callejero como una modalidad de violencia contra la mujer;<\/p>\n<p>3) se establezca y de a conocer un protocolo de atenci\u00f3n a la v\u00edctima de violencia de g\u00e9nero; se concreten proyectos de salida de las violencias; se creen dispositivos de ayuda mutua para esas mujeres como as\u00ed tambi\u00e9n un dispositivo para varones que ejercen violencia por razones de g\u00e9nero; se cuente con un espacio f\u00edsico de contenci\u00f3n para las mujeres denunciantes; se tomen decisiones sobre la base de un Registro \u00danico de Casos de Violencia de G\u00e9neros;<\/p>\n<p>4) se optimicen los recursos humanos  en  la Comisaria de la Mujer y que se garantice la atenci\u00f3n con perspectiva de g\u00e9nero en todos los casos;<\/p>\n<p>5) se implemente el Cupo laboral travesti\/trans;<\/p>\n<p>6) se firmen los convenios pertinentes para que se articulen las pol\u00edticas de g\u00e9nero provinciales y nacionales; se arbitren los medios para la creaci\u00f3n de un banco de le\u00f1a para que la entrega de la misma se haga desde un enfoque de derechos humanos, con perspectiva de g\u00e9nero y  un trato digno e igualitario;<\/p>\n<p>7) se proyecten estrategias de visibilizacion del 144: ploteos veh\u00edculos oficiales (en camionetas, ambulancias, etc); impresos oficiales (en avisos, notas, recibos, etc.); mesas de entradas de la Municipalidad y las Delegaciones, etc.<\/p>\n<p>La raz\u00f3n de ser del Consejo Municipal de las Mujeres es aportar a la construcci\u00f3n de una sociedad capaz de prevenir, de contener, de estar mejor informada, de ser m\u00e1s sensible y m\u00e1s inclusiva. <\/p>\n","protected":false},"excerpt":{"rendered":"<p>El Consejo de las Mujeres de Tornquist comparte el siguiente comunicado.<\/p>\n","protected":false},"author":3,"featured_media":0,"comment_status":"closed","ping_status":"closed","sticky":false,"template":"","format":"standard","meta":{"footnotes":""},"categories":[26],"tags":[],"class_list":["post-73194","post","type-post","status-publish","format-standard","hentry","category-sociedad"],"yoast_head":"<!-- This site is optimized with the Yoast SEO plugin v25.9 - https:\/\/yoast.com\/wordpress\/plugins\/seo\/ -->\n<title>A 7 a\u00f1os de la primera marcha #NiUnaMenos - Noticias Radio Reflejos<\/title>\n<meta name=\"robots\" content=\"index, follow, max-snippet:-1, max-image-preview:large, max-video-preview:-1\" \/>\n<link rel=\"canonical\" href=\"https:\/\/www.noticiasradioreflejos.com.ar\/2021\/a-7-anos-de-la-primera-marcha-niunamenos\/\" \/>\n<meta property=\"og:locale\" content=\"es_ES\" \/>\n<meta property=\"og:type\" content=\"article\" \/>\n<meta property=\"og:title\" content=\"A 7 a\u00f1os de la primera marcha #NiUnaMenos - Noticias Radio Reflejos\" \/>\n<meta property=\"og:description\" content=\"El Consejo de las Mujeres de Tornquist comparte el siguiente comunicado.\" \/>\n<meta property=\"og:url\" content=\"https:\/\/www.noticiasradioreflejos.com.ar\/2021\/a-7-anos-de-la-primera-marcha-niunamenos\/\" \/>\n<meta property=\"og:site_name\" content=\"Noticias Radio Reflejos\" \/>\n<meta property=\"article:published_time\" content=\"2022-06-03T17:35:28+00:00\" \/>\n<meta property=\"og:image\" content=\"https:\/\/www.noticiasradioreflejos.com.ar\/2021\/wp-content\/uploads\/2021\/07\/logosol300x200.png\" \/>\n\t<meta property=\"og:image:width\" content=\"300\" \/>\n\t<meta property=\"og:image:height\" content=\"200\" \/>\n\t<meta property=\"og:image:type\" content=\"image\/png\" \/>\n<meta name=\"author\" content=\"Arnaldo Botto\" \/>\n<meta name=\"twitter:card\" content=\"summary_large_image\" \/>\n<script type=\"application\/ld+json\" class=\"yoast-schema-graph\">{\"@context\":\"https:\/\/schema.org\",\"@graph\":[{\"@type\":\"WebPage\",\"@id\":\"https:\/\/www.noticiasradioreflejos.com.ar\/2021\/a-7-anos-de-la-primera-marcha-niunamenos\/\",\"url\":\"https:\/\/www.noticiasradioreflejos.com.ar\/2021\/a-7-anos-de-la-primera-marcha-niunamenos\/\",\"name\":\"A 7 a\u00f1os de la primera marcha #NiUnaMenos - Noticias Radio Reflejos\",\"isPartOf\":{\"@id\":\"https:\/\/www.noticiasradioreflejos.com.ar\/2021\/#website\"},\"datePublished\":\"2022-06-03T17:35:28+00:00\",\"author\":{\"@id\":\"https:\/\/www.noticiasradioreflejos.com.ar\/2021\/#\/schema\/person\/ad82545263dcc5ec0996818884fd5fb1\"},\"breadcrumb\":{\"@id\":\"https:\/\/www.noticiasradioreflejos.com.ar\/2021\/a-7-anos-de-la-primera-marcha-niunamenos\/#breadcrumb\"},\"inLanguage\":\"es\",\"potentialAction\":[{\"@type\":\"ReadAction\",\"target\":[\"https:\/\/www.noticiasradioreflejos.com.ar\/2021\/a-7-anos-de-la-primera-marcha-niunamenos\/\"]}]},{\"@type\":\"BreadcrumbList\",\"@id\":\"https:\/\/www.noticiasradioreflejos.com.ar\/2021\/a-7-anos-de-la-primera-marcha-niunamenos\/#breadcrumb\",\"itemListElement\":[{\"@type\":\"ListItem\",\"position\":1,\"name\":\"Portada\",\"item\":\"https:\/\/www.noticiasradioreflejos.com.ar\/2021\/\"},{\"@type\":\"ListItem\",\"position\":2,\"name\":\"A 7 a\u00f1os de la primera marcha #NiUnaMenos\"}]},{\"@type\":\"WebSite\",\"@id\":\"https:\/\/www.noticiasradioreflejos.com.ar\/2021\/#website\",\"url\":\"https:\/\/www.noticiasradioreflejos.com.ar\/2021\/\",\"name\":\"Noticias Radio Reflejos\",\"description\":\"Las noticias de mi comarca\",\"potentialAction\":[{\"@type\":\"SearchAction\",\"target\":{\"@type\":\"EntryPoint\",\"urlTemplate\":\"https:\/\/www.noticiasradioreflejos.com.ar\/2021\/?s={search_term_string}\"},\"query-input\":{\"@type\":\"PropertyValueSpecification\",\"valueRequired\":true,\"valueName\":\"search_term_string\"}}],\"inLanguage\":\"es\"},{\"@type\":\"Person\",\"@id\":\"https:\/\/www.noticiasradioreflejos.com.ar\/2021\/#\/schema\/person\/ad82545263dcc5ec0996818884fd5fb1\",\"name\":\"Arnaldo Botto\",\"image\":{\"@type\":\"ImageObject\",\"inLanguage\":\"es\",\"@id\":\"https:\/\/www.noticiasradioreflejos.com.ar\/2021\/#\/schema\/person\/image\/\",\"url\":\"https:\/\/secure.gravatar.com\/avatar\/55cb5e37c1efa326397366e6974cb338056df65cb50e7d64d1cf314e87504837?s=96&d=mm&r=g\",\"contentUrl\":\"https:\/\/secure.gravatar.com\/avatar\/55cb5e37c1efa326397366e6974cb338056df65cb50e7d64d1cf314e87504837?s=96&d=mm&r=g\",\"caption\":\"Arnaldo Botto\"},\"url\":\"https:\/\/www.noticiasradioreflejos.com.ar\/2021\/author\/arnaldo\/\"}]}<\/script>\n<!-- \/ Yoast SEO plugin. -->","yoast_head_json":{"title":"A 7 a\u00f1os de la primera marcha #NiUnaMenos - Noticias Radio Reflejos","robots":{"index":"index","follow":"follow","max-snippet":"max-snippet:-1","max-image-preview":"max-image-preview:large","max-video-preview":"max-video-preview:-1"},"canonical":"https:\/\/www.noticiasradioreflejos.com.ar\/2021\/a-7-anos-de-la-primera-marcha-niunamenos\/","og_locale":"es_ES","og_type":"article","og_title":"A 7 a\u00f1os de la primera marcha #NiUnaMenos - Noticias Radio Reflejos","og_description":"El Consejo de las Mujeres de Tornquist comparte el siguiente comunicado.","og_url":"https:\/\/www.noticiasradioreflejos.com.ar\/2021\/a-7-anos-de-la-primera-marcha-niunamenos\/","og_site_name":"Noticias Radio Reflejos","article_published_time":"2022-06-03T17:35:28+00:00","og_image":[{"width":300,"height":200,"url":"https:\/\/www.noticiasradioreflejos.com.ar\/2021\/wp-content\/uploads\/2021\/07\/logosol300x200.png","type":"image\/png"}],"author":"Arnaldo Botto","twitter_card":"summary_large_image","schema":{"@context":"https:\/\/schema.org","@graph":[{"@type":"WebPage","@id":"https:\/\/www.noticiasradioreflejos.com.ar\/2021\/a-7-anos-de-la-primera-marcha-niunamenos\/","url":"https:\/\/www.noticiasradioreflejos.com.ar\/2021\/a-7-anos-de-la-primera-marcha-niunamenos\/","name":"A 7 a\u00f1os de la primera marcha #NiUnaMenos - Noticias Radio Reflejos","isPartOf":{"@id":"https:\/\/www.noticiasradioreflejos.com.ar\/2021\/#website"},"datePublished":"2022-06-03T17:35:28+00:00","author":{"@id":"https:\/\/www.noticiasradioreflejos.com.ar\/2021\/#\/schema\/person\/ad82545263dcc5ec0996818884fd5fb1"},"breadcrumb":{"@id":"https:\/\/www.noticiasradioreflejos.com.ar\/2021\/a-7-anos-de-la-primera-marcha-niunamenos\/#breadcrumb"},"inLanguage":"es","potentialAction":[{"@type":"ReadAction","target":["https:\/\/www.noticiasradioreflejos.com.ar\/2021\/a-7-anos-de-la-primera-marcha-niunamenos\/"]}]},{"@type":"BreadcrumbList","@id":"https:\/\/www.noticiasradioreflejos.com.ar\/2021\/a-7-anos-de-la-primera-marcha-niunamenos\/#breadcrumb","itemListElement":[{"@type":"ListItem","position":1,"name":"Portada","item":"https:\/\/www.noticiasradioreflejos.com.ar\/2021\/"},{"@type":"ListItem","position":2,"name":"A 7 a\u00f1os de la primera marcha #NiUnaMenos"}]},{"@type":"WebSite","@id":"https:\/\/www.noticiasradioreflejos.com.ar\/2021\/#website","url":"https:\/\/www.noticiasradioreflejos.com.ar\/2021\/","name":"Noticias Radio Reflejos","description":"Las noticias de mi comarca","potentialAction":[{"@type":"SearchAction","target":{"@type":"EntryPoint","urlTemplate":"https:\/\/www.noticiasradioreflejos.com.ar\/2021\/?s={search_term_string}"},"query-input":{"@type":"PropertyValueSpecification","valueRequired":true,"valueName":"search_term_string"}}],"inLanguage":"es"},{"@type":"Person","@id":"https:\/\/www.noticiasradioreflejos.com.ar\/2021\/#\/schema\/person\/ad82545263dcc5ec0996818884fd5fb1","name":"Arnaldo Botto","image":{"@type":"ImageObject","inLanguage":"es","@id":"https:\/\/www.noticiasradioreflejos.com.ar\/2021\/#\/schema\/person\/image\/","url":"https:\/\/secure.gravatar.com\/avatar\/55cb5e37c1efa326397366e6974cb338056df65cb50e7d64d1cf314e87504837?s=96&d=mm&r=g","contentUrl":"https:\/\/secure.gravatar.com\/avatar\/55cb5e37c1efa326397366e6974cb338056df65cb50e7d64d1cf314e87504837?s=96&d=mm&r=g","caption":"Arnaldo Botto"},"url":"https:\/\/www.noticiasradioreflejos.com.ar\/2021\/author\/arnaldo\/"}]}},"_links":{"self":[{"href":"https:\/\/www.noticiasradioreflejos.com.ar\/2021\/wp-json\/wp\/v2\/posts\/73194","targetHints":{"allow":["GET"]}}],"collection":[{"href":"https:\/\/www.noticiasradioreflejos.com.ar\/2021\/wp-json\/wp\/v2\/posts"}],"about":[{"href":"https:\/\/www.noticiasradioreflejos.com.ar\/2021\/wp-json\/wp\/v2\/types\/post"}],"author":[{"embeddable":true,"href":"https:\/\/www.noticiasradioreflejos.com.ar\/2021\/wp-json\/wp\/v2\/users\/3"}],"replies":[{"embeddable":true,"href":"https:\/\/www.noticiasradioreflejos.com.ar\/2021\/wp-json\/wp\/v2\/comments?post=73194"}],"version-history":[{"count":1,"href":"https:\/\/www.noticiasradioreflejos.com.ar\/2021\/wp-json\/wp\/v2\/posts\/73194\/revisions"}],"predecessor-version":[{"id":73196,"href":"https:\/\/www.noticiasradioreflejos.com.ar\/2021\/wp-json\/wp\/v2\/posts\/73194\/revisions\/73196"}],"wp:attachment":[{"href":"https:\/\/www.noticiasradioreflejos.com.ar\/2021\/wp-json\/wp\/v2\/media?parent=73194"}],"wp:term":[{"taxonomy":"category","embeddable":true,"href":"https:\/\/www.noticiasradioreflejos.com.ar\/2021\/wp-json\/wp\/v2\/categories?post=73194"},{"taxonomy":"post_tag","embeddable":true,"href":"https:\/\/www.noticiasradioreflejos.com.ar\/2021\/wp-json\/wp\/v2\/tags?post=73194"}],"curies":[{"name":"wp","href":"https:\/\/api.w.org\/{rel}","templated":true}]}}