{"id":73188,"date":"2022-06-03T18:18:17","date_gmt":"2022-06-03T18:18:17","guid":{"rendered":"http:\/\/www.noticiasradioreflejos.com.ar\/2021\/?p=73188"},"modified":"2022-06-03T18:37:15","modified_gmt":"2022-06-03T18:37:15","slug":"salamone-se-multiplico-en-ese-art-deco-barrial-anonimo-que-esta-desparramado-en-todos-lados","status":"publish","type":"post","link":"https:\/\/www.noticiasradioreflejos.com.ar\/2021\/salamone-se-multiplico-en-ese-art-deco-barrial-anonimo-que-esta-desparramado-en-todos-lados\/","title":{"rendered":"\u201cSalamone se multiplic\u00f3 en ese art d\u00e9co barrial an\u00f3nimo que est\u00e1 desparramado en todos lados\u201d"},"content":{"rendered":"<p><strong>El ingeniero Alfredo Fushimi<\/strong> se refiri\u00f3 a la obra de<strong> Francisco Salamone<\/strong>, haciendo un importante llamado de atenci\u00f3n por lo que ocurre con el matadero de Alberdi: \u201cHay tanto cacareo por las otras obras y por esta nadie dice nada\u201d.<!--more--><\/p>\n<p>Su pausado hablar no debe generar la falsa creencia de estar ante una persona desinteresada. Todo lo contrario. Maneja su l\u00e9xico como un cirujano, y cada palabra conlleva una exactitud digna de un orador de la antigua Grecia.<\/p>\n<p><strong>Para el ingeniero Alfredo Fushimi, el arquitecto Francisco Salamone despierta m\u00e1s que admiraci\u00f3n.<\/strong> Seg\u00fan recuerda haber le\u00eddo, y suscribe de ese texto, \u201cSalamone tiene una minor\u00eda intensa de fans\u201d.<\/p>\n<p>Y a esa sentencia le sum\u00f3 que <strong>\u201chay un micro mundo Salamone en que estamos inmersos, que es una generalizaci\u00f3n de lo que pasa en las redes: cada micro mundo cree que todo el universo es as\u00ed\u201d.<\/strong><\/p>\n<p>Profundizando en su idea, resalt\u00f3 que \u201ca m\u00ed lo que me interesa de Salamone es lo mismo que me moviliz\u00f3 la primera vez que lo vi: esos grandes escenarios en medio de la nada. Tengo una gran admiraci\u00f3n por la gente que est\u00e1 en obra, desde el jefe hasta el \u00faltimo pe\u00f3n. Y m\u00e1s en esa \u00e9poca. Hoy es llam\u00e1 al corral\u00f3n que no lleg\u00f3 la arena. En esa \u00e9poca no era as\u00ed\u201d.<\/p>\n<p><a title=\"cementerio Saldungaray\" href=\"https:\/\/www.flickr.com\/photos\/182279889@N02\/52120395450\/in\/dateposted-public\/\" data-flickr-embed=\"true\"><img loading=\"lazy\" decoding=\"async\" src=\"https:\/\/live.staticflickr.com\/65535\/52120395450_1012be06f3_c.jpg\" alt=\"cementerio Saldungaray\" width=\"800\" height=\"533\" \/><\/a><script async src=\"\/\/embedr.flickr.com\/assets\/client-code.js\" charset=\"utf-8\"><\/script><\/p>\n<p>Siguiendo esa l\u00ednea, record\u00f3 que \u201cla gente no sab\u00eda c\u00f3mo era la mezcla del hormig\u00f3n, como doblar hierros, c\u00f3mo hacer encofrados curvos con madera. Eran temas de desaf\u00edo y de did\u00e1ctica. Esa es la gran impronta social que dejaron las obras de Salamone. <strong>Un mont\u00f3n de constructores nacieron a partir de ah\u00ed y se multiplicaron en ese art d\u00e9co barrial an\u00f3nimo que est\u00e1 desparramado en todos lados\u201d.<\/strong><\/p>\n<p>En otro pasaje de la charla, en tanto, resumi\u00f3 su \u00faltimo viaje netamente dedicado a las obras de este disruptivo italiano. \u201cEn Alem est\u00e1 la delegaci\u00f3n municipal que est\u00e1 bien, est\u00e1 en una esquina. El matadero de Alem es gemelo al de Alberdi pero no fuimos. Despu\u00e9s fuimos a Vedia, que est\u00e1 el municipio, que est\u00e1 bien, est\u00e1 el matadero, que est\u00e1 destruido y donde tienen un canil. Se ve que funciona una protectora de animales y est\u00e1 lleno de perros. La ventaja que noto es que cortaron el pasto y plantaron \u00e1rboles, pero el matadero se viene abajo. De ah\u00ed fuimos a Alberdi\u201d.<\/p>\n<p>Continuando con su relato, pero entrando a una zona m\u00e1s delicada, cont\u00f3 que \u201cah\u00ed el Matadero est\u00e1 en medio de un basural a cielo abierto y encima le pusieron cuatro piletas de una planta depuradora, que si haces fotos es una maravilla, porque no hay muchas obras de Salamone que tienen espejos de agua\u201d.<\/p>\n<p>Cerrando el concepto de forma clara y contundente:<strong> \u201chay tanto cacareo por las otras obras y vos tenes una obra de Salamone en un basural a cielo abierto con cuatro piletas depuradoras y nadie dice nada\u201d.<\/strong><\/p>\n<p>&nbsp;<\/p>\n<p>&nbsp;<\/p>\n<p><iframe loading=\"lazy\" src=\"https:\/\/w.soundcloud.com\/player\/?url=https%3A\/\/api.soundcloud.com\/tracks\/1280445487&amp;color=%23ff5500&amp;auto_play=false&amp;hide_related=false&amp;show_comments=true&amp;show_user=true&amp;show_reposts=false&amp;show_teaser=true\" width=\"100%\" height=\"166\" frameborder=\"no\" scrolling=\"no\"><\/iframe><\/p>\n<div style=\"font-size: 10px; color: #cccccc; line-break: anywhere; word-break: normal; overflow: hidden; white-space: nowrap; text-overflow: ellipsis; font-family: Interstate,Lucida Grande,Lucida Sans Unicode,Lucida Sans,Garuda,Verdana,Tahoma,sans-serif; font-weight: 100;\"><a style=\"color: #cccccc; text-decoration: none;\" title=\"fmreflejos 103.7\" href=\"https:\/\/soundcloud.com\/fmreflejos-103-7\" target=\"_blank\" rel=\"noopener\">fmreflejos 103.7<\/a> \u00b7 <a style=\"color: #cccccc; text-decoration: none;\" title=\"Alfredo Fushimi\" href=\"https:\/\/soundcloud.com\/fmreflejos-103-7\/alfredo-fushimi\" target=\"_blank\" rel=\"noopener\">Alfredo Fushimi<\/a><\/div>\n","protected":false},"excerpt":{"rendered":"<p>El ingeniero Alfredo Fushimi se refiri\u00f3 a la obra de Francisco Salamone, haciendo un importante llamado de atenci\u00f3n por lo que ocurre con el matadero de Alberdi: \u201cHay tanto cacareo por las otras obras y por esta nadie dice nada\u201d.<\/p>\n","protected":false},"author":3,"featured_media":73207,"comment_status":"closed","ping_status":"closed","sticky":false,"template":"","format":"standard","meta":{"footnotes":""},"categories":[46,35,33],"tags":[48],"class_list":["post-73188","post","type-post","status-publish","format-standard","has-post-thumbnail","hentry","category-ciencia-y-tecnologia","category-cultura","category-turismo","tag-destacada"],"yoast_head":"<!-- This site is optimized with the Yoast SEO plugin v25.9 - https:\/\/yoast.com\/wordpress\/plugins\/seo\/ -->\n<title>\u201cSalamone se multiplic\u00f3 en ese art d\u00e9co barrial an\u00f3nimo que est\u00e1 desparramado en todos lados\u201d - Noticias Radio Reflejos<\/title>\n<meta name=\"robots\" content=\"index, follow, max-snippet:-1, max-image-preview:large, max-video-preview:-1\" \/>\n<link rel=\"canonical\" href=\"https:\/\/www.noticiasradioreflejos.com.ar\/2021\/salamone-se-multiplico-en-ese-art-deco-barrial-anonimo-que-esta-desparramado-en-todos-lados\/\" \/>\n<meta property=\"og:locale\" content=\"es_ES\" \/>\n<meta property=\"og:type\" content=\"article\" \/>\n<meta property=\"og:title\" content=\"\u201cSalamone se multiplic\u00f3 en ese art d\u00e9co barrial an\u00f3nimo que est\u00e1 desparramado en todos lados\u201d - Noticias Radio Reflejos\" \/>\n<meta property=\"og:description\" content=\"El ingeniero Alfredo Fushimi se refiri\u00f3 a la obra de Francisco Salamone, haciendo un importante llamado de atenci\u00f3n por lo que ocurre con el matadero de Alberdi: \u201cHay tanto cacareo por las otras obras y por esta nadie dice nada\u201d.\" \/>\n<meta property=\"og:url\" content=\"https:\/\/www.noticiasradioreflejos.com.ar\/2021\/salamone-se-multiplico-en-ese-art-deco-barrial-anonimo-que-esta-desparramado-en-todos-lados\/\" \/>\n<meta property=\"og:site_name\" content=\"Noticias Radio Reflejos\" \/>\n<meta property=\"article:published_time\" content=\"2022-06-03T18:18:17+00:00\" \/>\n<meta property=\"article:modified_time\" content=\"2022-06-03T18:37:15+00:00\" \/>\n<meta property=\"og:image\" content=\"https:\/\/www.noticiasradioreflejos.com.ar\/2021\/wp-content\/uploads\/2022\/06\/Salamone.jpg\" \/>\n\t<meta property=\"og:image:width\" content=\"1024\" \/>\n\t<meta property=\"og:image:height\" content=\"758\" \/>\n\t<meta property=\"og:image:type\" content=\"image\/jpeg\" \/>\n<meta name=\"author\" content=\"Arnaldo Botto\" \/>\n<meta name=\"twitter:card\" content=\"summary_large_image\" \/>\n<script type=\"application\/ld+json\" class=\"yoast-schema-graph\">{\"@context\":\"https:\/\/schema.org\",\"@graph\":[{\"@type\":\"WebPage\",\"@id\":\"https:\/\/www.noticiasradioreflejos.com.ar\/2021\/salamone-se-multiplico-en-ese-art-deco-barrial-anonimo-que-esta-desparramado-en-todos-lados\/\",\"url\":\"https:\/\/www.noticiasradioreflejos.com.ar\/2021\/salamone-se-multiplico-en-ese-art-deco-barrial-anonimo-que-esta-desparramado-en-todos-lados\/\",\"name\":\"\u201cSalamone se multiplic\u00f3 en ese art d\u00e9co barrial an\u00f3nimo que est\u00e1 desparramado en todos lados\u201d - Noticias Radio Reflejos\",\"isPartOf\":{\"@id\":\"https:\/\/www.noticiasradioreflejos.com.ar\/2021\/#website\"},\"primaryImageOfPage\":{\"@id\":\"https:\/\/www.noticiasradioreflejos.com.ar\/2021\/salamone-se-multiplico-en-ese-art-deco-barrial-anonimo-que-esta-desparramado-en-todos-lados\/#primaryimage\"},\"image\":{\"@id\":\"https:\/\/www.noticiasradioreflejos.com.ar\/2021\/salamone-se-multiplico-en-ese-art-deco-barrial-anonimo-que-esta-desparramado-en-todos-lados\/#primaryimage\"},\"thumbnailUrl\":\"https:\/\/www.noticiasradioreflejos.com.ar\/2021\/wp-content\/uploads\/2022\/06\/Salamone.jpg\",\"datePublished\":\"2022-06-03T18:18:17+00:00\",\"dateModified\":\"2022-06-03T18:37:15+00:00\",\"author\":{\"@id\":\"https:\/\/www.noticiasradioreflejos.com.ar\/2021\/#\/schema\/person\/ad82545263dcc5ec0996818884fd5fb1\"},\"breadcrumb\":{\"@id\":\"https:\/\/www.noticiasradioreflejos.com.ar\/2021\/salamone-se-multiplico-en-ese-art-deco-barrial-anonimo-que-esta-desparramado-en-todos-lados\/#breadcrumb\"},\"inLanguage\":\"es\",\"potentialAction\":[{\"@type\":\"ReadAction\",\"target\":[\"https:\/\/www.noticiasradioreflejos.com.ar\/2021\/salamone-se-multiplico-en-ese-art-deco-barrial-anonimo-que-esta-desparramado-en-todos-lados\/\"]}]},{\"@type\":\"ImageObject\",\"inLanguage\":\"es\",\"@id\":\"https:\/\/www.noticiasradioreflejos.com.ar\/2021\/salamone-se-multiplico-en-ese-art-deco-barrial-anonimo-que-esta-desparramado-en-todos-lados\/#primaryimage\",\"url\":\"https:\/\/www.noticiasradioreflejos.com.ar\/2021\/wp-content\/uploads\/2022\/06\/Salamone.jpg\",\"contentUrl\":\"https:\/\/www.noticiasradioreflejos.com.ar\/2021\/wp-content\/uploads\/2022\/06\/Salamone.jpg\",\"width\":1024,\"height\":758},{\"@type\":\"BreadcrumbList\",\"@id\":\"https:\/\/www.noticiasradioreflejos.com.ar\/2021\/salamone-se-multiplico-en-ese-art-deco-barrial-anonimo-que-esta-desparramado-en-todos-lados\/#breadcrumb\",\"itemListElement\":[{\"@type\":\"ListItem\",\"position\":1,\"name\":\"Portada\",\"item\":\"https:\/\/www.noticiasradioreflejos.com.ar\/2021\/\"},{\"@type\":\"ListItem\",\"position\":2,\"name\":\"\u201cSalamone se multiplic\u00f3 en ese art d\u00e9co barrial an\u00f3nimo que est\u00e1 desparramado en todos lados\u201d\"}]},{\"@type\":\"WebSite\",\"@id\":\"https:\/\/www.noticiasradioreflejos.com.ar\/2021\/#website\",\"url\":\"https:\/\/www.noticiasradioreflejos.com.ar\/2021\/\",\"name\":\"Noticias Radio Reflejos\",\"description\":\"Las noticias de mi comarca\",\"potentialAction\":[{\"@type\":\"SearchAction\",\"target\":{\"@type\":\"EntryPoint\",\"urlTemplate\":\"https:\/\/www.noticiasradioreflejos.com.ar\/2021\/?s={search_term_string}\"},\"query-input\":{\"@type\":\"PropertyValueSpecification\",\"valueRequired\":true,\"valueName\":\"search_term_string\"}}],\"inLanguage\":\"es\"},{\"@type\":\"Person\",\"@id\":\"https:\/\/www.noticiasradioreflejos.com.ar\/2021\/#\/schema\/person\/ad82545263dcc5ec0996818884fd5fb1\",\"name\":\"Arnaldo Botto\",\"image\":{\"@type\":\"ImageObject\",\"inLanguage\":\"es\",\"@id\":\"https:\/\/www.noticiasradioreflejos.com.ar\/2021\/#\/schema\/person\/image\/\",\"url\":\"https:\/\/secure.gravatar.com\/avatar\/55cb5e37c1efa326397366e6974cb338056df65cb50e7d64d1cf314e87504837?s=96&d=mm&r=g\",\"contentUrl\":\"https:\/\/secure.gravatar.com\/avatar\/55cb5e37c1efa326397366e6974cb338056df65cb50e7d64d1cf314e87504837?s=96&d=mm&r=g\",\"caption\":\"Arnaldo Botto\"},\"url\":\"https:\/\/www.noticiasradioreflejos.com.ar\/2021\/author\/arnaldo\/\"}]}<\/script>\n<!-- \/ Yoast SEO plugin. -->","yoast_head_json":{"title":"\u201cSalamone se multiplic\u00f3 en ese art d\u00e9co barrial an\u00f3nimo que est\u00e1 desparramado en todos lados\u201d - Noticias Radio Reflejos","robots":{"index":"index","follow":"follow","max-snippet":"max-snippet:-1","max-image-preview":"max-image-preview:large","max-video-preview":"max-video-preview:-1"},"canonical":"https:\/\/www.noticiasradioreflejos.com.ar\/2021\/salamone-se-multiplico-en-ese-art-deco-barrial-anonimo-que-esta-desparramado-en-todos-lados\/","og_locale":"es_ES","og_type":"article","og_title":"\u201cSalamone se multiplic\u00f3 en ese art d\u00e9co barrial an\u00f3nimo que est\u00e1 desparramado en todos lados\u201d - Noticias Radio Reflejos","og_description":"El ingeniero Alfredo Fushimi se refiri\u00f3 a la obra de Francisco Salamone, haciendo un importante llamado de atenci\u00f3n por lo que ocurre con el matadero de Alberdi: \u201cHay tanto cacareo por las otras obras y por esta nadie dice nada\u201d.","og_url":"https:\/\/www.noticiasradioreflejos.com.ar\/2021\/salamone-se-multiplico-en-ese-art-deco-barrial-anonimo-que-esta-desparramado-en-todos-lados\/","og_site_name":"Noticias Radio Reflejos","article_published_time":"2022-06-03T18:18:17+00:00","article_modified_time":"2022-06-03T18:37:15+00:00","og_image":[{"width":1024,"height":758,"url":"https:\/\/www.noticiasradioreflejos.com.ar\/2021\/wp-content\/uploads\/2022\/06\/Salamone.jpg","type":"image\/jpeg"}],"author":"Arnaldo Botto","twitter_card":"summary_large_image","schema":{"@context":"https:\/\/schema.org","@graph":[{"@type":"WebPage","@id":"https:\/\/www.noticiasradioreflejos.com.ar\/2021\/salamone-se-multiplico-en-ese-art-deco-barrial-anonimo-que-esta-desparramado-en-todos-lados\/","url":"https:\/\/www.noticiasradioreflejos.com.ar\/2021\/salamone-se-multiplico-en-ese-art-deco-barrial-anonimo-que-esta-desparramado-en-todos-lados\/","name":"\u201cSalamone se multiplic\u00f3 en ese art d\u00e9co barrial an\u00f3nimo que est\u00e1 desparramado en todos lados\u201d - Noticias Radio Reflejos","isPartOf":{"@id":"https:\/\/www.noticiasradioreflejos.com.ar\/2021\/#website"},"primaryImageOfPage":{"@id":"https:\/\/www.noticiasradioreflejos.com.ar\/2021\/salamone-se-multiplico-en-ese-art-deco-barrial-anonimo-que-esta-desparramado-en-todos-lados\/#primaryimage"},"image":{"@id":"https:\/\/www.noticiasradioreflejos.com.ar\/2021\/salamone-se-multiplico-en-ese-art-deco-barrial-anonimo-que-esta-desparramado-en-todos-lados\/#primaryimage"},"thumbnailUrl":"https:\/\/www.noticiasradioreflejos.com.ar\/2021\/wp-content\/uploads\/2022\/06\/Salamone.jpg","datePublished":"2022-06-03T18:18:17+00:00","dateModified":"2022-06-03T18:37:15+00:00","author":{"@id":"https:\/\/www.noticiasradioreflejos.com.ar\/2021\/#\/schema\/person\/ad82545263dcc5ec0996818884fd5fb1"},"breadcrumb":{"@id":"https:\/\/www.noticiasradioreflejos.com.ar\/2021\/salamone-se-multiplico-en-ese-art-deco-barrial-anonimo-que-esta-desparramado-en-todos-lados\/#breadcrumb"},"inLanguage":"es","potentialAction":[{"@type":"ReadAction","target":["https:\/\/www.noticiasradioreflejos.com.ar\/2021\/salamone-se-multiplico-en-ese-art-deco-barrial-anonimo-que-esta-desparramado-en-todos-lados\/"]}]},{"@type":"ImageObject","inLanguage":"es","@id":"https:\/\/www.noticiasradioreflejos.com.ar\/2021\/salamone-se-multiplico-en-ese-art-deco-barrial-anonimo-que-esta-desparramado-en-todos-lados\/#primaryimage","url":"https:\/\/www.noticiasradioreflejos.com.ar\/2021\/wp-content\/uploads\/2022\/06\/Salamone.jpg","contentUrl":"https:\/\/www.noticiasradioreflejos.com.ar\/2021\/wp-content\/uploads\/2022\/06\/Salamone.jpg","width":1024,"height":758},{"@type":"BreadcrumbList","@id":"https:\/\/www.noticiasradioreflejos.com.ar\/2021\/salamone-se-multiplico-en-ese-art-deco-barrial-anonimo-que-esta-desparramado-en-todos-lados\/#breadcrumb","itemListElement":[{"@type":"ListItem","position":1,"name":"Portada","item":"https:\/\/www.noticiasradioreflejos.com.ar\/2021\/"},{"@type":"ListItem","position":2,"name":"\u201cSalamone se multiplic\u00f3 en ese art d\u00e9co barrial an\u00f3nimo que est\u00e1 desparramado en todos lados\u201d"}]},{"@type":"WebSite","@id":"https:\/\/www.noticiasradioreflejos.com.ar\/2021\/#website","url":"https:\/\/www.noticiasradioreflejos.com.ar\/2021\/","name":"Noticias Radio Reflejos","description":"Las noticias de mi comarca","potentialAction":[{"@type":"SearchAction","target":{"@type":"EntryPoint","urlTemplate":"https:\/\/www.noticiasradioreflejos.com.ar\/2021\/?s={search_term_string}"},"query-input":{"@type":"PropertyValueSpecification","valueRequired":true,"valueName":"search_term_string"}}],"inLanguage":"es"},{"@type":"Person","@id":"https:\/\/www.noticiasradioreflejos.com.ar\/2021\/#\/schema\/person\/ad82545263dcc5ec0996818884fd5fb1","name":"Arnaldo Botto","image":{"@type":"ImageObject","inLanguage":"es","@id":"https:\/\/www.noticiasradioreflejos.com.ar\/2021\/#\/schema\/person\/image\/","url":"https:\/\/secure.gravatar.com\/avatar\/55cb5e37c1efa326397366e6974cb338056df65cb50e7d64d1cf314e87504837?s=96&d=mm&r=g","contentUrl":"https:\/\/secure.gravatar.com\/avatar\/55cb5e37c1efa326397366e6974cb338056df65cb50e7d64d1cf314e87504837?s=96&d=mm&r=g","caption":"Arnaldo Botto"},"url":"https:\/\/www.noticiasradioreflejos.com.ar\/2021\/author\/arnaldo\/"}]}},"_links":{"self":[{"href":"https:\/\/www.noticiasradioreflejos.com.ar\/2021\/wp-json\/wp\/v2\/posts\/73188","targetHints":{"allow":["GET"]}}],"collection":[{"href":"https:\/\/www.noticiasradioreflejos.com.ar\/2021\/wp-json\/wp\/v2\/posts"}],"about":[{"href":"https:\/\/www.noticiasradioreflejos.com.ar\/2021\/wp-json\/wp\/v2\/types\/post"}],"author":[{"embeddable":true,"href":"https:\/\/www.noticiasradioreflejos.com.ar\/2021\/wp-json\/wp\/v2\/users\/3"}],"replies":[{"embeddable":true,"href":"https:\/\/www.noticiasradioreflejos.com.ar\/2021\/wp-json\/wp\/v2\/comments?post=73188"}],"version-history":[{"count":4,"href":"https:\/\/www.noticiasradioreflejos.com.ar\/2021\/wp-json\/wp\/v2\/posts\/73188\/revisions"}],"predecessor-version":[{"id":73212,"href":"https:\/\/www.noticiasradioreflejos.com.ar\/2021\/wp-json\/wp\/v2\/posts\/73188\/revisions\/73212"}],"wp:featuredmedia":[{"embeddable":true,"href":"https:\/\/www.noticiasradioreflejos.com.ar\/2021\/wp-json\/wp\/v2\/media\/73207"}],"wp:attachment":[{"href":"https:\/\/www.noticiasradioreflejos.com.ar\/2021\/wp-json\/wp\/v2\/media?parent=73188"}],"wp:term":[{"taxonomy":"category","embeddable":true,"href":"https:\/\/www.noticiasradioreflejos.com.ar\/2021\/wp-json\/wp\/v2\/categories?post=73188"},{"taxonomy":"post_tag","embeddable":true,"href":"https:\/\/www.noticiasradioreflejos.com.ar\/2021\/wp-json\/wp\/v2\/tags?post=73188"}],"curies":[{"name":"wp","href":"https:\/\/api.w.org\/{rel}","templated":true}]}}