{"id":73175,"date":"2022-06-03T17:15:52","date_gmt":"2022-06-03T17:15:52","guid":{"rendered":"http:\/\/www.noticiasradioreflejos.com.ar\/2021\/?p=73175"},"modified":"2022-06-03T17:16:54","modified_gmt":"2022-06-03T17:16:54","slug":"la-ruta-y-el-nuevo-puente-afectaron-muchisimo-la-estetica-del-cementerio-de-saldungaray","status":"publish","type":"post","link":"https:\/\/www.noticiasradioreflejos.com.ar\/2021\/la-ruta-y-el-nuevo-puente-afectaron-muchisimo-la-estetica-del-cementerio-de-saldungaray\/","title":{"rendered":"\u201cLa ruta y el nuevo puente afectaron much\u00edsimo la est\u00e9tica del cementerio de Saldungaray\u201d"},"content":{"rendered":"<p><strong>El arquitecto Fabio Grementieri<\/strong> se refiri\u00f3 a la conservaci\u00f3n de los edificios ideados por el italiano Francisco Salamone. \u201cLa ruta y el nuevo puente afectaron much\u00edsimo la est\u00e9tica del cementerio de Saldungaray\u201d coment\u00f3.<!--more--><br \/>\n<a title=\"WhatsApp Image 2022-06-02 at 12.01.44 PM (1)\" href=\"https:\/\/www.flickr.com\/photos\/182279889@N02\/52118689897\/in\/dateposted-public\/\" data-flickr-embed=\"true\"><img loading=\"lazy\" decoding=\"async\" class=\"aligncenter\" src=\"https:\/\/live.staticflickr.com\/65535\/52118689897_2cae51fa08_c.jpg\" alt=\"WhatsApp Image 2022-06-02 at 12.01.44 PM (1)\" width=\"610\" height=\"363\" \/><\/a><\/p>\n<p>En las pr\u00f3ximas horas se llevar\u00e1 adelante un nuevo encuentro salam\u00f3nico en Balcarce, con motivo de cumplirse este domingo 125 a\u00f1os del nacimiento del ingeniero y arquitecto Francisco Salamone.<\/p>\n<p>Al respecto, el arquitecto Fabio Grementieri coment\u00f3 que la que se vivir\u00e1 ser\u00e1 \u201cuna edici\u00f3n m\u00e1s de los encuentros salam\u00f3nicos, organizado por el centro cultural de Balcarce, coorganizado por la Comisi\u00f3n Nacional de Monumentos. Hace tres a\u00f1os venimos trabajando en red con los municipios, buscando hacer obras de restauraci\u00f3n y puestas en valor siguiendo criterios de preservaci\u00f3n y que no afecten estos monumentos\u201d.<\/p>\n<p>Ampliando ese detalle, reconoci\u00f3 que \u201cla idea es que sea al menos uno por distrito. Es una iniciativa de la Comisi\u00f3n Nacional de Monumentos y el Ministerio de Obras P\u00fablicas. Se vincula y articula naci\u00f3n-provincia y los municipios\u201d.<\/p>\n<p>De igual manera admiti\u00f3 que \u201cse aprovech\u00f3 much\u00edsimo la pandemia para hacer encuentros virtuales. Tanto en 2020 y 2021 fue as\u00ed y se aprovech\u00f3 para reforzar la ligaz\u00f3n entre los distintos municipios y los especialistas, e incluso para avanzar sobre documentaci\u00f3n, planos y fotograf\u00edas. Por lo general lo que tiene un municipio no lo tiene otro, y eso ayuda al momento de restaurar obras\u201d.<\/p>\n<p>Volviendo sobre el encuentro que se dar\u00e1 en Balcarce, Grementieri confirm\u00f3 que \u201clos distintos municipios presentar\u00e1n los distintos proyectos que est\u00e1n haciendo, los problemas en com\u00fan que tienen, ya que los palacios municipales y los cementerios siguen cumpliendo esa funci\u00f3n, pero el gran tema son los mataderos que est\u00e1n abandonados\u201d.<\/p>\n<p>Puntualizando en la cuesti\u00f3n, sostuvo que \u201clos municipios deben tomar la decisi\u00f3n como hizo Balcarce. Primero preservarlo, luego sanearlo, restaurarlo y luego darle un uso. En Guamin\u00ed se va a restaurar. En Pringles lo tienen en muy buenas condiciones. En todo el pa\u00eds hay mucho patrimonio que est\u00e1 abandonado\u201d.<\/p>\n<p>Y remarcando ese aspecto de los mataderos, fue contundente: \u201cmientras no se da\u00f1e la estructura f\u00edsica y se conserve la estructura, podes poner un hotel alojamiento dentro del matadero\u201d.<\/p>\n<p>Por \u00faltimo, y consultado sobre el cementerio de Saldungaray, el arquitecto se\u00f1al\u00f3 que \u201cel nuevo puente y la ruta afectaron much\u00edsimo la est\u00e9tica del monumento, sin contar la explanada y los desag\u00fces. Son impactos de obras civiles que nunca tienen en cuenta el impacto patrimonial\u201d.<\/p>\n<p>&nbsp;<\/p>\n<p>&nbsp;<\/p>\n<p><iframe loading=\"lazy\" src=\"https:\/\/w.soundcloud.com\/player\/?url=https%3A\/\/api.soundcloud.com\/tracks\/1280453518&amp;color=%23ff5500&amp;auto_play=false&amp;hide_related=false&amp;show_comments=true&amp;show_user=true&amp;show_reposts=false&amp;show_teaser=true\" width=\"100%\" height=\"166\" frameborder=\"no\" scrolling=\"no\"><\/iframe><\/p>\n<div style=\"font-size: 10px; color: #cccccc; line-break: anywhere; word-break: normal; overflow: hidden; white-space: nowrap; text-overflow: ellipsis; font-family: Interstate,Lucida Grande,Lucida Sans Unicode,Lucida Sans,Garuda,Verdana,Tahoma,sans-serif; font-weight: 100;\"><a style=\"color: #cccccc; text-decoration: none;\" title=\"fmreflejos 103.7\" href=\"https:\/\/soundcloud.com\/fmreflejos-103-7\" target=\"_blank\" rel=\"noopener\">fmreflejos 103.7<\/a> \u00b7 <a style=\"color: #cccccc; text-decoration: none;\" title=\"Fabio Grementieri\" href=\"https:\/\/soundcloud.com\/fmreflejos-103-7\/fabio-grementieri\" target=\"_blank\" rel=\"noopener\">Fabio Grementieri<\/a><\/div>\n<p><a title=\"WhatsApp Image 2022-06-02 at 12.01.44 PM (2)\" href=\"https:\/\/www.flickr.com\/photos\/182279889@N02\/52119968019\/in\/dateposted-public\/\" data-flickr-embed=\"true\"><img loading=\"lazy\" decoding=\"async\" class=\"aligncenter\" src=\"https:\/\/live.staticflickr.com\/65535\/52119968019_cf6b344ce0_c.jpg\" alt=\"WhatsApp Image 2022-06-02 at 12.01.44 PM (2)\" width=\"548\" height=\"800\" \/><\/a><script async src=\"\/\/embedr.flickr.com\/assets\/client-code.js\" charset=\"utf-8\"><\/script><\/p>\n","protected":false},"excerpt":{"rendered":"<p>El arquitecto Fabio Grementieri se refiri\u00f3 a la conservaci\u00f3n de los edificios ideados por el italiano Francisco Salamone. \u201cLa ruta y el nuevo puente afectaron much\u00edsimo la est\u00e9tica del cementerio de Saldungaray\u201d coment\u00f3.<\/p>\n","protected":false},"author":3,"featured_media":73182,"comment_status":"closed","ping_status":"closed","sticky":false,"template":"","format":"standard","meta":{"footnotes":""},"categories":[35,26,33],"tags":[48],"class_list":["post-73175","post","type-post","status-publish","format-standard","has-post-thumbnail","hentry","category-cultura","category-sociedad","category-turismo","tag-destacada"],"yoast_head":"<!-- This site is optimized with the Yoast SEO plugin v25.9 - https:\/\/yoast.com\/wordpress\/plugins\/seo\/ -->\n<title>\u201cLa ruta y el nuevo puente afectaron much\u00edsimo la est\u00e9tica del cementerio de Saldungaray\u201d - Noticias Radio Reflejos<\/title>\n<meta name=\"robots\" content=\"index, follow, max-snippet:-1, max-image-preview:large, max-video-preview:-1\" \/>\n<link rel=\"canonical\" href=\"https:\/\/www.noticiasradioreflejos.com.ar\/2021\/la-ruta-y-el-nuevo-puente-afectaron-muchisimo-la-estetica-del-cementerio-de-saldungaray\/\" \/>\n<meta property=\"og:locale\" content=\"es_ES\" \/>\n<meta property=\"og:type\" content=\"article\" \/>\n<meta property=\"og:title\" content=\"\u201cLa ruta y el nuevo puente afectaron much\u00edsimo la est\u00e9tica del cementerio de Saldungaray\u201d - Noticias Radio Reflejos\" \/>\n<meta property=\"og:description\" content=\"El arquitecto Fabio Grementieri se refiri\u00f3 a la conservaci\u00f3n de los edificios ideados por el italiano Francisco Salamone. \u201cLa ruta y el nuevo puente afectaron much\u00edsimo la est\u00e9tica del cementerio de Saldungaray\u201d coment\u00f3.\" \/>\n<meta property=\"og:url\" content=\"https:\/\/www.noticiasradioreflejos.com.ar\/2021\/la-ruta-y-el-nuevo-puente-afectaron-muchisimo-la-estetica-del-cementerio-de-saldungaray\/\" \/>\n<meta property=\"og:site_name\" content=\"Noticias Radio Reflejos\" \/>\n<meta property=\"article:published_time\" content=\"2022-06-03T17:15:52+00:00\" \/>\n<meta property=\"article:modified_time\" content=\"2022-06-03T17:16:54+00:00\" \/>\n<meta property=\"og:image\" content=\"https:\/\/www.noticiasradioreflejos.com.ar\/2021\/wp-content\/uploads\/2022\/06\/Cementerio-de-Saldungaray.jpg\" \/>\n\t<meta property=\"og:image:width\" content=\"1200\" \/>\n\t<meta property=\"og:image:height\" content=\"900\" \/>\n\t<meta property=\"og:image:type\" content=\"image\/jpeg\" \/>\n<meta name=\"author\" content=\"Arnaldo Botto\" \/>\n<meta name=\"twitter:card\" content=\"summary_large_image\" \/>\n<script type=\"application\/ld+json\" class=\"yoast-schema-graph\">{\"@context\":\"https:\/\/schema.org\",\"@graph\":[{\"@type\":\"WebPage\",\"@id\":\"https:\/\/www.noticiasradioreflejos.com.ar\/2021\/la-ruta-y-el-nuevo-puente-afectaron-muchisimo-la-estetica-del-cementerio-de-saldungaray\/\",\"url\":\"https:\/\/www.noticiasradioreflejos.com.ar\/2021\/la-ruta-y-el-nuevo-puente-afectaron-muchisimo-la-estetica-del-cementerio-de-saldungaray\/\",\"name\":\"\u201cLa ruta y el nuevo puente afectaron much\u00edsimo la est\u00e9tica del cementerio de Saldungaray\u201d - Noticias Radio Reflejos\",\"isPartOf\":{\"@id\":\"https:\/\/www.noticiasradioreflejos.com.ar\/2021\/#website\"},\"primaryImageOfPage\":{\"@id\":\"https:\/\/www.noticiasradioreflejos.com.ar\/2021\/la-ruta-y-el-nuevo-puente-afectaron-muchisimo-la-estetica-del-cementerio-de-saldungaray\/#primaryimage\"},\"image\":{\"@id\":\"https:\/\/www.noticiasradioreflejos.com.ar\/2021\/la-ruta-y-el-nuevo-puente-afectaron-muchisimo-la-estetica-del-cementerio-de-saldungaray\/#primaryimage\"},\"thumbnailUrl\":\"https:\/\/www.noticiasradioreflejos.com.ar\/2021\/wp-content\/uploads\/2022\/06\/Cementerio-de-Saldungaray.jpg\",\"datePublished\":\"2022-06-03T17:15:52+00:00\",\"dateModified\":\"2022-06-03T17:16:54+00:00\",\"author\":{\"@id\":\"https:\/\/www.noticiasradioreflejos.com.ar\/2021\/#\/schema\/person\/ad82545263dcc5ec0996818884fd5fb1\"},\"breadcrumb\":{\"@id\":\"https:\/\/www.noticiasradioreflejos.com.ar\/2021\/la-ruta-y-el-nuevo-puente-afectaron-muchisimo-la-estetica-del-cementerio-de-saldungaray\/#breadcrumb\"},\"inLanguage\":\"es\",\"potentialAction\":[{\"@type\":\"ReadAction\",\"target\":[\"https:\/\/www.noticiasradioreflejos.com.ar\/2021\/la-ruta-y-el-nuevo-puente-afectaron-muchisimo-la-estetica-del-cementerio-de-saldungaray\/\"]}]},{\"@type\":\"ImageObject\",\"inLanguage\":\"es\",\"@id\":\"https:\/\/www.noticiasradioreflejos.com.ar\/2021\/la-ruta-y-el-nuevo-puente-afectaron-muchisimo-la-estetica-del-cementerio-de-saldungaray\/#primaryimage\",\"url\":\"https:\/\/www.noticiasradioreflejos.com.ar\/2021\/wp-content\/uploads\/2022\/06\/Cementerio-de-Saldungaray.jpg\",\"contentUrl\":\"https:\/\/www.noticiasradioreflejos.com.ar\/2021\/wp-content\/uploads\/2022\/06\/Cementerio-de-Saldungaray.jpg\",\"width\":1200,\"height\":900,\"caption\":\"DCIM\/101MEDIA\/DJI_0132.JPG\"},{\"@type\":\"BreadcrumbList\",\"@id\":\"https:\/\/www.noticiasradioreflejos.com.ar\/2021\/la-ruta-y-el-nuevo-puente-afectaron-muchisimo-la-estetica-del-cementerio-de-saldungaray\/#breadcrumb\",\"itemListElement\":[{\"@type\":\"ListItem\",\"position\":1,\"name\":\"Portada\",\"item\":\"https:\/\/www.noticiasradioreflejos.com.ar\/2021\/\"},{\"@type\":\"ListItem\",\"position\":2,\"name\":\"\u201cLa ruta y el nuevo puente afectaron much\u00edsimo la est\u00e9tica del cementerio de Saldungaray\u201d\"}]},{\"@type\":\"WebSite\",\"@id\":\"https:\/\/www.noticiasradioreflejos.com.ar\/2021\/#website\",\"url\":\"https:\/\/www.noticiasradioreflejos.com.ar\/2021\/\",\"name\":\"Noticias Radio Reflejos\",\"description\":\"Las noticias de mi comarca\",\"potentialAction\":[{\"@type\":\"SearchAction\",\"target\":{\"@type\":\"EntryPoint\",\"urlTemplate\":\"https:\/\/www.noticiasradioreflejos.com.ar\/2021\/?s={search_term_string}\"},\"query-input\":{\"@type\":\"PropertyValueSpecification\",\"valueRequired\":true,\"valueName\":\"search_term_string\"}}],\"inLanguage\":\"es\"},{\"@type\":\"Person\",\"@id\":\"https:\/\/www.noticiasradioreflejos.com.ar\/2021\/#\/schema\/person\/ad82545263dcc5ec0996818884fd5fb1\",\"name\":\"Arnaldo Botto\",\"image\":{\"@type\":\"ImageObject\",\"inLanguage\":\"es\",\"@id\":\"https:\/\/www.noticiasradioreflejos.com.ar\/2021\/#\/schema\/person\/image\/\",\"url\":\"https:\/\/secure.gravatar.com\/avatar\/55cb5e37c1efa326397366e6974cb338056df65cb50e7d64d1cf314e87504837?s=96&d=mm&r=g\",\"contentUrl\":\"https:\/\/secure.gravatar.com\/avatar\/55cb5e37c1efa326397366e6974cb338056df65cb50e7d64d1cf314e87504837?s=96&d=mm&r=g\",\"caption\":\"Arnaldo Botto\"},\"url\":\"https:\/\/www.noticiasradioreflejos.com.ar\/2021\/author\/arnaldo\/\"}]}<\/script>\n<!-- \/ Yoast SEO plugin. -->","yoast_head_json":{"title":"\u201cLa ruta y el nuevo puente afectaron much\u00edsimo la est\u00e9tica del cementerio de Saldungaray\u201d - Noticias Radio Reflejos","robots":{"index":"index","follow":"follow","max-snippet":"max-snippet:-1","max-image-preview":"max-image-preview:large","max-video-preview":"max-video-preview:-1"},"canonical":"https:\/\/www.noticiasradioreflejos.com.ar\/2021\/la-ruta-y-el-nuevo-puente-afectaron-muchisimo-la-estetica-del-cementerio-de-saldungaray\/","og_locale":"es_ES","og_type":"article","og_title":"\u201cLa ruta y el nuevo puente afectaron much\u00edsimo la est\u00e9tica del cementerio de Saldungaray\u201d - Noticias Radio Reflejos","og_description":"El arquitecto Fabio Grementieri se refiri\u00f3 a la conservaci\u00f3n de los edificios ideados por el italiano Francisco Salamone. \u201cLa ruta y el nuevo puente afectaron much\u00edsimo la est\u00e9tica del cementerio de Saldungaray\u201d coment\u00f3.","og_url":"https:\/\/www.noticiasradioreflejos.com.ar\/2021\/la-ruta-y-el-nuevo-puente-afectaron-muchisimo-la-estetica-del-cementerio-de-saldungaray\/","og_site_name":"Noticias Radio Reflejos","article_published_time":"2022-06-03T17:15:52+00:00","article_modified_time":"2022-06-03T17:16:54+00:00","og_image":[{"width":1200,"height":900,"url":"https:\/\/www.noticiasradioreflejos.com.ar\/2021\/wp-content\/uploads\/2022\/06\/Cementerio-de-Saldungaray.jpg","type":"image\/jpeg"}],"author":"Arnaldo Botto","twitter_card":"summary_large_image","schema":{"@context":"https:\/\/schema.org","@graph":[{"@type":"WebPage","@id":"https:\/\/www.noticiasradioreflejos.com.ar\/2021\/la-ruta-y-el-nuevo-puente-afectaron-muchisimo-la-estetica-del-cementerio-de-saldungaray\/","url":"https:\/\/www.noticiasradioreflejos.com.ar\/2021\/la-ruta-y-el-nuevo-puente-afectaron-muchisimo-la-estetica-del-cementerio-de-saldungaray\/","name":"\u201cLa ruta y el nuevo puente afectaron much\u00edsimo la est\u00e9tica del cementerio de Saldungaray\u201d - Noticias Radio Reflejos","isPartOf":{"@id":"https:\/\/www.noticiasradioreflejos.com.ar\/2021\/#website"},"primaryImageOfPage":{"@id":"https:\/\/www.noticiasradioreflejos.com.ar\/2021\/la-ruta-y-el-nuevo-puente-afectaron-muchisimo-la-estetica-del-cementerio-de-saldungaray\/#primaryimage"},"image":{"@id":"https:\/\/www.noticiasradioreflejos.com.ar\/2021\/la-ruta-y-el-nuevo-puente-afectaron-muchisimo-la-estetica-del-cementerio-de-saldungaray\/#primaryimage"},"thumbnailUrl":"https:\/\/www.noticiasradioreflejos.com.ar\/2021\/wp-content\/uploads\/2022\/06\/Cementerio-de-Saldungaray.jpg","datePublished":"2022-06-03T17:15:52+00:00","dateModified":"2022-06-03T17:16:54+00:00","author":{"@id":"https:\/\/www.noticiasradioreflejos.com.ar\/2021\/#\/schema\/person\/ad82545263dcc5ec0996818884fd5fb1"},"breadcrumb":{"@id":"https:\/\/www.noticiasradioreflejos.com.ar\/2021\/la-ruta-y-el-nuevo-puente-afectaron-muchisimo-la-estetica-del-cementerio-de-saldungaray\/#breadcrumb"},"inLanguage":"es","potentialAction":[{"@type":"ReadAction","target":["https:\/\/www.noticiasradioreflejos.com.ar\/2021\/la-ruta-y-el-nuevo-puente-afectaron-muchisimo-la-estetica-del-cementerio-de-saldungaray\/"]}]},{"@type":"ImageObject","inLanguage":"es","@id":"https:\/\/www.noticiasradioreflejos.com.ar\/2021\/la-ruta-y-el-nuevo-puente-afectaron-muchisimo-la-estetica-del-cementerio-de-saldungaray\/#primaryimage","url":"https:\/\/www.noticiasradioreflejos.com.ar\/2021\/wp-content\/uploads\/2022\/06\/Cementerio-de-Saldungaray.jpg","contentUrl":"https:\/\/www.noticiasradioreflejos.com.ar\/2021\/wp-content\/uploads\/2022\/06\/Cementerio-de-Saldungaray.jpg","width":1200,"height":900,"caption":"DCIM\/101MEDIA\/DJI_0132.JPG"},{"@type":"BreadcrumbList","@id":"https:\/\/www.noticiasradioreflejos.com.ar\/2021\/la-ruta-y-el-nuevo-puente-afectaron-muchisimo-la-estetica-del-cementerio-de-saldungaray\/#breadcrumb","itemListElement":[{"@type":"ListItem","position":1,"name":"Portada","item":"https:\/\/www.noticiasradioreflejos.com.ar\/2021\/"},{"@type":"ListItem","position":2,"name":"\u201cLa ruta y el nuevo puente afectaron much\u00edsimo la est\u00e9tica del cementerio de Saldungaray\u201d"}]},{"@type":"WebSite","@id":"https:\/\/www.noticiasradioreflejos.com.ar\/2021\/#website","url":"https:\/\/www.noticiasradioreflejos.com.ar\/2021\/","name":"Noticias Radio Reflejos","description":"Las noticias de mi comarca","potentialAction":[{"@type":"SearchAction","target":{"@type":"EntryPoint","urlTemplate":"https:\/\/www.noticiasradioreflejos.com.ar\/2021\/?s={search_term_string}"},"query-input":{"@type":"PropertyValueSpecification","valueRequired":true,"valueName":"search_term_string"}}],"inLanguage":"es"},{"@type":"Person","@id":"https:\/\/www.noticiasradioreflejos.com.ar\/2021\/#\/schema\/person\/ad82545263dcc5ec0996818884fd5fb1","name":"Arnaldo Botto","image":{"@type":"ImageObject","inLanguage":"es","@id":"https:\/\/www.noticiasradioreflejos.com.ar\/2021\/#\/schema\/person\/image\/","url":"https:\/\/secure.gravatar.com\/avatar\/55cb5e37c1efa326397366e6974cb338056df65cb50e7d64d1cf314e87504837?s=96&d=mm&r=g","contentUrl":"https:\/\/secure.gravatar.com\/avatar\/55cb5e37c1efa326397366e6974cb338056df65cb50e7d64d1cf314e87504837?s=96&d=mm&r=g","caption":"Arnaldo Botto"},"url":"https:\/\/www.noticiasradioreflejos.com.ar\/2021\/author\/arnaldo\/"}]}},"_links":{"self":[{"href":"https:\/\/www.noticiasradioreflejos.com.ar\/2021\/wp-json\/wp\/v2\/posts\/73175","targetHints":{"allow":["GET"]}}],"collection":[{"href":"https:\/\/www.noticiasradioreflejos.com.ar\/2021\/wp-json\/wp\/v2\/posts"}],"about":[{"href":"https:\/\/www.noticiasradioreflejos.com.ar\/2021\/wp-json\/wp\/v2\/types\/post"}],"author":[{"embeddable":true,"href":"https:\/\/www.noticiasradioreflejos.com.ar\/2021\/wp-json\/wp\/v2\/users\/3"}],"replies":[{"embeddable":true,"href":"https:\/\/www.noticiasradioreflejos.com.ar\/2021\/wp-json\/wp\/v2\/comments?post=73175"}],"version-history":[{"count":4,"href":"https:\/\/www.noticiasradioreflejos.com.ar\/2021\/wp-json\/wp\/v2\/posts\/73175\/revisions"}],"predecessor-version":[{"id":73184,"href":"https:\/\/www.noticiasradioreflejos.com.ar\/2021\/wp-json\/wp\/v2\/posts\/73175\/revisions\/73184"}],"wp:featuredmedia":[{"embeddable":true,"href":"https:\/\/www.noticiasradioreflejos.com.ar\/2021\/wp-json\/wp\/v2\/media\/73182"}],"wp:attachment":[{"href":"https:\/\/www.noticiasradioreflejos.com.ar\/2021\/wp-json\/wp\/v2\/media?parent=73175"}],"wp:term":[{"taxonomy":"category","embeddable":true,"href":"https:\/\/www.noticiasradioreflejos.com.ar\/2021\/wp-json\/wp\/v2\/categories?post=73175"},{"taxonomy":"post_tag","embeddable":true,"href":"https:\/\/www.noticiasradioreflejos.com.ar\/2021\/wp-json\/wp\/v2\/tags?post=73175"}],"curies":[{"name":"wp","href":"https:\/\/api.w.org\/{rel}","templated":true}]}}