{"id":73173,"date":"2022-06-03T17:28:22","date_gmt":"2022-06-03T17:28:22","guid":{"rendered":"http:\/\/www.noticiasradioreflejos.com.ar\/2021\/?p=73173"},"modified":"2022-06-03T17:28:22","modified_gmt":"2022-06-03T17:28:22","slug":"vialidad-nacional-se-sumo-al-grito-de-ni-unx-menos","status":"publish","type":"post","link":"https:\/\/www.noticiasradioreflejos.com.ar\/2021\/vialidad-nacional-se-sumo-al-grito-de-ni-unx-menos\/","title":{"rendered":"Vialidad Nacional se sum\u00f3 al grito de Ni Unx Menos"},"content":{"rendered":"<p>En una iniciativa de car\u00e1cter federal, se instalaron 113 conos de seguridad vial en 17 distritos del organismo para visibilizar los cr\u00edmenes de odio por motivos de g\u00e9nero que se registraron en Argentina entre enero y mayo de 2022.<!--more--><\/p>\n<p>Ciudad Aut\u00f3noma de Buenos Aires, 3 de junio de 2022. En el marco del 7\u00b0 aniversario de las<br \/>\nmasivas movilizaciones del colectivo Ni Unx Menos, Vialidad Nacional realiz\u00f3 una actividad de<br \/>\ncar\u00e1cter federal para reflexionar y concientizar sobre los cr\u00edmenes de odio por motivos de<br \/>\ng\u00e9nero ocurridos en la Argentina. La acci\u00f3n se replic\u00f3 en 17 distritos del organismo y consisti\u00f3<br \/>\nen la instalaci\u00f3n de 113 conos de seguridad vial a fin de visibilizar el n\u00famero de femicidios,<br \/>\ntransfemicidios, travesticidios y transhomicidios perpetrados en el pa\u00eds entre enero y mayo de<br \/>\n2022, seg\u00fan lo informado por el Observatorio de Femicidios en Argentina \u201cAdriana Marisel<br \/>\nZambrano\u201d.<\/p>\n<p>Durante la actividad organizada por la Unidad de Gesti\u00f3n en Pol\u00edticas de G\u00e9nero y Diversidad de<br \/>\nVialidad Nacional, el administrador general, Gustavo Arrieta, manifest\u00f3 que \u201cdebemos seguir<br \/>\ntrabajando y profundizando pol\u00edticas p\u00fablicas sobre este tema para que sean de cumplimiento<br \/>\nefectivo y obligatorio. En pleno siglo XXI, la violencia de g\u00e9nero sigue matando mujeres. Por eso<br \/>\ndebemos tomar cada vez m\u00e1s conciencia y responsabilidad acerca de este enorme flagelo, de<br \/>\nesta injusticia que atraviesa a toda la humanidad, para mejorar la vida de todas y todos\u201d.<\/p>\n<p>La acci\u00f3n se llev\u00f3 adelante en las instalaciones de Casa Central, ubicada en la ciudad de Buenos<br \/>\nAires, y de las sedes distritales de Vialidad Nacional en Bah\u00eda Blanca, Catamarca, Chaco, C\u00f3rdoba,<br \/>\nCorrientes, Entre R\u00edos, Jujuy, La Pampa, La Rioja, Misiones, Neuqu\u00e9n, Salta, San Juan, San Luis,<br \/>\nSanta Cruz, Santiago del Estero y Tucum\u00e1n. En este marco, Paola Fedrizzi, gerenta ejecutiva de<br \/>\nla Unidad de G\u00e9nero, expres\u00f3 que \u201cnos pareci\u00f3 importante, a trav\u00e9s de esta muestra, dar cuenta<br \/>\nde la magnitud que encierra esta problem\u00e1tica: son cientos y cientos de personas que hoy,<br \/>\nlamentablemente, ya no est\u00e1n ac\u00e1\u201d.<\/p>\n<p>Adem\u00e1s, Fedrizzi indic\u00f3 que la acci\u00f3n \u201cforma parte del trabajo que llevamos adelante desde<br \/>\nVialidad Nacional, con pol\u00edticas p\u00fablicas muy fuertes que intentan erradicar esta realidad tan<br \/>\ndolorosa\u201d. \u201cLe pedimos a la Justicia que empiece a tomar estos casos desde una perspectiva de<br \/>\ng\u00e9nero. Permanentemente, somos testigos de casos de mujeres y personas trans asesinadas que<br \/>\ntrataron de salir de esa situaci\u00f3n de violencia de g\u00e9nero y no pudieron porque la Justicia no dio<br \/>\n\u2013ni est\u00e1 dando\u2013 las respuestas necesarias\u201d, enfatiz\u00f3.<\/p>\n<p>En la misma l\u00ednea, Mar\u00eda Alicia Rivero, jefa del 1\u00b0 Distrito Buenos Aires de Vialidad Nacional,<br \/>\ndeclar\u00f3: \u201cComo en aquel hist\u00f3rico 3 de junio de 2015, estamos alzando la voz en nombre de<br \/>\ntodas las v\u00edctimas de violencia por motivos de g\u00e9nero y renovando nuevamente nuestro<br \/>\ncompromiso de seguir trabajando en contra de las distintas expresiones y modalidades de<br \/>\nviolencia\u201d.<\/p>\n<p>Uno de los principales desaf\u00edos de la Unidad de G\u00e9nero es instruir a m\u00e1s de 5 mil agentes de<br \/>\nVialidad Nacional en la Ley Micaela, que establece la capacitaci\u00f3n obligatoria en la tem\u00e1tica de<br \/>\ng\u00e9nero y violencia para quienes se desempe\u00f1en en la funci\u00f3n p\u00fablica en todos sus niveles y<br \/>\njerarqu\u00edas en los poderes Ejecutivo, Legislativo y Judicial de la Naci\u00f3n. Adem\u00e1s, durante 2021 se<br \/>\npresent\u00f3 el \u201cProtocolo de actuaci\u00f3n para la atenci\u00f3n de la violencia de g\u00e9nero y licencia por<br \/>\nviolencia de g\u00e9nero\u201d, la \u00abGu\u00eda pr\u00e1ctica para un uso no sexista de la lengua\u201d y el \u201cManual para<br \/>\nuna comunicaci\u00f3n inclusiva en Vialidad Nacional\u201d.<\/p>\n<p>Por otro lado, se est\u00e1 implementando el cupo laboral establecido en el Decreto 721\/2020 del<br \/>\nPoder Ejecutivo Nacional y en la Ley 27.636 de Promoci\u00f3n del Acceso al Empleo Formal para<br \/>\nPersonas Travestis, Transexuales y Transg\u00e9nero, obteniendo como resultado el ingreso en todo<br \/>\nel pa\u00eds de 19 agentes pertenecientes al colectivo travesti trans.<\/p>\n<p>Cada 3 de junio se conmemora la primera marcha multitudinaria realizada bajo la consigna<br \/>\n#NiUnxMenos. Esta convocatoria masiva fue motivada por el femicidio de Chiara P\u00e1ez, una<br \/>\nadolescente de 14 a\u00f1os embarazada que fue asesinada por su pareja, en el a\u00f1o 2015. Desde<br \/>\naquel momento, este movimiento se convirti\u00f3 en uno de los m\u00e1s influyentes en todo el mundo.<\/p>\n","protected":false},"excerpt":{"rendered":"<p>En una iniciativa de car\u00e1cter federal, se instalaron 113 conos de seguridad vial en 17 distritos del organismo para visibilizar los cr\u00edmenes de odio por motivos de g\u00e9nero que se registraron en Argentina entre enero y mayo de 2022.<\/p>\n","protected":false},"author":3,"featured_media":0,"comment_status":"closed","ping_status":"closed","sticky":false,"template":"","format":"standard","meta":{"footnotes":""},"categories":[1],"tags":[],"class_list":["post-73173","post","type-post","status-publish","format-standard","hentry","category-sin-categoria"],"yoast_head":"<!-- This site is optimized with the Yoast SEO plugin v25.9 - https:\/\/yoast.com\/wordpress\/plugins\/seo\/ -->\n<title>Vialidad Nacional se sum\u00f3 al grito de Ni Unx Menos - Noticias Radio Reflejos<\/title>\n<meta name=\"robots\" content=\"index, follow, max-snippet:-1, max-image-preview:large, max-video-preview:-1\" \/>\n<link rel=\"canonical\" href=\"https:\/\/www.noticiasradioreflejos.com.ar\/2021\/vialidad-nacional-se-sumo-al-grito-de-ni-unx-menos\/\" \/>\n<meta property=\"og:locale\" content=\"es_ES\" \/>\n<meta property=\"og:type\" content=\"article\" \/>\n<meta property=\"og:title\" content=\"Vialidad Nacional se sum\u00f3 al grito de Ni Unx Menos - Noticias Radio Reflejos\" \/>\n<meta property=\"og:description\" content=\"En una iniciativa de car\u00e1cter federal, se instalaron 113 conos de seguridad vial en 17 distritos del organismo para visibilizar los cr\u00edmenes de odio por motivos de g\u00e9nero que se registraron en Argentina entre enero y mayo de 2022.\" \/>\n<meta property=\"og:url\" content=\"https:\/\/www.noticiasradioreflejos.com.ar\/2021\/vialidad-nacional-se-sumo-al-grito-de-ni-unx-menos\/\" \/>\n<meta property=\"og:site_name\" content=\"Noticias Radio Reflejos\" \/>\n<meta property=\"article:published_time\" content=\"2022-06-03T17:28:22+00:00\" \/>\n<meta property=\"og:image\" content=\"https:\/\/www.noticiasradioreflejos.com.ar\/2021\/wp-content\/uploads\/2021\/07\/logosol300x200.png\" \/>\n\t<meta property=\"og:image:width\" content=\"300\" \/>\n\t<meta property=\"og:image:height\" content=\"200\" \/>\n\t<meta property=\"og:image:type\" content=\"image\/png\" \/>\n<meta name=\"author\" content=\"Arnaldo Botto\" \/>\n<meta name=\"twitter:card\" content=\"summary_large_image\" \/>\n<script type=\"application\/ld+json\" class=\"yoast-schema-graph\">{\"@context\":\"https:\/\/schema.org\",\"@graph\":[{\"@type\":\"WebPage\",\"@id\":\"https:\/\/www.noticiasradioreflejos.com.ar\/2021\/vialidad-nacional-se-sumo-al-grito-de-ni-unx-menos\/\",\"url\":\"https:\/\/www.noticiasradioreflejos.com.ar\/2021\/vialidad-nacional-se-sumo-al-grito-de-ni-unx-menos\/\",\"name\":\"Vialidad Nacional se sum\u00f3 al grito de Ni Unx Menos - Noticias Radio Reflejos\",\"isPartOf\":{\"@id\":\"https:\/\/www.noticiasradioreflejos.com.ar\/2021\/#website\"},\"datePublished\":\"2022-06-03T17:28:22+00:00\",\"author\":{\"@id\":\"https:\/\/www.noticiasradioreflejos.com.ar\/2021\/#\/schema\/person\/ad82545263dcc5ec0996818884fd5fb1\"},\"breadcrumb\":{\"@id\":\"https:\/\/www.noticiasradioreflejos.com.ar\/2021\/vialidad-nacional-se-sumo-al-grito-de-ni-unx-menos\/#breadcrumb\"},\"inLanguage\":\"es\",\"potentialAction\":[{\"@type\":\"ReadAction\",\"target\":[\"https:\/\/www.noticiasradioreflejos.com.ar\/2021\/vialidad-nacional-se-sumo-al-grito-de-ni-unx-menos\/\"]}]},{\"@type\":\"BreadcrumbList\",\"@id\":\"https:\/\/www.noticiasradioreflejos.com.ar\/2021\/vialidad-nacional-se-sumo-al-grito-de-ni-unx-menos\/#breadcrumb\",\"itemListElement\":[{\"@type\":\"ListItem\",\"position\":1,\"name\":\"Portada\",\"item\":\"https:\/\/www.noticiasradioreflejos.com.ar\/2021\/\"},{\"@type\":\"ListItem\",\"position\":2,\"name\":\"Vialidad Nacional se sum\u00f3 al grito de Ni Unx Menos\"}]},{\"@type\":\"WebSite\",\"@id\":\"https:\/\/www.noticiasradioreflejos.com.ar\/2021\/#website\",\"url\":\"https:\/\/www.noticiasradioreflejos.com.ar\/2021\/\",\"name\":\"Noticias Radio Reflejos\",\"description\":\"Las noticias de mi comarca\",\"potentialAction\":[{\"@type\":\"SearchAction\",\"target\":{\"@type\":\"EntryPoint\",\"urlTemplate\":\"https:\/\/www.noticiasradioreflejos.com.ar\/2021\/?s={search_term_string}\"},\"query-input\":{\"@type\":\"PropertyValueSpecification\",\"valueRequired\":true,\"valueName\":\"search_term_string\"}}],\"inLanguage\":\"es\"},{\"@type\":\"Person\",\"@id\":\"https:\/\/www.noticiasradioreflejos.com.ar\/2021\/#\/schema\/person\/ad82545263dcc5ec0996818884fd5fb1\",\"name\":\"Arnaldo Botto\",\"image\":{\"@type\":\"ImageObject\",\"inLanguage\":\"es\",\"@id\":\"https:\/\/www.noticiasradioreflejos.com.ar\/2021\/#\/schema\/person\/image\/\",\"url\":\"https:\/\/secure.gravatar.com\/avatar\/55cb5e37c1efa326397366e6974cb338056df65cb50e7d64d1cf314e87504837?s=96&d=mm&r=g\",\"contentUrl\":\"https:\/\/secure.gravatar.com\/avatar\/55cb5e37c1efa326397366e6974cb338056df65cb50e7d64d1cf314e87504837?s=96&d=mm&r=g\",\"caption\":\"Arnaldo Botto\"},\"url\":\"https:\/\/www.noticiasradioreflejos.com.ar\/2021\/author\/arnaldo\/\"}]}<\/script>\n<!-- \/ Yoast SEO plugin. -->","yoast_head_json":{"title":"Vialidad Nacional se sum\u00f3 al grito de Ni Unx Menos - Noticias Radio Reflejos","robots":{"index":"index","follow":"follow","max-snippet":"max-snippet:-1","max-image-preview":"max-image-preview:large","max-video-preview":"max-video-preview:-1"},"canonical":"https:\/\/www.noticiasradioreflejos.com.ar\/2021\/vialidad-nacional-se-sumo-al-grito-de-ni-unx-menos\/","og_locale":"es_ES","og_type":"article","og_title":"Vialidad Nacional se sum\u00f3 al grito de Ni Unx Menos - Noticias Radio Reflejos","og_description":"En una iniciativa de car\u00e1cter federal, se instalaron 113 conos de seguridad vial en 17 distritos del organismo para visibilizar los cr\u00edmenes de odio por motivos de g\u00e9nero que se registraron en Argentina entre enero y mayo de 2022.","og_url":"https:\/\/www.noticiasradioreflejos.com.ar\/2021\/vialidad-nacional-se-sumo-al-grito-de-ni-unx-menos\/","og_site_name":"Noticias Radio Reflejos","article_published_time":"2022-06-03T17:28:22+00:00","og_image":[{"width":300,"height":200,"url":"https:\/\/www.noticiasradioreflejos.com.ar\/2021\/wp-content\/uploads\/2021\/07\/logosol300x200.png","type":"image\/png"}],"author":"Arnaldo Botto","twitter_card":"summary_large_image","schema":{"@context":"https:\/\/schema.org","@graph":[{"@type":"WebPage","@id":"https:\/\/www.noticiasradioreflejos.com.ar\/2021\/vialidad-nacional-se-sumo-al-grito-de-ni-unx-menos\/","url":"https:\/\/www.noticiasradioreflejos.com.ar\/2021\/vialidad-nacional-se-sumo-al-grito-de-ni-unx-menos\/","name":"Vialidad Nacional se sum\u00f3 al grito de Ni Unx Menos - Noticias Radio Reflejos","isPartOf":{"@id":"https:\/\/www.noticiasradioreflejos.com.ar\/2021\/#website"},"datePublished":"2022-06-03T17:28:22+00:00","author":{"@id":"https:\/\/www.noticiasradioreflejos.com.ar\/2021\/#\/schema\/person\/ad82545263dcc5ec0996818884fd5fb1"},"breadcrumb":{"@id":"https:\/\/www.noticiasradioreflejos.com.ar\/2021\/vialidad-nacional-se-sumo-al-grito-de-ni-unx-menos\/#breadcrumb"},"inLanguage":"es","potentialAction":[{"@type":"ReadAction","target":["https:\/\/www.noticiasradioreflejos.com.ar\/2021\/vialidad-nacional-se-sumo-al-grito-de-ni-unx-menos\/"]}]},{"@type":"BreadcrumbList","@id":"https:\/\/www.noticiasradioreflejos.com.ar\/2021\/vialidad-nacional-se-sumo-al-grito-de-ni-unx-menos\/#breadcrumb","itemListElement":[{"@type":"ListItem","position":1,"name":"Portada","item":"https:\/\/www.noticiasradioreflejos.com.ar\/2021\/"},{"@type":"ListItem","position":2,"name":"Vialidad Nacional se sum\u00f3 al grito de Ni Unx Menos"}]},{"@type":"WebSite","@id":"https:\/\/www.noticiasradioreflejos.com.ar\/2021\/#website","url":"https:\/\/www.noticiasradioreflejos.com.ar\/2021\/","name":"Noticias Radio Reflejos","description":"Las noticias de mi comarca","potentialAction":[{"@type":"SearchAction","target":{"@type":"EntryPoint","urlTemplate":"https:\/\/www.noticiasradioreflejos.com.ar\/2021\/?s={search_term_string}"},"query-input":{"@type":"PropertyValueSpecification","valueRequired":true,"valueName":"search_term_string"}}],"inLanguage":"es"},{"@type":"Person","@id":"https:\/\/www.noticiasradioreflejos.com.ar\/2021\/#\/schema\/person\/ad82545263dcc5ec0996818884fd5fb1","name":"Arnaldo Botto","image":{"@type":"ImageObject","inLanguage":"es","@id":"https:\/\/www.noticiasradioreflejos.com.ar\/2021\/#\/schema\/person\/image\/","url":"https:\/\/secure.gravatar.com\/avatar\/55cb5e37c1efa326397366e6974cb338056df65cb50e7d64d1cf314e87504837?s=96&d=mm&r=g","contentUrl":"https:\/\/secure.gravatar.com\/avatar\/55cb5e37c1efa326397366e6974cb338056df65cb50e7d64d1cf314e87504837?s=96&d=mm&r=g","caption":"Arnaldo Botto"},"url":"https:\/\/www.noticiasradioreflejos.com.ar\/2021\/author\/arnaldo\/"}]}},"_links":{"self":[{"href":"https:\/\/www.noticiasradioreflejos.com.ar\/2021\/wp-json\/wp\/v2\/posts\/73173","targetHints":{"allow":["GET"]}}],"collection":[{"href":"https:\/\/www.noticiasradioreflejos.com.ar\/2021\/wp-json\/wp\/v2\/posts"}],"about":[{"href":"https:\/\/www.noticiasradioreflejos.com.ar\/2021\/wp-json\/wp\/v2\/types\/post"}],"author":[{"embeddable":true,"href":"https:\/\/www.noticiasradioreflejos.com.ar\/2021\/wp-json\/wp\/v2\/users\/3"}],"replies":[{"embeddable":true,"href":"https:\/\/www.noticiasradioreflejos.com.ar\/2021\/wp-json\/wp\/v2\/comments?post=73173"}],"version-history":[{"count":2,"href":"https:\/\/www.noticiasradioreflejos.com.ar\/2021\/wp-json\/wp\/v2\/posts\/73173\/revisions"}],"predecessor-version":[{"id":73189,"href":"https:\/\/www.noticiasradioreflejos.com.ar\/2021\/wp-json\/wp\/v2\/posts\/73173\/revisions\/73189"}],"wp:attachment":[{"href":"https:\/\/www.noticiasradioreflejos.com.ar\/2021\/wp-json\/wp\/v2\/media?parent=73173"}],"wp:term":[{"taxonomy":"category","embeddable":true,"href":"https:\/\/www.noticiasradioreflejos.com.ar\/2021\/wp-json\/wp\/v2\/categories?post=73173"},{"taxonomy":"post_tag","embeddable":true,"href":"https:\/\/www.noticiasradioreflejos.com.ar\/2021\/wp-json\/wp\/v2\/tags?post=73173"}],"curies":[{"name":"wp","href":"https:\/\/api.w.org\/{rel}","templated":true}]}}