{"id":73169,"date":"2022-06-03T16:52:50","date_gmt":"2022-06-03T16:52:50","guid":{"rendered":"http:\/\/www.noticiasradioreflejos.com.ar\/2021\/?p=73169"},"modified":"2022-06-03T16:52:50","modified_gmt":"2022-06-03T16:52:50","slug":"pista-del-aeroclub-de-saldungaray-mi-abuelo-nunca-vendio-eso","status":"publish","type":"post","link":"https:\/\/www.noticiasradioreflejos.com.ar\/2021\/pista-del-aeroclub-de-saldungaray-mi-abuelo-nunca-vendio-eso\/","title":{"rendered":"Pista del Aeroclub de Saldungaray: \u201cMi abuelo nunca vendi\u00f3 eso\u201d"},"content":{"rendered":"<p><strong>Jos\u00e9 Mar\u00eda Leturia<\/strong>, hijo del actual propietario del campo donde se encuentra la pista del aer\u00f3dromo, cont\u00f3 su versi\u00f3n de los hechos. \u201cEs una l\u00e1stima que el aeroclub est\u00e9 manejado por esta gente\u201d dijo.<!--more--><\/p>\n<p>Sin lugar a dudas fue uno de los temas de la semana. El aeroclub de Saldungaray, el campo donde est\u00e1 instalado y el pedido del municipio por ampliar el cementerio. En ese tri\u00e1ngulo de dimes y diretes, ahora quien tom\u00f3 la palabra fue Jos\u00e9 Mar\u00eda Leturia, hijo del actual propietario del establecimiento rural.<\/p>\n<p>Al respecto, comenz\u00f3 diciendo que<strong> \u201cnosotros no somos usurpadores. Tenemos la escritura, la propiedad, todos los impuestos pagos, todo ordenado. Somos los due\u00f1os leg\u00edtimos del predio\u201d.<\/strong><\/p>\n<p>Continuando con esa l\u00ednea, asegur\u00f3 que \u201cellos dicen que tienen un acta pero la contraparte no firm\u00f3. Mi abuelo nunca vendi\u00f3 eso. <strong>Si vos tenes una propiedad despu\u00e9s no podes firmar un contrato de comodato<\/strong>. No podes pedir autorizaci\u00f3n de la utilizaci\u00f3n de la pista. Me llama mucho la atenci\u00f3n\u201d.<\/p>\n<p>Refutando alguna de las acusaciones vertidas p\u00fablicamente, Jos\u00e9 Mar\u00eda aclar\u00f3 que \u201cno es verdad que no quisimos llegar a un acuerdo. Nosotros le ofrecimos una autorizaci\u00f3n de tres o cuatro a\u00f1os m\u00e1s hasta que consigan otro lugar.<strong> L\u00f3gicamente haciendo un contrato pero sin cobrarle nada<\/strong>. Nos contestaron que nos iban a llamar de la ANAC, y el que nos termin\u00f3 llamando fue su abogado amenaz\u00e1ndonos que nos iban a meter presos a m\u00ed y a mi padre\u201d.<\/p>\n<p>A su vez, lanz\u00f3 un dato revelador:<strong> \u201cese campo, les guste o no les guste al aeroclub, no tiene un seguro por lo que si ocurre un accidente debemos correr nosotros con todos los gastos\u201d.<\/strong><\/p>\n<p>Por \u00faltimo reconoci\u00f3 que \u201c<strong>con esta gente no se puede hacer nada. Es una l\u00e1stima que el aeroclub est\u00e9 manejado por esta gente. Esto va a terminar al rev\u00e9s, y van a terminar usurpando ellos\u201d.<\/strong><\/p>\n<p>&nbsp;<\/p>\n<p><iframe loading=\"lazy\" src=\"https:\/\/w.soundcloud.com\/player\/?url=https%3A\/\/api.soundcloud.com\/tracks\/1280117797&amp;color=%23ff5500&amp;auto_play=false&amp;hide_related=false&amp;show_comments=true&amp;show_user=true&amp;show_reposts=false&amp;show_teaser=true\" width=\"100%\" height=\"166\" frameborder=\"no\" scrolling=\"no\"><\/iframe><\/p>\n<div style=\"font-size: 10px; color: #cccccc; line-break: anywhere; word-break: normal; overflow: hidden; white-space: nowrap; text-overflow: ellipsis; font-family: Interstate,Lucida Grande,Lucida Sans Unicode,Lucida Sans,Garuda,Verdana,Tahoma,sans-serif; font-weight: 100;\"><a style=\"color: #cccccc; text-decoration: none;\" title=\"fmreflejos 103.7\" href=\"https:\/\/soundcloud.com\/fmreflejos-103-7\" target=\"_blank\" rel=\"noopener\">fmreflejos 103.7<\/a> \u00b7 <a style=\"color: #cccccc; text-decoration: none;\" title=\"Jos\u00e9 Mar\u00eda Leturia\" href=\"https:\/\/soundcloud.com\/fmreflejos-103-7\/jose-maria-leturia\" target=\"_blank\" rel=\"noopener\">Jos\u00e9 Mar\u00eda Leturia<\/a><\/div>\n","protected":false},"excerpt":{"rendered":"<p>Jos\u00e9 Mar\u00eda Leturia, hijo del actual propietario del campo donde se encuentra la pista del aer\u00f3dromo, cont\u00f3 su versi\u00f3n de los hechos. \u201cEs una l\u00e1stima que el aeroclub est\u00e9 manejado por esta gente\u201d dijo.<\/p>\n","protected":false},"author":3,"featured_media":0,"comment_status":"closed","ping_status":"closed","sticky":false,"template":"","format":"standard","meta":{"footnotes":""},"categories":[26],"tags":[48],"class_list":["post-73169","post","type-post","status-publish","format-standard","hentry","category-sociedad","tag-destacada"],"yoast_head":"<!-- This site is optimized with the Yoast SEO plugin v25.9 - https:\/\/yoast.com\/wordpress\/plugins\/seo\/ -->\n<title>Pista del Aeroclub de Saldungaray: \u201cMi abuelo nunca vendi\u00f3 eso\u201d - Noticias Radio Reflejos<\/title>\n<meta name=\"robots\" content=\"index, follow, max-snippet:-1, max-image-preview:large, max-video-preview:-1\" \/>\n<link rel=\"canonical\" href=\"https:\/\/www.noticiasradioreflejos.com.ar\/2021\/pista-del-aeroclub-de-saldungaray-mi-abuelo-nunca-vendio-eso\/\" \/>\n<meta property=\"og:locale\" content=\"es_ES\" \/>\n<meta property=\"og:type\" content=\"article\" \/>\n<meta property=\"og:title\" content=\"Pista del Aeroclub de Saldungaray: \u201cMi abuelo nunca vendi\u00f3 eso\u201d - Noticias Radio Reflejos\" \/>\n<meta property=\"og:description\" content=\"Jos\u00e9 Mar\u00eda Leturia, hijo del actual propietario del campo donde se encuentra la pista del aer\u00f3dromo, cont\u00f3 su versi\u00f3n de los hechos. \u201cEs una l\u00e1stima que el aeroclub est\u00e9 manejado por esta gente\u201d dijo.\" \/>\n<meta property=\"og:url\" content=\"https:\/\/www.noticiasradioreflejos.com.ar\/2021\/pista-del-aeroclub-de-saldungaray-mi-abuelo-nunca-vendio-eso\/\" \/>\n<meta property=\"og:site_name\" content=\"Noticias Radio Reflejos\" \/>\n<meta property=\"article:published_time\" content=\"2022-06-03T16:52:50+00:00\" \/>\n<meta property=\"og:image\" content=\"https:\/\/www.noticiasradioreflejos.com.ar\/2021\/wp-content\/uploads\/2021\/07\/logosol300x200.png\" \/>\n\t<meta property=\"og:image:width\" content=\"300\" \/>\n\t<meta property=\"og:image:height\" content=\"200\" \/>\n\t<meta property=\"og:image:type\" content=\"image\/png\" \/>\n<meta name=\"author\" content=\"Arnaldo Botto\" \/>\n<meta name=\"twitter:card\" content=\"summary_large_image\" \/>\n<script type=\"application\/ld+json\" class=\"yoast-schema-graph\">{\"@context\":\"https:\/\/schema.org\",\"@graph\":[{\"@type\":\"WebPage\",\"@id\":\"https:\/\/www.noticiasradioreflejos.com.ar\/2021\/pista-del-aeroclub-de-saldungaray-mi-abuelo-nunca-vendio-eso\/\",\"url\":\"https:\/\/www.noticiasradioreflejos.com.ar\/2021\/pista-del-aeroclub-de-saldungaray-mi-abuelo-nunca-vendio-eso\/\",\"name\":\"Pista del Aeroclub de Saldungaray: \u201cMi abuelo nunca vendi\u00f3 eso\u201d - Noticias Radio Reflejos\",\"isPartOf\":{\"@id\":\"https:\/\/www.noticiasradioreflejos.com.ar\/2021\/#website\"},\"datePublished\":\"2022-06-03T16:52:50+00:00\",\"author\":{\"@id\":\"https:\/\/www.noticiasradioreflejos.com.ar\/2021\/#\/schema\/person\/ad82545263dcc5ec0996818884fd5fb1\"},\"breadcrumb\":{\"@id\":\"https:\/\/www.noticiasradioreflejos.com.ar\/2021\/pista-del-aeroclub-de-saldungaray-mi-abuelo-nunca-vendio-eso\/#breadcrumb\"},\"inLanguage\":\"es\",\"potentialAction\":[{\"@type\":\"ReadAction\",\"target\":[\"https:\/\/www.noticiasradioreflejos.com.ar\/2021\/pista-del-aeroclub-de-saldungaray-mi-abuelo-nunca-vendio-eso\/\"]}]},{\"@type\":\"BreadcrumbList\",\"@id\":\"https:\/\/www.noticiasradioreflejos.com.ar\/2021\/pista-del-aeroclub-de-saldungaray-mi-abuelo-nunca-vendio-eso\/#breadcrumb\",\"itemListElement\":[{\"@type\":\"ListItem\",\"position\":1,\"name\":\"Portada\",\"item\":\"https:\/\/www.noticiasradioreflejos.com.ar\/2021\/\"},{\"@type\":\"ListItem\",\"position\":2,\"name\":\"Pista del Aeroclub de Saldungaray: \u201cMi abuelo nunca vendi\u00f3 eso\u201d\"}]},{\"@type\":\"WebSite\",\"@id\":\"https:\/\/www.noticiasradioreflejos.com.ar\/2021\/#website\",\"url\":\"https:\/\/www.noticiasradioreflejos.com.ar\/2021\/\",\"name\":\"Noticias Radio Reflejos\",\"description\":\"Las noticias de mi comarca\",\"potentialAction\":[{\"@type\":\"SearchAction\",\"target\":{\"@type\":\"EntryPoint\",\"urlTemplate\":\"https:\/\/www.noticiasradioreflejos.com.ar\/2021\/?s={search_term_string}\"},\"query-input\":{\"@type\":\"PropertyValueSpecification\",\"valueRequired\":true,\"valueName\":\"search_term_string\"}}],\"inLanguage\":\"es\"},{\"@type\":\"Person\",\"@id\":\"https:\/\/www.noticiasradioreflejos.com.ar\/2021\/#\/schema\/person\/ad82545263dcc5ec0996818884fd5fb1\",\"name\":\"Arnaldo Botto\",\"image\":{\"@type\":\"ImageObject\",\"inLanguage\":\"es\",\"@id\":\"https:\/\/www.noticiasradioreflejos.com.ar\/2021\/#\/schema\/person\/image\/\",\"url\":\"https:\/\/secure.gravatar.com\/avatar\/55cb5e37c1efa326397366e6974cb338056df65cb50e7d64d1cf314e87504837?s=96&d=mm&r=g\",\"contentUrl\":\"https:\/\/secure.gravatar.com\/avatar\/55cb5e37c1efa326397366e6974cb338056df65cb50e7d64d1cf314e87504837?s=96&d=mm&r=g\",\"caption\":\"Arnaldo Botto\"},\"url\":\"https:\/\/www.noticiasradioreflejos.com.ar\/2021\/author\/arnaldo\/\"}]}<\/script>\n<!-- \/ Yoast SEO plugin. -->","yoast_head_json":{"title":"Pista del Aeroclub de Saldungaray: \u201cMi abuelo nunca vendi\u00f3 eso\u201d - Noticias Radio Reflejos","robots":{"index":"index","follow":"follow","max-snippet":"max-snippet:-1","max-image-preview":"max-image-preview:large","max-video-preview":"max-video-preview:-1"},"canonical":"https:\/\/www.noticiasradioreflejos.com.ar\/2021\/pista-del-aeroclub-de-saldungaray-mi-abuelo-nunca-vendio-eso\/","og_locale":"es_ES","og_type":"article","og_title":"Pista del Aeroclub de Saldungaray: \u201cMi abuelo nunca vendi\u00f3 eso\u201d - Noticias Radio Reflejos","og_description":"Jos\u00e9 Mar\u00eda Leturia, hijo del actual propietario del campo donde se encuentra la pista del aer\u00f3dromo, cont\u00f3 su versi\u00f3n de los hechos. \u201cEs una l\u00e1stima que el aeroclub est\u00e9 manejado por esta gente\u201d dijo.","og_url":"https:\/\/www.noticiasradioreflejos.com.ar\/2021\/pista-del-aeroclub-de-saldungaray-mi-abuelo-nunca-vendio-eso\/","og_site_name":"Noticias Radio Reflejos","article_published_time":"2022-06-03T16:52:50+00:00","og_image":[{"width":300,"height":200,"url":"https:\/\/www.noticiasradioreflejos.com.ar\/2021\/wp-content\/uploads\/2021\/07\/logosol300x200.png","type":"image\/png"}],"author":"Arnaldo Botto","twitter_card":"summary_large_image","schema":{"@context":"https:\/\/schema.org","@graph":[{"@type":"WebPage","@id":"https:\/\/www.noticiasradioreflejos.com.ar\/2021\/pista-del-aeroclub-de-saldungaray-mi-abuelo-nunca-vendio-eso\/","url":"https:\/\/www.noticiasradioreflejos.com.ar\/2021\/pista-del-aeroclub-de-saldungaray-mi-abuelo-nunca-vendio-eso\/","name":"Pista del Aeroclub de Saldungaray: \u201cMi abuelo nunca vendi\u00f3 eso\u201d - Noticias Radio Reflejos","isPartOf":{"@id":"https:\/\/www.noticiasradioreflejos.com.ar\/2021\/#website"},"datePublished":"2022-06-03T16:52:50+00:00","author":{"@id":"https:\/\/www.noticiasradioreflejos.com.ar\/2021\/#\/schema\/person\/ad82545263dcc5ec0996818884fd5fb1"},"breadcrumb":{"@id":"https:\/\/www.noticiasradioreflejos.com.ar\/2021\/pista-del-aeroclub-de-saldungaray-mi-abuelo-nunca-vendio-eso\/#breadcrumb"},"inLanguage":"es","potentialAction":[{"@type":"ReadAction","target":["https:\/\/www.noticiasradioreflejos.com.ar\/2021\/pista-del-aeroclub-de-saldungaray-mi-abuelo-nunca-vendio-eso\/"]}]},{"@type":"BreadcrumbList","@id":"https:\/\/www.noticiasradioreflejos.com.ar\/2021\/pista-del-aeroclub-de-saldungaray-mi-abuelo-nunca-vendio-eso\/#breadcrumb","itemListElement":[{"@type":"ListItem","position":1,"name":"Portada","item":"https:\/\/www.noticiasradioreflejos.com.ar\/2021\/"},{"@type":"ListItem","position":2,"name":"Pista del Aeroclub de Saldungaray: \u201cMi abuelo nunca vendi\u00f3 eso\u201d"}]},{"@type":"WebSite","@id":"https:\/\/www.noticiasradioreflejos.com.ar\/2021\/#website","url":"https:\/\/www.noticiasradioreflejos.com.ar\/2021\/","name":"Noticias Radio Reflejos","description":"Las noticias de mi comarca","potentialAction":[{"@type":"SearchAction","target":{"@type":"EntryPoint","urlTemplate":"https:\/\/www.noticiasradioreflejos.com.ar\/2021\/?s={search_term_string}"},"query-input":{"@type":"PropertyValueSpecification","valueRequired":true,"valueName":"search_term_string"}}],"inLanguage":"es"},{"@type":"Person","@id":"https:\/\/www.noticiasradioreflejos.com.ar\/2021\/#\/schema\/person\/ad82545263dcc5ec0996818884fd5fb1","name":"Arnaldo Botto","image":{"@type":"ImageObject","inLanguage":"es","@id":"https:\/\/www.noticiasradioreflejos.com.ar\/2021\/#\/schema\/person\/image\/","url":"https:\/\/secure.gravatar.com\/avatar\/55cb5e37c1efa326397366e6974cb338056df65cb50e7d64d1cf314e87504837?s=96&d=mm&r=g","contentUrl":"https:\/\/secure.gravatar.com\/avatar\/55cb5e37c1efa326397366e6974cb338056df65cb50e7d64d1cf314e87504837?s=96&d=mm&r=g","caption":"Arnaldo Botto"},"url":"https:\/\/www.noticiasradioreflejos.com.ar\/2021\/author\/arnaldo\/"}]}},"_links":{"self":[{"href":"https:\/\/www.noticiasradioreflejos.com.ar\/2021\/wp-json\/wp\/v2\/posts\/73169","targetHints":{"allow":["GET"]}}],"collection":[{"href":"https:\/\/www.noticiasradioreflejos.com.ar\/2021\/wp-json\/wp\/v2\/posts"}],"about":[{"href":"https:\/\/www.noticiasradioreflejos.com.ar\/2021\/wp-json\/wp\/v2\/types\/post"}],"author":[{"embeddable":true,"href":"https:\/\/www.noticiasradioreflejos.com.ar\/2021\/wp-json\/wp\/v2\/users\/3"}],"replies":[{"embeddable":true,"href":"https:\/\/www.noticiasradioreflejos.com.ar\/2021\/wp-json\/wp\/v2\/comments?post=73169"}],"version-history":[{"count":2,"href":"https:\/\/www.noticiasradioreflejos.com.ar\/2021\/wp-json\/wp\/v2\/posts\/73169\/revisions"}],"predecessor-version":[{"id":73172,"href":"https:\/\/www.noticiasradioreflejos.com.ar\/2021\/wp-json\/wp\/v2\/posts\/73169\/revisions\/73172"}],"wp:attachment":[{"href":"https:\/\/www.noticiasradioreflejos.com.ar\/2021\/wp-json\/wp\/v2\/media?parent=73169"}],"wp:term":[{"taxonomy":"category","embeddable":true,"href":"https:\/\/www.noticiasradioreflejos.com.ar\/2021\/wp-json\/wp\/v2\/categories?post=73169"},{"taxonomy":"post_tag","embeddable":true,"href":"https:\/\/www.noticiasradioreflejos.com.ar\/2021\/wp-json\/wp\/v2\/tags?post=73169"}],"curies":[{"name":"wp","href":"https:\/\/api.w.org\/{rel}","templated":true}]}}