{"id":73166,"date":"2022-06-03T14:56:09","date_gmt":"2022-06-03T14:56:09","guid":{"rendered":"http:\/\/www.noticiasradioreflejos.com.ar\/2021\/?p=73166"},"modified":"2022-06-03T14:56:09","modified_gmt":"2022-06-03T14:56:09","slug":"dia-del-inmigrante-italiano-la-democratizacion-de-la-busqueda-genealogica","status":"publish","type":"post","link":"https:\/\/www.noticiasradioreflejos.com.ar\/2021\/dia-del-inmigrante-italiano-la-democratizacion-de-la-busqueda-genealogica\/","title":{"rendered":"D\u00eda del Inmigrante Italiano: la democratizaci\u00f3n de la b\u00fasqueda geneal\u00f3gica"},"content":{"rendered":"<p>Con la digitalizaci\u00f3n de registros -partidas de nacimiento, bautismos o defunci\u00f3n- hoy es m\u00e1s f\u00e1cil el rastreo de nuestras ra\u00edces, tan necesario en un pa\u00eds como la Argentina, forjado por distintas nacionalidades. Entre ellas, los italianos est\u00e1n al frente: hasta 1940 eran el 44,9% de los migrantes, seguidos por los espa\u00f1oles, con el 31,5%.<!--more--><\/p>\n<div class=\"name\">POR ROMINA CALDERARO<\/div>\n<div class=\"time\"><\/div>\n<div>\n<div class=\"wrapper-editable-content\">\n<div>\n<div class=\"container-md\">\n<div class=\"row\">\n<div class=\"col-md-12 speak\">\n<div class=\"paragraph\">\n<figure class=\"mb-3\"><img decoding=\"async\" src=\"https:\/\/www.telam.com.ar\/thumbs\/bluesteel\/advf\/imagenes\/2022\/05\/629655f22b85c_900.jpg\" alt=\"Ilustracin Osvaldo Rvora\" width=\"100%\" height=\"100%\" \/><\/p>\n<div class=\"media-icons\"><\/div><figcaption>Ilustraci\u00f3n: Osvaldo R\u00e9vora.<\/figcaption><\/figure>\n<p>Nuestra existencia es el producto del deseo de un otro, que a su vez naci\u00f3 por el deseo de un otro en una cadena ascendente se puede extender ad infinitum.<\/p>\n<p>No decidimos nacer y mucho menos cu\u00e1ndo, d\u00f3nde ni en el seno de qu\u00e9 familia. Pero una vez en el mundo,<strong>\u00a0podemos reconstruir el \u00e1rbol geneal\u00f3gico al que pertenecemos,<\/strong>\u00a0por simple<strong>\u00a0curiosidad\u00a0<\/strong>o para conseguir la\u00a0<strong>ciudadan\u00eda\u00a0<\/strong>del pa\u00eds que vio nacer a nuestros ancestros, porque el crisol gen\u00e9tico del argentino se fragu\u00f3 en una interesante mezcla de pueblos originarios, criollos e inmigrantes que llegaron de diversos pa\u00edses en diferentes olas. Los\u00a0<strong>italianos pican en punta.<\/strong><\/p>\n<p>Este viernes 3 se celebra del\u00a0<strong>D\u00eda del Inmigrante Italiano,\u00a0<\/strong>la<strong>\u00a0etnia m\u00e1s numerosa\u00a0<\/strong>en instalarse sobre todo en poblaciones urbanas\u00a0y la<strong>\u00a0inmigraci\u00f3n m\u00e1s prolongada en el tiempo<\/strong>.<\/p>\n<blockquote class=\"\"><p>El d\u00eda del inmigrante italiano en la Argentina es el 3 de junio porque esa fecha, en 1770, naci\u00f3 en Buenos Aires el general Manuel Belgrano, cuyo padre era de Oneglia, en la regi\u00f3n de Liguria, al noroeste de Italia.<\/p><\/blockquote>\n<p>La novedad es que gracias a la democratizaci\u00f3n de los archivos del mundo que documentan much\u00edsimos datos de nuestros antepasados,<strong>\u00a0hoy se puede armar el rompecabezas generacional<\/strong>, en soledad o con la ayuda de empresas especializadas como AVO.<\/p>\n<h2 class=\"\">Los \u00abtanos\u00bb, al frente<\/h2>\n<figure class=\"mb-3\"><img decoding=\"async\" src=\"https:\/\/www.telam.com.ar\/thumbs\/bluesteel\/advf\/imagenes\/2022\/06\/6298b9254cc1b_900.jpg\" alt=\"Inmigrantes Foto Gentileza del Centro de Estudios Migratorios Latinoamericanos Cemla\" width=\"100%\" height=\"100%\" \/><\/p>\n<div class=\"media-icons\"><\/div><figcaption>Inmigrantes. \/\/ Foto: Gentileza del Centro de Estudios Migratorios Latinoamericanos (Cemla).<\/figcaption><\/figure>\n<p>\u00abLa<strong>\u00a0inmigraci\u00f3n italiana fue mayoritaria en Argentina<\/strong>. En principio a cuenta gotas, con algunos inmigrantes que fueron llegando durante la colonia, pero ya<strong>\u00a0a partir de 1860\/70 comienza una oleada importante\u00a0<\/strong>y particularmente<strong>\u00a0en los 80 que es masiva<\/strong>, una<strong>\u00a0enorme inmigraci\u00f3n de campesinos<\/strong>\u00a0que\u00a0<strong>ven\u00edan<\/strong>\u00a0con la<strong>\u00a0promesa<\/strong>\u00a0de que iban a tener<strong>\u00a0tierra para cultivar.<\/strong>\u00a0Cosa que no ocurri\u00f3\u00a0en general porque cuando llegaron\u00a0ya se hab\u00eda producido la Conquista del Desierto y terminaron<strong>\u00a0qued\u00e1ndose en los centros urbanos de Buenos Aires<\/strong>\u00a0para\u00a0practicar<strong>\u00a0oficios que no manejaban<\/strong>\u00ab, dijo a T\u00e9lam\u00a0<strong>el historiador<\/strong>\u00a0<strong>Felipe Pigna<\/strong>.<\/p>\n<p>\u00abEran oficios vinculados a la terciarizaci\u00f3n, al<strong>\u00a0comercio<\/strong>, a la<strong>\u00a0venta callejera<\/strong>, alg\u00fan<strong>\u00a0oficio artesanal\u00a0<\/strong>que fueron adquiriendo. Y se gener\u00f3 una\u00a0<strong>gran concentraci\u00f3n urbana<\/strong>\u00a0en los\u00a0<strong>conventillos<\/strong>\u00a0donde iban a parar todos los inmigrantes. Otros vinieron con alg\u00fan capital y se asentaron en las colonias de Santa Fe y de C\u00f3rdoba, la zona l\u00e1ctea, que son fundamentalmente los piamonteses que se van a dedicar a la industria lechera. Sigue habiendo lugares como Villa Mar\u00eda, R\u00edo Cuarto, que son lugares de muchos descendientes de piamonteses\u00bb, agreg\u00f3 el escritor.<\/p>\n<p>\u00abDespu\u00e9s, hubo una\u00a0<strong>oleada muy importante de posguerra:\u00a0<\/strong>vinieron much\u00edsimos italianos y fue\u00a0<strong>una de las inmigraciones europeas que m\u00e1s se prolongaron en el tiempo<\/strong>. Tenemos llegadas de inmigrantes italianos<strong>\u00a0hasta entrados los \u00b460&#8243; en el siglo XX<\/strong>\u00bb\u00a0detall\u00f3.<\/p>\n<p>\u00ab<strong>Ven\u00edan a Argentina<\/strong>\u00a0porque el<strong>\u00a0idioma era m\u00e1s parecido al ingl\u00e9s de Estados Unidos, que era la otra opci\u00f3n que ten\u00edan.<\/strong>\u00a0Muchos fueron a Estados Unidos y otros vinieron a la Argentina y a Brasil porque los idiomas eran m\u00e1s pr\u00f3ximos. Pero tambi\u00e9n por la oferta que hac\u00eda la Argentina de ser propietario. Eran personas que<strong>\u00a0hab\u00edan vivido toda su vida como campesinos sin tierra<\/strong>\u00a0y eso fue un atractivo muy importante\u00bb, precis\u00f3.<\/p>\n<p>Pigna subraya un dato llamativo: \u00abHay un detalle muy fuerte: mientras que en Estados Unidos hubo una retenci\u00f3n de la inmigraci\u00f3n que lleg\u00f3 casi al 90%,en Argentina alcanz\u00f3 un 50%. Eso tiene que ver con el poco inter\u00e9s de los gobiernos conservadores de retener a esa poblaci\u00f3n a la que ve\u00edan m\u00e1s como peones golondrina,\u00a0<strong>no les entregaban la ciudadan\u00eda<\/strong>, que\u00a0<strong>entend\u00edan como un privilegio a preservar<\/strong>, mientras que los Estados Unidos los incorporaban m\u00e1s r\u00e1pidamente, adem\u00e1s el modelo\u00a0 productivo nortamericano les garantizaba empleo m\u00e1s r\u00e1pido porque hab\u00eda un desarrollo industrial que a la Argentina no le interes\u00f3 tener\u00bb.<\/p>\n<blockquote class=\"\"><p>\u00abLa inmigraci\u00f3n italiana fue una de las que m\u00e1s se prolongaron en el tiempo. Tenemos llegadas hasta entrados los a\u00f1os &#8217;60 en el siglo XX\u00bb<cite class=\"author\">Felipe Pigna<\/cite><\/p><\/blockquote>\n<h2 class=\"\">Genealog\u00eda para todos<\/h2>\n<figure class=\"mb-3\"><img decoding=\"async\" src=\"https:\/\/www.telam.com.ar\/thumbs\/bluesteel\/advf\/imagenes\/2022\/05\/62964dd7e024b_900.jpg\" alt=\"Hotel de Inmigrantes Foto Gentileza del Centro de Estudios Migratorioa Latinoamericanos Cemla\" width=\"100%\" height=\"100%\" \/><\/p>\n<div class=\"media-icons\"><\/div><figcaption>Hotel de Inmigrantes. \/\/ Foto: Gentileza del Centro de Estudios Migratorioa Latinoamericanos (Cemla).<\/figcaption><\/figure>\n<p><strong>Durante siglos, los genealogistas pusieron sus conocimientos al servicio de la aristocracia<\/strong>. Esa realidad hoy cambi\u00f3 y hay una cantidad inconmensurable de\u00a0<strong>material digitalizado en todo el mundo<\/strong>\u00a0que es\u00a0<strong>p\u00fablico<\/strong>\u00a0y le permite a\u00a0<strong>cualquiera<\/strong>\u00a0iniciar e<strong>l viaje al pasado<\/strong>\u00a0que le permita ascender hasta donde pueda en su<strong>\u00a0\u00e1rbol geneal\u00f3gico<\/strong>.<\/p>\n<p>Pero la tarea lleva<strong>\u00a0tiempo<\/strong>, requiere<strong>\u00a0paciencia<\/strong>\u00a0y sobre todo<strong>\u00a0pericia<\/strong>.\u00a0Porque hace falta una<strong>\u00a0t\u00e9cnica de investigaci\u00f3n espec\u00edfica<\/strong>\u00a0para no capitular ante la primera dificultad para conseguir documentos que muchas veces est\u00e1n manuscritos con pluma y en idiomas como lat\u00edn y franc\u00e9s y que hay que cruzar con otros documentos para poder saber que lo que se va encontrando es material veraz.<\/p>\n<p>Existen\u00a0<strong>empresas especializadas\u00a0<\/strong>en hacer esas b\u00fasquedas.\u00a0<strong>\u00a0<\/strong>AVO es una de ellas.\u00a0AVO quiere decir\u00a0<strong>antepasado<\/strong>, eventualmente<strong>\u00a0abuelo<\/strong>,<strong>\u00a0en italiano<\/strong>. Utilizada en plural, \u201cgli avi\u201d refiere al conjunto de los ancestros, la larga cadena de nombres que constituyen la historia de una familia.<\/p>\n<p>Hay otro uso habitual del t\u00e9rmino para los descendientes de italianos, que se\u00f1ala al primer emigrado.<\/p>\n<p>Una<strong>\u00a0persona que quiere conocer su \u00e1rbol geneal\u00f3gico,\u00a0<\/strong>pero no quiere ocuparse personalmente de encarar la b\u00fasqueda, puede\u00a0tener una<strong>\u00a0primera entrevista con la empresa<\/strong>. Para que sea fruct\u00edfero ese encuentro inicial, debe<strong>\u00a0reunir\u00a0la mayor cantidad de documentos<\/strong>\u00a0que acrediten datos de su familia de origen.<\/p>\n<p>\u201c<strong>Toda investigaci\u00f3n geneal\u00f3gica tiene un punto de partida,<\/strong>\u00a0y<strong>\u00a0cu\u00e1nto m\u00e1s s\u00f3lido sea el aporte inicial, mayores posibilidades habr\u00e1 de obtener resultados<\/strong>. Por lo tanto, es deseable que previo a la entrevista se re\u00fana la mayor cantidad de datos posible: nombres, lugares de origen, fechas de nacimiento o matrimonio, a partir de los cuales comenzar la b\u00fasqueda\u201d, dice\u00a0<strong>Pablo Taranto<\/strong>, del \u00e1rea de investigaciones geneal\u00f3gicas de AVO, que junto a<strong>\u00a0Irene Fern\u00e1ndez,\u00a0<\/strong>responsable del \u00e1rea de Ciudadan\u00edas y dise\u00f1o de producto,\u00a0empezaron buscando completar sus propios \u00e1rboles geneal\u00f3gicos. Con la experiencia que adquirieron en el camino<strong>\u00a0crearon\u00a0<\/strong>su propia<strong>\u00a0empresa<\/strong>.\u00a0No es f\u00e1cil el trabajo que hacen. Las\u00a0<strong>fuentes de documentaci\u00f3n<\/strong>\u00a0son muchas.<\/p>\n<p>La democratizaci\u00f3n geneal\u00f3gica empez\u00f3 hace d\u00e9cadas, cuando la<strong>\u00a0Iglesia de Jesucristo de los Santos de los Ultimos D\u00edas<\/strong>, un culto pentecostal<strong>\u00a0c<\/strong>on sede en Salt Lake City,<strong>\u00a0fund\u00f3<\/strong>\u00a0la\u00a0<strong>Sociedad Geneal\u00f3gica de Utah.<\/strong>\u00a0En los a\u00f1os \u201930 comenzaron a<strong>\u00a0microfilmar registros<\/strong>, primero en Estados Unidos y despu\u00e9s en todo el mundo. Esa iglesia administra un sitio\u00a0<strong>sin fines de lucro\u00a0<\/strong>que se llama Familysearch\u00a0que publica parte de esos archivos, no todos.<\/p>\n<p>Lo que hay ah\u00ed, ahora digitalizados, son\u00a0<strong>millones de actas de bautismo, de matrimonio, partidas de nacimiento y defunci\u00f3n<\/strong>, pero tambi\u00e9n\u00a0<strong>planillas de censos, listas de pasajeros de barcos y registros notariales de todo tipo<\/strong>.<\/p>\n<p>Tambi\u00e9n hay sitios privados que operan bases de datos geneal\u00f3gicas: MyHeritage, Ancestry, Geneanet, entre otros.\u00a0<strong>Cobran membres\u00edas<\/strong>\u00a0para permitir el acceso parcial o total a esos datos (aunque muchos est\u00e1n liberados) y permiten al usuario cargar datos de su propio \u00e1rbol geneal\u00f3gico. Esos \u00e1rboles se van conectando y hoy forman un gran \u00e1rbol global colaborativo.<\/p>\n<h2 class=\"\">En busca de antepasados<\/h2>\n<figure class=\"mb-3\"><img decoding=\"async\" src=\"https:\/\/www.telam.com.ar\/thumbs\/bluesteel\/advf\/imagenes\/2022\/05\/629654b23ab26_900.jpg\" alt=\"La Boca frisos de inmigrantes italianos del escultor Walter Vicente Foto Ral Ferrari\" width=\"100%\" height=\"100%\" \/><\/p>\n<div class=\"media-icons\"><\/div><figcaption>La Boca, frisos de inmigrantes italianos del escultor Walter Vicente. \/\/ Foto: Ra\u00fal Ferrari.<\/figcaption><\/figure>\n<p>Los tests de ancestralidad\u00a0<strong>est\u00e1n de moda<\/strong>. \u00c9sas y otras empresas venden\u00a0<strong>kits para hacer an\u00e1lisis caseros de ADN<\/strong>. Esas preubas revelan, en porcentajes, el origen gen\u00e9tico de los ancestros con un gran nivel de precisi\u00f3n. Y adem\u00e1s permiten\u00a0<strong>identificar parientes que no conoc\u00edas<\/strong>, personas que descienden de un mismo ancestro y con un test de ADN cruzado confirman su v\u00ednculo.<\/p>\n<p>Y hay otras organizaciones que sistematizaron otro tipo de registros, por ejempl<strong>o en la Argentina<\/strong>, el<strong>\u00a0Centro de Estudios Migratorios Latinoamericanos (CEMLA)<\/strong>, que ya desde los a\u00f1os \u201990 arm\u00f3 un buscador con data de arribos de inmigrantes al puerto de Buenos Aires, con fecha, edad, nombre del barco, puerto de procedencia, etc.\u00a0En<strong>\u00a0<\/strong>AVO arman un rompecabezas y los rompecabezas requieren paciencia y ganas de encarar la tarea.<\/p>\n<h2 class=\"\">De d\u00f3nde venimos<\/h2>\n<p>Seg\u00fan datos de la<strong>\u00a0Direcci\u00f3n Nacional de Migraciones<\/strong>,\u00a0<strong>hast<\/strong>a el a\u00f1o<strong>\u00a01940\u00a0<\/strong>hab\u00edan llegado<strong>\u00a02.970.000 italianos<\/strong>, el<strong>\u00a044,9%<\/strong>\u00a0del total de migrantes, seguidos por los<strong>\u00a0espa\u00f1oles<\/strong>: vinieron<strong>\u00a02.080.000<\/strong>,\u00a0<strong>31,5 %<\/strong>.<\/p>\n<p>Ya en menor cantidad<strong>\u00a0siguen los franceses<\/strong>, con\u00a0<strong>239.000<\/strong>\u00a0inmigrantes (<strong>3,6 %<\/strong>) y el listado se completa con<strong>\u00a0polacos y rusos<\/strong>\u00a0(<strong>180.000 y 177.000<\/strong>\u00a0respectivamente), ambas nacionalidades representan un<strong>\u00a02,7<\/strong>\u00a0% del total.<\/p>\n<p>Con porcentajes menores\u00a0<strong>siguen turcos, alemanes, austroh\u00fangaros, brit\u00e1nicos, portugueses, yugoslavos, suizos belgas y daneses<\/strong>, los que vinieron en menor cantidad:<strong>\u00a018.000<\/strong>, un<strong>\u00a00.3 por cient<\/strong>o.<\/p>\n<h2 class=\"\">El \u00e1rbol geneal\u00f3gico<\/h2>\n<p>Mucha gente quiere conocer a sus ancestros, el contexto en el que tomaron la decisi\u00f3n de emigrar y ascender todo lo posible en el \u00e1rbol geneal\u00f3gico.<\/p>\n<p>Pero tambi\u00e9n est\u00e1n las personas que necesitan documentos que les permitan demostrar su filiaci\u00f3n con inmigrantes de tal o cual pa\u00eds para\u00a0<strong>obtener la ciudadan\u00eda<\/strong>. En ese caso,\u00a0<strong>AVO<\/strong>\u00a0no hace el tr\u00e1mite completo, pero\u00a0<strong>entrega cada documento que halla\u00a0<\/strong>de los ancestros (<strong>partidas de nacimiento, actas de bautismo, matrimonio, defunciones<\/strong>, etc.) en\u00a0<strong>formato digita<\/strong>l. Esta copia digitalizada del documento original,\u00a0<strong>permite acceder a la copia de valor legal.<\/strong>\u00a0En la firma adem\u00e1s asesoran, ya identificada esa partida, c\u00f3mo\u00a0<strong>tramitar su legalizaci\u00f3n para obtener la ciudadan\u00eda del pa\u00eds de origen<\/strong>.<\/p>\n<p><strong>La ciudadan\u00eda m\u00e1s buscada es la italiana<\/strong>. Por varios motivos. Uno de ellos, es que Italia es el pa\u00eds que m\u00e1s inmigrantes trajo a la Argentina. Pero no es el \u00fanico.<\/p>\n<p>Irene Fern\u00e1ndez explica que \u00ab<strong>la que m\u00e1s se pide es la italiana<\/strong>, porque<strong>\u00a0en Argentina somos muchos, de varias oleadas migratorias\u00a0<\/strong>y\u00a0<strong>a diferencia de la espa\u00f1ola que s\u00f3lo permite obtenerla de las \u00faltimas generaciones<\/strong>, con la<strong>\u00a0italiana pod\u00e9s hacerlo desde tus tatarabuelos<\/strong>. S\u00f3lo ten\u00e9s que demostrarlo con documentaci\u00f3n, que por suerte se consigue\u00bb.<\/p>\n<p>La propia\u00a0<strong>Irene consigui\u00f3 su ciudadan\u00eda mediante un juicio<\/strong>. \u00abEn el caso de Italia, si en la l\u00ednea de ascendencia ten\u00e9s una mujer que tuvo a su hijo o hija antes de 1948 no le pasan la ciudadan\u00eda. En ese caso se obtiene haciendo un juicio. La ventaja del juicio, a diferencia de la v\u00eda administrativa, es que lo hac\u00e9s por la familia completa, que en un par de a\u00f1os ya obtiene la ciudadan\u00eda.\u00a0Al principio parece un problema pero al final termina siendo una ventaja\u00bb.<\/p>\n<h2 class=\"\">El trabajo terminado<\/h2>\n<figure class=\"mb-3\"><img decoding=\"async\" src=\"https:\/\/www.telam.com.ar\/thumbs\/bluesteel\/advf\/imagenes\/2022\/05\/629654b1ec0b2_900.jpg\" alt=\"La Boca frisos de inmigrantes italianos del escultor Walter Vicente Foto Ral Ferrari\" width=\"100%\" height=\"100%\" \/><\/p>\n<div class=\"media-icons\"><\/div><figcaption>La Boca, frisos de inmigrantes italianos del escultor Walter Vicente. \/\/ Foto: Ra\u00fal Ferrari.<\/figcaption><\/figure>\n<p>Si se trata s\u00f3lo de curiosidad geneal\u00f3gica, lo que hacen en AVO (el tiempo de b\u00fasqueda depende porque cada caso es \u00fanico) es\u00a0<strong>contar tu historia familiar, desde tus ancestros hasta la actualidad<\/strong>, volcando toda la<strong>\u00a0documentaci\u00f3n geneal\u00f3gica<\/strong>\u00a0que hallen en el transcurso de la investigaci\u00f3n en un solo relato. Tambi\u00e9n r<strong>econstruyen las condiciones de vida de cada ancestro, d\u00f3nde y c\u00f3mo viv\u00edan, qu\u00e9 pasaba en sus lugares de origen, qu\u00e9 sucesos o realidades los empujaron a emigrar.<\/strong><\/p>\n<p>Pero para que no parezca que las b\u00fasquedas son s\u00f3lo europerizantes, Taranto aclara:\u00a0<strong>\u00abMucha gente nos consulta para conocer los antecedentes de sus antepasados criollos<\/strong>\u00ab.<\/p>\n<h2 class=\"\">Documentaci\u00f3n<\/h2>\n<p>El relato va acompa\u00f1ado de las reproducciones digitales de los documentos \u00a0\u2013actas de bautismo, matrimonio, defunci\u00f3n, etc\u2013, adem\u00e1s de fotograf\u00edas de personas y lugares y mapas antiguos.<\/p>\n<p>La reconstrucci\u00f3n hist\u00f3rica incluye el\u00a0<strong>dise\u00f1o del \u00e1rbol geneal\u00f3gico de la familia<\/strong>, con los<strong>\u00a0principales datos\u00a0<\/strong>de<strong>\u00a0cada ancestro<\/strong>.<\/p>\n<p>Ese relato \u00fanico, desde los ancestros hasta la actualidad, puede tener el\u00a0<strong>formato de un libro impreso, ser entregado en pdf o desplegar toda la informaci\u00f3n en un sitio web interactivo:\u00a0<\/strong><a href=\"http:\/\/durante%20siglos%2C%20los%20genealogistas%20pusieron%20sus%20conocimientos%20al%20servicio%20de%20la%20aristocracia.%20%20por%20suerte%2C%20esa%20realidad%20hoy%20cambi%C3%B3%20y%20hay%20una%20cantidad%20inconmensurable%20de%20material%20digitalizado%20en%20todo%20el%20mundo%20que%20es%20p%C3%BAblico%20y%20le%20permite%20a%20cualquiera%20iniciar%20el%20viaje%20al%20pasado%20que%20le%20permita%20ascender%20hasta%20donde%20pueda%20en%20su%20%C3%A1rbol%20geneal%C3%B3gico.%20%20pero%20la%20tarea%20lleva%20tiempo%2C%20requiere%20paciencia%20y%20sobre%20todo%20el%20conocimiento%20de%20una%20t%C3%A9cnica%20de%20investigaci%C3%B3n%20espec%C3%ADfica%20para%20no%20capitular%20ante%20la%20primera%20dificultad%20para%20conseguir%20documentos%20que%20muchas%20veces%20est%C3%A1n%20manuscritos%20con%20pluma%20y%20en%20idiomas%20como%20lat%C3%ADn%20y%20franc%C3%A9s%20y%20que%20hay%20que%20cruzar%20con%20otros%20para%20poder%20saber%20que%20lo%20que%20se%20va%20encontrando%20es%20veraz.%20%20la%20buena%20noticia%20es%20que%20hay%20empresas%20especializadas%20en%20hacer%20esas%20b%C3%BAsquedas.%20avo%20es%20una%20de%20ellas.%20%20%20avo%20quiere%20decir%20antepasado%2C%20eventualmente%20abuelo%2C%20en%20italiano.%20utilizada%20en%20plural%2C%20%E2%80%9Cgli%20avi%E2%80%9D%20refiere%20al%20conjunto%20de%20los%20ancestros%2C%20la%20larga%20cadena%20de%20nombres%20que%20constituyen%20la%20historia%20de%20una%20familia.%20hay%20otro%20uso%20habitual%20del%20t%C3%A9rmino%20para%20los%20descendientes%20de%20italianos%2C%20que%20se%C3%B1ala%20al%20primer%20emigrado.%20%20si%20una%20persona%20por%20mera%20curiosidad%20o%20para%20obtener%20la%20ciudadan%C3%ADa%20del%20pa%C3%ADs%20del%20que%20proviene%20su%20o%20sus%20ancestros%20lo%20primero%20que%20tiene%20que%20hacer%20si%20decide%20tener%20una%20primera%20entrevista%20con%20la%20empresa%20es%20juntar%20la%20mayor%20cantidad%20de%20documentos%20acerca%20de%20esa%20persona.%20%20%E2%80%9Ctoda%20investigaci%C3%B3n%20geneal%C3%B3gica%20tiene%20un%20punto%20de%20partida%2C%20y%20cu%C3%A1nto%20m%C3%A1s%20s%C3%B3lido%20sea%20tu%20aporte%20inicial%2C%20mayores%20posibilidades%20habr%C3%A1%20de%20obtener%20resultados.%20por%20lo%20tanto%2C%20es%20deseable%20que%20previo%20a%20esa%20entrevista%20re%C3%BAnas%20la%20mayor%20cantidad%20de%20datos%20posible:%20nombres%2C%20lugares%20de%20origen%2C%20fechas%20de%20nacimiento%20o%20matrimonio%2C%20a%20partir%20de%20los%20cuales%20comenzar%20la%20b%C3%BAsqueda%E2%80%9D%2C%20dice%20pablo%20taranto%2C%20que%20junto%20a%20irene%20fern%C3%A1ndez%20empezaron%20buscando%20completar%20su%20propio%20%C3%A1rbol%20geneal%C3%B3gico%20y%20luego%20con%20la%20experiencia%20que%20adquirieron%20en%20el%20camino%20crearon%20su%20propia%20empresa.%20%20no%20es%20f%C3%A1cil%20el%20trajabo%20que%20hacen.%20las%20fuentes%20de%20documentaci%C3%B3n%20son%20muchas:%20desde%20la%20Sociedad%20Geneal%C3%B3gica%20de%20UTA%20hasta%20millones%20de%20registros%20de%20bautismos,%20listas%20de%20pasajeros,%20actas%20de%20defunci%C3%B3n%20que%20est%C3%A1n%20digitalizadas.%20Estos%20documentos%20se%20multiplicaron%20a%20partir%20de%20la%20d%C3%A9cada%20del%2060,%20pero%20para%20encontrar%20datos%20certeros%20hay%20que%20emprender%20una%20verdadera%20investigaci%C3%B3n%20que%20supone%20saber%20buscar%20en%20cada%20sitio,%20pero%20tambi%C3%A9n%20cruzar%20datos%20para%20que%20la%20informaci%C3%B3n%20sea%20confiable.%20%20Arman%20un%20rompecabezas%20y%20los%20rompecabezas%20requieren%20paciencia%20y%20ganas%20de%20encarar%20la%20tarea.%20%20(S)La%20b%C3%BAsqueda%20de%20ciudadan%C3%ADa(S)%20Mucha%20gente%20quiere%20conocer%20a%20sus%20ancestros,%20el%20contexto%20en%20el%20que%20tomaron%20la%20decisi%C3%B3n%20de%20emigrar%20y%20ascender%20todo%20lo%20posible%20en%20el%20%C3%A1rbol%20geneal%C3%B3gico%20por%20mera%20curiosidad.%20%20%20Pero%20tambi%C3%A9n%20est%C3%A1n%20las%20personas%20que%20necesitan%20documentos%20que%20les%20permitan%20demostrar%20su%20filiaci%C3%B3n%20con%20inmigrantes%20de%20tal%20o%20cual%20pa%C3%ADs%20para%20obtener%20la%20ciudadan%C3%ADa.%20En%20ese%20caso,%20AVO%20no%20hace%20el%20tr%C3%A1mite%20completo,%20pero%20te%20entregan%20s%C2%BF%20cada%20documento%20que%20hallan%20de%20tus%20ancestros%20(partidas%20de%20nacimiento,%20actas%20de%20bautismo,%20actas%20de%20matrimonio,%20defunciones,%20etc.)%20en%20formato%20digital.%20Este%20documento,%20copia%20digital%20del%20documento%20original,%20permite%20acceder%20a%20la%20copia%20de%20valor%20legal.%20S%C3%AD%20pueden%20%20asesorarte%20para%20saber%20c%C3%B3mo,%20ya%20identificada%20esa%20partida,%20tramitar%20su%20legalizaci%C3%B3n%20para%20obtener%20la%20ciudadan%C3%ADa%20del%20pa%C3%ADs%20de%20origen.%20%20&lt;h2%20class=''&gt;El%20trabajo%20terminado&lt;\/h2%3E%20Si%20se%20trata%20s%C3%B3lo%20de%20curiosidad%20geneal%C3%B3gica,%20lo%20que%20hacen%20en%20AVO%20(el%20tiempo%20de%20b%C3%BAsqueda%20depende%20porque%20cada%20caso%20es%20%C3%BAnico)%20es%20Te%20ofrecemos%20contar%20tu%20historia%20familiar,%20desde%20tus%20ancestros%20hasta%20la%20actualidad,%20volcando%20toda%20la%20documentaci%C3%B3n%20geneal%C3%B3gica%20que%20hallemos%20en%20el%20transcurso%20de%20nuestra%20investigaci%C3%B3n%20en%20un%20solo%20relato.%20Reconstruimos%20las%20condiciones%20de%20vida%20de%20tus%20ancestros,%20d%C3%B3nde%20y%20c%C3%B3mo%20viv%C3%ADan,%20qu%C3%A9%20pasaba%20en%20sus%20lugares%20de%20origen,%20qu%C3%A9%20sucesos%20o%20realidades%20los%20empujaron%20a%20emigrar.%20%20%3Ch2%20class=''%3EDocumentaci%C3%B3n%3C\/h2%3E%20El%20relato%20va%20acompa%C3%B1ado%20de%20las%20reproducciones%20digitales%20de%20los%20documentos%20que%20hallemos%20%E2%80%93actas%20de%20bautismo,%20matrimonio,%20defunci%C3%B3n,%20etc%E2%80%93,%20adem%C3%A1s%20de%20fotograf%C3%ADas%20de%20personas%20y%20lugares%20y%20mapas%20antiguos.%20%20(S)El%20%C3%81rbol(S)%20La%20reconstrucci%C3%B3n%20hist%C3%B3rica%20incluye%20el%20dise%C3%B1o%20del%20%C3%A1rbol%20geneal%C3%B3gico%20de%20tu%20familia,%20con%20los%20principales%20datos%20de%20cada%20uno%20de%20tus%20ancestros.%20%20(S)Formatos(S)%20Ese%20relato%20%C3%BAnico,%20desde%20los%20ancestros%20hasta%20la%20actualidad,%20puede%20tener%20el%20formato%20de%20un%20libro%20impreso,%20ser%20entregado%20en%20pdf%20o%20desplegar%20toda%20la%20informaci%C3%B3n%20en%20un%20sitio%20web%20interactivo.%20%20Las%20v%C3%ADas%20para%20contactar%20con%20la%20empresa%20son:%20https:\/\/avo.com.ar\/%20https:\/\/www.instagram.com\/avo.arg\/%20https:\/\/www.facebook.com\/avo.arg\" target=\"_blank\" rel=\"noopener\">https:\/\/avo.com.ar\/<\/a><\/p>\n<\/div>\n<\/div>\n<\/div>\n<\/div>\n<\/div>\n<\/div>\n<\/div>\n","protected":false},"excerpt":{"rendered":"<p>Con la digitalizaci\u00f3n de registros -partidas de nacimiento, bautismos o defunci\u00f3n- hoy es m\u00e1s f\u00e1cil el rastreo de nuestras ra\u00edces, tan necesario en un pa\u00eds como la Argentina, forjado por distintas nacionalidades. Entre ellas, los italianos est\u00e1n al frente: hasta 1940 eran el 44,9% de los migrantes, seguidos por los espa\u00f1oles, con el 31,5%.<\/p>\n","protected":false},"author":3,"featured_media":0,"comment_status":"closed","ping_status":"closed","sticky":false,"template":"","format":"standard","meta":{"footnotes":""},"categories":[26],"tags":[],"class_list":["post-73166","post","type-post","status-publish","format-standard","hentry","category-sociedad"],"yoast_head":"<!-- This site is optimized with the Yoast SEO plugin v25.9 - https:\/\/yoast.com\/wordpress\/plugins\/seo\/ -->\n<title>D\u00eda del Inmigrante Italiano: la democratizaci\u00f3n de la b\u00fasqueda geneal\u00f3gica - Noticias Radio Reflejos<\/title>\n<meta name=\"robots\" content=\"index, follow, max-snippet:-1, max-image-preview:large, max-video-preview:-1\" \/>\n<link rel=\"canonical\" href=\"https:\/\/www.noticiasradioreflejos.com.ar\/2021\/dia-del-inmigrante-italiano-la-democratizacion-de-la-busqueda-genealogica\/\" \/>\n<meta property=\"og:locale\" content=\"es_ES\" \/>\n<meta property=\"og:type\" content=\"article\" \/>\n<meta property=\"og:title\" content=\"D\u00eda del Inmigrante Italiano: la democratizaci\u00f3n de la b\u00fasqueda geneal\u00f3gica - Noticias Radio Reflejos\" \/>\n<meta property=\"og:description\" content=\"Con la digitalizaci\u00f3n de registros -partidas de nacimiento, bautismos o defunci\u00f3n- hoy es m\u00e1s f\u00e1cil el rastreo de nuestras ra\u00edces, tan necesario en un pa\u00eds como la Argentina, forjado por distintas nacionalidades. Entre ellas, los italianos est\u00e1n al frente: hasta 1940 eran el 44,9% de los migrantes, seguidos por los espa\u00f1oles, con el 31,5%.\" \/>\n<meta property=\"og:url\" content=\"https:\/\/www.noticiasradioreflejos.com.ar\/2021\/dia-del-inmigrante-italiano-la-democratizacion-de-la-busqueda-genealogica\/\" \/>\n<meta property=\"og:site_name\" content=\"Noticias Radio Reflejos\" \/>\n<meta property=\"article:published_time\" content=\"2022-06-03T14:56:09+00:00\" \/>\n<meta property=\"og:image\" content=\"https:\/\/www.telam.com.ar\/thumbs\/bluesteel\/advf\/imagenes\/2022\/05\/629655f22b85c_900.jpg\" \/>\n<meta name=\"author\" content=\"Arnaldo Botto\" \/>\n<meta name=\"twitter:card\" content=\"summary_large_image\" \/>\n<script type=\"application\/ld+json\" class=\"yoast-schema-graph\">{\"@context\":\"https:\/\/schema.org\",\"@graph\":[{\"@type\":\"WebPage\",\"@id\":\"https:\/\/www.noticiasradioreflejos.com.ar\/2021\/dia-del-inmigrante-italiano-la-democratizacion-de-la-busqueda-genealogica\/\",\"url\":\"https:\/\/www.noticiasradioreflejos.com.ar\/2021\/dia-del-inmigrante-italiano-la-democratizacion-de-la-busqueda-genealogica\/\",\"name\":\"D\u00eda del Inmigrante Italiano: la democratizaci\u00f3n de la b\u00fasqueda geneal\u00f3gica - Noticias Radio Reflejos\",\"isPartOf\":{\"@id\":\"https:\/\/www.noticiasradioreflejos.com.ar\/2021\/#website\"},\"primaryImageOfPage\":{\"@id\":\"https:\/\/www.noticiasradioreflejos.com.ar\/2021\/dia-del-inmigrante-italiano-la-democratizacion-de-la-busqueda-genealogica\/#primaryimage\"},\"image\":{\"@id\":\"https:\/\/www.noticiasradioreflejos.com.ar\/2021\/dia-del-inmigrante-italiano-la-democratizacion-de-la-busqueda-genealogica\/#primaryimage\"},\"thumbnailUrl\":\"https:\/\/www.telam.com.ar\/thumbs\/bluesteel\/advf\/imagenes\/2022\/05\/629655f22b85c_900.jpg\",\"datePublished\":\"2022-06-03T14:56:09+00:00\",\"author\":{\"@id\":\"https:\/\/www.noticiasradioreflejos.com.ar\/2021\/#\/schema\/person\/ad82545263dcc5ec0996818884fd5fb1\"},\"breadcrumb\":{\"@id\":\"https:\/\/www.noticiasradioreflejos.com.ar\/2021\/dia-del-inmigrante-italiano-la-democratizacion-de-la-busqueda-genealogica\/#breadcrumb\"},\"inLanguage\":\"es\",\"potentialAction\":[{\"@type\":\"ReadAction\",\"target\":[\"https:\/\/www.noticiasradioreflejos.com.ar\/2021\/dia-del-inmigrante-italiano-la-democratizacion-de-la-busqueda-genealogica\/\"]}]},{\"@type\":\"ImageObject\",\"inLanguage\":\"es\",\"@id\":\"https:\/\/www.noticiasradioreflejos.com.ar\/2021\/dia-del-inmigrante-italiano-la-democratizacion-de-la-busqueda-genealogica\/#primaryimage\",\"url\":\"https:\/\/www.telam.com.ar\/thumbs\/bluesteel\/advf\/imagenes\/2022\/05\/629655f22b85c_900.jpg\",\"contentUrl\":\"https:\/\/www.telam.com.ar\/thumbs\/bluesteel\/advf\/imagenes\/2022\/05\/629655f22b85c_900.jpg\"},{\"@type\":\"BreadcrumbList\",\"@id\":\"https:\/\/www.noticiasradioreflejos.com.ar\/2021\/dia-del-inmigrante-italiano-la-democratizacion-de-la-busqueda-genealogica\/#breadcrumb\",\"itemListElement\":[{\"@type\":\"ListItem\",\"position\":1,\"name\":\"Portada\",\"item\":\"https:\/\/www.noticiasradioreflejos.com.ar\/2021\/\"},{\"@type\":\"ListItem\",\"position\":2,\"name\":\"D\u00eda del Inmigrante Italiano: la democratizaci\u00f3n de la b\u00fasqueda geneal\u00f3gica\"}]},{\"@type\":\"WebSite\",\"@id\":\"https:\/\/www.noticiasradioreflejos.com.ar\/2021\/#website\",\"url\":\"https:\/\/www.noticiasradioreflejos.com.ar\/2021\/\",\"name\":\"Noticias Radio Reflejos\",\"description\":\"Las noticias de mi comarca\",\"potentialAction\":[{\"@type\":\"SearchAction\",\"target\":{\"@type\":\"EntryPoint\",\"urlTemplate\":\"https:\/\/www.noticiasradioreflejos.com.ar\/2021\/?s={search_term_string}\"},\"query-input\":{\"@type\":\"PropertyValueSpecification\",\"valueRequired\":true,\"valueName\":\"search_term_string\"}}],\"inLanguage\":\"es\"},{\"@type\":\"Person\",\"@id\":\"https:\/\/www.noticiasradioreflejos.com.ar\/2021\/#\/schema\/person\/ad82545263dcc5ec0996818884fd5fb1\",\"name\":\"Arnaldo Botto\",\"image\":{\"@type\":\"ImageObject\",\"inLanguage\":\"es\",\"@id\":\"https:\/\/www.noticiasradioreflejos.com.ar\/2021\/#\/schema\/person\/image\/\",\"url\":\"https:\/\/secure.gravatar.com\/avatar\/55cb5e37c1efa326397366e6974cb338056df65cb50e7d64d1cf314e87504837?s=96&d=mm&r=g\",\"contentUrl\":\"https:\/\/secure.gravatar.com\/avatar\/55cb5e37c1efa326397366e6974cb338056df65cb50e7d64d1cf314e87504837?s=96&d=mm&r=g\",\"caption\":\"Arnaldo Botto\"},\"url\":\"https:\/\/www.noticiasradioreflejos.com.ar\/2021\/author\/arnaldo\/\"}]}<\/script>\n<!-- \/ Yoast SEO plugin. -->","yoast_head_json":{"title":"D\u00eda del Inmigrante Italiano: la democratizaci\u00f3n de la b\u00fasqueda geneal\u00f3gica - Noticias Radio Reflejos","robots":{"index":"index","follow":"follow","max-snippet":"max-snippet:-1","max-image-preview":"max-image-preview:large","max-video-preview":"max-video-preview:-1"},"canonical":"https:\/\/www.noticiasradioreflejos.com.ar\/2021\/dia-del-inmigrante-italiano-la-democratizacion-de-la-busqueda-genealogica\/","og_locale":"es_ES","og_type":"article","og_title":"D\u00eda del Inmigrante Italiano: la democratizaci\u00f3n de la b\u00fasqueda geneal\u00f3gica - Noticias Radio Reflejos","og_description":"Con la digitalizaci\u00f3n de registros -partidas de nacimiento, bautismos o defunci\u00f3n- hoy es m\u00e1s f\u00e1cil el rastreo de nuestras ra\u00edces, tan necesario en un pa\u00eds como la Argentina, forjado por distintas nacionalidades. Entre ellas, los italianos est\u00e1n al frente: hasta 1940 eran el 44,9% de los migrantes, seguidos por los espa\u00f1oles, con el 31,5%.","og_url":"https:\/\/www.noticiasradioreflejos.com.ar\/2021\/dia-del-inmigrante-italiano-la-democratizacion-de-la-busqueda-genealogica\/","og_site_name":"Noticias Radio Reflejos","article_published_time":"2022-06-03T14:56:09+00:00","og_image":[{"url":"https:\/\/www.telam.com.ar\/thumbs\/bluesteel\/advf\/imagenes\/2022\/05\/629655f22b85c_900.jpg","type":"","width":"","height":""}],"author":"Arnaldo Botto","twitter_card":"summary_large_image","schema":{"@context":"https:\/\/schema.org","@graph":[{"@type":"WebPage","@id":"https:\/\/www.noticiasradioreflejos.com.ar\/2021\/dia-del-inmigrante-italiano-la-democratizacion-de-la-busqueda-genealogica\/","url":"https:\/\/www.noticiasradioreflejos.com.ar\/2021\/dia-del-inmigrante-italiano-la-democratizacion-de-la-busqueda-genealogica\/","name":"D\u00eda del Inmigrante Italiano: la democratizaci\u00f3n de la b\u00fasqueda geneal\u00f3gica - Noticias Radio Reflejos","isPartOf":{"@id":"https:\/\/www.noticiasradioreflejos.com.ar\/2021\/#website"},"primaryImageOfPage":{"@id":"https:\/\/www.noticiasradioreflejos.com.ar\/2021\/dia-del-inmigrante-italiano-la-democratizacion-de-la-busqueda-genealogica\/#primaryimage"},"image":{"@id":"https:\/\/www.noticiasradioreflejos.com.ar\/2021\/dia-del-inmigrante-italiano-la-democratizacion-de-la-busqueda-genealogica\/#primaryimage"},"thumbnailUrl":"https:\/\/www.telam.com.ar\/thumbs\/bluesteel\/advf\/imagenes\/2022\/05\/629655f22b85c_900.jpg","datePublished":"2022-06-03T14:56:09+00:00","author":{"@id":"https:\/\/www.noticiasradioreflejos.com.ar\/2021\/#\/schema\/person\/ad82545263dcc5ec0996818884fd5fb1"},"breadcrumb":{"@id":"https:\/\/www.noticiasradioreflejos.com.ar\/2021\/dia-del-inmigrante-italiano-la-democratizacion-de-la-busqueda-genealogica\/#breadcrumb"},"inLanguage":"es","potentialAction":[{"@type":"ReadAction","target":["https:\/\/www.noticiasradioreflejos.com.ar\/2021\/dia-del-inmigrante-italiano-la-democratizacion-de-la-busqueda-genealogica\/"]}]},{"@type":"ImageObject","inLanguage":"es","@id":"https:\/\/www.noticiasradioreflejos.com.ar\/2021\/dia-del-inmigrante-italiano-la-democratizacion-de-la-busqueda-genealogica\/#primaryimage","url":"https:\/\/www.telam.com.ar\/thumbs\/bluesteel\/advf\/imagenes\/2022\/05\/629655f22b85c_900.jpg","contentUrl":"https:\/\/www.telam.com.ar\/thumbs\/bluesteel\/advf\/imagenes\/2022\/05\/629655f22b85c_900.jpg"},{"@type":"BreadcrumbList","@id":"https:\/\/www.noticiasradioreflejos.com.ar\/2021\/dia-del-inmigrante-italiano-la-democratizacion-de-la-busqueda-genealogica\/#breadcrumb","itemListElement":[{"@type":"ListItem","position":1,"name":"Portada","item":"https:\/\/www.noticiasradioreflejos.com.ar\/2021\/"},{"@type":"ListItem","position":2,"name":"D\u00eda del Inmigrante Italiano: la democratizaci\u00f3n de la b\u00fasqueda geneal\u00f3gica"}]},{"@type":"WebSite","@id":"https:\/\/www.noticiasradioreflejos.com.ar\/2021\/#website","url":"https:\/\/www.noticiasradioreflejos.com.ar\/2021\/","name":"Noticias Radio Reflejos","description":"Las noticias de mi comarca","potentialAction":[{"@type":"SearchAction","target":{"@type":"EntryPoint","urlTemplate":"https:\/\/www.noticiasradioreflejos.com.ar\/2021\/?s={search_term_string}"},"query-input":{"@type":"PropertyValueSpecification","valueRequired":true,"valueName":"search_term_string"}}],"inLanguage":"es"},{"@type":"Person","@id":"https:\/\/www.noticiasradioreflejos.com.ar\/2021\/#\/schema\/person\/ad82545263dcc5ec0996818884fd5fb1","name":"Arnaldo Botto","image":{"@type":"ImageObject","inLanguage":"es","@id":"https:\/\/www.noticiasradioreflejos.com.ar\/2021\/#\/schema\/person\/image\/","url":"https:\/\/secure.gravatar.com\/avatar\/55cb5e37c1efa326397366e6974cb338056df65cb50e7d64d1cf314e87504837?s=96&d=mm&r=g","contentUrl":"https:\/\/secure.gravatar.com\/avatar\/55cb5e37c1efa326397366e6974cb338056df65cb50e7d64d1cf314e87504837?s=96&d=mm&r=g","caption":"Arnaldo Botto"},"url":"https:\/\/www.noticiasradioreflejos.com.ar\/2021\/author\/arnaldo\/"}]}},"_links":{"self":[{"href":"https:\/\/www.noticiasradioreflejos.com.ar\/2021\/wp-json\/wp\/v2\/posts\/73166","targetHints":{"allow":["GET"]}}],"collection":[{"href":"https:\/\/www.noticiasradioreflejos.com.ar\/2021\/wp-json\/wp\/v2\/posts"}],"about":[{"href":"https:\/\/www.noticiasradioreflejos.com.ar\/2021\/wp-json\/wp\/v2\/types\/post"}],"author":[{"embeddable":true,"href":"https:\/\/www.noticiasradioreflejos.com.ar\/2021\/wp-json\/wp\/v2\/users\/3"}],"replies":[{"embeddable":true,"href":"https:\/\/www.noticiasradioreflejos.com.ar\/2021\/wp-json\/wp\/v2\/comments?post=73166"}],"version-history":[{"count":1,"href":"https:\/\/www.noticiasradioreflejos.com.ar\/2021\/wp-json\/wp\/v2\/posts\/73166\/revisions"}],"predecessor-version":[{"id":73168,"href":"https:\/\/www.noticiasradioreflejos.com.ar\/2021\/wp-json\/wp\/v2\/posts\/73166\/revisions\/73168"}],"wp:attachment":[{"href":"https:\/\/www.noticiasradioreflejos.com.ar\/2021\/wp-json\/wp\/v2\/media?parent=73166"}],"wp:term":[{"taxonomy":"category","embeddable":true,"href":"https:\/\/www.noticiasradioreflejos.com.ar\/2021\/wp-json\/wp\/v2\/categories?post=73166"},{"taxonomy":"post_tag","embeddable":true,"href":"https:\/\/www.noticiasradioreflejos.com.ar\/2021\/wp-json\/wp\/v2\/tags?post=73166"}],"curies":[{"name":"wp","href":"https:\/\/api.w.org\/{rel}","templated":true}]}}