{"id":73163,"date":"2022-06-03T12:05:02","date_gmt":"2022-06-03T12:05:02","guid":{"rendered":"http:\/\/www.noticiasradioreflejos.com.ar\/2021\/?p=73163"},"modified":"2022-06-03T12:05:02","modified_gmt":"2022-06-03T12:05:02","slug":"siete-anos-de-la-primera-ni-una-menos-habra-marchas-al-congreso-y-en-todo-el-pais","status":"publish","type":"post","link":"https:\/\/www.noticiasradioreflejos.com.ar\/2021\/siete-anos-de-la-primera-ni-una-menos-habra-marchas-al-congreso-y-en-todo-el-pais\/","title":{"rendered":"Siete a\u00f1os de la primera Ni Una Menos: habr\u00e1 marchas al Congreso y en todo el pa\u00eds"},"content":{"rendered":"<p>La movilizaci\u00f3n tendr\u00e1 lugar este viernes bajo la consigna \u00ab\u00a1Vivas, libres y desendeudadas nos queremos! El Estado es responsable\u00bb.<!--more--><\/p>\n<figure class=\"mb-3\"><img decoding=\"async\" src=\"https:\/\/www.telam.com.ar\/thumbs\/bluesteel\/advf\/imagenes\/2021\/12\/61cf4bfc2729a_900.jpg\" alt=\"La agrupacin Familiares Vctimas de Femicidios realizar un memorial con las fotos de las vctimas en Plaza de Mayo\" width=\"100%\" height=\"100%\" \/><\/p>\n<div class=\"media-icons\"><\/div><figcaption>La agrupaci\u00f3n Familiares V\u00edctimas de Femicidios realizar\u00e1 un memorial con las fotos de las v\u00edctimas en Plaza de Mayo.<\/figcaption><\/figure>\n<p>La marcha de Ni Una Menos en la ciudad de Buenos Aires tendr\u00e1 lugar este viernes a la tarde desde Plaza de Mayo al Congreso, con r\u00e9plicas en todo el pa\u00eds, a lo que se sumar\u00e1n actividades de organizaciones feministas durante toda la jornada, en ocasi\u00f3n de cumplirse siete a\u00f1os de la primera movilizaci\u00f3n.<\/p>\n<p>Como en ocasiones anteriores, las actividades de Ni Una Menos se har\u00e1n bajo la consigna\u00a0<strong>\u00ab\u00a1Vivas, libres y desendeudadas nos queremos! El Estado es responsable\u00bb<\/strong>.<\/p>\n<p>Entre las actividades previstas, la organizaci\u00f3n<strong>\u00a0Atravesados por el Femicidio<\/strong>, que nuclea a familias de v\u00edctimas de ese delito, har\u00e1 una<strong>\u00a0performance con zapatos\u00a0<\/strong>en la plaza del Congreso a las 10 de la ma\u00f1ana.<\/p>\n<p>Adem\u00e1s, en las redes sociales habr\u00e1 una iniciativa con familiares contando en primera persona sus historias con el pedido de que este 3 de junio \u00abse escuchen nuestros pedidos\u00bb.<\/p>\n<p>Luego, a las 12, la agrupaci\u00f3n<strong>\u00a0Familiares V\u00edctimas de Femicidios\u00a0<\/strong>realizar\u00e1 un memorial con las fotos de las v\u00edctimas en Plaza de Mayo.<\/p>\n<p>Desde la\u00a0<strong>Red de G\u00e9neros Oculta<\/strong>\u00a0organizar\u00e1n un recorrido por los pasillos del asentamiento Ciudad Oculta, ubicada en la Comuna 8 de la Ciudad, interviniendo paredes, ya que muchas de las vecinas no pueden asistir a marchar.<\/p>\n<p>El\u00a0<strong>Movimiento de Mujeres Ind\u00edgenas por el Buen Vivir\u00a0<\/strong>participar\u00e1 de la marcha bajo la consigna\u00a0<strong>\u00ababolici\u00f3n del chineo ya\u00bb<\/strong>, en relaci\u00f3n a la \u00abpr\u00e1ctica sist\u00e9mica, en formas crueles y aberrantes\u00bb que se da cuando hombres abusan sexualmente de ni\u00f1as y mujeres ind\u00edgenas.<\/p>\n<p>Desde el 3 de junio de 2015 al 27 de mayo de 2022, se produjeron\u00a0<strong>1.990 femicidios, 51 trans-travesticidios y 191 femicidios vinculados de varones<\/strong>, seg\u00fan un nuevo informe del Observatorio de Femicidios en Argentina \u201cAdriana Marisel Zambrano\u201d.<\/p>\n<p>En tanto, durante el 2021 se cometieron un total de 251 femicidios, entre ellos 20 vinculados y 5 trans-travesticidios, seg\u00fan el trabajo del Registro Nacional de Femicidios de la Justicia Argentina realizado por la Oficina de la Mujer (OM) de la Corte Suprema de Justicia de la Naci\u00f3n (CSJN), que fue divulgado esta semana.<\/p>\n<h2 class=\"\">Las movilizaciones en todo el pa\u00eds<\/h2>\n<p>En ese marco,<a href=\"https:\/\/www.telam.com.ar\/notas\/202206\/594393-gomez-alcorta-politicas-genero-diputados.html\" target=\"_blank\" rel=\"noopener\">\u00a0la ministra de Mujeres, G\u00e9nero y Diversidad, Elizabeth G\u00f3mez Alcorta, asegur\u00f3 que se necesita \u00abampliar el alcance de las pol\u00edticas contra las violencias de g\u00e9nero en el pa\u00eds\u00bb<\/a>\u00a0y \u00abpromover que haya ministerios en las provincias con m\u00e1s presupuesto\u00bb con compromiso de los gobiernos locales y los poderes del Estado \u00abpara avanzar en lo que nos falta\u00bb, al realizar en la C\u00e1mara de Diputados una evaluaci\u00f3n de los dos primeros a\u00f1os del Plan Nacional contra las Violencias.<\/p>\n<p>A nivel nacional, la Oficina de la Mujer (OM) de la Corte Suprema de Justicia revel\u00f3 el mi\u00e9rcoles que durante 2021 hubo 251 femicidios, a un promedio de uno cada 35 horas, un 13 por ciento menos a los casos registrados en 2020; mientras la Oficina de Violencia Dom\u00e9stica (OVD) report\u00f3 que en ese per\u00edodo atendi\u00f3 8.741 denuncias por violencia dom\u00e9stica, un 18% m\u00e1s que en 2020, y recibi\u00f3 7.339 consultas, un 36% m\u00e1s que el a\u00f1o anterior.<\/p>\n<p>En\u00a0<strong>La Plata<\/strong>\u00a0la Multisectorial de Mujeres, travestis, lesbianas y bisexuales de esa ciudad, Berisso y Ensenada marchar\u00e1 en demanda de medidas para erradicar la violencia de g\u00e9nero y en reclamo por la aparici\u00f3n de Tehuel de la Torre, el joven trans que desapareci\u00f3 en marzo de 2021, adem\u00e1s de consignas vinculadas a la deuda con el FMI, entre diversos motivos de convocatoria.<\/p>\n<p>Seg\u00fan la organizaci\u00f3n, a las 17 se reunir\u00e1n en la plaza Moreno para marchar por las principales avenidas de la capital bonaerense.<\/p>\n<figure class=\"mb-3\"><img decoding=\"async\" src=\"https:\/\/www.telam.com.ar\/thumbs\/bluesteel\/advf\/imagenes\/2022\/06\/629900d806fc3_900.jpg\" alt=\"Foto archivo\" width=\"100%\" height=\"100%\" \/><\/p>\n<div class=\"media-icons\"><\/div><figcaption>Foto: archivo.<\/figcaption><\/figure>\n<p>Adem\u00e1s, la Asociaci\u00f3n de Trabajadores de la Universidad de La Plata se sumar\u00e1 a la Campa\u00f1a Internacional Banco Rojo y colocar\u00e1 un banco en la sede gremial, en calle 44 entre 9 y 10, para concientizar contra la violencia por razones de g\u00e9nero.<\/p>\n<p>El Movimiento de Mujeres y Diversidad de\u00a0<strong>Mar del Plata y Bat\u00e1n<\/strong>\u00a0anunci\u00f3 que se movilizar\u00e1 desde Luro y Mitre a las 17:30 con la consigna \u00abNi un femicidio ni un travesticidio m\u00e1s. Pol\u00edticas p\u00fablicas y presupuesto ya\u00bb y pidi\u00f3 a los manifestantes portar la bandera violeta con los nombres de las v\u00edctimas locales.<\/p>\n<p>En el\u00a0<strong>Partido de La Costa<\/strong>\u00a0la movilizaci\u00f3n contra la violencia de g\u00e9nero comenzar\u00e1 a las 10 en las calles 69 y 4, para marchar desde all\u00ed hacia 63 y 4.<\/p>\n<p>En\u00a0<strong>Bah\u00eda Blanca\u00a0<\/strong>la actividad se concentrar\u00e1 a las 17 en la plaza Rivadavia, frente al Palacio Municipal, donde la organizaci\u00f3n trotskista Pan y Rosas, se\u00f1al\u00f3 que sigue \u00abexigiendo medidas concretas para no lamentar un femicidio a diario\u00bb.<\/p>\n<p>En la ciudad de\u00a0<strong>C\u00f3rdoba<\/strong>\u00a0la Asamblea Ni Una Menos convoc\u00f3 a marchar desde las 18, desde Col\u00f3n y Ca\u00f1ada hacia el centro comercial del Patio Olmos para reclamar la \u00abdestituci\u00f3n de jueces y funcionarios que amparan las violencias machistas\u00bb y exigir el cese de los femicidios, transfemicidios y travesticidios.<\/p>\n<p>Asimismo, adelantaron que pedir\u00e1n a los estados nacional, provincial y municipal \u00abpresupuesto y dise\u00f1o de pol\u00edticas p\u00fablicas eficientes, inclusivas e integrales\u00bb para las v\u00edctimas y sus familias que se encuentran en estado de vulnerabilidad socioecon\u00f3mica.<\/p>\n<p>En\u00a0<strong>Rosario<\/strong>, el llamado Comit\u00e9 Feminista ante la Emergencia Sanitaria, integrado por cerca de 80 organizaciones, marchar\u00e1 desde las 16 desde la plaza San Mart\u00edn hasta el Monumento Nacional a la Bandera, donde tienen previsto dar a conocer una proclama e invitaron a los participantes a llevar carteles y fotos con consignas y reclamos alusivos.<\/p>\n<p>La Municipalidad de Rosario dispuso el servicio \u00abgratuito\u00bb de las l\u00edneas urbanas de colectivos, entre las 15 y las 22 para facilitar el desplazamiento de manifestantes.<\/p>\n<p>En\u00a0<strong>Jujuy<\/strong>, la Multisectorial de Mujeres y Disidencias se movilizar\u00e1 a las 17, en la plaza Belgrano, para exigir \u00abjusticia\u00bb por los casos de femicidios y violencia de g\u00e9nero y reclamar \u00abmayor presencia del Estado\u00bb en el acompa\u00f1amiento a las v\u00edctimas.<\/p>\n<p>\u00abEste viernes 3 de junio vamos a sumarnos a esta jornada hist\u00f3rica que se realiza en Argentina y se replica a nivel mundial porque las causas de femicidio a nivel nacional y provincial no se han reducido\u00bb, afirm\u00f3 Patricia Bustamante de la agrupaci\u00f3n \u00abHartas j\u00f3venes en emergencia\u00bb.<\/p>\n<p>Bustamante invit\u00f3 a sumarse al reclamo de \u00abjusticia\u00bb como lo hacen \u00abmuchas familias que siguen peregrinando por femicidios y mujeres buscando una soluci\u00f3n a situaciones de violencia\u00bb.<\/p>\n<p>La marcha tambi\u00e9n pedir\u00e1 \u00abmayor presupuesto\u00bb en la implementaci\u00f3n de la ley de emergencia p\u00fablica para la atenci\u00f3n de personas en situaci\u00f3n de violencia de g\u00e9nero (Ley Iara), aprobada por la Legislatura provincial en octubre del 2020, y \u00abel reconocimiento de los sectores populares por el trabajo que vienen desarrollando en el acompa\u00f1amiento a la v\u00edctimas\u00bb.<\/p>\n<p>En Mendoza, la asamblea de Ni Una Menos conformada por m\u00e1s de 50 organizaciones se concentrar\u00e1 a las 18 en el denominado Kil\u00f3metro Cero de la capital provincial, en las calles San Mart\u00edn y Garibaldi, con la consigna \u00abPor Abigail, Gisella, Viviana, por Melody! Por todas!\u00bb.<\/p>\n<p>En\u00a0<strong>Entre R\u00edos<\/strong>, las actividades comenzar\u00e1n en la plaza 1 de Mayo de Paran\u00e1, frente a la Catedral, para luego marchar hasta los Tribunales donde habr\u00e1 actos art\u00edsticos y de lucha con advertencias de que \u00abla violencia del extractivismo es patriarcal\u00bb.<\/p>\n<p>En\u00a0<strong>Gualeguaych\u00fa\u00a0<\/strong>se realizar\u00e1 una movilizaci\u00f3n desde la plaza Urquiza, frente a la Municipalidad, hasta la plaza San Mart\u00edn, frente a Tribunales, donde se exigir\u00e1 que el Poder Judicial \u00abd\u00e9 respuesta con rapidez, accesibilidad y claridad\u00bb y una Justicia antipatriarcal, popular y feminista con jueces y fiscales con perspectiva de g\u00e9nero, seg\u00fan la Asamblea EnRedada Feminista, una de las organizadoras.<\/p>\n<figure class=\"mb-3\"><img decoding=\"async\" src=\"https:\/\/www.telam.com.ar\/thumbs\/bluesteel\/advf\/imagenes\/2021\/06\/60b94632148ab_900.jpg\" alt=\"Foto archivo\" width=\"100%\" height=\"100%\" \/><\/p>\n<div class=\"media-icons\"><\/div><figcaption>Foto: archivo.<\/figcaption><\/figure>\n<p>En\u00a0<strong>Santiago del Estero<\/strong>, \u00aba siete a\u00f1os del primer Ni Una Menos la violencia por motivos de g\u00e9nero sigue siendo una de las problem\u00e1ticas m\u00e1s graves en la provincia\u00bb, dijo a T\u00e9lam la presidenta de Ni Una Menos local, Natalia Gabellini.<\/p>\n<p>\u00abMarchamos para pedir la descentralizaci\u00f3n y la integralidad de las pol\u00edticas de g\u00e9nero, la implementaci\u00f3n efectiva de la ESI y la Ley Micaela, el acceso a la salud sexual y (no) reproductiva en todo el territorio\u00bb, a\u00f1adi\u00f3.<\/p>\n<p>La movilizaci\u00f3n del viernes a las 17, frente a Tribunales, busca \u00abfrenar la violencia contra nuestros cuerpos, y para decir basta de femicidios y transfemicidios\u00bb y por \u00abnuestra independencia econ\u00f3mica, por proyectos productivos para mujeres y diversidades, por trabajo para nuestros colectivos, por la tierra y el techo donde vivir\u00bb.<\/p>\n<p>En\u00a0<strong>Tierra del Fuego<\/strong>, los colectivos feministas realizar\u00e1n marchas en las calles de Ushuaia, R\u00eco Grande y Tolhuin para adherir a la jornada nacional \u00abNi una menos\u00bb contra la violencia hacia las mujeres.<\/p>\n<p>En\u00a0<strong>Ushuaia<\/strong>, la manifestaci\u00f3n por el centro capitalino pedir\u00e1 justicia por los femicidios de todo el pa\u00eds y en particular por el de Zulema Medina, de 39 a\u00f1os asesinada el 22 de febrero por su pareja, mientras en R\u00edo Grande la concentraci\u00f3n ser\u00e1 a las 17 frente a la Torre de Agua de esa ciudad, con un pedido de una reforma judicial con perspectiva de g\u00e9nero.<\/p>\n<p>El movimiento feminista de\u00a0<strong>R\u00edo Grande<\/strong>\u00a0exige que se garantice el cumplimiento de la ley voluntaria de interrupci\u00f3n del embarazo en el hospital de la ciudad porque \u00abes objetor de conciencia y no hay ning\u00fan profesional que lleve adelante las interrupciones legales de embarazo con causales como define la ley nacional\u00bb.<\/p>\n<p>En\u00a0<strong>Santa Cruz<\/strong>, la Mesa Feminista Independiente de R\u00edo Gallegos convoc\u00f3 al acto para las 17 en el m\u00e1stil mayor de la ciudad, y la dirigente Romina Mc Namara dijo a T\u00e9lam que este a\u00f1o \u00abentre los reclamos principales se exige la perspectiva de g\u00e9nero en los casos de femicidios, transfeminicidios y abusos a las infancias; y la capacitaci\u00f3n, integraci\u00f3n y optimizaci\u00f3n de los organismos que intervienen en los casos de violencia\u00bb.<\/p>\n<p>La \u00abaparici\u00f3n con vida de Marcela L\u00f3pez (desaparecida hace un a\u00f1o) y el pedido de justicia por Jesica Minaglia, Marcela Chocobar, Zulma Malvar, Elva Garc\u00eda, Stefi Rosales y Liseth Barrera\u00bb, se reiterar\u00e1 este a\u00f1o.<\/p>\n<p>La Asociaci\u00f3n Docentes de\u00a0<strong>Santa Cruz<\/strong>\u00a0(Adosac) dispuso \u00abadherir con una jornada de paro y movilizaci\u00f3n a las actividades impulsadas y organizadas por la Mesa Feminista Independiente\u00bb.<\/p>\n<p>En Neuqu\u00e9n, las organizaciones feministas, pol\u00edticas, sociales y sindicales realizaron una convocatoria para movilizarse el viernes a partir de las 17.30 desde el monumento a San Mart\u00edn, en pleno centro de la capital provincial.<\/p>\n<p>\u00abLa calle nos encontr\u00f3 en un grito de hartazgo frente a la naturalizaci\u00f3n de la violencia machista y la sucesi\u00f3n de femicidios\u00bb, se\u00f1al\u00f3 la concejala neuquina del Frente de Izquierda y referente de la agrupaci\u00f3n Pan y Rosas, Julieta Katcoff, y opin\u00f3 que \u00abes urgente reorganizar la fuerza de las mujeres en las calles para exigir al Estado y sus gobiernos mayor presupuesto para abordajes integrales, sobre todo para las \u00e1reas involucradas que puedan detectar tempranamente los casos y acompa\u00f1en a las v\u00edctimas\u00bb.<\/p>\n<p>En\u00a0<strong>R\u00edo Negro<\/strong>, el colectivo feminista Frente Verde convoc\u00f3 a concentrarse a las 16:30 frente al Poder Judicial en Viedma, para luego marchar hasta la plaza San Mart\u00edn con un festival de m\u00fasica con artistas locales y habr\u00e1 actividades en Cipolletti, General Roca y San Carlos de Bariloche.<\/p>\n<p>En\u00a0<strong>San Luis<\/strong>, la marcha se concretar\u00e1 a las 16 desde el Centro Cultural Jos\u00e9 La V\u00eda para luego dirigirse a la zona de microcentro puntano y tendr\u00e1 como consigna principal la b\u00fasqueda de la ni\u00f1a Guadalupe Lucero, que desapareci\u00f3 hace 11 meses cuando jugaba en la puerta de su casa, y un reclamo por el esclarecimiento de la muerte de Florencia Magali Morales en una comisar\u00eda, tras ser detenida durante el aislamiento social preventivo y obligatorio en la localidad de Santa Rosa de Conlara.<\/p>\n<p>La representante local de Mumal\u00e1, Ail\u00e9n Chaine, dijo a T\u00e9lam que desde 2015, cuando se inici\u00f3 el \u00abNi Una Menos\u00bb, se registraron 18 femicidios en la provincia y enfatiz\u00f3 que \u00abvolvemos a las calles para exigir una justicia que no sea patriarcal\u00bb y que \u00abno haya ni una v\u00edctima m\u00e1s por violencia de g\u00e9nero o femicidios\u00bb.<\/p>\n<p>En Chubut la convocatoria de la Multisectorial \u00abVivas y Libres nos queremos\u00bb se realizar\u00e1 en varias localidades, entre ellas Trelew, que convoc\u00f3 desde las 17 a manifestarse en la Plaza Independencia.<\/p>\n<p>\u00abEste a\u00f1o salimos a las calles por una reforma judicial transfeminista\u00bb, se\u00f1al\u00f3 a T\u00e9lam la directora de Mujeres y G\u00e9nero de ese municipio, Priscila Llancafil.<\/p>\n<figure class=\"mb-3\"><img decoding=\"async\" src=\"https:\/\/www.telam.com.ar\/thumbs\/bluesteel\/advf\/imagenes\/2022\/06\/6299290f70011_900.jpg\" alt=\"Telam SE\" width=\"100%\" height=\"100%\" \/><\/p>\n<div class=\"media-icons\"><\/div>\n<\/figure>\n","protected":false},"excerpt":{"rendered":"<p>La movilizaci\u00f3n tendr\u00e1 lugar este viernes bajo la consigna \u00ab\u00a1Vivas, libres y desendeudadas nos queremos! El Estado es responsable\u00bb.<\/p>\n","protected":false},"author":3,"featured_media":0,"comment_status":"closed","ping_status":"closed","sticky":false,"template":"","format":"standard","meta":{"footnotes":""},"categories":[24],"tags":[],"class_list":["post-73163","post","type-post","status-publish","format-standard","hentry","category-politica"],"yoast_head":"<!-- This site is optimized with the Yoast SEO plugin v25.9 - https:\/\/yoast.com\/wordpress\/plugins\/seo\/ -->\n<title>Siete a\u00f1os de la primera Ni Una Menos: habr\u00e1 marchas al Congreso y en todo el pa\u00eds - Noticias Radio Reflejos<\/title>\n<meta name=\"robots\" content=\"index, follow, max-snippet:-1, max-image-preview:large, max-video-preview:-1\" \/>\n<link rel=\"canonical\" href=\"https:\/\/www.noticiasradioreflejos.com.ar\/2021\/siete-anos-de-la-primera-ni-una-menos-habra-marchas-al-congreso-y-en-todo-el-pais\/\" \/>\n<meta property=\"og:locale\" content=\"es_ES\" \/>\n<meta property=\"og:type\" content=\"article\" \/>\n<meta property=\"og:title\" content=\"Siete a\u00f1os de la primera Ni Una Menos: habr\u00e1 marchas al Congreso y en todo el pa\u00eds - Noticias Radio Reflejos\" \/>\n<meta property=\"og:description\" content=\"La movilizaci\u00f3n tendr\u00e1 lugar este viernes bajo la consigna \u00ab\u00a1Vivas, libres y desendeudadas nos queremos! El Estado es responsable\u00bb.\" \/>\n<meta property=\"og:url\" content=\"https:\/\/www.noticiasradioreflejos.com.ar\/2021\/siete-anos-de-la-primera-ni-una-menos-habra-marchas-al-congreso-y-en-todo-el-pais\/\" \/>\n<meta property=\"og:site_name\" content=\"Noticias Radio Reflejos\" \/>\n<meta property=\"article:published_time\" content=\"2022-06-03T12:05:02+00:00\" \/>\n<meta property=\"og:image\" content=\"https:\/\/www.telam.com.ar\/thumbs\/bluesteel\/advf\/imagenes\/2021\/12\/61cf4bfc2729a_900.jpg\" \/>\n<meta name=\"author\" content=\"Arnaldo Botto\" \/>\n<meta name=\"twitter:card\" content=\"summary_large_image\" \/>\n<script type=\"application\/ld+json\" class=\"yoast-schema-graph\">{\"@context\":\"https:\/\/schema.org\",\"@graph\":[{\"@type\":\"WebPage\",\"@id\":\"https:\/\/www.noticiasradioreflejos.com.ar\/2021\/siete-anos-de-la-primera-ni-una-menos-habra-marchas-al-congreso-y-en-todo-el-pais\/\",\"url\":\"https:\/\/www.noticiasradioreflejos.com.ar\/2021\/siete-anos-de-la-primera-ni-una-menos-habra-marchas-al-congreso-y-en-todo-el-pais\/\",\"name\":\"Siete a\u00f1os de la primera Ni Una Menos: habr\u00e1 marchas al Congreso y en todo el pa\u00eds - Noticias Radio Reflejos\",\"isPartOf\":{\"@id\":\"https:\/\/www.noticiasradioreflejos.com.ar\/2021\/#website\"},\"primaryImageOfPage\":{\"@id\":\"https:\/\/www.noticiasradioreflejos.com.ar\/2021\/siete-anos-de-la-primera-ni-una-menos-habra-marchas-al-congreso-y-en-todo-el-pais\/#primaryimage\"},\"image\":{\"@id\":\"https:\/\/www.noticiasradioreflejos.com.ar\/2021\/siete-anos-de-la-primera-ni-una-menos-habra-marchas-al-congreso-y-en-todo-el-pais\/#primaryimage\"},\"thumbnailUrl\":\"https:\/\/www.telam.com.ar\/thumbs\/bluesteel\/advf\/imagenes\/2021\/12\/61cf4bfc2729a_900.jpg\",\"datePublished\":\"2022-06-03T12:05:02+00:00\",\"author\":{\"@id\":\"https:\/\/www.noticiasradioreflejos.com.ar\/2021\/#\/schema\/person\/ad82545263dcc5ec0996818884fd5fb1\"},\"breadcrumb\":{\"@id\":\"https:\/\/www.noticiasradioreflejos.com.ar\/2021\/siete-anos-de-la-primera-ni-una-menos-habra-marchas-al-congreso-y-en-todo-el-pais\/#breadcrumb\"},\"inLanguage\":\"es\",\"potentialAction\":[{\"@type\":\"ReadAction\",\"target\":[\"https:\/\/www.noticiasradioreflejos.com.ar\/2021\/siete-anos-de-la-primera-ni-una-menos-habra-marchas-al-congreso-y-en-todo-el-pais\/\"]}]},{\"@type\":\"ImageObject\",\"inLanguage\":\"es\",\"@id\":\"https:\/\/www.noticiasradioreflejos.com.ar\/2021\/siete-anos-de-la-primera-ni-una-menos-habra-marchas-al-congreso-y-en-todo-el-pais\/#primaryimage\",\"url\":\"https:\/\/www.telam.com.ar\/thumbs\/bluesteel\/advf\/imagenes\/2021\/12\/61cf4bfc2729a_900.jpg\",\"contentUrl\":\"https:\/\/www.telam.com.ar\/thumbs\/bluesteel\/advf\/imagenes\/2021\/12\/61cf4bfc2729a_900.jpg\"},{\"@type\":\"BreadcrumbList\",\"@id\":\"https:\/\/www.noticiasradioreflejos.com.ar\/2021\/siete-anos-de-la-primera-ni-una-menos-habra-marchas-al-congreso-y-en-todo-el-pais\/#breadcrumb\",\"itemListElement\":[{\"@type\":\"ListItem\",\"position\":1,\"name\":\"Portada\",\"item\":\"https:\/\/www.noticiasradioreflejos.com.ar\/2021\/\"},{\"@type\":\"ListItem\",\"position\":2,\"name\":\"Siete a\u00f1os de la primera Ni Una Menos: habr\u00e1 marchas al Congreso y en todo el pa\u00eds\"}]},{\"@type\":\"WebSite\",\"@id\":\"https:\/\/www.noticiasradioreflejos.com.ar\/2021\/#website\",\"url\":\"https:\/\/www.noticiasradioreflejos.com.ar\/2021\/\",\"name\":\"Noticias Radio Reflejos\",\"description\":\"Las noticias de mi comarca\",\"potentialAction\":[{\"@type\":\"SearchAction\",\"target\":{\"@type\":\"EntryPoint\",\"urlTemplate\":\"https:\/\/www.noticiasradioreflejos.com.ar\/2021\/?s={search_term_string}\"},\"query-input\":{\"@type\":\"PropertyValueSpecification\",\"valueRequired\":true,\"valueName\":\"search_term_string\"}}],\"inLanguage\":\"es\"},{\"@type\":\"Person\",\"@id\":\"https:\/\/www.noticiasradioreflejos.com.ar\/2021\/#\/schema\/person\/ad82545263dcc5ec0996818884fd5fb1\",\"name\":\"Arnaldo Botto\",\"image\":{\"@type\":\"ImageObject\",\"inLanguage\":\"es\",\"@id\":\"https:\/\/www.noticiasradioreflejos.com.ar\/2021\/#\/schema\/person\/image\/\",\"url\":\"https:\/\/secure.gravatar.com\/avatar\/55cb5e37c1efa326397366e6974cb338056df65cb50e7d64d1cf314e87504837?s=96&d=mm&r=g\",\"contentUrl\":\"https:\/\/secure.gravatar.com\/avatar\/55cb5e37c1efa326397366e6974cb338056df65cb50e7d64d1cf314e87504837?s=96&d=mm&r=g\",\"caption\":\"Arnaldo Botto\"},\"url\":\"https:\/\/www.noticiasradioreflejos.com.ar\/2021\/author\/arnaldo\/\"}]}<\/script>\n<!-- \/ Yoast SEO plugin. -->","yoast_head_json":{"title":"Siete a\u00f1os de la primera Ni Una Menos: habr\u00e1 marchas al Congreso y en todo el pa\u00eds - Noticias Radio Reflejos","robots":{"index":"index","follow":"follow","max-snippet":"max-snippet:-1","max-image-preview":"max-image-preview:large","max-video-preview":"max-video-preview:-1"},"canonical":"https:\/\/www.noticiasradioreflejos.com.ar\/2021\/siete-anos-de-la-primera-ni-una-menos-habra-marchas-al-congreso-y-en-todo-el-pais\/","og_locale":"es_ES","og_type":"article","og_title":"Siete a\u00f1os de la primera Ni Una Menos: habr\u00e1 marchas al Congreso y en todo el pa\u00eds - Noticias Radio Reflejos","og_description":"La movilizaci\u00f3n tendr\u00e1 lugar este viernes bajo la consigna \u00ab\u00a1Vivas, libres y desendeudadas nos queremos! El Estado es responsable\u00bb.","og_url":"https:\/\/www.noticiasradioreflejos.com.ar\/2021\/siete-anos-de-la-primera-ni-una-menos-habra-marchas-al-congreso-y-en-todo-el-pais\/","og_site_name":"Noticias Radio Reflejos","article_published_time":"2022-06-03T12:05:02+00:00","og_image":[{"url":"https:\/\/www.telam.com.ar\/thumbs\/bluesteel\/advf\/imagenes\/2021\/12\/61cf4bfc2729a_900.jpg","type":"","width":"","height":""}],"author":"Arnaldo Botto","twitter_card":"summary_large_image","schema":{"@context":"https:\/\/schema.org","@graph":[{"@type":"WebPage","@id":"https:\/\/www.noticiasradioreflejos.com.ar\/2021\/siete-anos-de-la-primera-ni-una-menos-habra-marchas-al-congreso-y-en-todo-el-pais\/","url":"https:\/\/www.noticiasradioreflejos.com.ar\/2021\/siete-anos-de-la-primera-ni-una-menos-habra-marchas-al-congreso-y-en-todo-el-pais\/","name":"Siete a\u00f1os de la primera Ni Una Menos: habr\u00e1 marchas al Congreso y en todo el pa\u00eds - Noticias Radio Reflejos","isPartOf":{"@id":"https:\/\/www.noticiasradioreflejos.com.ar\/2021\/#website"},"primaryImageOfPage":{"@id":"https:\/\/www.noticiasradioreflejos.com.ar\/2021\/siete-anos-de-la-primera-ni-una-menos-habra-marchas-al-congreso-y-en-todo-el-pais\/#primaryimage"},"image":{"@id":"https:\/\/www.noticiasradioreflejos.com.ar\/2021\/siete-anos-de-la-primera-ni-una-menos-habra-marchas-al-congreso-y-en-todo-el-pais\/#primaryimage"},"thumbnailUrl":"https:\/\/www.telam.com.ar\/thumbs\/bluesteel\/advf\/imagenes\/2021\/12\/61cf4bfc2729a_900.jpg","datePublished":"2022-06-03T12:05:02+00:00","author":{"@id":"https:\/\/www.noticiasradioreflejos.com.ar\/2021\/#\/schema\/person\/ad82545263dcc5ec0996818884fd5fb1"},"breadcrumb":{"@id":"https:\/\/www.noticiasradioreflejos.com.ar\/2021\/siete-anos-de-la-primera-ni-una-menos-habra-marchas-al-congreso-y-en-todo-el-pais\/#breadcrumb"},"inLanguage":"es","potentialAction":[{"@type":"ReadAction","target":["https:\/\/www.noticiasradioreflejos.com.ar\/2021\/siete-anos-de-la-primera-ni-una-menos-habra-marchas-al-congreso-y-en-todo-el-pais\/"]}]},{"@type":"ImageObject","inLanguage":"es","@id":"https:\/\/www.noticiasradioreflejos.com.ar\/2021\/siete-anos-de-la-primera-ni-una-menos-habra-marchas-al-congreso-y-en-todo-el-pais\/#primaryimage","url":"https:\/\/www.telam.com.ar\/thumbs\/bluesteel\/advf\/imagenes\/2021\/12\/61cf4bfc2729a_900.jpg","contentUrl":"https:\/\/www.telam.com.ar\/thumbs\/bluesteel\/advf\/imagenes\/2021\/12\/61cf4bfc2729a_900.jpg"},{"@type":"BreadcrumbList","@id":"https:\/\/www.noticiasradioreflejos.com.ar\/2021\/siete-anos-de-la-primera-ni-una-menos-habra-marchas-al-congreso-y-en-todo-el-pais\/#breadcrumb","itemListElement":[{"@type":"ListItem","position":1,"name":"Portada","item":"https:\/\/www.noticiasradioreflejos.com.ar\/2021\/"},{"@type":"ListItem","position":2,"name":"Siete a\u00f1os de la primera Ni Una Menos: habr\u00e1 marchas al Congreso y en todo el pa\u00eds"}]},{"@type":"WebSite","@id":"https:\/\/www.noticiasradioreflejos.com.ar\/2021\/#website","url":"https:\/\/www.noticiasradioreflejos.com.ar\/2021\/","name":"Noticias Radio Reflejos","description":"Las noticias de mi comarca","potentialAction":[{"@type":"SearchAction","target":{"@type":"EntryPoint","urlTemplate":"https:\/\/www.noticiasradioreflejos.com.ar\/2021\/?s={search_term_string}"},"query-input":{"@type":"PropertyValueSpecification","valueRequired":true,"valueName":"search_term_string"}}],"inLanguage":"es"},{"@type":"Person","@id":"https:\/\/www.noticiasradioreflejos.com.ar\/2021\/#\/schema\/person\/ad82545263dcc5ec0996818884fd5fb1","name":"Arnaldo Botto","image":{"@type":"ImageObject","inLanguage":"es","@id":"https:\/\/www.noticiasradioreflejos.com.ar\/2021\/#\/schema\/person\/image\/","url":"https:\/\/secure.gravatar.com\/avatar\/55cb5e37c1efa326397366e6974cb338056df65cb50e7d64d1cf314e87504837?s=96&d=mm&r=g","contentUrl":"https:\/\/secure.gravatar.com\/avatar\/55cb5e37c1efa326397366e6974cb338056df65cb50e7d64d1cf314e87504837?s=96&d=mm&r=g","caption":"Arnaldo Botto"},"url":"https:\/\/www.noticiasradioreflejos.com.ar\/2021\/author\/arnaldo\/"}]}},"_links":{"self":[{"href":"https:\/\/www.noticiasradioreflejos.com.ar\/2021\/wp-json\/wp\/v2\/posts\/73163","targetHints":{"allow":["GET"]}}],"collection":[{"href":"https:\/\/www.noticiasradioreflejos.com.ar\/2021\/wp-json\/wp\/v2\/posts"}],"about":[{"href":"https:\/\/www.noticiasradioreflejos.com.ar\/2021\/wp-json\/wp\/v2\/types\/post"}],"author":[{"embeddable":true,"href":"https:\/\/www.noticiasradioreflejos.com.ar\/2021\/wp-json\/wp\/v2\/users\/3"}],"replies":[{"embeddable":true,"href":"https:\/\/www.noticiasradioreflejos.com.ar\/2021\/wp-json\/wp\/v2\/comments?post=73163"}],"version-history":[{"count":1,"href":"https:\/\/www.noticiasradioreflejos.com.ar\/2021\/wp-json\/wp\/v2\/posts\/73163\/revisions"}],"predecessor-version":[{"id":73165,"href":"https:\/\/www.noticiasradioreflejos.com.ar\/2021\/wp-json\/wp\/v2\/posts\/73163\/revisions\/73165"}],"wp:attachment":[{"href":"https:\/\/www.noticiasradioreflejos.com.ar\/2021\/wp-json\/wp\/v2\/media?parent=73163"}],"wp:term":[{"taxonomy":"category","embeddable":true,"href":"https:\/\/www.noticiasradioreflejos.com.ar\/2021\/wp-json\/wp\/v2\/categories?post=73163"},{"taxonomy":"post_tag","embeddable":true,"href":"https:\/\/www.noticiasradioreflejos.com.ar\/2021\/wp-json\/wp\/v2\/tags?post=73163"}],"curies":[{"name":"wp","href":"https:\/\/api.w.org\/{rel}","templated":true}]}}