{"id":73158,"date":"2022-06-03T10:56:29","date_gmt":"2022-06-03T10:56:29","guid":{"rendered":"http:\/\/www.noticiasradioreflejos.com.ar\/2021\/?p=73158"},"modified":"2022-06-03T11:05:16","modified_gmt":"2022-06-03T11:05:16","slug":"inseguridad-hay-que-salir-dela-discusion-banal-gatillo-facil-vs-abolicionismo","status":"publish","type":"post","link":"https:\/\/www.noticiasradioreflejos.com.ar\/2021\/inseguridad-hay-que-salir-dela-discusion-banal-gatillo-facil-vs-abolicionismo\/","title":{"rendered":"INSEGURIDAD: Hay que salir dela discusi\u00f3n banal \u00abGATILLO F\u00c1CIL vs ABOLICIONISMO\u00bb"},"content":{"rendered":"<p>La historia demuestra que las estructuras del Estado en su gran mayor\u00eda, han sido creadas durante los gobiernos de facto militares y en los gobiernos peronistas. Las mismas tienen una dimensi\u00f3n y autonom\u00eda, que hoy por hoy resulta muy complejo su manejo a\u00fan para aqu\u00e9llos que tienen responsabilidades de creaci\u00f3n.<!--more--><\/p>\n<p>En ese sentido, la situaci\u00f3n por la que atraviesan los cuerpos de Seguridad y en nuestra Provincia de Buenos Aires, la conocida \u201cBonaerense\u201d, tienden en forma permanente a transitar posiciones de mucha gravedad.<br \/>\nPara conceptualizar la problem\u00e1tica que implica la seguridad, se puede considerar que un an\u00e1lisis de la misma est\u00e1 basado en cuatro pilares que son: a) Las cuestiones sociales (la exclusi\u00f3n y falta de esperanzas); b) Las fuerzas de seguridad (polic\u00eda); c) La Justicia; d) Servicio Penitenciario y finalmente un tema que est\u00e1 en ascenso: el narcotr\u00e1fico, cuyos efectos terminan castigando a los sectores m\u00e1s vulnerables de nuestro pueblo.<br \/>\nLa primera y necesaria conclusi\u00f3n ser\u00eda que la brutal deserci\u00f3n del Estado, por falta de programas que planifiquen, en suma, pol\u00edticas que enfrenten la crisis social existente y planifique hacia adelante resguardando la posibilidad de progreso y calidad de vida de nuestra ciudadan\u00eda.<br \/>\nLa seriedad del tema que se aborda, obliga al pr\u00f3ximo Gobierno de la Provincia de Buenos Aires, a una discusi\u00f3n abierta y responsable y no deben ser tomados a la ligera, sometidos al consumo medi\u00e1tico con su catarata de slogans,<br \/>\n(desde proponer que la sociedad se arme y entrar a la Pcia con una metra, hasta le actitud del actual ministro, m\u00e1s preocupado por la interna del Gobierno que por la seguridad en la Pcia.)<br \/>\nsin los diagn\u00f3sticos precisos que ayuden a construir una propuesta integral, para poder enfrentar el desaf\u00edo que presupone, teniendo la urgencia de la sociedad que desea sentirse m\u00e1s segura.<br \/>\nEn primer lugar coincidimos que con 6 meses de preparaci\u00f3n no se hace un polic\u00eda, que tienen que tener salarios dignos y que hay que hacer una inversi\u00f3n importante en m\u00f3viles, helic\u00f3pteros, equipos de comunicaci\u00f3n, chalecos antibalas etc. Pero es imprescindible poner \u00e9nfasis en subir el presupuesto de la escuela Juan Vucetich para una mejor preparaci\u00f3n del personal que egresa de la misma, modificando los planes de estudios, incrementando las pr\u00e1cticas de tiro, prepar\u00e1ndolos fundamentalmente para la prevenci\u00f3n, primeros auxilios, detectar riesgo social o de violencia de g\u00e9nero etc.<br \/>\nUna vez egresados cada agente tendr\u00eda que ser evaluado anualmente para sus futuros asensos, que se le realicen ex\u00e1menes psicof\u00edsico, pr\u00e1cticas de tiro y manejo de armas.<br \/>\nDel mismo modo se deber\u00edan establecer cursos de estado mayor para todos los grados superiores, comisarios, comisarios inspectores, comisarios mayores, comisario general, los comisarios inspectores que en una nueva esteuctura estarian a cargo de los cuarteles tendr\u00edan que ser nombrados con acuerdo de la legislatura. Los mismos deber\u00edan tener aprobada una Tesis, para exponer p\u00fablicamente antes de su nombramiento, dicha tesis tiene que contemplar como disminuir el delito en un distrito predeterminado, como enfrentar bandas organizadas (Piratas del asfalto, narcotr\u00e1fico, comercializaci\u00f3n de estupefacientes etc.) cantidad de efectivos, recursos materiales, cantidad de cuadriculas.<br \/>\nTodo lo expuesto anteriormente dar\u00eda muy pocos resultados para disminuir los \u00edndices delictivos si no se hace una reforma integral de la actual estructura de la polic\u00eda bonaerense modificando la actual divisi\u00f3n de territorio, suplant\u00e1ndolos centros fijos por m\u00f3viles, para eso deber\u00edan crearse 135 cuarteles de polic\u00eda (Uno por distrito) y 220 sub cuarteles, estos \u00faltimos fundamentalmente en zona rurales, donde la distancia es grande entre un pueblo y otro dentro del mismo distrito, en remplazo de las m\u00e1s de 1400 comisar\u00edas, subcomisarias, y puestos, cada cuartel a cargo de un comisario inspector, con 4 comisarios a cargo de: personal, operaciones, log\u00edstica, e inteligencia respectivamente.<br \/>\nCada cuartel organizar\u00eda el sistema de cuadriculas de acuerdo a las particularidades de cada distrito y a propuesta del jefe designado. Cada cuadricula tendr\u00eda 6 efectivos (2 por turno) y un oficial subalterno a cargo. El departamento de inteligencia e investigaciones deber\u00eda trabajar coordinadamente con los fiscales de los respectivos departamentos Judiciales; el departamento de log\u00edstica deber\u00eda cumplir con su funci\u00f3n eficazmente por ejemplo, en cuanto a combustible y reparaci\u00f3n de veh\u00edculos con el municipio, esto \u00faltimo ya funciona de esta manera.<br \/>\nSeg\u00fan como se arme el sistema de patrullaje en las zonas rurales, se calcula que en toda la Pcia serian entre 5000 y 5500 cuadriculas.<br \/>\nEn el conurbano cada 3 cuarteles (Distrito) deber\u00eda existir un escuadr\u00f3n de caballer\u00eda, otro de infanter\u00eda, y un grupo GEO helitransportados, estos al estar radicados en territorio propio, permitir\u00eda no solo cubrir espect\u00e1culos los fines de semana, sino que tambi\u00e9n en la semana cubrir\u00eda otros objetivos por ejemplo centros comerciales; en el interior se organiza seg\u00fan las particularidades de la zona.<br \/>\nCada cuartel contara con un centro de monitoreo con personal permanente observando las c\u00e1mara de seguridad que se dispondr\u00e1n en todas las cuadriculas.<br \/>\nLos municipios tendr\u00edan que destinar trabajadoras sociales al departamento de log\u00edstica, las mismas actuar\u00edan directamente ante situaciones de riesgo social, violencia de g\u00e9nero, contando con los informes de los agentes de cada cuadricula, de la misma forma elevar\u00edan sus informes al Dpto de inteligencia aquellas situaciones de organizaciones criminales que operen en sus zonas.<br \/>\nSe deber\u00edan restablecer todos los cuerpos de inspecci\u00f3n: Armas, personal, operaciones, inteligencia, Remonta y veterinaria etc. Dependiendo de la jefatura Pcial.<br \/>\nAquellos escuadrones dedicados a substancias peligrosas, polic\u00eda cient\u00edfica y el de explosivos deber\u00edan permanecer en la \u00f3rbita de la jefatura Provincial, con sus respectivos organigramas.<br \/>\nLas actuales comisarias pasar\u00edan a ser oficinas administrativas para radicar denuncias y tramites varios atendidas por civiles.<br \/>\nSe deber\u00eda crear el cargo de controlador Policial a cargo del Municipio, cuyo objetivo ser\u00e1 verificar el buen funcionamiento de las cuadriculas y la respuestas del personal social ante el requerimiento de riesgo social as\u00ed como tambi\u00e9n el funcionamiento de la polic\u00eda local. El mismo tendr\u00eda que estar a cargo de la oposici\u00f3n y elevar informes bimestrales a la legislatura y al ministerio de seguridad sobre la bonaerense y al HCD sobre las locales.<br \/>\nCon respecto a las polic\u00edas locales habr\u00eda que redireccionar el objetivo de origen, en primer lugar debido al bajo nivel de instrucci\u00f3n recibido, habr\u00eda que capacitarlos para que recaiga en esas fuerzas locales la custodia de puntos fijos solicitados por la justicia, as\u00ed como tambi\u00e9n dar apoyo a las fuerzas Pciales.<br \/>\nPara desarrollar una reforma de estas caracter\u00edsticas es imprescindible capacitar a todo el personal, ahora el solo hecho de cambiar la estructura superior de la fuerza, de que haya un responsable por distrito, que ese responsable llegue por concurso y con aval de la legislatura, que se reponga la cadena de mandos, va a anular focos de corrupci\u00f3n, se terminar\u00edan los destinos por amiguismo, se profesionalizar\u00eda la conducci\u00f3n y luego los cuadros subalternos, eso seguramente trae aparejado mayor prevenci\u00f3n y disuasi\u00f3n para los delincuentes, teniendo los primeros resultado al a\u00f1o de iniciada la reforma.<br \/>\nPodemos hacer una o mil purgas en los mandos, pero si seguimos implementando el sistema de saturaci\u00f3n, ( mas delito m\u00e1s polic\u00edas, menos profesionalismo) y si no reformamos la actual estructura de la polic\u00eda bonaerense, lamentablemente la inseguridad seguir\u00e1 creciendo y la polic\u00eda seguir\u00e1 atada a la interna del PJ bonaerense y a los designios de sus dirigentes.<\/p>\n<p><strong>FABIO ABRAHAM <\/strong><br \/>\n<strong>Ex Secretario de Gobierno <\/strong><br \/>\n<strong>Concejal UCR (MC)<\/strong><br \/>\n<strong>Lomas de Zamora <\/strong><br \/>\n<strong>fabioabraham@hotmail.com.ar<\/strong><\/p>\n","protected":false},"excerpt":{"rendered":"<p>La historia demuestra que las estructuras del Estado en su gran mayor\u00eda, han sido creadas durante los gobiernos de facto militares y en los gobiernos peronistas. Las mismas tienen una dimensi\u00f3n y autonom\u00eda, que hoy por hoy resulta muy complejo su manejo a\u00fan para aqu\u00e9llos que tienen responsabilidades de creaci\u00f3n.<\/p>\n","protected":false},"author":3,"featured_media":0,"comment_status":"closed","ping_status":"closed","sticky":false,"template":"","format":"standard","meta":{"footnotes":""},"categories":[24],"tags":[],"class_list":["post-73158","post","type-post","status-publish","format-standard","hentry","category-politica"],"yoast_head":"<!-- This site is optimized with the Yoast SEO plugin v25.9 - https:\/\/yoast.com\/wordpress\/plugins\/seo\/ -->\n<title>INSEGURIDAD: Hay que salir dela discusi\u00f3n banal &quot;GATILLO F\u00c1CIL vs ABOLICIONISMO&quot; - Noticias Radio Reflejos<\/title>\n<meta name=\"robots\" content=\"index, follow, max-snippet:-1, max-image-preview:large, max-video-preview:-1\" \/>\n<link rel=\"canonical\" href=\"https:\/\/www.noticiasradioreflejos.com.ar\/2021\/inseguridad-hay-que-salir-dela-discusion-banal-gatillo-facil-vs-abolicionismo\/\" \/>\n<meta property=\"og:locale\" content=\"es_ES\" \/>\n<meta property=\"og:type\" content=\"article\" \/>\n<meta property=\"og:title\" content=\"INSEGURIDAD: Hay que salir dela discusi\u00f3n banal &quot;GATILLO F\u00c1CIL vs ABOLICIONISMO&quot; - Noticias Radio Reflejos\" \/>\n<meta property=\"og:description\" content=\"La historia demuestra que las estructuras del Estado en su gran mayor\u00eda, han sido creadas durante los gobiernos de facto militares y en los gobiernos peronistas. Las mismas tienen una dimensi\u00f3n y autonom\u00eda, que hoy por hoy resulta muy complejo su manejo a\u00fan para aqu\u00e9llos que tienen responsabilidades de creaci\u00f3n.\" \/>\n<meta property=\"og:url\" content=\"https:\/\/www.noticiasradioreflejos.com.ar\/2021\/inseguridad-hay-que-salir-dela-discusion-banal-gatillo-facil-vs-abolicionismo\/\" \/>\n<meta property=\"og:site_name\" content=\"Noticias Radio Reflejos\" \/>\n<meta property=\"article:published_time\" content=\"2022-06-03T10:56:29+00:00\" \/>\n<meta property=\"article:modified_time\" content=\"2022-06-03T11:05:16+00:00\" \/>\n<meta property=\"og:image\" content=\"https:\/\/www.noticiasradioreflejos.com.ar\/2021\/wp-content\/uploads\/2018\/04\/carta_lector_1.jpg\" \/>\n\t<meta property=\"og:image:width\" content=\"935\" \/>\n\t<meta property=\"og:image:height\" content=\"595\" \/>\n\t<meta property=\"og:image:type\" content=\"image\/jpeg\" \/>\n<meta name=\"author\" content=\"Arnaldo Botto\" \/>\n<meta name=\"twitter:card\" content=\"summary_large_image\" \/>\n<script type=\"application\/ld+json\" class=\"yoast-schema-graph\">{\"@context\":\"https:\/\/schema.org\",\"@graph\":[{\"@type\":\"WebPage\",\"@id\":\"https:\/\/www.noticiasradioreflejos.com.ar\/2021\/inseguridad-hay-que-salir-dela-discusion-banal-gatillo-facil-vs-abolicionismo\/\",\"url\":\"https:\/\/www.noticiasradioreflejos.com.ar\/2021\/inseguridad-hay-que-salir-dela-discusion-banal-gatillo-facil-vs-abolicionismo\/\",\"name\":\"INSEGURIDAD: Hay que salir dela discusi\u00f3n banal \\\"GATILLO F\u00c1CIL vs ABOLICIONISMO\\\" - Noticias Radio Reflejos\",\"isPartOf\":{\"@id\":\"https:\/\/www.noticiasradioreflejos.com.ar\/2021\/#website\"},\"datePublished\":\"2022-06-03T10:56:29+00:00\",\"dateModified\":\"2022-06-03T11:05:16+00:00\",\"author\":{\"@id\":\"https:\/\/www.noticiasradioreflejos.com.ar\/2021\/#\/schema\/person\/ad82545263dcc5ec0996818884fd5fb1\"},\"breadcrumb\":{\"@id\":\"https:\/\/www.noticiasradioreflejos.com.ar\/2021\/inseguridad-hay-que-salir-dela-discusion-banal-gatillo-facil-vs-abolicionismo\/#breadcrumb\"},\"inLanguage\":\"es\",\"potentialAction\":[{\"@type\":\"ReadAction\",\"target\":[\"https:\/\/www.noticiasradioreflejos.com.ar\/2021\/inseguridad-hay-que-salir-dela-discusion-banal-gatillo-facil-vs-abolicionismo\/\"]}]},{\"@type\":\"BreadcrumbList\",\"@id\":\"https:\/\/www.noticiasradioreflejos.com.ar\/2021\/inseguridad-hay-que-salir-dela-discusion-banal-gatillo-facil-vs-abolicionismo\/#breadcrumb\",\"itemListElement\":[{\"@type\":\"ListItem\",\"position\":1,\"name\":\"Portada\",\"item\":\"https:\/\/www.noticiasradioreflejos.com.ar\/2021\/\"},{\"@type\":\"ListItem\",\"position\":2,\"name\":\"INSEGURIDAD: Hay que salir dela discusi\u00f3n banal \u00abGATILLO F\u00c1CIL vs ABOLICIONISMO\u00bb\"}]},{\"@type\":\"WebSite\",\"@id\":\"https:\/\/www.noticiasradioreflejos.com.ar\/2021\/#website\",\"url\":\"https:\/\/www.noticiasradioreflejos.com.ar\/2021\/\",\"name\":\"Noticias Radio Reflejos\",\"description\":\"Las noticias de mi comarca\",\"potentialAction\":[{\"@type\":\"SearchAction\",\"target\":{\"@type\":\"EntryPoint\",\"urlTemplate\":\"https:\/\/www.noticiasradioreflejos.com.ar\/2021\/?s={search_term_string}\"},\"query-input\":{\"@type\":\"PropertyValueSpecification\",\"valueRequired\":true,\"valueName\":\"search_term_string\"}}],\"inLanguage\":\"es\"},{\"@type\":\"Person\",\"@id\":\"https:\/\/www.noticiasradioreflejos.com.ar\/2021\/#\/schema\/person\/ad82545263dcc5ec0996818884fd5fb1\",\"name\":\"Arnaldo Botto\",\"image\":{\"@type\":\"ImageObject\",\"inLanguage\":\"es\",\"@id\":\"https:\/\/www.noticiasradioreflejos.com.ar\/2021\/#\/schema\/person\/image\/\",\"url\":\"https:\/\/secure.gravatar.com\/avatar\/55cb5e37c1efa326397366e6974cb338056df65cb50e7d64d1cf314e87504837?s=96&d=mm&r=g\",\"contentUrl\":\"https:\/\/secure.gravatar.com\/avatar\/55cb5e37c1efa326397366e6974cb338056df65cb50e7d64d1cf314e87504837?s=96&d=mm&r=g\",\"caption\":\"Arnaldo Botto\"},\"url\":\"https:\/\/www.noticiasradioreflejos.com.ar\/2021\/author\/arnaldo\/\"}]}<\/script>\n<!-- \/ Yoast SEO plugin. -->","yoast_head_json":{"title":"INSEGURIDAD: Hay que salir dela discusi\u00f3n banal \"GATILLO F\u00c1CIL vs ABOLICIONISMO\" - Noticias Radio Reflejos","robots":{"index":"index","follow":"follow","max-snippet":"max-snippet:-1","max-image-preview":"max-image-preview:large","max-video-preview":"max-video-preview:-1"},"canonical":"https:\/\/www.noticiasradioreflejos.com.ar\/2021\/inseguridad-hay-que-salir-dela-discusion-banal-gatillo-facil-vs-abolicionismo\/","og_locale":"es_ES","og_type":"article","og_title":"INSEGURIDAD: Hay que salir dela discusi\u00f3n banal \"GATILLO F\u00c1CIL vs ABOLICIONISMO\" - Noticias Radio Reflejos","og_description":"La historia demuestra que las estructuras del Estado en su gran mayor\u00eda, han sido creadas durante los gobiernos de facto militares y en los gobiernos peronistas. Las mismas tienen una dimensi\u00f3n y autonom\u00eda, que hoy por hoy resulta muy complejo su manejo a\u00fan para aqu\u00e9llos que tienen responsabilidades de creaci\u00f3n.","og_url":"https:\/\/www.noticiasradioreflejos.com.ar\/2021\/inseguridad-hay-que-salir-dela-discusion-banal-gatillo-facil-vs-abolicionismo\/","og_site_name":"Noticias Radio Reflejos","article_published_time":"2022-06-03T10:56:29+00:00","article_modified_time":"2022-06-03T11:05:16+00:00","og_image":[{"width":935,"height":595,"url":"https:\/\/www.noticiasradioreflejos.com.ar\/2021\/wp-content\/uploads\/2018\/04\/carta_lector_1.jpg","type":"image\/jpeg"}],"author":"Arnaldo Botto","twitter_card":"summary_large_image","schema":{"@context":"https:\/\/schema.org","@graph":[{"@type":"WebPage","@id":"https:\/\/www.noticiasradioreflejos.com.ar\/2021\/inseguridad-hay-que-salir-dela-discusion-banal-gatillo-facil-vs-abolicionismo\/","url":"https:\/\/www.noticiasradioreflejos.com.ar\/2021\/inseguridad-hay-que-salir-dela-discusion-banal-gatillo-facil-vs-abolicionismo\/","name":"INSEGURIDAD: Hay que salir dela discusi\u00f3n banal \"GATILLO F\u00c1CIL vs ABOLICIONISMO\" - Noticias Radio Reflejos","isPartOf":{"@id":"https:\/\/www.noticiasradioreflejos.com.ar\/2021\/#website"},"datePublished":"2022-06-03T10:56:29+00:00","dateModified":"2022-06-03T11:05:16+00:00","author":{"@id":"https:\/\/www.noticiasradioreflejos.com.ar\/2021\/#\/schema\/person\/ad82545263dcc5ec0996818884fd5fb1"},"breadcrumb":{"@id":"https:\/\/www.noticiasradioreflejos.com.ar\/2021\/inseguridad-hay-que-salir-dela-discusion-banal-gatillo-facil-vs-abolicionismo\/#breadcrumb"},"inLanguage":"es","potentialAction":[{"@type":"ReadAction","target":["https:\/\/www.noticiasradioreflejos.com.ar\/2021\/inseguridad-hay-que-salir-dela-discusion-banal-gatillo-facil-vs-abolicionismo\/"]}]},{"@type":"BreadcrumbList","@id":"https:\/\/www.noticiasradioreflejos.com.ar\/2021\/inseguridad-hay-que-salir-dela-discusion-banal-gatillo-facil-vs-abolicionismo\/#breadcrumb","itemListElement":[{"@type":"ListItem","position":1,"name":"Portada","item":"https:\/\/www.noticiasradioreflejos.com.ar\/2021\/"},{"@type":"ListItem","position":2,"name":"INSEGURIDAD: Hay que salir dela discusi\u00f3n banal \u00abGATILLO F\u00c1CIL vs ABOLICIONISMO\u00bb"}]},{"@type":"WebSite","@id":"https:\/\/www.noticiasradioreflejos.com.ar\/2021\/#website","url":"https:\/\/www.noticiasradioreflejos.com.ar\/2021\/","name":"Noticias Radio Reflejos","description":"Las noticias de mi comarca","potentialAction":[{"@type":"SearchAction","target":{"@type":"EntryPoint","urlTemplate":"https:\/\/www.noticiasradioreflejos.com.ar\/2021\/?s={search_term_string}"},"query-input":{"@type":"PropertyValueSpecification","valueRequired":true,"valueName":"search_term_string"}}],"inLanguage":"es"},{"@type":"Person","@id":"https:\/\/www.noticiasradioreflejos.com.ar\/2021\/#\/schema\/person\/ad82545263dcc5ec0996818884fd5fb1","name":"Arnaldo Botto","image":{"@type":"ImageObject","inLanguage":"es","@id":"https:\/\/www.noticiasradioreflejos.com.ar\/2021\/#\/schema\/person\/image\/","url":"https:\/\/secure.gravatar.com\/avatar\/55cb5e37c1efa326397366e6974cb338056df65cb50e7d64d1cf314e87504837?s=96&d=mm&r=g","contentUrl":"https:\/\/secure.gravatar.com\/avatar\/55cb5e37c1efa326397366e6974cb338056df65cb50e7d64d1cf314e87504837?s=96&d=mm&r=g","caption":"Arnaldo Botto"},"url":"https:\/\/www.noticiasradioreflejos.com.ar\/2021\/author\/arnaldo\/"}]}},"_links":{"self":[{"href":"https:\/\/www.noticiasradioreflejos.com.ar\/2021\/wp-json\/wp\/v2\/posts\/73158","targetHints":{"allow":["GET"]}}],"collection":[{"href":"https:\/\/www.noticiasradioreflejos.com.ar\/2021\/wp-json\/wp\/v2\/posts"}],"about":[{"href":"https:\/\/www.noticiasradioreflejos.com.ar\/2021\/wp-json\/wp\/v2\/types\/post"}],"author":[{"embeddable":true,"href":"https:\/\/www.noticiasradioreflejos.com.ar\/2021\/wp-json\/wp\/v2\/users\/3"}],"replies":[{"embeddable":true,"href":"https:\/\/www.noticiasradioreflejos.com.ar\/2021\/wp-json\/wp\/v2\/comments?post=73158"}],"version-history":[{"count":1,"href":"https:\/\/www.noticiasradioreflejos.com.ar\/2021\/wp-json\/wp\/v2\/posts\/73158\/revisions"}],"predecessor-version":[{"id":73159,"href":"https:\/\/www.noticiasradioreflejos.com.ar\/2021\/wp-json\/wp\/v2\/posts\/73158\/revisions\/73159"}],"wp:attachment":[{"href":"https:\/\/www.noticiasradioreflejos.com.ar\/2021\/wp-json\/wp\/v2\/media?parent=73158"}],"wp:term":[{"taxonomy":"category","embeddable":true,"href":"https:\/\/www.noticiasradioreflejos.com.ar\/2021\/wp-json\/wp\/v2\/categories?post=73158"},{"taxonomy":"post_tag","embeddable":true,"href":"https:\/\/www.noticiasradioreflejos.com.ar\/2021\/wp-json\/wp\/v2\/tags?post=73158"}],"curies":[{"name":"wp","href":"https:\/\/api.w.org\/{rel}","templated":true}]}}