{"id":73150,"date":"2022-06-03T00:23:40","date_gmt":"2022-06-03T00:23:40","guid":{"rendered":"http:\/\/www.noticiasradioreflejos.com.ar\/2021\/?p=73150"},"modified":"2022-06-03T00:32:00","modified_gmt":"2022-06-03T00:32:00","slug":"fotografa-de-sierra-de-la-ventana-finalista-en-la-4-edicion-de-feba-cultura","status":"publish","type":"post","link":"https:\/\/www.noticiasradioreflejos.com.ar\/2021\/fotografa-de-sierra-de-la-ventana-finalista-en-la-4-edicion-de-feba-cultura\/","title":{"rendered":"Fot\u00f3grafa de Sierra de la Ventana finalista en la 4\u00b0 Edici\u00f3n de FEBA Cultura."},"content":{"rendered":"<p><strong>Antonela Pelorosso Coggan<\/strong> participo de 4\u00b0 edici\u00f3n de los premios FEBA Cultura que organiza la Federaci\u00f3n Econ\u00f3mica de Buenos Aires .<!--more--><\/p>\n<p><a title=\"Fotograf\u00eda de Anto Pelorroso\" href=\"https:\/\/www.flickr.com\/photos\/182279889@N02\/52117138252\/in\/dateposted-public\/\" data-flickr-embed=\"true\"><img loading=\"lazy\" decoding=\"async\" class=\"aligncenter\" src=\"https:\/\/live.staticflickr.com\/65535\/52117138252_ee861df0fa_c.jpg\" alt=\"Fotograf\u00eda de Anto Pelorroso\" width=\"758\" height=\"537\" \/><\/a><\/p>\n<p><strong><span style=\"color: #993300;\"><em>La fotograf\u00eda de Pelorosso finalista en perspectiva de g\u00e9nero<\/em><\/span><\/strong><\/p>\n<p>&nbsp;<\/p>\n<p><em>El \u00a0\u00e1rea de Cultura de la Federaci\u00f3n Econ\u00f3mica de la Provincia de Buenos Aires (FEBA) present\u00f3 a los 49 finalistas que representar\u00e1n a 25 ciudades bonaerenses en las 6 categor\u00edas que tiene esta 4ta. edici\u00f3n del Premio.<\/em>\u00a0La ceremonia de premiaci\u00f3n es es el jueves 2 de junio.<\/p>\n<p><em>\u201cEsta es la cuarta edici\u00f3n del Premio FEBA Cultura, y en todos estos a\u00f1os buscamos legitimar y visibilizar el trabajo que hacen las industrias culturales de la Provincia, generando empleo y entretenimiento a todos los bonaerenses. Para las pymes culturales muchas veces es complejo llegar a subsidios o programas de asistencia financiera, y desde FEBA Cultura trabajamos cotidianamente para obtener nuevas herramientas. Este Premio es un reconocimiento al trabajo que llevan adelante\u201d,<\/em>\u00a0comenta la presidenta de\u00a0<a href=\"https:\/\/www.febaweb.org.ar\/\">FEBA Cultura<\/a>,\u00a0<strong>Alejandra Moccioli<\/strong>.<\/p>\n<p>El jurado est\u00e1 integrado por el artista pl\u00e1stico\u00a0<strong>Milo Lockett<\/strong>; el m\u00fasico\u00a0<strong>Odino Faccia<\/strong>; la presidenta de la Fundaci\u00f3n Julio Bocca,\u00a0<strong>Elena Presas<\/strong>; la secretaria de Investigaci\u00f3n y Posgrado de la Universidad Nacional de las Artes, Dra<strong>. Mar\u00eda Valdez<\/strong>; el fot\u00f3grafo\u00a0<strong>Pablo Elia<\/strong>\u00a0y el Presidente de la Asociaci\u00f3n Borgesiana de Buenos Aires, Alejandro Vaccaro. Elegir\u00e1 al ganador por categor\u00eda en la ceremonia que se realizar\u00e1el jueves 2 de junio, a las 18, en el Scala Hotel, Bdo. de Irigoyen 740, CABA.<\/p>\n<p>La fot\u00f3grafa serrana result\u00f3 finalista en fotograf\u00eda representando a CAMCOTISAS,\u00a0 C\u00e1mara de Comercio de Sierra de la Ventana y obtuvo \u00ab<strong>menci\u00f3n especial\u00bb <\/strong>en<strong> fotograf\u00eda de perspectiva de g\u00e9nero<\/strong>.<\/p>\n<p>&nbsp;<\/p>\n<p><a title=\"premios FEBA (2)\" href=\"https:\/\/www.flickr.com\/photos\/182279889@N02\/52118198963\/in\/dateposted-public\/\" data-flickr-embed=\"true\"><img loading=\"lazy\" decoding=\"async\" src=\"https:\/\/live.staticflickr.com\/65535\/52118198963_a6e8a84d83_c.jpg\" alt=\"premios FEBA (2)\" width=\"800\" height=\"450\" \/><\/a><\/p>\n<p>&nbsp;<\/p>\n<p><strong>Finalistas por categor\u00eda de la 4ta. Edici\u00f3n Premio FEBA Cultura 2022<\/strong><\/p>\n<p><strong>M\u00daSICA<\/strong><\/p>\n<p><strong>La Rola Intelectual.<\/strong>\u00a0<em>Centro Uni\u00f3n Comercial e Industrial de Bragado<\/em><\/p>\n<p><strong>Mauricio Berterreche.\u00a0<\/strong><em>C\u00e1mara de Comercio, Industria y Producci\u00f3n de General Alvarado<\/em><\/p>\n<p><strong>Roc\u00edo Godoy.<\/strong>\u00a0<em>Uni\u00f3n Comercio, Industria y Servicios del Partido de General Arenales\u00a0<\/em><\/p>\n<p><strong>Voces Nativas.<\/strong>\u00a0<em>Uni\u00f3n Empresarial del Partido de Moreno<\/em><\/p>\n<p><strong>Orquesta Filarm\u00f3nica de Chascom\u00fas<\/strong><em>.\u00a0<\/em><em>C\u00e1mara de Comercio, Industria, Producci\u00f3n y Servicios de Chascom\u00fas<\/em><\/p>\n<p><strong>Micaela Mujica.<\/strong>\u00a0<em>C\u00e1mara de Comercio, Industria y Producci\u00f3n de General Alvarado<\/em><\/p>\n<p><strong>Marcela Aibe<\/strong><em>.\u00a0<\/em><em>C\u00e1mara de Comercio e Industria de San Isidro<\/em><\/p>\n<p><strong>Ciudad Paranoia.<\/strong>\u00a0<em>Centro Uni\u00f3n Comercial e Industrial de Bragado<\/em><\/p>\n<p>&nbsp;<\/p>\n<p><strong>PL\u00c1STICA, MURALISMO Y ESCULTURA<\/strong><\/p>\n<p><strong>Camila Cabrera Rivero.\u00a0<\/strong><em>C\u00e1mara de Comercio, Industria, Producci\u00f3n y Servicios de Casbas<\/em><\/p>\n<p><strong>Silvia Cristina Kuhn.<\/strong>\u00a0<em>Sociedad de Comerciantes, Industriales, Propietarios y Afines de Pilar<\/em><\/p>\n<p><strong>Nardo Andr\u00e9s Moyano.<\/strong><em>C\u00e1mara de Comercio, Industria y Producci\u00f3n de General Alvarado<\/em><\/p>\n<p><strong>Cristina Mabel Fubs<\/strong><em>.\u00a0<\/em><em>C\u00e1mara de Industria y Comercio de La Matanza<\/em><\/p>\n<p>&nbsp;<\/p>\n<p><strong>PL\u00c1STICA. PINTURA<\/strong><\/p>\n<p><strong>Mar\u00eda Luj\u00e1n Famularo.\u00a0<\/strong><em>C\u00e1mara de Comercio e Industria del Partido de San Miguel<\/em><\/p>\n<p><strong>Antonio Torres.\u00a0<\/strong><em>Centro Comercial, Industrial, Profesional y Servicios de San Justo<\/em><\/p>\n<p><strong>Silvina Alcira Gaudino.\u00a0<\/strong><em>Centro Comercial e Industrial de Castelar<\/em><\/p>\n<p><strong>Graciela Dameri.\u00a0<\/strong><em>Centro Comercial e Industrial de Castelar<\/em><\/p>\n<p><strong>Exequiel Eloy Vento.\u00a0<\/strong><em>Uni\u00f3n Comercio, Industria y Servicios del Partido de General Arenales\u00a0<\/em><\/p>\n<p><strong>Paola Bertolotto.\u00a0<\/strong><em>Centro Econ\u00f3mico de Suipacha<\/em><\/p>\n<p><strong>Carlos Alberto Romano.\u00a0<\/strong><em>C\u00e1mara de Comercio, Industria y Profesionales de Ciudad Celina<\/em><\/p>\n<p><strong>Mabel Cariolo.\u00a0<\/strong><em>Centro Comercial e Industrial de Castelar<\/em><\/p>\n<p><strong>Hilda L\u00f3pez.\u00a0<\/strong><em>Sociedad de Comerciantes, Industriales, Propietarios y Afines de Pilar<\/em><\/p>\n<p>&nbsp;<\/p>\n<p><strong>TEATRO<\/strong><\/p>\n<p><strong>Carlos Jos\u00e9 Aringoli.\u00a0<\/strong><em>C\u00e1mara de Comercio e Industria de San Isidro<\/em><em>\u00a0<\/em><\/p>\n<p><strong>Jorge Acebo.\u00a0<\/strong><em>C\u00e1mara de Industria y Comercio de La Matanza<\/em><\/p>\n<p><strong>Nicol\u00e1s Alejandro Redondo.\u00a0<\/strong><em>Corporaci\u00f3n del Comercio, Industria y Servicios de Bah\u00eda Blanca<\/em><\/p>\n<p><strong>Julieta Zubiri.\u00a0<\/strong><em>C<\/em><em>\u00e1mara de Comercio e Industria de Coronel Pringles<\/em><\/p>\n<p><strong>Dar\u00edo Basualdo. <\/strong><em>C\u00e1mara de Comercio, Industria y Servicios de Carlos Casares<\/em><\/p>\n<p>&nbsp;<\/p>\n<p><strong>DANZA<\/strong><\/p>\n<p><strong>Johanna Zaccarello.\u00a0<\/strong><em>C\u00e1mara de Industria y Comercio de La Matanza<\/em><\/p>\n<p><strong>Agrupaci\u00f3n Tradicional \u201cEl Ceibo\u201d.\u00a0<\/strong><em>Uni\u00f3n del Comercio, la Industria y la Producci\u00f3n de Mar del Plata<\/em><\/p>\n<p><strong>Raquel Taborda.\u00a0<\/strong><em>C\u00e1mara de Comercio e Industria de Chacabuco<\/em><\/p>\n<p><strong>Mat\u00edas Falaschi.\u00a0<\/strong><em>Uni\u00f3n del Comercio, la Industria y el Agro de Punta Alta<\/em><\/p>\n<p><strong><em>Olga De Micheli.\u00a0<\/em><\/strong><em>C\u00e1mara de Comercio e Industria de San Isidro<\/em><\/p>\n<p><strong>Pablo Adri\u00e1n P\u00e9rez Carnevale.\u00a0<\/strong><em>C\u00e1mara de Comercio, Industria y Producci\u00f3n de General Alvarado<\/em><\/p>\n<p>&nbsp;<\/p>\n<p><strong>LITERATURA<\/strong><\/p>\n<p><strong>Silvina Gruppo Cigliutti.\u00a0<\/strong><em>C\u00e1mara de Industria y Comercio de La Matanza<\/em><\/p>\n<p><strong>Mar\u00eda Rosa Rzepka.\u00a0<\/strong><em>Asociaci\u00f3n de Colegios Privados de la Provincia de Buenos Aires<\/em><\/p>\n<p><strong>Carlos Marcelo Montero.\u00a0<\/strong><em>C\u00e1mara del Comercio y la Industria del Partido de de Almirante Brown<\/em><\/p>\n<p><strong>Marcos Tabossi.\u00a0<\/strong><em>C\u00e1mara Econ\u00f3mica Mercedina<\/em><\/p>\n<p><strong>Lisandro Ramiro de la Vega.\u00a0<\/strong><em>C\u00e1mara de Comercio e Industria de Coronel Pringles<\/em><\/p>\n<p><strong>Silvia Mabel V\u00e1zquez.\u00a0<\/strong><em>Liga del Comercio y la Industria de San Mart\u00edn<\/em><\/p>\n<p><strong>Carlos F\u00e9lix P\u00e9rez de Villarreal.\u00a0<\/strong><em>Uni\u00f3n del Comercio, la Industria y la Producci\u00f3n de Mar del Plata<\/em><\/p>\n<p><strong>Roberto Jes\u00fas Mart\u00ednez.\u00a0<\/strong><em>C\u00e1mara de Comercio e Industria de Carlos Casares<\/em><\/p>\n<p><strong>Graciela Reveco Manzano.\u00a0<\/strong><em>Uni\u00f3n del Comercio, la Industria y la Producci\u00f3n de Mar del Plata<\/em><\/p>\n<p>&nbsp;<\/p>\n<p><strong>FOTOGRAF\u00cdA<\/strong><\/p>\n<p><strong>Miguel Fernandino.\u00a0<\/strong><em>C\u00e1mara de Comercio, Industria, Producci\u00f3n y Servicios de Salliquel\u00f3<\/em><\/p>\n<p><strong>Juan Manuel Schenberger.\u00a0<\/strong><em>Sociedad de Comerciantes, Industriales, Propietarios y Afines de Pilar<\/em><\/p>\n<p><strong>Antonela Pelorosso Coggan.\u00a0<\/strong><em>C\u00e1mara de Comercio, Turismo e Industria de Sierra de la Ventana, Villa Arcadia y Saldungaray<\/em><\/p>\n<p><strong>Paola Garc\u00eda.\u00a0<\/strong><em>C\u00e1mara de Comercio e Industria de Coronel Pringles<\/em><\/p>\n<p><strong>Miguel \u00c1ngel D Urbano.\u00a0<\/strong><em>C\u00e1mara de Industria y Comercio de La Matanza<\/em><\/p>\n<p><strong>Marcelo Panozzo.\u00a0<\/strong><em>C\u00e1mara de Comercio, Industria, Producci\u00f3n y Servicios de Salliquel\u00f3<\/em><\/p>\n<p><strong>Luc\u00eda Robert.\u00a0<\/strong><em>C\u00e1mara Comercio, Industria y Servicios de Pergamino<\/em><\/p>\n<p><strong>Bernardo Sabisky.\u00a0<\/strong><em>Sociedad de Comerciantes, Industriales, Propietarios y Afines de Pilar<\/em><\/p>\n","protected":false},"excerpt":{"rendered":"<p>Antonela Pelorosso Coggan participo de 4\u00b0 edici\u00f3n de los premios FEBA Cultura que organiza la Federaci\u00f3n Econ\u00f3mica de Buenos Aires .<\/p>\n","protected":false},"author":3,"featured_media":0,"comment_status":"closed","ping_status":"closed","sticky":false,"template":"","format":"standard","meta":{"footnotes":""},"categories":[35],"tags":[],"class_list":["post-73150","post","type-post","status-publish","format-standard","hentry","category-cultura"],"yoast_head":"<!-- This site is optimized with the Yoast SEO plugin v25.9 - https:\/\/yoast.com\/wordpress\/plugins\/seo\/ -->\n<title>Fot\u00f3grafa de Sierra de la Ventana finalista en la 4\u00b0 Edici\u00f3n de FEBA Cultura. - Noticias Radio Reflejos<\/title>\n<meta name=\"robots\" content=\"index, follow, max-snippet:-1, max-image-preview:large, max-video-preview:-1\" \/>\n<link rel=\"canonical\" href=\"https:\/\/www.noticiasradioreflejos.com.ar\/2021\/fotografa-de-sierra-de-la-ventana-finalista-en-la-4-edicion-de-feba-cultura\/\" \/>\n<meta property=\"og:locale\" content=\"es_ES\" \/>\n<meta property=\"og:type\" content=\"article\" \/>\n<meta property=\"og:title\" content=\"Fot\u00f3grafa de Sierra de la Ventana finalista en la 4\u00b0 Edici\u00f3n de FEBA Cultura. - Noticias Radio Reflejos\" \/>\n<meta property=\"og:description\" content=\"Antonela Pelorosso Coggan participo de 4\u00b0 edici\u00f3n de los premios FEBA Cultura que organiza la Federaci\u00f3n Econ\u00f3mica de Buenos Aires .\" \/>\n<meta property=\"og:url\" content=\"https:\/\/www.noticiasradioreflejos.com.ar\/2021\/fotografa-de-sierra-de-la-ventana-finalista-en-la-4-edicion-de-feba-cultura\/\" \/>\n<meta property=\"og:site_name\" content=\"Noticias Radio Reflejos\" \/>\n<meta property=\"article:published_time\" content=\"2022-06-03T00:23:40+00:00\" \/>\n<meta property=\"article:modified_time\" content=\"2022-06-03T00:32:00+00:00\" \/>\n<meta property=\"og:image\" content=\"https:\/\/live.staticflickr.com\/65535\/52117138252_ee861df0fa_c.jpg\" \/>\n<meta name=\"author\" content=\"Arnaldo Botto\" \/>\n<meta name=\"twitter:card\" content=\"summary_large_image\" \/>\n<script type=\"application\/ld+json\" class=\"yoast-schema-graph\">{\"@context\":\"https:\/\/schema.org\",\"@graph\":[{\"@type\":\"WebPage\",\"@id\":\"https:\/\/www.noticiasradioreflejos.com.ar\/2021\/fotografa-de-sierra-de-la-ventana-finalista-en-la-4-edicion-de-feba-cultura\/\",\"url\":\"https:\/\/www.noticiasradioreflejos.com.ar\/2021\/fotografa-de-sierra-de-la-ventana-finalista-en-la-4-edicion-de-feba-cultura\/\",\"name\":\"Fot\u00f3grafa de Sierra de la Ventana finalista en la 4\u00b0 Edici\u00f3n de FEBA Cultura. - Noticias Radio Reflejos\",\"isPartOf\":{\"@id\":\"https:\/\/www.noticiasradioreflejos.com.ar\/2021\/#website\"},\"primaryImageOfPage\":{\"@id\":\"https:\/\/www.noticiasradioreflejos.com.ar\/2021\/fotografa-de-sierra-de-la-ventana-finalista-en-la-4-edicion-de-feba-cultura\/#primaryimage\"},\"image\":{\"@id\":\"https:\/\/www.noticiasradioreflejos.com.ar\/2021\/fotografa-de-sierra-de-la-ventana-finalista-en-la-4-edicion-de-feba-cultura\/#primaryimage\"},\"thumbnailUrl\":\"https:\/\/live.staticflickr.com\/65535\/52117138252_ee861df0fa_c.jpg\",\"datePublished\":\"2022-06-03T00:23:40+00:00\",\"dateModified\":\"2022-06-03T00:32:00+00:00\",\"author\":{\"@id\":\"https:\/\/www.noticiasradioreflejos.com.ar\/2021\/#\/schema\/person\/ad82545263dcc5ec0996818884fd5fb1\"},\"breadcrumb\":{\"@id\":\"https:\/\/www.noticiasradioreflejos.com.ar\/2021\/fotografa-de-sierra-de-la-ventana-finalista-en-la-4-edicion-de-feba-cultura\/#breadcrumb\"},\"inLanguage\":\"es\",\"potentialAction\":[{\"@type\":\"ReadAction\",\"target\":[\"https:\/\/www.noticiasradioreflejos.com.ar\/2021\/fotografa-de-sierra-de-la-ventana-finalista-en-la-4-edicion-de-feba-cultura\/\"]}]},{\"@type\":\"ImageObject\",\"inLanguage\":\"es\",\"@id\":\"https:\/\/www.noticiasradioreflejos.com.ar\/2021\/fotografa-de-sierra-de-la-ventana-finalista-en-la-4-edicion-de-feba-cultura\/#primaryimage\",\"url\":\"https:\/\/live.staticflickr.com\/65535\/52117138252_ee861df0fa_c.jpg\",\"contentUrl\":\"https:\/\/live.staticflickr.com\/65535\/52117138252_ee861df0fa_c.jpg\"},{\"@type\":\"BreadcrumbList\",\"@id\":\"https:\/\/www.noticiasradioreflejos.com.ar\/2021\/fotografa-de-sierra-de-la-ventana-finalista-en-la-4-edicion-de-feba-cultura\/#breadcrumb\",\"itemListElement\":[{\"@type\":\"ListItem\",\"position\":1,\"name\":\"Portada\",\"item\":\"https:\/\/www.noticiasradioreflejos.com.ar\/2021\/\"},{\"@type\":\"ListItem\",\"position\":2,\"name\":\"Fot\u00f3grafa de Sierra de la Ventana finalista en la 4\u00b0 Edici\u00f3n de FEBA Cultura.\"}]},{\"@type\":\"WebSite\",\"@id\":\"https:\/\/www.noticiasradioreflejos.com.ar\/2021\/#website\",\"url\":\"https:\/\/www.noticiasradioreflejos.com.ar\/2021\/\",\"name\":\"Noticias Radio Reflejos\",\"description\":\"Las noticias de mi comarca\",\"potentialAction\":[{\"@type\":\"SearchAction\",\"target\":{\"@type\":\"EntryPoint\",\"urlTemplate\":\"https:\/\/www.noticiasradioreflejos.com.ar\/2021\/?s={search_term_string}\"},\"query-input\":{\"@type\":\"PropertyValueSpecification\",\"valueRequired\":true,\"valueName\":\"search_term_string\"}}],\"inLanguage\":\"es\"},{\"@type\":\"Person\",\"@id\":\"https:\/\/www.noticiasradioreflejos.com.ar\/2021\/#\/schema\/person\/ad82545263dcc5ec0996818884fd5fb1\",\"name\":\"Arnaldo Botto\",\"image\":{\"@type\":\"ImageObject\",\"inLanguage\":\"es\",\"@id\":\"https:\/\/www.noticiasradioreflejos.com.ar\/2021\/#\/schema\/person\/image\/\",\"url\":\"https:\/\/secure.gravatar.com\/avatar\/55cb5e37c1efa326397366e6974cb338056df65cb50e7d64d1cf314e87504837?s=96&d=mm&r=g\",\"contentUrl\":\"https:\/\/secure.gravatar.com\/avatar\/55cb5e37c1efa326397366e6974cb338056df65cb50e7d64d1cf314e87504837?s=96&d=mm&r=g\",\"caption\":\"Arnaldo Botto\"},\"url\":\"https:\/\/www.noticiasradioreflejos.com.ar\/2021\/author\/arnaldo\/\"}]}<\/script>\n<!-- \/ Yoast SEO plugin. -->","yoast_head_json":{"title":"Fot\u00f3grafa de Sierra de la Ventana finalista en la 4\u00b0 Edici\u00f3n de FEBA Cultura. - Noticias Radio Reflejos","robots":{"index":"index","follow":"follow","max-snippet":"max-snippet:-1","max-image-preview":"max-image-preview:large","max-video-preview":"max-video-preview:-1"},"canonical":"https:\/\/www.noticiasradioreflejos.com.ar\/2021\/fotografa-de-sierra-de-la-ventana-finalista-en-la-4-edicion-de-feba-cultura\/","og_locale":"es_ES","og_type":"article","og_title":"Fot\u00f3grafa de Sierra de la Ventana finalista en la 4\u00b0 Edici\u00f3n de FEBA Cultura. - Noticias Radio Reflejos","og_description":"Antonela Pelorosso Coggan participo de 4\u00b0 edici\u00f3n de los premios FEBA Cultura que organiza la Federaci\u00f3n Econ\u00f3mica de Buenos Aires .","og_url":"https:\/\/www.noticiasradioreflejos.com.ar\/2021\/fotografa-de-sierra-de-la-ventana-finalista-en-la-4-edicion-de-feba-cultura\/","og_site_name":"Noticias Radio Reflejos","article_published_time":"2022-06-03T00:23:40+00:00","article_modified_time":"2022-06-03T00:32:00+00:00","og_image":[{"url":"https:\/\/live.staticflickr.com\/65535\/52117138252_ee861df0fa_c.jpg","type":"","width":"","height":""}],"author":"Arnaldo Botto","twitter_card":"summary_large_image","schema":{"@context":"https:\/\/schema.org","@graph":[{"@type":"WebPage","@id":"https:\/\/www.noticiasradioreflejos.com.ar\/2021\/fotografa-de-sierra-de-la-ventana-finalista-en-la-4-edicion-de-feba-cultura\/","url":"https:\/\/www.noticiasradioreflejos.com.ar\/2021\/fotografa-de-sierra-de-la-ventana-finalista-en-la-4-edicion-de-feba-cultura\/","name":"Fot\u00f3grafa de Sierra de la Ventana finalista en la 4\u00b0 Edici\u00f3n de FEBA Cultura. - Noticias Radio Reflejos","isPartOf":{"@id":"https:\/\/www.noticiasradioreflejos.com.ar\/2021\/#website"},"primaryImageOfPage":{"@id":"https:\/\/www.noticiasradioreflejos.com.ar\/2021\/fotografa-de-sierra-de-la-ventana-finalista-en-la-4-edicion-de-feba-cultura\/#primaryimage"},"image":{"@id":"https:\/\/www.noticiasradioreflejos.com.ar\/2021\/fotografa-de-sierra-de-la-ventana-finalista-en-la-4-edicion-de-feba-cultura\/#primaryimage"},"thumbnailUrl":"https:\/\/live.staticflickr.com\/65535\/52117138252_ee861df0fa_c.jpg","datePublished":"2022-06-03T00:23:40+00:00","dateModified":"2022-06-03T00:32:00+00:00","author":{"@id":"https:\/\/www.noticiasradioreflejos.com.ar\/2021\/#\/schema\/person\/ad82545263dcc5ec0996818884fd5fb1"},"breadcrumb":{"@id":"https:\/\/www.noticiasradioreflejos.com.ar\/2021\/fotografa-de-sierra-de-la-ventana-finalista-en-la-4-edicion-de-feba-cultura\/#breadcrumb"},"inLanguage":"es","potentialAction":[{"@type":"ReadAction","target":["https:\/\/www.noticiasradioreflejos.com.ar\/2021\/fotografa-de-sierra-de-la-ventana-finalista-en-la-4-edicion-de-feba-cultura\/"]}]},{"@type":"ImageObject","inLanguage":"es","@id":"https:\/\/www.noticiasradioreflejos.com.ar\/2021\/fotografa-de-sierra-de-la-ventana-finalista-en-la-4-edicion-de-feba-cultura\/#primaryimage","url":"https:\/\/live.staticflickr.com\/65535\/52117138252_ee861df0fa_c.jpg","contentUrl":"https:\/\/live.staticflickr.com\/65535\/52117138252_ee861df0fa_c.jpg"},{"@type":"BreadcrumbList","@id":"https:\/\/www.noticiasradioreflejos.com.ar\/2021\/fotografa-de-sierra-de-la-ventana-finalista-en-la-4-edicion-de-feba-cultura\/#breadcrumb","itemListElement":[{"@type":"ListItem","position":1,"name":"Portada","item":"https:\/\/www.noticiasradioreflejos.com.ar\/2021\/"},{"@type":"ListItem","position":2,"name":"Fot\u00f3grafa de Sierra de la Ventana finalista en la 4\u00b0 Edici\u00f3n de FEBA Cultura."}]},{"@type":"WebSite","@id":"https:\/\/www.noticiasradioreflejos.com.ar\/2021\/#website","url":"https:\/\/www.noticiasradioreflejos.com.ar\/2021\/","name":"Noticias Radio Reflejos","description":"Las noticias de mi comarca","potentialAction":[{"@type":"SearchAction","target":{"@type":"EntryPoint","urlTemplate":"https:\/\/www.noticiasradioreflejos.com.ar\/2021\/?s={search_term_string}"},"query-input":{"@type":"PropertyValueSpecification","valueRequired":true,"valueName":"search_term_string"}}],"inLanguage":"es"},{"@type":"Person","@id":"https:\/\/www.noticiasradioreflejos.com.ar\/2021\/#\/schema\/person\/ad82545263dcc5ec0996818884fd5fb1","name":"Arnaldo Botto","image":{"@type":"ImageObject","inLanguage":"es","@id":"https:\/\/www.noticiasradioreflejos.com.ar\/2021\/#\/schema\/person\/image\/","url":"https:\/\/secure.gravatar.com\/avatar\/55cb5e37c1efa326397366e6974cb338056df65cb50e7d64d1cf314e87504837?s=96&d=mm&r=g","contentUrl":"https:\/\/secure.gravatar.com\/avatar\/55cb5e37c1efa326397366e6974cb338056df65cb50e7d64d1cf314e87504837?s=96&d=mm&r=g","caption":"Arnaldo Botto"},"url":"https:\/\/www.noticiasradioreflejos.com.ar\/2021\/author\/arnaldo\/"}]}},"_links":{"self":[{"href":"https:\/\/www.noticiasradioreflejos.com.ar\/2021\/wp-json\/wp\/v2\/posts\/73150","targetHints":{"allow":["GET"]}}],"collection":[{"href":"https:\/\/www.noticiasradioreflejos.com.ar\/2021\/wp-json\/wp\/v2\/posts"}],"about":[{"href":"https:\/\/www.noticiasradioreflejos.com.ar\/2021\/wp-json\/wp\/v2\/types\/post"}],"author":[{"embeddable":true,"href":"https:\/\/www.noticiasradioreflejos.com.ar\/2021\/wp-json\/wp\/v2\/users\/3"}],"replies":[{"embeddable":true,"href":"https:\/\/www.noticiasradioreflejos.com.ar\/2021\/wp-json\/wp\/v2\/comments?post=73150"}],"version-history":[{"count":2,"href":"https:\/\/www.noticiasradioreflejos.com.ar\/2021\/wp-json\/wp\/v2\/posts\/73150\/revisions"}],"predecessor-version":[{"id":73153,"href":"https:\/\/www.noticiasradioreflejos.com.ar\/2021\/wp-json\/wp\/v2\/posts\/73150\/revisions\/73153"}],"wp:attachment":[{"href":"https:\/\/www.noticiasradioreflejos.com.ar\/2021\/wp-json\/wp\/v2\/media?parent=73150"}],"wp:term":[{"taxonomy":"category","embeddable":true,"href":"https:\/\/www.noticiasradioreflejos.com.ar\/2021\/wp-json\/wp\/v2\/categories?post=73150"},{"taxonomy":"post_tag","embeddable":true,"href":"https:\/\/www.noticiasradioreflejos.com.ar\/2021\/wp-json\/wp\/v2\/tags?post=73150"}],"curies":[{"name":"wp","href":"https:\/\/api.w.org\/{rel}","templated":true}]}}