{"id":73146,"date":"2022-06-02T21:02:30","date_gmt":"2022-06-02T21:02:30","guid":{"rendered":"http:\/\/www.noticiasradioreflejos.com.ar\/2021\/?p=73146"},"modified":"2022-06-02T21:02:30","modified_gmt":"2022-06-02T21:02:30","slug":"ponen-en-venta-los-pasajes-de-trenes-de-larga-distancia-para-las-vacaciones-de-invierno","status":"publish","type":"post","link":"https:\/\/www.noticiasradioreflejos.com.ar\/2021\/ponen-en-venta-los-pasajes-de-trenes-de-larga-distancia-para-las-vacaciones-de-invierno\/","title":{"rendered":"Ponen en venta los pasajes de trenes de larga distancia para las vacaciones de invierno"},"content":{"rendered":"<p>Los usuarios y usuarias podr\u00e1n adquirir sus boletos en las terminales de Retiro, Constituci\u00f3n, Once y las estaciones intermedias o mediante la web, con un 10% de descuento.<!--more--><\/p>\n<div class=\"wrapper-editable-content\">\n<div class=\"wrapper-info-note\">\n<div class=\"col-md-12\">\n<div class=\"wrapper-author-social\">\n<div class=\"author-box mb-4\">\n<div class=\"info\">\n<div class=\"time\"><\/div>\n<\/div>\n<\/div>\n<\/div>\n<\/div>\n<\/div>\n<div>\n<div class=\"wrapper-editable-content\">\n<div>\n<div class=\"container-md\">\n<div class=\"row\">\n<div class=\"col-md-12 speak\">\n<div class=\"paragraph\">\n<figure class=\"mb-3\"><img decoding=\"async\" src=\"https:\/\/www.telam.com.ar\/thumbs\/bluesteel\/advf\/imagenes\/2022\/06\/6298d15abb90b_900.jpg\" alt=\"Los pasajes a Mar del Plata a 660 pesos en primera y 795 en pullman\" width=\"100%\" height=\"100%\" \/><\/figure>\n<\/div>\n<\/div>\n<\/div>\n<\/div>\n<\/div>\n<\/div>\n<\/div>\n<\/div>\n<div class=\"media-icons\"><\/div>\n<p>Los pasajes a Mar del Plata a 660 pesos en primera y 795 en pullman.<\/p>\n<p>Los pasajes para los trenes de larga distancia que unen las terminales de Retiro con Jun\u00edn y Rufino; Plaza Constituci\u00f3n con Mar del Plata y Bah\u00eda Blanca; General Guido con Divisadero de Pinamar y Once con Bragado se pusieron a la venta este jueves para viajes entre el 1 y 31 de julio, que incluye el periodo de vacaciones de invierno, inform\u00f3 la empresa Trenes Argentinos.<\/p>\n<p>Los usuarios y usuarias podr\u00e1n adquirir sus boletos en las terminales de Retiro, Constituci\u00f3n, Once y las estaciones intermedias o mediante la web, con un 10% de descuento, mientras que los jubilados tienen un 40% de rebaja y las personas con discapacidad, que posean el certificado, viajar\u00e1n sin cargo adquiriendo su ticket a trav\u00e9s de la p\u00e1gina oficial de la empresa.<\/p>\n<p><strong>Los ni\u00f1os y ni\u00f1as de hasta 12 a\u00f1os abonan el 50% del pasaje y los menores de 3 a\u00f1os que no ocupen asiento viajan gratis.<\/strong><\/p>\n<blockquote class=\"\"><p>Los ni\u00f1os y ni\u00f1as de hasta 12 a\u00f1os abonan el 50% del pasaje y los menores de 3 a\u00f1os que no ocupen asiento viajan gratis<\/p><\/blockquote>\n<p>Trenes Argentinos anticip\u00f3 que la semana pr\u00f3xima estar\u00e1n disponibles los pasajes a los destinos restantes que opera la empresa ferroviaria, y que conectan Retiro con las terminales de C\u00f3rdoba, Tucum\u00e1n y Rosario.<\/p>\n<p>Actualmente la compa\u00f1\u00eda presta un servicio diario entre Buenos Aires y Jun\u00edn partiendo desde Retiro a las 18.00 y de Jun\u00edn de domingo a viernes a las 0:50 y los s\u00e1bados a las 2.00.<\/p>\n<p>Adem\u00e1s,\u00a0<strong>el servicio a Rufino tiene una parada en Jun\u00edn. Sale los viernes a las 20.10 y el retorno tiene detenci\u00f3n en la mencionada localidad los lunes a las 3.05. El costo de los pasajes es de 250 pesos en primera y 300 pesos en pulman a Jun\u00edn y 425 pesos en primera y 510 pesos en pulman a Rufino.<\/strong><\/p>\n<p>Entre Buenos Aires y Mar del Plata circulan dos servicios diarios: desde Constituci\u00f3n sale a las 6.22 (con parada en Dolores y Gral Guido) y 9.35 (parando en todas las intermedias) y a las 11:06 (parando en todas) y 14:12 (con paradas en General Guido y Dolores) desde la ciudad balnearia.<\/p>\n<blockquote class=\"\"><p>El tren que une Buenos Aires con Bah\u00eda Blanca tiene dos frecuencias semanales que parten los martes y viernes de la ciudad de Buenos Aires a las 13.06 y desde Bah\u00eda Blanca Sud los mi\u00e9rcoles y domingos a las 21:52<\/p><\/blockquote>\n<p>Asimismo, funcionar\u00e1 un refuerzo directo con salida los viernes a las 17.10 y retorno desde Mar del Plata los lunes a la 1.22, con pasajes a Mar del Plata a 660 pesos en primera y 795 en pullman.<\/p>\n<p>El servicio entre General Guido y Divisadero (Pinamar) es diario, partiendo de General Guido a las 10.20 y de Divisadero de Pinamar a las 13:05.<\/p>\n<p>Sobre estos \u00faltimos tramos,\u00a0<strong>la empresa ferroviaria inform\u00f3 que los d\u00edas 5, 6, 7, 12, 13 y 14 de julio los ramales Constituci\u00f3n-Mar del Plata y General Guido-Divisadero de Pinamar no prestar\u00e1n servicio por la realizaci\u00f3n de obras en la infraestructura de v\u00edas.<\/strong><\/p>\n<p>Asimismo, el tren que une Buenos Aires con Bah\u00eda Blanca tiene dos frecuencias semanales que parten los martes y viernes de la ciudad de Buenos Aires a las 13.06 y desde Bah\u00eda Blanca Sud los mi\u00e9rcoles y domingos a las 21:52.<\/p>\n<p>Desde Buenos Aires a Bragado hay dos servicios semanales, que parten desde Once los lunes y viernes a las 18.35 y de Bragado los lunes a las 2.30 y los mi\u00e9rcoles a las 5.20, con un costo de los boletos de 155 pesos en primera y 186 pesos en pullman.<\/p>\n<p>Para quienes no adquieran los pasajes en forma presencial, la opci\u00f3n online se realiza a trav\u00e9s de la p\u00e1gina\u00a0<a href=\"http:\/\/www.webventas.sofse.gob.ar.\/\" target=\"_blank\" rel=\"noopener\">www.webventas.sofse.gob.ar.<\/a><\/p>\n","protected":false},"excerpt":{"rendered":"<p>Los usuarios y usuarias podr\u00e1n adquirir sus boletos en las terminales de Retiro, Constituci\u00f3n, Once y las estaciones intermedias o mediante la web, con un 10% de descuento.<\/p>\n","protected":false},"author":3,"featured_media":71546,"comment_status":"closed","ping_status":"closed","sticky":false,"template":"","format":"standard","meta":{"footnotes":""},"categories":[26],"tags":[],"class_list":["post-73146","post","type-post","status-publish","format-standard","has-post-thumbnail","hentry","category-sociedad"],"yoast_head":"<!-- This site is optimized with the Yoast SEO plugin v25.9 - https:\/\/yoast.com\/wordpress\/plugins\/seo\/ -->\n<title>Ponen en venta los pasajes de trenes de larga distancia para las vacaciones de invierno - Noticias Radio Reflejos<\/title>\n<meta name=\"robots\" content=\"index, follow, max-snippet:-1, max-image-preview:large, max-video-preview:-1\" \/>\n<link rel=\"canonical\" href=\"https:\/\/www.noticiasradioreflejos.com.ar\/2021\/ponen-en-venta-los-pasajes-de-trenes-de-larga-distancia-para-las-vacaciones-de-invierno\/\" \/>\n<meta property=\"og:locale\" content=\"es_ES\" \/>\n<meta property=\"og:type\" content=\"article\" \/>\n<meta property=\"og:title\" content=\"Ponen en venta los pasajes de trenes de larga distancia para las vacaciones de invierno - Noticias Radio Reflejos\" \/>\n<meta property=\"og:description\" content=\"Los usuarios y usuarias podr\u00e1n adquirir sus boletos en las terminales de Retiro, Constituci\u00f3n, Once y las estaciones intermedias o mediante la web, con un 10% de descuento.\" \/>\n<meta property=\"og:url\" content=\"https:\/\/www.noticiasradioreflejos.com.ar\/2021\/ponen-en-venta-los-pasajes-de-trenes-de-larga-distancia-para-las-vacaciones-de-invierno\/\" \/>\n<meta property=\"og:site_name\" content=\"Noticias Radio Reflejos\" \/>\n<meta property=\"article:published_time\" content=\"2022-06-02T21:02:30+00:00\" \/>\n<meta property=\"og:image\" content=\"https:\/\/www.noticiasradioreflejos.com.ar\/2021\/wp-content\/uploads\/2022\/05\/tren.jpg_1599.jpg.webp\" \/>\n\t<meta property=\"og:image:width\" content=\"1200\" \/>\n\t<meta property=\"og:image:height\" content=\"801\" \/>\n\t<meta property=\"og:image:type\" content=\"image\/webp\" \/>\n<meta name=\"author\" content=\"Arnaldo Botto\" \/>\n<meta name=\"twitter:card\" content=\"summary_large_image\" \/>\n<script type=\"application\/ld+json\" class=\"yoast-schema-graph\">{\"@context\":\"https:\/\/schema.org\",\"@graph\":[{\"@type\":\"WebPage\",\"@id\":\"https:\/\/www.noticiasradioreflejos.com.ar\/2021\/ponen-en-venta-los-pasajes-de-trenes-de-larga-distancia-para-las-vacaciones-de-invierno\/\",\"url\":\"https:\/\/www.noticiasradioreflejos.com.ar\/2021\/ponen-en-venta-los-pasajes-de-trenes-de-larga-distancia-para-las-vacaciones-de-invierno\/\",\"name\":\"Ponen en venta los pasajes de trenes de larga distancia para las vacaciones de invierno - Noticias Radio Reflejos\",\"isPartOf\":{\"@id\":\"https:\/\/www.noticiasradioreflejos.com.ar\/2021\/#website\"},\"primaryImageOfPage\":{\"@id\":\"https:\/\/www.noticiasradioreflejos.com.ar\/2021\/ponen-en-venta-los-pasajes-de-trenes-de-larga-distancia-para-las-vacaciones-de-invierno\/#primaryimage\"},\"image\":{\"@id\":\"https:\/\/www.noticiasradioreflejos.com.ar\/2021\/ponen-en-venta-los-pasajes-de-trenes-de-larga-distancia-para-las-vacaciones-de-invierno\/#primaryimage\"},\"thumbnailUrl\":\"https:\/\/www.noticiasradioreflejos.com.ar\/2021\/wp-content\/uploads\/2022\/05\/tren.jpg_1599.jpg.webp\",\"datePublished\":\"2022-06-02T21:02:30+00:00\",\"author\":{\"@id\":\"https:\/\/www.noticiasradioreflejos.com.ar\/2021\/#\/schema\/person\/ad82545263dcc5ec0996818884fd5fb1\"},\"breadcrumb\":{\"@id\":\"https:\/\/www.noticiasradioreflejos.com.ar\/2021\/ponen-en-venta-los-pasajes-de-trenes-de-larga-distancia-para-las-vacaciones-de-invierno\/#breadcrumb\"},\"inLanguage\":\"es\",\"potentialAction\":[{\"@type\":\"ReadAction\",\"target\":[\"https:\/\/www.noticiasradioreflejos.com.ar\/2021\/ponen-en-venta-los-pasajes-de-trenes-de-larga-distancia-para-las-vacaciones-de-invierno\/\"]}]},{\"@type\":\"ImageObject\",\"inLanguage\":\"es\",\"@id\":\"https:\/\/www.noticiasradioreflejos.com.ar\/2021\/ponen-en-venta-los-pasajes-de-trenes-de-larga-distancia-para-las-vacaciones-de-invierno\/#primaryimage\",\"url\":\"https:\/\/www.noticiasradioreflejos.com.ar\/2021\/wp-content\/uploads\/2022\/05\/tren.jpg_1599.jpg.webp\",\"contentUrl\":\"https:\/\/www.noticiasradioreflejos.com.ar\/2021\/wp-content\/uploads\/2022\/05\/tren.jpg_1599.jpg.webp\",\"width\":1200,\"height\":801},{\"@type\":\"BreadcrumbList\",\"@id\":\"https:\/\/www.noticiasradioreflejos.com.ar\/2021\/ponen-en-venta-los-pasajes-de-trenes-de-larga-distancia-para-las-vacaciones-de-invierno\/#breadcrumb\",\"itemListElement\":[{\"@type\":\"ListItem\",\"position\":1,\"name\":\"Portada\",\"item\":\"https:\/\/www.noticiasradioreflejos.com.ar\/2021\/\"},{\"@type\":\"ListItem\",\"position\":2,\"name\":\"Ponen en venta los pasajes de trenes de larga distancia para las vacaciones de invierno\"}]},{\"@type\":\"WebSite\",\"@id\":\"https:\/\/www.noticiasradioreflejos.com.ar\/2021\/#website\",\"url\":\"https:\/\/www.noticiasradioreflejos.com.ar\/2021\/\",\"name\":\"Noticias Radio Reflejos\",\"description\":\"Las noticias de mi comarca\",\"potentialAction\":[{\"@type\":\"SearchAction\",\"target\":{\"@type\":\"EntryPoint\",\"urlTemplate\":\"https:\/\/www.noticiasradioreflejos.com.ar\/2021\/?s={search_term_string}\"},\"query-input\":{\"@type\":\"PropertyValueSpecification\",\"valueRequired\":true,\"valueName\":\"search_term_string\"}}],\"inLanguage\":\"es\"},{\"@type\":\"Person\",\"@id\":\"https:\/\/www.noticiasradioreflejos.com.ar\/2021\/#\/schema\/person\/ad82545263dcc5ec0996818884fd5fb1\",\"name\":\"Arnaldo Botto\",\"image\":{\"@type\":\"ImageObject\",\"inLanguage\":\"es\",\"@id\":\"https:\/\/www.noticiasradioreflejos.com.ar\/2021\/#\/schema\/person\/image\/\",\"url\":\"https:\/\/secure.gravatar.com\/avatar\/55cb5e37c1efa326397366e6974cb338056df65cb50e7d64d1cf314e87504837?s=96&d=mm&r=g\",\"contentUrl\":\"https:\/\/secure.gravatar.com\/avatar\/55cb5e37c1efa326397366e6974cb338056df65cb50e7d64d1cf314e87504837?s=96&d=mm&r=g\",\"caption\":\"Arnaldo Botto\"},\"url\":\"https:\/\/www.noticiasradioreflejos.com.ar\/2021\/author\/arnaldo\/\"}]}<\/script>\n<!-- \/ Yoast SEO plugin. -->","yoast_head_json":{"title":"Ponen en venta los pasajes de trenes de larga distancia para las vacaciones de invierno - Noticias Radio Reflejos","robots":{"index":"index","follow":"follow","max-snippet":"max-snippet:-1","max-image-preview":"max-image-preview:large","max-video-preview":"max-video-preview:-1"},"canonical":"https:\/\/www.noticiasradioreflejos.com.ar\/2021\/ponen-en-venta-los-pasajes-de-trenes-de-larga-distancia-para-las-vacaciones-de-invierno\/","og_locale":"es_ES","og_type":"article","og_title":"Ponen en venta los pasajes de trenes de larga distancia para las vacaciones de invierno - Noticias Radio Reflejos","og_description":"Los usuarios y usuarias podr\u00e1n adquirir sus boletos en las terminales de Retiro, Constituci\u00f3n, Once y las estaciones intermedias o mediante la web, con un 10% de descuento.","og_url":"https:\/\/www.noticiasradioreflejos.com.ar\/2021\/ponen-en-venta-los-pasajes-de-trenes-de-larga-distancia-para-las-vacaciones-de-invierno\/","og_site_name":"Noticias Radio Reflejos","article_published_time":"2022-06-02T21:02:30+00:00","og_image":[{"width":1200,"height":801,"url":"https:\/\/www.noticiasradioreflejos.com.ar\/2021\/wp-content\/uploads\/2022\/05\/tren.jpg_1599.jpg.webp","type":"image\/webp"}],"author":"Arnaldo Botto","twitter_card":"summary_large_image","schema":{"@context":"https:\/\/schema.org","@graph":[{"@type":"WebPage","@id":"https:\/\/www.noticiasradioreflejos.com.ar\/2021\/ponen-en-venta-los-pasajes-de-trenes-de-larga-distancia-para-las-vacaciones-de-invierno\/","url":"https:\/\/www.noticiasradioreflejos.com.ar\/2021\/ponen-en-venta-los-pasajes-de-trenes-de-larga-distancia-para-las-vacaciones-de-invierno\/","name":"Ponen en venta los pasajes de trenes de larga distancia para las vacaciones de invierno - Noticias Radio Reflejos","isPartOf":{"@id":"https:\/\/www.noticiasradioreflejos.com.ar\/2021\/#website"},"primaryImageOfPage":{"@id":"https:\/\/www.noticiasradioreflejos.com.ar\/2021\/ponen-en-venta-los-pasajes-de-trenes-de-larga-distancia-para-las-vacaciones-de-invierno\/#primaryimage"},"image":{"@id":"https:\/\/www.noticiasradioreflejos.com.ar\/2021\/ponen-en-venta-los-pasajes-de-trenes-de-larga-distancia-para-las-vacaciones-de-invierno\/#primaryimage"},"thumbnailUrl":"https:\/\/www.noticiasradioreflejos.com.ar\/2021\/wp-content\/uploads\/2022\/05\/tren.jpg_1599.jpg.webp","datePublished":"2022-06-02T21:02:30+00:00","author":{"@id":"https:\/\/www.noticiasradioreflejos.com.ar\/2021\/#\/schema\/person\/ad82545263dcc5ec0996818884fd5fb1"},"breadcrumb":{"@id":"https:\/\/www.noticiasradioreflejos.com.ar\/2021\/ponen-en-venta-los-pasajes-de-trenes-de-larga-distancia-para-las-vacaciones-de-invierno\/#breadcrumb"},"inLanguage":"es","potentialAction":[{"@type":"ReadAction","target":["https:\/\/www.noticiasradioreflejos.com.ar\/2021\/ponen-en-venta-los-pasajes-de-trenes-de-larga-distancia-para-las-vacaciones-de-invierno\/"]}]},{"@type":"ImageObject","inLanguage":"es","@id":"https:\/\/www.noticiasradioreflejos.com.ar\/2021\/ponen-en-venta-los-pasajes-de-trenes-de-larga-distancia-para-las-vacaciones-de-invierno\/#primaryimage","url":"https:\/\/www.noticiasradioreflejos.com.ar\/2021\/wp-content\/uploads\/2022\/05\/tren.jpg_1599.jpg.webp","contentUrl":"https:\/\/www.noticiasradioreflejos.com.ar\/2021\/wp-content\/uploads\/2022\/05\/tren.jpg_1599.jpg.webp","width":1200,"height":801},{"@type":"BreadcrumbList","@id":"https:\/\/www.noticiasradioreflejos.com.ar\/2021\/ponen-en-venta-los-pasajes-de-trenes-de-larga-distancia-para-las-vacaciones-de-invierno\/#breadcrumb","itemListElement":[{"@type":"ListItem","position":1,"name":"Portada","item":"https:\/\/www.noticiasradioreflejos.com.ar\/2021\/"},{"@type":"ListItem","position":2,"name":"Ponen en venta los pasajes de trenes de larga distancia para las vacaciones de invierno"}]},{"@type":"WebSite","@id":"https:\/\/www.noticiasradioreflejos.com.ar\/2021\/#website","url":"https:\/\/www.noticiasradioreflejos.com.ar\/2021\/","name":"Noticias Radio Reflejos","description":"Las noticias de mi comarca","potentialAction":[{"@type":"SearchAction","target":{"@type":"EntryPoint","urlTemplate":"https:\/\/www.noticiasradioreflejos.com.ar\/2021\/?s={search_term_string}"},"query-input":{"@type":"PropertyValueSpecification","valueRequired":true,"valueName":"search_term_string"}}],"inLanguage":"es"},{"@type":"Person","@id":"https:\/\/www.noticiasradioreflejos.com.ar\/2021\/#\/schema\/person\/ad82545263dcc5ec0996818884fd5fb1","name":"Arnaldo Botto","image":{"@type":"ImageObject","inLanguage":"es","@id":"https:\/\/www.noticiasradioreflejos.com.ar\/2021\/#\/schema\/person\/image\/","url":"https:\/\/secure.gravatar.com\/avatar\/55cb5e37c1efa326397366e6974cb338056df65cb50e7d64d1cf314e87504837?s=96&d=mm&r=g","contentUrl":"https:\/\/secure.gravatar.com\/avatar\/55cb5e37c1efa326397366e6974cb338056df65cb50e7d64d1cf314e87504837?s=96&d=mm&r=g","caption":"Arnaldo Botto"},"url":"https:\/\/www.noticiasradioreflejos.com.ar\/2021\/author\/arnaldo\/"}]}},"_links":{"self":[{"href":"https:\/\/www.noticiasradioreflejos.com.ar\/2021\/wp-json\/wp\/v2\/posts\/73146","targetHints":{"allow":["GET"]}}],"collection":[{"href":"https:\/\/www.noticiasradioreflejos.com.ar\/2021\/wp-json\/wp\/v2\/posts"}],"about":[{"href":"https:\/\/www.noticiasradioreflejos.com.ar\/2021\/wp-json\/wp\/v2\/types\/post"}],"author":[{"embeddable":true,"href":"https:\/\/www.noticiasradioreflejos.com.ar\/2021\/wp-json\/wp\/v2\/users\/3"}],"replies":[{"embeddable":true,"href":"https:\/\/www.noticiasradioreflejos.com.ar\/2021\/wp-json\/wp\/v2\/comments?post=73146"}],"version-history":[{"count":1,"href":"https:\/\/www.noticiasradioreflejos.com.ar\/2021\/wp-json\/wp\/v2\/posts\/73146\/revisions"}],"predecessor-version":[{"id":73147,"href":"https:\/\/www.noticiasradioreflejos.com.ar\/2021\/wp-json\/wp\/v2\/posts\/73146\/revisions\/73147"}],"wp:featuredmedia":[{"embeddable":true,"href":"https:\/\/www.noticiasradioreflejos.com.ar\/2021\/wp-json\/wp\/v2\/media\/71546"}],"wp:attachment":[{"href":"https:\/\/www.noticiasradioreflejos.com.ar\/2021\/wp-json\/wp\/v2\/media?parent=73146"}],"wp:term":[{"taxonomy":"category","embeddable":true,"href":"https:\/\/www.noticiasradioreflejos.com.ar\/2021\/wp-json\/wp\/v2\/categories?post=73146"},{"taxonomy":"post_tag","embeddable":true,"href":"https:\/\/www.noticiasradioreflejos.com.ar\/2021\/wp-json\/wp\/v2\/tags?post=73146"}],"curies":[{"name":"wp","href":"https:\/\/api.w.org\/{rel}","templated":true}]}}