{"id":73137,"date":"2022-06-02T20:16:45","date_gmt":"2022-06-02T20:16:45","guid":{"rendered":"http:\/\/www.noticiasradioreflejos.com.ar\/2021\/?p=73137"},"modified":"2022-06-02T20:16:45","modified_gmt":"2022-06-02T20:16:45","slug":"el-municipio-y-baraca-regional-firmaron-un-convenio-sobre-cannabis-medicinal-y-terapeutico","status":"publish","type":"post","link":"https:\/\/www.noticiasradioreflejos.com.ar\/2021\/el-municipio-y-baraca-regional-firmaron-un-convenio-sobre-cannabis-medicinal-y-terapeutico\/","title":{"rendered":"El municipio y Baraca Regional firmaron un convenio sobre cannabis medicinal y terap\u00e9utico"},"content":{"rendered":"<p>El intendente municipal Sergio Bordoni, firm\u00f3, en horas de la ma\u00f1ana, un convenio de colaboraci\u00f3n con la firma Baraca Regional S.A.S, con el objetivo de otorgar un marco regulatorio para el desarrollo de la industria del cannabis medicinal. <\/p>\n<p>Dicha r\u00fabrica se da en el marco de la nueva ley n\u00b0 27.350, aprobada el pasado mes de mayo, mediante la cual se promueven mecanismos de autorizaciones para productores y comercializadores, y estrategias de seguridad, fiscalizaci\u00f3n y trazabilidad en la cadena. De esta forma se brinda un marco regulatorio para la inversi\u00f3n p\u00fablica y privada en toda la cadena de cannabis medicinal y autoriza el uso terap\u00e9utico y paliativo del cannabis. <\/p>\n<p>Desde Baraca Regional, el compromiso de generar un plan de investigaci\u00f3n, cultivo, producci\u00f3n, difusi\u00f3n e industrializaci\u00f3n del cannabis con fines cient\u00edficos, medicinales y terap\u00e9uticos. <\/p>\n<p>Por su parte, el municipio, ser\u00e1 el nexo del proyecto y del desarrollo local. Ya que, por decisi\u00f3n pol\u00edtica del intendente, la salud es uno de los principales ejes de gesti\u00f3n, por lo que a partir de esta nueva ley, deber\u00e1n profundizarse y fortalecerse las pol\u00edticas p\u00fablicas sanitarias, que conlleven al bienestar y mejor calidad de vida de cada los vecinos del distrito.<\/p>\n<p>Estuvieron presentes en la r\u00fabrica, el Secretario de Gobierno y Seguridad, Ezequiel Gabella, y por Baraca Regional, su presidente Alejandro Caporicci, el vicepresidente Cristian Raising y Lucas Baleix. <\/p>\n","protected":false},"excerpt":{"rendered":"<p>El intendente municipal Sergio Bordoni, firm\u00f3, en horas de la ma\u00f1ana, un convenio de colaboraci\u00f3n con la firma Baraca Regional S.A.S, con el objetivo de otorgar un marco regulatorio para el desarrollo de la industria del cannabis medicinal. Dicha r\u00fabrica se da en el marco de la nueva ley n\u00b0 27.350, aprobada el pasado mes [&hellip;]<\/p>\n","protected":false},"author":3,"featured_media":0,"comment_status":"closed","ping_status":"closed","sticky":false,"template":"","format":"standard","meta":{"footnotes":""},"categories":[28],"tags":[],"class_list":["post-73137","post","type-post","status-publish","format-standard","hentry","category-municipales"],"yoast_head":"<!-- This site is optimized with the Yoast SEO plugin v25.9 - https:\/\/yoast.com\/wordpress\/plugins\/seo\/ -->\n<title>El municipio y Baraca Regional firmaron un convenio sobre cannabis medicinal y terap\u00e9utico - Noticias Radio Reflejos<\/title>\n<meta name=\"robots\" content=\"index, follow, max-snippet:-1, max-image-preview:large, max-video-preview:-1\" \/>\n<link rel=\"canonical\" href=\"https:\/\/www.noticiasradioreflejos.com.ar\/2021\/el-municipio-y-baraca-regional-firmaron-un-convenio-sobre-cannabis-medicinal-y-terapeutico\/\" \/>\n<meta property=\"og:locale\" content=\"es_ES\" \/>\n<meta property=\"og:type\" content=\"article\" \/>\n<meta property=\"og:title\" content=\"El municipio y Baraca Regional firmaron un convenio sobre cannabis medicinal y terap\u00e9utico - Noticias Radio Reflejos\" \/>\n<meta property=\"og:description\" content=\"El intendente municipal Sergio Bordoni, firm\u00f3, en horas de la ma\u00f1ana, un convenio de colaboraci\u00f3n con la firma Baraca Regional S.A.S, con el objetivo de otorgar un marco regulatorio para el desarrollo de la industria del cannabis medicinal. Dicha r\u00fabrica se da en el marco de la nueva ley n\u00b0 27.350, aprobada el pasado mes [&hellip;]\" \/>\n<meta property=\"og:url\" content=\"https:\/\/www.noticiasradioreflejos.com.ar\/2021\/el-municipio-y-baraca-regional-firmaron-un-convenio-sobre-cannabis-medicinal-y-terapeutico\/\" \/>\n<meta property=\"og:site_name\" content=\"Noticias Radio Reflejos\" \/>\n<meta property=\"article:published_time\" content=\"2022-06-02T20:16:45+00:00\" \/>\n<meta property=\"og:image\" content=\"https:\/\/www.noticiasradioreflejos.com.ar\/2021\/wp-content\/uploads\/2021\/07\/logosol300x200.png\" \/>\n\t<meta property=\"og:image:width\" content=\"300\" \/>\n\t<meta property=\"og:image:height\" content=\"200\" \/>\n\t<meta property=\"og:image:type\" content=\"image\/png\" \/>\n<meta name=\"author\" content=\"Arnaldo Botto\" \/>\n<meta name=\"twitter:card\" content=\"summary_large_image\" \/>\n<script type=\"application\/ld+json\" class=\"yoast-schema-graph\">{\"@context\":\"https:\/\/schema.org\",\"@graph\":[{\"@type\":\"WebPage\",\"@id\":\"https:\/\/www.noticiasradioreflejos.com.ar\/2021\/el-municipio-y-baraca-regional-firmaron-un-convenio-sobre-cannabis-medicinal-y-terapeutico\/\",\"url\":\"https:\/\/www.noticiasradioreflejos.com.ar\/2021\/el-municipio-y-baraca-regional-firmaron-un-convenio-sobre-cannabis-medicinal-y-terapeutico\/\",\"name\":\"El municipio y Baraca Regional firmaron un convenio sobre cannabis medicinal y terap\u00e9utico - Noticias Radio Reflejos\",\"isPartOf\":{\"@id\":\"https:\/\/www.noticiasradioreflejos.com.ar\/2021\/#website\"},\"datePublished\":\"2022-06-02T20:16:45+00:00\",\"author\":{\"@id\":\"https:\/\/www.noticiasradioreflejos.com.ar\/2021\/#\/schema\/person\/ad82545263dcc5ec0996818884fd5fb1\"},\"breadcrumb\":{\"@id\":\"https:\/\/www.noticiasradioreflejos.com.ar\/2021\/el-municipio-y-baraca-regional-firmaron-un-convenio-sobre-cannabis-medicinal-y-terapeutico\/#breadcrumb\"},\"inLanguage\":\"es\",\"potentialAction\":[{\"@type\":\"ReadAction\",\"target\":[\"https:\/\/www.noticiasradioreflejos.com.ar\/2021\/el-municipio-y-baraca-regional-firmaron-un-convenio-sobre-cannabis-medicinal-y-terapeutico\/\"]}]},{\"@type\":\"BreadcrumbList\",\"@id\":\"https:\/\/www.noticiasradioreflejos.com.ar\/2021\/el-municipio-y-baraca-regional-firmaron-un-convenio-sobre-cannabis-medicinal-y-terapeutico\/#breadcrumb\",\"itemListElement\":[{\"@type\":\"ListItem\",\"position\":1,\"name\":\"Portada\",\"item\":\"https:\/\/www.noticiasradioreflejos.com.ar\/2021\/\"},{\"@type\":\"ListItem\",\"position\":2,\"name\":\"El municipio y Baraca Regional firmaron un convenio sobre cannabis medicinal y terap\u00e9utico\"}]},{\"@type\":\"WebSite\",\"@id\":\"https:\/\/www.noticiasradioreflejos.com.ar\/2021\/#website\",\"url\":\"https:\/\/www.noticiasradioreflejos.com.ar\/2021\/\",\"name\":\"Noticias Radio Reflejos\",\"description\":\"Las noticias de mi comarca\",\"potentialAction\":[{\"@type\":\"SearchAction\",\"target\":{\"@type\":\"EntryPoint\",\"urlTemplate\":\"https:\/\/www.noticiasradioreflejos.com.ar\/2021\/?s={search_term_string}\"},\"query-input\":{\"@type\":\"PropertyValueSpecification\",\"valueRequired\":true,\"valueName\":\"search_term_string\"}}],\"inLanguage\":\"es\"},{\"@type\":\"Person\",\"@id\":\"https:\/\/www.noticiasradioreflejos.com.ar\/2021\/#\/schema\/person\/ad82545263dcc5ec0996818884fd5fb1\",\"name\":\"Arnaldo Botto\",\"image\":{\"@type\":\"ImageObject\",\"inLanguage\":\"es\",\"@id\":\"https:\/\/www.noticiasradioreflejos.com.ar\/2021\/#\/schema\/person\/image\/\",\"url\":\"https:\/\/secure.gravatar.com\/avatar\/55cb5e37c1efa326397366e6974cb338056df65cb50e7d64d1cf314e87504837?s=96&d=mm&r=g\",\"contentUrl\":\"https:\/\/secure.gravatar.com\/avatar\/55cb5e37c1efa326397366e6974cb338056df65cb50e7d64d1cf314e87504837?s=96&d=mm&r=g\",\"caption\":\"Arnaldo Botto\"},\"url\":\"https:\/\/www.noticiasradioreflejos.com.ar\/2021\/author\/arnaldo\/\"}]}<\/script>\n<!-- \/ Yoast SEO plugin. -->","yoast_head_json":{"title":"El municipio y Baraca Regional firmaron un convenio sobre cannabis medicinal y terap\u00e9utico - Noticias Radio Reflejos","robots":{"index":"index","follow":"follow","max-snippet":"max-snippet:-1","max-image-preview":"max-image-preview:large","max-video-preview":"max-video-preview:-1"},"canonical":"https:\/\/www.noticiasradioreflejos.com.ar\/2021\/el-municipio-y-baraca-regional-firmaron-un-convenio-sobre-cannabis-medicinal-y-terapeutico\/","og_locale":"es_ES","og_type":"article","og_title":"El municipio y Baraca Regional firmaron un convenio sobre cannabis medicinal y terap\u00e9utico - Noticias Radio Reflejos","og_description":"El intendente municipal Sergio Bordoni, firm\u00f3, en horas de la ma\u00f1ana, un convenio de colaboraci\u00f3n con la firma Baraca Regional S.A.S, con el objetivo de otorgar un marco regulatorio para el desarrollo de la industria del cannabis medicinal. Dicha r\u00fabrica se da en el marco de la nueva ley n\u00b0 27.350, aprobada el pasado mes [&hellip;]","og_url":"https:\/\/www.noticiasradioreflejos.com.ar\/2021\/el-municipio-y-baraca-regional-firmaron-un-convenio-sobre-cannabis-medicinal-y-terapeutico\/","og_site_name":"Noticias Radio Reflejos","article_published_time":"2022-06-02T20:16:45+00:00","og_image":[{"width":300,"height":200,"url":"https:\/\/www.noticiasradioreflejos.com.ar\/2021\/wp-content\/uploads\/2021\/07\/logosol300x200.png","type":"image\/png"}],"author":"Arnaldo Botto","twitter_card":"summary_large_image","schema":{"@context":"https:\/\/schema.org","@graph":[{"@type":"WebPage","@id":"https:\/\/www.noticiasradioreflejos.com.ar\/2021\/el-municipio-y-baraca-regional-firmaron-un-convenio-sobre-cannabis-medicinal-y-terapeutico\/","url":"https:\/\/www.noticiasradioreflejos.com.ar\/2021\/el-municipio-y-baraca-regional-firmaron-un-convenio-sobre-cannabis-medicinal-y-terapeutico\/","name":"El municipio y Baraca Regional firmaron un convenio sobre cannabis medicinal y terap\u00e9utico - Noticias Radio Reflejos","isPartOf":{"@id":"https:\/\/www.noticiasradioreflejos.com.ar\/2021\/#website"},"datePublished":"2022-06-02T20:16:45+00:00","author":{"@id":"https:\/\/www.noticiasradioreflejos.com.ar\/2021\/#\/schema\/person\/ad82545263dcc5ec0996818884fd5fb1"},"breadcrumb":{"@id":"https:\/\/www.noticiasradioreflejos.com.ar\/2021\/el-municipio-y-baraca-regional-firmaron-un-convenio-sobre-cannabis-medicinal-y-terapeutico\/#breadcrumb"},"inLanguage":"es","potentialAction":[{"@type":"ReadAction","target":["https:\/\/www.noticiasradioreflejos.com.ar\/2021\/el-municipio-y-baraca-regional-firmaron-un-convenio-sobre-cannabis-medicinal-y-terapeutico\/"]}]},{"@type":"BreadcrumbList","@id":"https:\/\/www.noticiasradioreflejos.com.ar\/2021\/el-municipio-y-baraca-regional-firmaron-un-convenio-sobre-cannabis-medicinal-y-terapeutico\/#breadcrumb","itemListElement":[{"@type":"ListItem","position":1,"name":"Portada","item":"https:\/\/www.noticiasradioreflejos.com.ar\/2021\/"},{"@type":"ListItem","position":2,"name":"El municipio y Baraca Regional firmaron un convenio sobre cannabis medicinal y terap\u00e9utico"}]},{"@type":"WebSite","@id":"https:\/\/www.noticiasradioreflejos.com.ar\/2021\/#website","url":"https:\/\/www.noticiasradioreflejos.com.ar\/2021\/","name":"Noticias Radio Reflejos","description":"Las noticias de mi comarca","potentialAction":[{"@type":"SearchAction","target":{"@type":"EntryPoint","urlTemplate":"https:\/\/www.noticiasradioreflejos.com.ar\/2021\/?s={search_term_string}"},"query-input":{"@type":"PropertyValueSpecification","valueRequired":true,"valueName":"search_term_string"}}],"inLanguage":"es"},{"@type":"Person","@id":"https:\/\/www.noticiasradioreflejos.com.ar\/2021\/#\/schema\/person\/ad82545263dcc5ec0996818884fd5fb1","name":"Arnaldo Botto","image":{"@type":"ImageObject","inLanguage":"es","@id":"https:\/\/www.noticiasradioreflejos.com.ar\/2021\/#\/schema\/person\/image\/","url":"https:\/\/secure.gravatar.com\/avatar\/55cb5e37c1efa326397366e6974cb338056df65cb50e7d64d1cf314e87504837?s=96&d=mm&r=g","contentUrl":"https:\/\/secure.gravatar.com\/avatar\/55cb5e37c1efa326397366e6974cb338056df65cb50e7d64d1cf314e87504837?s=96&d=mm&r=g","caption":"Arnaldo Botto"},"url":"https:\/\/www.noticiasradioreflejos.com.ar\/2021\/author\/arnaldo\/"}]}},"_links":{"self":[{"href":"https:\/\/www.noticiasradioreflejos.com.ar\/2021\/wp-json\/wp\/v2\/posts\/73137","targetHints":{"allow":["GET"]}}],"collection":[{"href":"https:\/\/www.noticiasradioreflejos.com.ar\/2021\/wp-json\/wp\/v2\/posts"}],"about":[{"href":"https:\/\/www.noticiasradioreflejos.com.ar\/2021\/wp-json\/wp\/v2\/types\/post"}],"author":[{"embeddable":true,"href":"https:\/\/www.noticiasradioreflejos.com.ar\/2021\/wp-json\/wp\/v2\/users\/3"}],"replies":[{"embeddable":true,"href":"https:\/\/www.noticiasradioreflejos.com.ar\/2021\/wp-json\/wp\/v2\/comments?post=73137"}],"version-history":[{"count":1,"href":"https:\/\/www.noticiasradioreflejos.com.ar\/2021\/wp-json\/wp\/v2\/posts\/73137\/revisions"}],"predecessor-version":[{"id":73141,"href":"https:\/\/www.noticiasradioreflejos.com.ar\/2021\/wp-json\/wp\/v2\/posts\/73137\/revisions\/73141"}],"wp:attachment":[{"href":"https:\/\/www.noticiasradioreflejos.com.ar\/2021\/wp-json\/wp\/v2\/media?parent=73137"}],"wp:term":[{"taxonomy":"category","embeddable":true,"href":"https:\/\/www.noticiasradioreflejos.com.ar\/2021\/wp-json\/wp\/v2\/categories?post=73137"},{"taxonomy":"post_tag","embeddable":true,"href":"https:\/\/www.noticiasradioreflejos.com.ar\/2021\/wp-json\/wp\/v2\/tags?post=73137"}],"curies":[{"name":"wp","href":"https:\/\/api.w.org\/{rel}","templated":true}]}}