{"id":73136,"date":"2022-06-02T20:15:55","date_gmt":"2022-06-02T20:15:55","guid":{"rendered":"http:\/\/www.noticiasradioreflejos.com.ar\/2021\/?p=73136"},"modified":"2022-06-02T20:15:55","modified_gmt":"2022-06-02T20:15:55","slug":"raverta-las-becas-progresar-garantizan-el-acceso-igualitario-a-la-educacion","status":"publish","type":"post","link":"https:\/\/www.noticiasradioreflejos.com.ar\/2021\/raverta-las-becas-progresar-garantizan-el-acceso-igualitario-a-la-educacion\/","title":{"rendered":"Raverta: \u00abLas becas Progresar garantizan el acceso igualitario a la educaci\u00f3n\u00bb"},"content":{"rendered":"<p>La directora ejecutiva de ANSES, Fernanda Raverta, estuvo hoy en el partido bonaerense de San Miguel, donde particip\u00f3 en un encuentro con j\u00f3venes beneficiarios del Programa de Respaldo a Estudiantes Argentinos (PROGRESAR) en la ONG Resurgir Solidario.<!--more--><\/p>\n<p>Dicho encuentro se dio en el marco de una serie de talleres que tienen como objetivo escuchar y conocer cu\u00e1les son sus inquietudes y demandas y tambi\u00e9n difundir las distintas prestaciones de la Seguridad Social a las que tienen derecho a acceder.<\/p>\n<p>En este marco, Raverta record\u00f3: \u201cLas becas PROGRESAR son un est\u00edmulo para que chicas y chicos de 16 a 24 a\u00f1os inclusive inicien, contin\u00faen o finalicen sus estudios. De esta forma, junto al Ministerio de Educaci\u00f3n seguimos trabajando para garantizar el acceso igualitario al aprendizaje y que las y los j\u00f3venes argentinos tengan las mismas oportunidades de estudiar, so\u00f1ar y desarrollar sus proyectos de vida\u201d.<\/p>\n<p>\u201cNuestra convicci\u00f3n es que cada decisi\u00f3n que tomamos en ANSES tenga empat\u00eda y la posibilidad de ponernos en el lugar de ustedes todo el tiempo\u201d, agreg\u00f3 la titular del organismo.<\/p>\n<p>Luego, Raverta estuvo en La Casita de Barrio Mitre junto al subsecretario de Organizaci\u00f3n Comunitaria del Ministerio de Desarrollo de la provincia de Buenos Aires, Santiago Fidanza, donde se reunieron con mam\u00e1s beneficiarias de la Asignaci\u00f3n Universal por Hijo (AUH). Este centro comunitario es el principal referente de la red de merenderos y comederos de San Miguel, asiste a m\u00e1s de 200 familias y brinda asistencia alimentaria y talleres principalmente a ni\u00f1os y ni\u00f1as del barrio.<\/p>\n<p>En horas de la ma\u00f1ana, la directora ejecutiva se acerc\u00f3 a la Unidad de Atenci\u00f3n Integral (UDAI) San Miguel donde convers\u00f3 con las y los trabajadores junto al jefe de la Regional Bonaerense I, Santiago Debandi, y al jefe de la delegaci\u00f3n, Bruno Baschetti.<\/p>\n<p>Estuvieron presentes durante toda la jornada el subdirector ejecutivo de Prestaciones, Juan Manuel Tignanelli; la directora general de Proyectos de Ni\u00f1ez, Adolescencia, Juventud y G\u00e9nero, Paula Ferro.<\/p>\n","protected":false},"excerpt":{"rendered":"<p>La directora ejecutiva de ANSES, Fernanda Raverta, estuvo hoy en el partido bonaerense de San Miguel, donde particip\u00f3 en un encuentro con j\u00f3venes beneficiarios del Programa de Respaldo a Estudiantes Argentinos (PROGRESAR) en la ONG Resurgir Solidario.<\/p>\n","protected":false},"author":3,"featured_media":0,"comment_status":"closed","ping_status":"closed","sticky":false,"template":"","format":"standard","meta":{"footnotes":""},"categories":[34],"tags":[],"class_list":["post-73136","post","type-post","status-publish","format-standard","hentry","category-educacion"],"yoast_head":"<!-- This site is optimized with the Yoast SEO plugin v25.9 - https:\/\/yoast.com\/wordpress\/plugins\/seo\/ -->\n<title>Raverta: &quot;Las becas Progresar garantizan el acceso igualitario a la educaci\u00f3n&quot; - Noticias Radio Reflejos<\/title>\n<meta name=\"robots\" content=\"index, follow, max-snippet:-1, max-image-preview:large, max-video-preview:-1\" \/>\n<link rel=\"canonical\" href=\"https:\/\/www.noticiasradioreflejos.com.ar\/2021\/raverta-las-becas-progresar-garantizan-el-acceso-igualitario-a-la-educacion\/\" \/>\n<meta property=\"og:locale\" content=\"es_ES\" \/>\n<meta property=\"og:type\" content=\"article\" \/>\n<meta property=\"og:title\" content=\"Raverta: &quot;Las becas Progresar garantizan el acceso igualitario a la educaci\u00f3n&quot; - Noticias Radio Reflejos\" \/>\n<meta property=\"og:description\" content=\"La directora ejecutiva de ANSES, Fernanda Raverta, estuvo hoy en el partido bonaerense de San Miguel, donde particip\u00f3 en un encuentro con j\u00f3venes beneficiarios del Programa de Respaldo a Estudiantes Argentinos (PROGRESAR) en la ONG Resurgir Solidario.\" \/>\n<meta property=\"og:url\" content=\"https:\/\/www.noticiasradioreflejos.com.ar\/2021\/raverta-las-becas-progresar-garantizan-el-acceso-igualitario-a-la-educacion\/\" \/>\n<meta property=\"og:site_name\" content=\"Noticias Radio Reflejos\" \/>\n<meta property=\"article:published_time\" content=\"2022-06-02T20:15:55+00:00\" \/>\n<meta property=\"og:image\" content=\"https:\/\/www.noticiasradioreflejos.com.ar\/2021\/wp-content\/uploads\/2021\/07\/logosol300x200.png\" \/>\n\t<meta property=\"og:image:width\" content=\"300\" \/>\n\t<meta property=\"og:image:height\" content=\"200\" \/>\n\t<meta property=\"og:image:type\" content=\"image\/png\" \/>\n<meta name=\"author\" content=\"Arnaldo Botto\" \/>\n<meta name=\"twitter:card\" content=\"summary_large_image\" \/>\n<script type=\"application\/ld+json\" class=\"yoast-schema-graph\">{\"@context\":\"https:\/\/schema.org\",\"@graph\":[{\"@type\":\"WebPage\",\"@id\":\"https:\/\/www.noticiasradioreflejos.com.ar\/2021\/raverta-las-becas-progresar-garantizan-el-acceso-igualitario-a-la-educacion\/\",\"url\":\"https:\/\/www.noticiasradioreflejos.com.ar\/2021\/raverta-las-becas-progresar-garantizan-el-acceso-igualitario-a-la-educacion\/\",\"name\":\"Raverta: \\\"Las becas Progresar garantizan el acceso igualitario a la educaci\u00f3n\\\" - Noticias Radio Reflejos\",\"isPartOf\":{\"@id\":\"https:\/\/www.noticiasradioreflejos.com.ar\/2021\/#website\"},\"datePublished\":\"2022-06-02T20:15:55+00:00\",\"author\":{\"@id\":\"https:\/\/www.noticiasradioreflejos.com.ar\/2021\/#\/schema\/person\/ad82545263dcc5ec0996818884fd5fb1\"},\"breadcrumb\":{\"@id\":\"https:\/\/www.noticiasradioreflejos.com.ar\/2021\/raverta-las-becas-progresar-garantizan-el-acceso-igualitario-a-la-educacion\/#breadcrumb\"},\"inLanguage\":\"es\",\"potentialAction\":[{\"@type\":\"ReadAction\",\"target\":[\"https:\/\/www.noticiasradioreflejos.com.ar\/2021\/raverta-las-becas-progresar-garantizan-el-acceso-igualitario-a-la-educacion\/\"]}]},{\"@type\":\"BreadcrumbList\",\"@id\":\"https:\/\/www.noticiasradioreflejos.com.ar\/2021\/raverta-las-becas-progresar-garantizan-el-acceso-igualitario-a-la-educacion\/#breadcrumb\",\"itemListElement\":[{\"@type\":\"ListItem\",\"position\":1,\"name\":\"Portada\",\"item\":\"https:\/\/www.noticiasradioreflejos.com.ar\/2021\/\"},{\"@type\":\"ListItem\",\"position\":2,\"name\":\"Raverta: \u00abLas becas Progresar garantizan el acceso igualitario a la educaci\u00f3n\u00bb\"}]},{\"@type\":\"WebSite\",\"@id\":\"https:\/\/www.noticiasradioreflejos.com.ar\/2021\/#website\",\"url\":\"https:\/\/www.noticiasradioreflejos.com.ar\/2021\/\",\"name\":\"Noticias Radio Reflejos\",\"description\":\"Las noticias de mi comarca\",\"potentialAction\":[{\"@type\":\"SearchAction\",\"target\":{\"@type\":\"EntryPoint\",\"urlTemplate\":\"https:\/\/www.noticiasradioreflejos.com.ar\/2021\/?s={search_term_string}\"},\"query-input\":{\"@type\":\"PropertyValueSpecification\",\"valueRequired\":true,\"valueName\":\"search_term_string\"}}],\"inLanguage\":\"es\"},{\"@type\":\"Person\",\"@id\":\"https:\/\/www.noticiasradioreflejos.com.ar\/2021\/#\/schema\/person\/ad82545263dcc5ec0996818884fd5fb1\",\"name\":\"Arnaldo Botto\",\"image\":{\"@type\":\"ImageObject\",\"inLanguage\":\"es\",\"@id\":\"https:\/\/www.noticiasradioreflejos.com.ar\/2021\/#\/schema\/person\/image\/\",\"url\":\"https:\/\/secure.gravatar.com\/avatar\/55cb5e37c1efa326397366e6974cb338056df65cb50e7d64d1cf314e87504837?s=96&d=mm&r=g\",\"contentUrl\":\"https:\/\/secure.gravatar.com\/avatar\/55cb5e37c1efa326397366e6974cb338056df65cb50e7d64d1cf314e87504837?s=96&d=mm&r=g\",\"caption\":\"Arnaldo Botto\"},\"url\":\"https:\/\/www.noticiasradioreflejos.com.ar\/2021\/author\/arnaldo\/\"}]}<\/script>\n<!-- \/ Yoast SEO plugin. -->","yoast_head_json":{"title":"Raverta: \"Las becas Progresar garantizan el acceso igualitario a la educaci\u00f3n\" - Noticias Radio Reflejos","robots":{"index":"index","follow":"follow","max-snippet":"max-snippet:-1","max-image-preview":"max-image-preview:large","max-video-preview":"max-video-preview:-1"},"canonical":"https:\/\/www.noticiasradioreflejos.com.ar\/2021\/raverta-las-becas-progresar-garantizan-el-acceso-igualitario-a-la-educacion\/","og_locale":"es_ES","og_type":"article","og_title":"Raverta: \"Las becas Progresar garantizan el acceso igualitario a la educaci\u00f3n\" - Noticias Radio Reflejos","og_description":"La directora ejecutiva de ANSES, Fernanda Raverta, estuvo hoy en el partido bonaerense de San Miguel, donde particip\u00f3 en un encuentro con j\u00f3venes beneficiarios del Programa de Respaldo a Estudiantes Argentinos (PROGRESAR) en la ONG Resurgir Solidario.","og_url":"https:\/\/www.noticiasradioreflejos.com.ar\/2021\/raverta-las-becas-progresar-garantizan-el-acceso-igualitario-a-la-educacion\/","og_site_name":"Noticias Radio Reflejos","article_published_time":"2022-06-02T20:15:55+00:00","og_image":[{"width":300,"height":200,"url":"https:\/\/www.noticiasradioreflejos.com.ar\/2021\/wp-content\/uploads\/2021\/07\/logosol300x200.png","type":"image\/png"}],"author":"Arnaldo Botto","twitter_card":"summary_large_image","schema":{"@context":"https:\/\/schema.org","@graph":[{"@type":"WebPage","@id":"https:\/\/www.noticiasradioreflejos.com.ar\/2021\/raverta-las-becas-progresar-garantizan-el-acceso-igualitario-a-la-educacion\/","url":"https:\/\/www.noticiasradioreflejos.com.ar\/2021\/raverta-las-becas-progresar-garantizan-el-acceso-igualitario-a-la-educacion\/","name":"Raverta: \"Las becas Progresar garantizan el acceso igualitario a la educaci\u00f3n\" - Noticias Radio Reflejos","isPartOf":{"@id":"https:\/\/www.noticiasradioreflejos.com.ar\/2021\/#website"},"datePublished":"2022-06-02T20:15:55+00:00","author":{"@id":"https:\/\/www.noticiasradioreflejos.com.ar\/2021\/#\/schema\/person\/ad82545263dcc5ec0996818884fd5fb1"},"breadcrumb":{"@id":"https:\/\/www.noticiasradioreflejos.com.ar\/2021\/raverta-las-becas-progresar-garantizan-el-acceso-igualitario-a-la-educacion\/#breadcrumb"},"inLanguage":"es","potentialAction":[{"@type":"ReadAction","target":["https:\/\/www.noticiasradioreflejos.com.ar\/2021\/raverta-las-becas-progresar-garantizan-el-acceso-igualitario-a-la-educacion\/"]}]},{"@type":"BreadcrumbList","@id":"https:\/\/www.noticiasradioreflejos.com.ar\/2021\/raverta-las-becas-progresar-garantizan-el-acceso-igualitario-a-la-educacion\/#breadcrumb","itemListElement":[{"@type":"ListItem","position":1,"name":"Portada","item":"https:\/\/www.noticiasradioreflejos.com.ar\/2021\/"},{"@type":"ListItem","position":2,"name":"Raverta: \u00abLas becas Progresar garantizan el acceso igualitario a la educaci\u00f3n\u00bb"}]},{"@type":"WebSite","@id":"https:\/\/www.noticiasradioreflejos.com.ar\/2021\/#website","url":"https:\/\/www.noticiasradioreflejos.com.ar\/2021\/","name":"Noticias Radio Reflejos","description":"Las noticias de mi comarca","potentialAction":[{"@type":"SearchAction","target":{"@type":"EntryPoint","urlTemplate":"https:\/\/www.noticiasradioreflejos.com.ar\/2021\/?s={search_term_string}"},"query-input":{"@type":"PropertyValueSpecification","valueRequired":true,"valueName":"search_term_string"}}],"inLanguage":"es"},{"@type":"Person","@id":"https:\/\/www.noticiasradioreflejos.com.ar\/2021\/#\/schema\/person\/ad82545263dcc5ec0996818884fd5fb1","name":"Arnaldo Botto","image":{"@type":"ImageObject","inLanguage":"es","@id":"https:\/\/www.noticiasradioreflejos.com.ar\/2021\/#\/schema\/person\/image\/","url":"https:\/\/secure.gravatar.com\/avatar\/55cb5e37c1efa326397366e6974cb338056df65cb50e7d64d1cf314e87504837?s=96&d=mm&r=g","contentUrl":"https:\/\/secure.gravatar.com\/avatar\/55cb5e37c1efa326397366e6974cb338056df65cb50e7d64d1cf314e87504837?s=96&d=mm&r=g","caption":"Arnaldo Botto"},"url":"https:\/\/www.noticiasradioreflejos.com.ar\/2021\/author\/arnaldo\/"}]}},"_links":{"self":[{"href":"https:\/\/www.noticiasradioreflejos.com.ar\/2021\/wp-json\/wp\/v2\/posts\/73136","targetHints":{"allow":["GET"]}}],"collection":[{"href":"https:\/\/www.noticiasradioreflejos.com.ar\/2021\/wp-json\/wp\/v2\/posts"}],"about":[{"href":"https:\/\/www.noticiasradioreflejos.com.ar\/2021\/wp-json\/wp\/v2\/types\/post"}],"author":[{"embeddable":true,"href":"https:\/\/www.noticiasradioreflejos.com.ar\/2021\/wp-json\/wp\/v2\/users\/3"}],"replies":[{"embeddable":true,"href":"https:\/\/www.noticiasradioreflejos.com.ar\/2021\/wp-json\/wp\/v2\/comments?post=73136"}],"version-history":[{"count":1,"href":"https:\/\/www.noticiasradioreflejos.com.ar\/2021\/wp-json\/wp\/v2\/posts\/73136\/revisions"}],"predecessor-version":[{"id":73139,"href":"https:\/\/www.noticiasradioreflejos.com.ar\/2021\/wp-json\/wp\/v2\/posts\/73136\/revisions\/73139"}],"wp:attachment":[{"href":"https:\/\/www.noticiasradioreflejos.com.ar\/2021\/wp-json\/wp\/v2\/media?parent=73136"}],"wp:term":[{"taxonomy":"category","embeddable":true,"href":"https:\/\/www.noticiasradioreflejos.com.ar\/2021\/wp-json\/wp\/v2\/categories?post=73136"},{"taxonomy":"post_tag","embeddable":true,"href":"https:\/\/www.noticiasradioreflejos.com.ar\/2021\/wp-json\/wp\/v2\/tags?post=73136"}],"curies":[{"name":"wp","href":"https:\/\/api.w.org\/{rel}","templated":true}]}}