{"id":73121,"date":"2022-06-02T18:21:39","date_gmt":"2022-06-02T18:21:39","guid":{"rendered":"http:\/\/www.noticiasradioreflejos.com.ar\/2021\/?p=73121"},"modified":"2022-06-02T18:21:39","modified_gmt":"2022-06-02T18:21:39","slug":"los-bloques-de-juntos-y-juntos-por-el-cambio-realizan-pedido-de-informe-por-dos-tematicas-diferentes","status":"publish","type":"post","link":"https:\/\/www.noticiasradioreflejos.com.ar\/2021\/los-bloques-de-juntos-y-juntos-por-el-cambio-realizan-pedido-de-informe-por-dos-tematicas-diferentes\/","title":{"rendered":"Los bloques de Juntos y Juntos por el Cambio realizan pedido de informe por dos tem\u00e1ticas diferentes"},"content":{"rendered":"<p>Ambos bloques solicitaron informe  con el fin de conocer la situaci\u00f3n contractual de la Cooperativa El\u00e9ctrica y si existe contaminaci\u00f3n difusa en las aguas subterr\u00e1neas de nuestro distrito. A continuaci\u00f3n, ambas solicitudes.<!--more--><\/p>\n<p>Tornquist, 31 de mayo de 2022<\/p>\n<p>PEDIDO DE INFORME<\/p>\n<p>VISTO:<br \/>\n \tLa necesidad de contar con estudios que determinen si existe contaminaci\u00f3n difusa en las aguas subterr\u00e1neas del Distrito de Tornquist, y;   <\/p>\n<p>CONSIDERANDO:\t<\/p>\n<p>\tQue es general el uso que de las aguas subterr\u00e1neas se hace en el Distrito de Tornquist, existiendo regiones o sectores determinados por la presencia de enclaves poblacionales donde para abastecer sus necesidades, dependen casi exclusivamente de ellas. Precisamente por tales realidades humanas, sociales, ambientales y econ\u00f3micas debemos bregar por su cuidado,\ttodo\tello\tsin desestimar la necesidad de conocer el estado de las\tmismas desde la atenta mirada de la salud p\u00fablica;<br \/>\n\tQue Nuestro Distrito no es inmune a la contaminaci\u00f3n derivada de pr\u00e1cticas agr\u00edcolas (con aportaci\u00f3n de nitratos y plaguicidas);<br \/>\n\tQue es un tema que preocupa y ocupa al mundo entero, simult\u00e1neamente y en virtud de causas concurrentes (expansi\u00f3n demogr\u00e1fica y desarrollo), han ido apareciendo en las aguas subterr\u00e1neas un gran n\u00famero de compuestos org\u00e1nicos vol\u00e1tiles con su notable incidencia negativa sobre la salud humana y su entorno;<br \/>\n\tQue  el recurso h\u00eddrico fue, es y ser\u00e1 indispensable para la vida del hombre;<br \/>\n\tQue desde  la Mesopotamia delimitada por el \u00c9ufrates y el Tigris hasta el Napost\u00e1 se puede afirmar que donde encontramos agua existe vida;<br \/>\n\tQue la explosi\u00f3n demogr\u00e1fica conjuntamente con el desarrollo industrial y agr\u00edcola provocaron en las \u00faltimas d\u00e9cadas, mayor demanda de un elemento de la naturaleza en principio abundante pero que como recurso natural es escaso;<br \/>\n\tQue no es un dato menor el hecho que si bien hoy, todav\u00eda la mayor parte del agua consumida en el mundo proviene de r\u00edos y lagos;  en nuestro Distrito las aguas subterr\u00e1neas pueden ser preferidas a las superficiales, entre otras razones debido a que los vol\u00famenes almacenados son generalmente de mayor magnitud, por lo cual el abastecimiento a partir de ellas no puede verse mayormente afectado por sequ\u00edas de no muy larga extensi\u00f3n con menor riesgo de contaminaci\u00f3n;<br \/>\n\tQue nuestra regi\u00f3n, presenta alteraciones en la calidad natural del agua, siendo ello un indicio de contaminaci\u00f3n;<br \/>\n\tQue, aun cuando los tipos de contaminantes sean los mismos, las particulares caracter\u00edsticas de las aguas subterr\u00e1neas, confieren a su contenido ciertos rasgos que la diferencian de las aguas superficiales, pero hay que ahondar todav\u00eda mucho m\u00e1s para despertar conciencia\tal respecto para una mejor valoraci\u00f3n del recurso natural especifico;<br \/>\n\tQue  en ese\torden\tde ideas, podemos se\u00f1alar que, si bien las aguas subterr\u00e1neas se\tencuentran generalmente con mayor protecci\u00f3n frente a la contaminaci\u00f3n que las aguas superficiales, como contracara, una vez incorporados los contaminantes al flujo subterr\u00e1neo, se torna m\u00e1s dificultosa y onerosa su detecci\u00f3n y algo muy importante como es su desplazamiento o destino final;<br \/>\n\tQue postreramente,\tla contaminaci\u00f3n de los acu\u00edferos es un proceso dif\u00edcilmente reversible debido a\tla dificultad de regeneraci\u00f3n de los mismos sin importar si la contaminaci\u00f3n es  ostensiblemente o no visible;<br \/>\n\tQue la doctrina nos ilustra al respecto cuando establece que los tipos de contaminantes de origen antropog\u00e9nico que frecuentemente alteran la calidad natural de las aguas subterr\u00e1neas pueden concretarse en contaminaci\u00f3n urbana y dom\u00e9stica, contaminaci\u00f3n agr\u00edcola, contaminaci\u00f3n industrial y contaminaci\u00f3n inducida por bombeo;<br \/>\n\tQue de todas ellas, la m\u00e1s generalizada es la contaminaci\u00f3n<br \/>\nagr\u00edcola siendo su peculiaridad, con excepci\u00f3n de algunos vertidos puntuales o almacenamientos de residuos de cosechas, etc., su car\u00e1cter difuso;<br \/>\n\tQue lamentablemente el car\u00e1cter difuso de la contaminaci\u00f3n agr\u00edcola enluta a\u00fan m\u00e1s la cuesti\u00f3n de marras por ello la necesidad de un permanente monitoreo o control bromatol\u00f3gico del recurso h\u00eddrico que sostiene la vida y supervivencia;<br \/>\n\tQue cuando referenciamos la contaminaci\u00f3n difusa por sobre las puntuales, apuntamos a\tque presenta un \u00e1rea de localizaci\u00f3n indeterminada donde se torna m\u00e1s dif\u00edcil\ty complicada predecir su difusi\u00f3n o distribuci\u00f3n en el medio circundante\ty posteriormente ejercer su control;<br \/>\n\tQue en los supuestos casos de contaminaci\u00f3n difusa por plaguicidas o cualquier\totro compuesto vol\u00e1til o semivol\u00e1til, se ven implicados tres medios fundamentales: aire, agua y suelo.<br \/>\n\tQue concretamente el suelo juega un rol importante puesto que en \u00e9l pueden quedar  retenidos no s\u00f3lo parte de los productos aplicados sobre un cultivo, sino\taquellos plaguicidas provenientes de tratamientos lejanos que han sido transportados por el viento y pueden llegar e \u00e9l con el agua de lluvia. Este medio cumple la funci\u00f3n  de filtro y sus caracter\u00edsticas (textura, permeabilidad, erosionabilidad, contenido en materia org\u00e1nica entre otros), son decisivas en la evoluci\u00f3n y transporte\tde contaminantes hacia las aguas subterr\u00e1neas.<br \/>\nQue para un mejor entendimiento\tde\tla cuesti\u00f3n principal, decimos que las aguas superficiales se encuentran en niveles<br \/>\nbajos, sin embargo, en las aguas subterr\u00e1neas, a las que llegan principalmente por deposici\u00f3n atmosf\u00e9rica a trav\u00e9s del agua de lluvia, al no existir posibilidad\tde evaporaci\u00f3n, alcanzan a menudo elevadas concentraciones;<br \/>\n\tQue la evaluaci\u00f3n del estado del recurso h\u00eddrico en los mencionados enclaves poblacionales del Distrito de Tornquist requiere de una pr\u00e1ctica que se encuentra establecida por m\u00e9todos y equipos para la obtenci\u00f3n de muestras, siguiendo adem\u00e1s un procedimiento experimental, un protocolo anal\u00edtico que posibilita\tla obtenci\u00f3n de un resultado y su conocimiento por quienes tienen inter\u00e9s en la buena calidad de vida. <\/p>\n<p>Que por todo lo expuesto es imperioso dar una pronta respuesta habida cuenta de la<br \/>\nestipulaci\u00f3n de la urgencia dentro de un \u00e1mbito estrictamente temporal, siendo posible el desarrollo en etapas, efectuando un muestreo en cada una de\tellas\tcon el fin de conocer el grado de contaminaci\u00f3n, su evoluci\u00f3n, el grado\tde disminuci\u00f3n o su inexistencia<\/p>\n<p>POR ELLO:<\/p>\n<p>LOS  BLOQUES DE JUNTOS Y JUNTOS POR EL CAMBIO<br \/>\nPROPONEN EL SIGUIENTE<br \/>\nPEDIDO DE INFORME:<\/p>\n<p>ARTICULO 1\u00b0: Solicitase al Departamento Ejecutivo que, a trav\u00e9s del \u00e1rea que corresponda, realice muestreos de agua en cada una de las localidades que componen  el  Distrito, para conocer el grado de contaminaci\u00f3n, su evoluci\u00f3n, el grado de disminuci\u00f3n o su inexistencia. <\/p>\n<p>ARTICULO 2\u00b0: Solicitase al Departamento Ejecutivo env\u00ede un informe detallado de los  estudios realizados a \u00e9ste cuerpo. <\/p>\n<p>ARTICULO 3\u00b0: De forma. <\/p>\n<p>Tornquist, 01 de junio de 2022.-<\/p>\n<p>VISTO:<br \/>\n\tLa situaci\u00f3n contractual de la \u201cCooperativa de Trabajo LTDA. Taller Uno\u201d con el Municipio de Tornquist, para realizar tareas de mantenimiento, y;<\/p>\n<p>CONSIDERANDO:<br \/>\n\t\tQue es facultad del Concejo Deliberante controlar la administraci\u00f3n de los recursos del Estado;<br \/>\n\t\tQue el d\u00eda 09 de febrero del corriente a\u00f1o nuestro Bloque envi\u00f3 nota al Secretario de Hacienda Interino, Bruno Zacconi, solicit\u00e1ndole informaci\u00f3n sobre dicha Cooperativa:<br \/>\nMotivo por el cual se terceriza labores municipales.<br \/>\nCantidad de empleados.<br \/>\nPeriodo de contrato.<br \/>\nErogaci\u00f3n presupuestaria.<br \/>\n\t\tQue hasta el d\u00eda de la fecha no recibimos respuesta;<br \/>\n\t\tQue el d\u00eda 10 de febrero del corriente a\u00f1o el Secretario Interino de Hacienda, Bruno Zacconi, manifest\u00f3 en el medio radial de Sierra de la Ventana, FM Reflejos, la situaci\u00f3n de dicha Cooperativa: \u201cSon 4 personas que se incorporan en Tornquist, a trav\u00e9s de un contrato de trabajo con una Cooperativa, que est\u00e1n supliendo vacaciones o deficiencias que se hab\u00edan generado en el servicio, pero son meramente moment\u00e1neas\u201d;<br \/>\n\t\tQue la Cooperativa mencionada realiz\u00f3 trabajos en la Municipalidad de Tornquist durante el a\u00f1o 2021, por un monto de $2.130.018,00;<br \/>\n\t\tQue en lo que va del a\u00f1o (enero, febrero, marzo, abril y mayo), el Municipio lleva comprometido con la Cooperativa mencionada $ 2.976.267,00. (Se anexan registros de compromiso).<br \/>\n\t\tQue, actualmente, son 8 los empleados de la Cooperativa;<br \/>\n\t\tQue es obligaci\u00f3n del Estado Municipal informar sobre los actos de gobierno;<br \/>\n\t\tQue debemos bregar por un Estado eficaz y eficiente en la utilizaci\u00f3n de los recursos, tanto humanos como econ\u00f3micos;<br \/>\n\t\tQue el Municipio de Tornquist cuenta con una planta considerable de empleados para poder llevar adelante las tareas de mantenimiento; <\/p>\n<p>POR ELLO:<\/p>\n<p>LOS  BLOQUES DE JUNTOS Y JUNTOS POR EL CAMBIO<br \/>\nPROPONEN EL SIGUIENTE<br \/>\nPEDIDO DE INFORME:<\/p>\n<p>ARTICULO 1\u00b0: Solicitase al Departamento Ejecutivo que, a trav\u00e9s del \u00e1rea que corresponda, env\u00ede copia de los contratos con la Cooperativa mencionada. <\/p>\n<p>ARTICULO 2\u00b0: Solicitase al Departamento Ejecutivo, env\u00ede informaci\u00f3n sobre el titular y los miembros integrantes de la Cooperativa de Trabajo LTDA. Taller Uno.<\/p>\n<p>ARTICULO 3\u00b0: Solicitase al Departamento Ejecutivo que, a trav\u00e9s del \u00e1rea que corresponda, informe detalladamente los motivos por los cuales se tercerizaron trabajos de mantenimiento municipales. <\/p>\n<p>ARTICULO 4\u00b0: De forma. <\/p>\n","protected":false},"excerpt":{"rendered":"<p>Ambos bloques solicitaron informe con el fin de conocer la situaci\u00f3n contractual de la Cooperativa El\u00e9ctrica y si existe contaminaci\u00f3n difusa en las aguas subterr\u00e1neas de nuestro distrito. A continuaci\u00f3n, ambas solicitudes.<\/p>\n","protected":false},"author":3,"featured_media":66840,"comment_status":"closed","ping_status":"closed","sticky":false,"template":"","format":"standard","meta":{"footnotes":""},"categories":[24],"tags":[],"class_list":["post-73121","post","type-post","status-publish","format-standard","has-post-thumbnail","hentry","category-politica"],"yoast_head":"<!-- This site is optimized with the Yoast SEO plugin v25.9 - https:\/\/yoast.com\/wordpress\/plugins\/seo\/ -->\n<title>Los bloques de Juntos y Juntos por el Cambio realizan pedido de informe por dos tem\u00e1ticas diferentes - Noticias Radio Reflejos<\/title>\n<meta name=\"robots\" content=\"index, follow, max-snippet:-1, max-image-preview:large, max-video-preview:-1\" \/>\n<link rel=\"canonical\" href=\"https:\/\/www.noticiasradioreflejos.com.ar\/2021\/los-bloques-de-juntos-y-juntos-por-el-cambio-realizan-pedido-de-informe-por-dos-tematicas-diferentes\/\" \/>\n<meta property=\"og:locale\" content=\"es_ES\" \/>\n<meta property=\"og:type\" content=\"article\" \/>\n<meta property=\"og:title\" content=\"Los bloques de Juntos y Juntos por el Cambio realizan pedido de informe por dos tem\u00e1ticas diferentes - Noticias Radio Reflejos\" \/>\n<meta property=\"og:description\" content=\"Ambos bloques solicitaron informe con el fin de conocer la situaci\u00f3n contractual de la Cooperativa El\u00e9ctrica y si existe contaminaci\u00f3n difusa en las aguas subterr\u00e1neas de nuestro distrito. A continuaci\u00f3n, ambas solicitudes.\" \/>\n<meta property=\"og:url\" content=\"https:\/\/www.noticiasradioreflejos.com.ar\/2021\/los-bloques-de-juntos-y-juntos-por-el-cambio-realizan-pedido-de-informe-por-dos-tematicas-diferentes\/\" \/>\n<meta property=\"og:site_name\" content=\"Noticias Radio Reflejos\" \/>\n<meta property=\"article:published_time\" content=\"2022-06-02T18:21:39+00:00\" \/>\n<meta property=\"og:image\" content=\"https:\/\/www.noticiasradioreflejos.com.ar\/2021\/wp-content\/uploads\/2022\/01\/Juntos-por-Tornquit.png\" \/>\n\t<meta property=\"og:image:width\" content=\"575\" \/>\n\t<meta property=\"og:image:height\" content=\"300\" \/>\n\t<meta property=\"og:image:type\" content=\"image\/png\" \/>\n<meta name=\"author\" content=\"Arnaldo Botto\" \/>\n<meta name=\"twitter:card\" content=\"summary_large_image\" \/>\n<script type=\"application\/ld+json\" class=\"yoast-schema-graph\">{\"@context\":\"https:\/\/schema.org\",\"@graph\":[{\"@type\":\"WebPage\",\"@id\":\"https:\/\/www.noticiasradioreflejos.com.ar\/2021\/los-bloques-de-juntos-y-juntos-por-el-cambio-realizan-pedido-de-informe-por-dos-tematicas-diferentes\/\",\"url\":\"https:\/\/www.noticiasradioreflejos.com.ar\/2021\/los-bloques-de-juntos-y-juntos-por-el-cambio-realizan-pedido-de-informe-por-dos-tematicas-diferentes\/\",\"name\":\"Los bloques de Juntos y Juntos por el Cambio realizan pedido de informe por dos tem\u00e1ticas diferentes - Noticias Radio Reflejos\",\"isPartOf\":{\"@id\":\"https:\/\/www.noticiasradioreflejos.com.ar\/2021\/#website\"},\"primaryImageOfPage\":{\"@id\":\"https:\/\/www.noticiasradioreflejos.com.ar\/2021\/los-bloques-de-juntos-y-juntos-por-el-cambio-realizan-pedido-de-informe-por-dos-tematicas-diferentes\/#primaryimage\"},\"image\":{\"@id\":\"https:\/\/www.noticiasradioreflejos.com.ar\/2021\/los-bloques-de-juntos-y-juntos-por-el-cambio-realizan-pedido-de-informe-por-dos-tematicas-diferentes\/#primaryimage\"},\"thumbnailUrl\":\"https:\/\/www.noticiasradioreflejos.com.ar\/2021\/wp-content\/uploads\/2022\/01\/Juntos-por-Tornquit.png\",\"datePublished\":\"2022-06-02T18:21:39+00:00\",\"author\":{\"@id\":\"https:\/\/www.noticiasradioreflejos.com.ar\/2021\/#\/schema\/person\/ad82545263dcc5ec0996818884fd5fb1\"},\"breadcrumb\":{\"@id\":\"https:\/\/www.noticiasradioreflejos.com.ar\/2021\/los-bloques-de-juntos-y-juntos-por-el-cambio-realizan-pedido-de-informe-por-dos-tematicas-diferentes\/#breadcrumb\"},\"inLanguage\":\"es\",\"potentialAction\":[{\"@type\":\"ReadAction\",\"target\":[\"https:\/\/www.noticiasradioreflejos.com.ar\/2021\/los-bloques-de-juntos-y-juntos-por-el-cambio-realizan-pedido-de-informe-por-dos-tematicas-diferentes\/\"]}]},{\"@type\":\"ImageObject\",\"inLanguage\":\"es\",\"@id\":\"https:\/\/www.noticiasradioreflejos.com.ar\/2021\/los-bloques-de-juntos-y-juntos-por-el-cambio-realizan-pedido-de-informe-por-dos-tematicas-diferentes\/#primaryimage\",\"url\":\"https:\/\/www.noticiasradioreflejos.com.ar\/2021\/wp-content\/uploads\/2022\/01\/Juntos-por-Tornquit.png\",\"contentUrl\":\"https:\/\/www.noticiasradioreflejos.com.ar\/2021\/wp-content\/uploads\/2022\/01\/Juntos-por-Tornquit.png\",\"width\":575,\"height\":300},{\"@type\":\"BreadcrumbList\",\"@id\":\"https:\/\/www.noticiasradioreflejos.com.ar\/2021\/los-bloques-de-juntos-y-juntos-por-el-cambio-realizan-pedido-de-informe-por-dos-tematicas-diferentes\/#breadcrumb\",\"itemListElement\":[{\"@type\":\"ListItem\",\"position\":1,\"name\":\"Portada\",\"item\":\"https:\/\/www.noticiasradioreflejos.com.ar\/2021\/\"},{\"@type\":\"ListItem\",\"position\":2,\"name\":\"Los bloques de Juntos y Juntos por el Cambio realizan pedido de informe por dos tem\u00e1ticas diferentes\"}]},{\"@type\":\"WebSite\",\"@id\":\"https:\/\/www.noticiasradioreflejos.com.ar\/2021\/#website\",\"url\":\"https:\/\/www.noticiasradioreflejos.com.ar\/2021\/\",\"name\":\"Noticias Radio Reflejos\",\"description\":\"Las noticias de mi comarca\",\"potentialAction\":[{\"@type\":\"SearchAction\",\"target\":{\"@type\":\"EntryPoint\",\"urlTemplate\":\"https:\/\/www.noticiasradioreflejos.com.ar\/2021\/?s={search_term_string}\"},\"query-input\":{\"@type\":\"PropertyValueSpecification\",\"valueRequired\":true,\"valueName\":\"search_term_string\"}}],\"inLanguage\":\"es\"},{\"@type\":\"Person\",\"@id\":\"https:\/\/www.noticiasradioreflejos.com.ar\/2021\/#\/schema\/person\/ad82545263dcc5ec0996818884fd5fb1\",\"name\":\"Arnaldo Botto\",\"image\":{\"@type\":\"ImageObject\",\"inLanguage\":\"es\",\"@id\":\"https:\/\/www.noticiasradioreflejos.com.ar\/2021\/#\/schema\/person\/image\/\",\"url\":\"https:\/\/secure.gravatar.com\/avatar\/55cb5e37c1efa326397366e6974cb338056df65cb50e7d64d1cf314e87504837?s=96&d=mm&r=g\",\"contentUrl\":\"https:\/\/secure.gravatar.com\/avatar\/55cb5e37c1efa326397366e6974cb338056df65cb50e7d64d1cf314e87504837?s=96&d=mm&r=g\",\"caption\":\"Arnaldo Botto\"},\"url\":\"https:\/\/www.noticiasradioreflejos.com.ar\/2021\/author\/arnaldo\/\"}]}<\/script>\n<!-- \/ Yoast SEO plugin. -->","yoast_head_json":{"title":"Los bloques de Juntos y Juntos por el Cambio realizan pedido de informe por dos tem\u00e1ticas diferentes - Noticias Radio Reflejos","robots":{"index":"index","follow":"follow","max-snippet":"max-snippet:-1","max-image-preview":"max-image-preview:large","max-video-preview":"max-video-preview:-1"},"canonical":"https:\/\/www.noticiasradioreflejos.com.ar\/2021\/los-bloques-de-juntos-y-juntos-por-el-cambio-realizan-pedido-de-informe-por-dos-tematicas-diferentes\/","og_locale":"es_ES","og_type":"article","og_title":"Los bloques de Juntos y Juntos por el Cambio realizan pedido de informe por dos tem\u00e1ticas diferentes - Noticias Radio Reflejos","og_description":"Ambos bloques solicitaron informe con el fin de conocer la situaci\u00f3n contractual de la Cooperativa El\u00e9ctrica y si existe contaminaci\u00f3n difusa en las aguas subterr\u00e1neas de nuestro distrito. A continuaci\u00f3n, ambas solicitudes.","og_url":"https:\/\/www.noticiasradioreflejos.com.ar\/2021\/los-bloques-de-juntos-y-juntos-por-el-cambio-realizan-pedido-de-informe-por-dos-tematicas-diferentes\/","og_site_name":"Noticias Radio Reflejos","article_published_time":"2022-06-02T18:21:39+00:00","og_image":[{"width":575,"height":300,"url":"https:\/\/www.noticiasradioreflejos.com.ar\/2021\/wp-content\/uploads\/2022\/01\/Juntos-por-Tornquit.png","type":"image\/png"}],"author":"Arnaldo Botto","twitter_card":"summary_large_image","schema":{"@context":"https:\/\/schema.org","@graph":[{"@type":"WebPage","@id":"https:\/\/www.noticiasradioreflejos.com.ar\/2021\/los-bloques-de-juntos-y-juntos-por-el-cambio-realizan-pedido-de-informe-por-dos-tematicas-diferentes\/","url":"https:\/\/www.noticiasradioreflejos.com.ar\/2021\/los-bloques-de-juntos-y-juntos-por-el-cambio-realizan-pedido-de-informe-por-dos-tematicas-diferentes\/","name":"Los bloques de Juntos y Juntos por el Cambio realizan pedido de informe por dos tem\u00e1ticas diferentes - Noticias Radio Reflejos","isPartOf":{"@id":"https:\/\/www.noticiasradioreflejos.com.ar\/2021\/#website"},"primaryImageOfPage":{"@id":"https:\/\/www.noticiasradioreflejos.com.ar\/2021\/los-bloques-de-juntos-y-juntos-por-el-cambio-realizan-pedido-de-informe-por-dos-tematicas-diferentes\/#primaryimage"},"image":{"@id":"https:\/\/www.noticiasradioreflejos.com.ar\/2021\/los-bloques-de-juntos-y-juntos-por-el-cambio-realizan-pedido-de-informe-por-dos-tematicas-diferentes\/#primaryimage"},"thumbnailUrl":"https:\/\/www.noticiasradioreflejos.com.ar\/2021\/wp-content\/uploads\/2022\/01\/Juntos-por-Tornquit.png","datePublished":"2022-06-02T18:21:39+00:00","author":{"@id":"https:\/\/www.noticiasradioreflejos.com.ar\/2021\/#\/schema\/person\/ad82545263dcc5ec0996818884fd5fb1"},"breadcrumb":{"@id":"https:\/\/www.noticiasradioreflejos.com.ar\/2021\/los-bloques-de-juntos-y-juntos-por-el-cambio-realizan-pedido-de-informe-por-dos-tematicas-diferentes\/#breadcrumb"},"inLanguage":"es","potentialAction":[{"@type":"ReadAction","target":["https:\/\/www.noticiasradioreflejos.com.ar\/2021\/los-bloques-de-juntos-y-juntos-por-el-cambio-realizan-pedido-de-informe-por-dos-tematicas-diferentes\/"]}]},{"@type":"ImageObject","inLanguage":"es","@id":"https:\/\/www.noticiasradioreflejos.com.ar\/2021\/los-bloques-de-juntos-y-juntos-por-el-cambio-realizan-pedido-de-informe-por-dos-tematicas-diferentes\/#primaryimage","url":"https:\/\/www.noticiasradioreflejos.com.ar\/2021\/wp-content\/uploads\/2022\/01\/Juntos-por-Tornquit.png","contentUrl":"https:\/\/www.noticiasradioreflejos.com.ar\/2021\/wp-content\/uploads\/2022\/01\/Juntos-por-Tornquit.png","width":575,"height":300},{"@type":"BreadcrumbList","@id":"https:\/\/www.noticiasradioreflejos.com.ar\/2021\/los-bloques-de-juntos-y-juntos-por-el-cambio-realizan-pedido-de-informe-por-dos-tematicas-diferentes\/#breadcrumb","itemListElement":[{"@type":"ListItem","position":1,"name":"Portada","item":"https:\/\/www.noticiasradioreflejos.com.ar\/2021\/"},{"@type":"ListItem","position":2,"name":"Los bloques de Juntos y Juntos por el Cambio realizan pedido de informe por dos tem\u00e1ticas diferentes"}]},{"@type":"WebSite","@id":"https:\/\/www.noticiasradioreflejos.com.ar\/2021\/#website","url":"https:\/\/www.noticiasradioreflejos.com.ar\/2021\/","name":"Noticias Radio Reflejos","description":"Las noticias de mi comarca","potentialAction":[{"@type":"SearchAction","target":{"@type":"EntryPoint","urlTemplate":"https:\/\/www.noticiasradioreflejos.com.ar\/2021\/?s={search_term_string}"},"query-input":{"@type":"PropertyValueSpecification","valueRequired":true,"valueName":"search_term_string"}}],"inLanguage":"es"},{"@type":"Person","@id":"https:\/\/www.noticiasradioreflejos.com.ar\/2021\/#\/schema\/person\/ad82545263dcc5ec0996818884fd5fb1","name":"Arnaldo Botto","image":{"@type":"ImageObject","inLanguage":"es","@id":"https:\/\/www.noticiasradioreflejos.com.ar\/2021\/#\/schema\/person\/image\/","url":"https:\/\/secure.gravatar.com\/avatar\/55cb5e37c1efa326397366e6974cb338056df65cb50e7d64d1cf314e87504837?s=96&d=mm&r=g","contentUrl":"https:\/\/secure.gravatar.com\/avatar\/55cb5e37c1efa326397366e6974cb338056df65cb50e7d64d1cf314e87504837?s=96&d=mm&r=g","caption":"Arnaldo Botto"},"url":"https:\/\/www.noticiasradioreflejos.com.ar\/2021\/author\/arnaldo\/"}]}},"_links":{"self":[{"href":"https:\/\/www.noticiasradioreflejos.com.ar\/2021\/wp-json\/wp\/v2\/posts\/73121","targetHints":{"allow":["GET"]}}],"collection":[{"href":"https:\/\/www.noticiasradioreflejos.com.ar\/2021\/wp-json\/wp\/v2\/posts"}],"about":[{"href":"https:\/\/www.noticiasradioreflejos.com.ar\/2021\/wp-json\/wp\/v2\/types\/post"}],"author":[{"embeddable":true,"href":"https:\/\/www.noticiasradioreflejos.com.ar\/2021\/wp-json\/wp\/v2\/users\/3"}],"replies":[{"embeddable":true,"href":"https:\/\/www.noticiasradioreflejos.com.ar\/2021\/wp-json\/wp\/v2\/comments?post=73121"}],"version-history":[{"count":1,"href":"https:\/\/www.noticiasradioreflejos.com.ar\/2021\/wp-json\/wp\/v2\/posts\/73121\/revisions"}],"predecessor-version":[{"id":73126,"href":"https:\/\/www.noticiasradioreflejos.com.ar\/2021\/wp-json\/wp\/v2\/posts\/73121\/revisions\/73126"}],"wp:featuredmedia":[{"embeddable":true,"href":"https:\/\/www.noticiasradioreflejos.com.ar\/2021\/wp-json\/wp\/v2\/media\/66840"}],"wp:attachment":[{"href":"https:\/\/www.noticiasradioreflejos.com.ar\/2021\/wp-json\/wp\/v2\/media?parent=73121"}],"wp:term":[{"taxonomy":"category","embeddable":true,"href":"https:\/\/www.noticiasradioreflejos.com.ar\/2021\/wp-json\/wp\/v2\/categories?post=73121"},{"taxonomy":"post_tag","embeddable":true,"href":"https:\/\/www.noticiasradioreflejos.com.ar\/2021\/wp-json\/wp\/v2\/tags?post=73121"}],"curies":[{"name":"wp","href":"https:\/\/api.w.org\/{rel}","templated":true}]}}