{"id":73109,"date":"2022-06-02T18:48:22","date_gmt":"2022-06-02T18:48:22","guid":{"rendered":"http:\/\/www.noticiasradioreflejos.com.ar\/2021\/?p=73109"},"modified":"2022-06-03T18:38:05","modified_gmt":"2022-06-03T18:38:05","slug":"estamos-pensando-en-restaurar-la-delegacion-municipal-de-saldungaray","status":"publish","type":"post","link":"https:\/\/www.noticiasradioreflejos.com.ar\/2021\/estamos-pensando-en-restaurar-la-delegacion-municipal-de-saldungaray\/","title":{"rendered":"\u201cEstamos pensando en restaurar la delegaci\u00f3n municipal de Saldungaray\u201d"},"content":{"rendered":"<p>As\u00ed lo confirm\u00f3 <strong>Luc\u00eda Urriaga<\/strong>, Directora de Cultura, en el marco del venidero aniversario 125 del nacimiento del Ingeniero &#8211; Arquitecto Francisco Salamone.<!--more--><\/p>\n<p>Este domingo se cumplir\u00e1n 125 a\u00f1os del nacimiento de uno de los artistas que desde la arquitectura m\u00e1s influy\u00f3 en toda la regi\u00f3n: Francisco Salamone.<\/p>\n<p>Al respecto Luc\u00eda Urriaga, Directora de Cultura, confirm\u00f3 que en las pr\u00f3ximas horas \u201cse va a generar un encuentro salam\u00f3nico en Balcarce, uno de los distritos que m\u00e1s lleva adelante todo lo que es patrimonio Salamone. Ma\u00f1ana iremos con Obras P\u00fablicas, donde llevaremos un proyecto nuevo para hacer una restauraci\u00f3n y necesitamos asesoramiento, as\u00ed que hacia all\u00e1 vamos\u201d.<\/p>\n<p>Sobre esa carpeta que entregar\u00e1n, detall\u00f3 que \u201cen principio pensamos en la delegaci\u00f3n municipal de Saldungaray. Ellos ya conocen las obras ya que el a\u00f1o pasado vinieron y vieron todos los edificios. Tuvimos varias reuniones por zoom, pero la idea es traer informaci\u00f3n para poder mantener lo patrimonial\u201d.<\/p>\n<p>Pasando al plano personal, Urriaga sostuvo que \u201cpara mi sus obras son imponentes. De chica me encantaba la simetr\u00eda del municipio, y a\u00fan hoy lo valoro y aprecio. La simetr\u00eda de Salamone me parece hermosa. Lo mismo el cementerio de Saldungaray, no pod\u00eda creer lo hermoso que era. Cuando de m\u00e1s grande pude viajar y tener mayor conocimiento, mi comparaci\u00f3n siempre fueron las obras de Salamone\u201d.<\/p>\n<p>Por \u00faltimo, y a modo de reflexi\u00f3n mencion\u00f3 que \u201cen principio es defender el patrimonio y aprender a conservarlo. Tener los conocimientos para no meter la pata. Es s\u00faper importante valorarlo, conservarlo y difundirlo\u201d.<\/p>\n<p><iframe loading=\"lazy\" src=\"https:\/\/w.soundcloud.com\/player\/?url=https%3A\/\/api.soundcloud.com\/tracks\/1279816579&amp;color=%23ff5500&amp;auto_play=false&amp;hide_related=false&amp;show_comments=true&amp;show_user=true&amp;show_reposts=false&amp;show_teaser=true\" width=\"100%\" height=\"166\" frameborder=\"no\" scrolling=\"no\"><\/iframe><\/p>\n<div style=\"font-size: 10px; color: #cccccc; line-break: anywhere; word-break: normal; overflow: hidden; white-space: nowrap; text-overflow: ellipsis; font-family: Interstate,Lucida Grande,Lucida Sans Unicode,Lucida Sans,Garuda,Verdana,Tahoma,sans-serif; font-weight: 100;\"><a style=\"color: #cccccc; text-decoration: none;\" title=\"fmreflejos 103.7\" href=\"https:\/\/soundcloud.com\/fmreflejos-103-7\" target=\"_blank\" rel=\"noopener\">fmreflejos 103.7<\/a> \u00b7 <a style=\"color: #cccccc; text-decoration: none;\" title=\"Lucia Urriaga\" href=\"https:\/\/soundcloud.com\/fmreflejos-103-7\/lucia-urriaga-2\" target=\"_blank\" rel=\"noopener\">Lucia Urriaga<\/a><\/div>\n","protected":false},"excerpt":{"rendered":"<p>As\u00ed lo confirm\u00f3 Luc\u00eda Urriaga, Directora de Cultura, en el marco del venidero aniversario 125 del nacimiento del Ingeniero &#8211; Arquitecto Francisco Salamone.<\/p>\n","protected":false},"author":3,"featured_media":73129,"comment_status":"closed","ping_status":"closed","sticky":false,"template":"","format":"standard","meta":{"footnotes":""},"categories":[28,24,26,33],"tags":[],"class_list":["post-73109","post","type-post","status-publish","format-standard","has-post-thumbnail","hentry","category-municipales","category-politica","category-sociedad","category-turismo"],"yoast_head":"<!-- This site is optimized with the Yoast SEO plugin v25.9 - https:\/\/yoast.com\/wordpress\/plugins\/seo\/ -->\n<title>\u201cEstamos pensando en restaurar la delegaci\u00f3n municipal de Saldungaray\u201d - Noticias Radio Reflejos<\/title>\n<meta name=\"robots\" content=\"index, follow, max-snippet:-1, max-image-preview:large, max-video-preview:-1\" \/>\n<link rel=\"canonical\" href=\"https:\/\/www.noticiasradioreflejos.com.ar\/2021\/estamos-pensando-en-restaurar-la-delegacion-municipal-de-saldungaray\/\" \/>\n<meta property=\"og:locale\" content=\"es_ES\" \/>\n<meta property=\"og:type\" content=\"article\" \/>\n<meta property=\"og:title\" content=\"\u201cEstamos pensando en restaurar la delegaci\u00f3n municipal de Saldungaray\u201d - Noticias Radio Reflejos\" \/>\n<meta property=\"og:description\" content=\"As\u00ed lo confirm\u00f3 Luc\u00eda Urriaga, Directora de Cultura, en el marco del venidero aniversario 125 del nacimiento del Ingeniero &#8211; Arquitecto Francisco Salamone.\" \/>\n<meta property=\"og:url\" content=\"https:\/\/www.noticiasradioreflejos.com.ar\/2021\/estamos-pensando-en-restaurar-la-delegacion-municipal-de-saldungaray\/\" \/>\n<meta property=\"og:site_name\" content=\"Noticias Radio Reflejos\" \/>\n<meta property=\"article:published_time\" content=\"2022-06-02T18:48:22+00:00\" \/>\n<meta property=\"article:modified_time\" content=\"2022-06-03T18:38:05+00:00\" \/>\n<meta property=\"og:image\" content=\"https:\/\/www.noticiasradioreflejos.com.ar\/2021\/wp-content\/uploads\/2022\/06\/Delegacion-Saldungaray.jpg\" \/>\n\t<meta property=\"og:image:width\" content=\"2304\" \/>\n\t<meta property=\"og:image:height\" content=\"1296\" \/>\n\t<meta property=\"og:image:type\" content=\"image\/jpeg\" \/>\n<meta name=\"author\" content=\"Arnaldo Botto\" \/>\n<meta name=\"twitter:card\" content=\"summary_large_image\" \/>\n<script type=\"application\/ld+json\" class=\"yoast-schema-graph\">{\"@context\":\"https:\/\/schema.org\",\"@graph\":[{\"@type\":\"WebPage\",\"@id\":\"https:\/\/www.noticiasradioreflejos.com.ar\/2021\/estamos-pensando-en-restaurar-la-delegacion-municipal-de-saldungaray\/\",\"url\":\"https:\/\/www.noticiasradioreflejos.com.ar\/2021\/estamos-pensando-en-restaurar-la-delegacion-municipal-de-saldungaray\/\",\"name\":\"\u201cEstamos pensando en restaurar la delegaci\u00f3n municipal de Saldungaray\u201d - Noticias Radio Reflejos\",\"isPartOf\":{\"@id\":\"https:\/\/www.noticiasradioreflejos.com.ar\/2021\/#website\"},\"primaryImageOfPage\":{\"@id\":\"https:\/\/www.noticiasradioreflejos.com.ar\/2021\/estamos-pensando-en-restaurar-la-delegacion-municipal-de-saldungaray\/#primaryimage\"},\"image\":{\"@id\":\"https:\/\/www.noticiasradioreflejos.com.ar\/2021\/estamos-pensando-en-restaurar-la-delegacion-municipal-de-saldungaray\/#primaryimage\"},\"thumbnailUrl\":\"https:\/\/www.noticiasradioreflejos.com.ar\/2021\/wp-content\/uploads\/2022\/06\/Delegacion-Saldungaray.jpg\",\"datePublished\":\"2022-06-02T18:48:22+00:00\",\"dateModified\":\"2022-06-03T18:38:05+00:00\",\"author\":{\"@id\":\"https:\/\/www.noticiasradioreflejos.com.ar\/2021\/#\/schema\/person\/ad82545263dcc5ec0996818884fd5fb1\"},\"breadcrumb\":{\"@id\":\"https:\/\/www.noticiasradioreflejos.com.ar\/2021\/estamos-pensando-en-restaurar-la-delegacion-municipal-de-saldungaray\/#breadcrumb\"},\"inLanguage\":\"es\",\"potentialAction\":[{\"@type\":\"ReadAction\",\"target\":[\"https:\/\/www.noticiasradioreflejos.com.ar\/2021\/estamos-pensando-en-restaurar-la-delegacion-municipal-de-saldungaray\/\"]}]},{\"@type\":\"ImageObject\",\"inLanguage\":\"es\",\"@id\":\"https:\/\/www.noticiasradioreflejos.com.ar\/2021\/estamos-pensando-en-restaurar-la-delegacion-municipal-de-saldungaray\/#primaryimage\",\"url\":\"https:\/\/www.noticiasradioreflejos.com.ar\/2021\/wp-content\/uploads\/2022\/06\/Delegacion-Saldungaray.jpg\",\"contentUrl\":\"https:\/\/www.noticiasradioreflejos.com.ar\/2021\/wp-content\/uploads\/2022\/06\/Delegacion-Saldungaray.jpg\",\"width\":2304,\"height\":1296},{\"@type\":\"BreadcrumbList\",\"@id\":\"https:\/\/www.noticiasradioreflejos.com.ar\/2021\/estamos-pensando-en-restaurar-la-delegacion-municipal-de-saldungaray\/#breadcrumb\",\"itemListElement\":[{\"@type\":\"ListItem\",\"position\":1,\"name\":\"Portada\",\"item\":\"https:\/\/www.noticiasradioreflejos.com.ar\/2021\/\"},{\"@type\":\"ListItem\",\"position\":2,\"name\":\"\u201cEstamos pensando en restaurar la delegaci\u00f3n municipal de Saldungaray\u201d\"}]},{\"@type\":\"WebSite\",\"@id\":\"https:\/\/www.noticiasradioreflejos.com.ar\/2021\/#website\",\"url\":\"https:\/\/www.noticiasradioreflejos.com.ar\/2021\/\",\"name\":\"Noticias Radio Reflejos\",\"description\":\"Las noticias de mi comarca\",\"potentialAction\":[{\"@type\":\"SearchAction\",\"target\":{\"@type\":\"EntryPoint\",\"urlTemplate\":\"https:\/\/www.noticiasradioreflejos.com.ar\/2021\/?s={search_term_string}\"},\"query-input\":{\"@type\":\"PropertyValueSpecification\",\"valueRequired\":true,\"valueName\":\"search_term_string\"}}],\"inLanguage\":\"es\"},{\"@type\":\"Person\",\"@id\":\"https:\/\/www.noticiasradioreflejos.com.ar\/2021\/#\/schema\/person\/ad82545263dcc5ec0996818884fd5fb1\",\"name\":\"Arnaldo Botto\",\"image\":{\"@type\":\"ImageObject\",\"inLanguage\":\"es\",\"@id\":\"https:\/\/www.noticiasradioreflejos.com.ar\/2021\/#\/schema\/person\/image\/\",\"url\":\"https:\/\/secure.gravatar.com\/avatar\/55cb5e37c1efa326397366e6974cb338056df65cb50e7d64d1cf314e87504837?s=96&d=mm&r=g\",\"contentUrl\":\"https:\/\/secure.gravatar.com\/avatar\/55cb5e37c1efa326397366e6974cb338056df65cb50e7d64d1cf314e87504837?s=96&d=mm&r=g\",\"caption\":\"Arnaldo Botto\"},\"url\":\"https:\/\/www.noticiasradioreflejos.com.ar\/2021\/author\/arnaldo\/\"}]}<\/script>\n<!-- \/ Yoast SEO plugin. -->","yoast_head_json":{"title":"\u201cEstamos pensando en restaurar la delegaci\u00f3n municipal de Saldungaray\u201d - Noticias Radio Reflejos","robots":{"index":"index","follow":"follow","max-snippet":"max-snippet:-1","max-image-preview":"max-image-preview:large","max-video-preview":"max-video-preview:-1"},"canonical":"https:\/\/www.noticiasradioreflejos.com.ar\/2021\/estamos-pensando-en-restaurar-la-delegacion-municipal-de-saldungaray\/","og_locale":"es_ES","og_type":"article","og_title":"\u201cEstamos pensando en restaurar la delegaci\u00f3n municipal de Saldungaray\u201d - Noticias Radio Reflejos","og_description":"As\u00ed lo confirm\u00f3 Luc\u00eda Urriaga, Directora de Cultura, en el marco del venidero aniversario 125 del nacimiento del Ingeniero &#8211; Arquitecto Francisco Salamone.","og_url":"https:\/\/www.noticiasradioreflejos.com.ar\/2021\/estamos-pensando-en-restaurar-la-delegacion-municipal-de-saldungaray\/","og_site_name":"Noticias Radio Reflejos","article_published_time":"2022-06-02T18:48:22+00:00","article_modified_time":"2022-06-03T18:38:05+00:00","og_image":[{"width":2304,"height":1296,"url":"https:\/\/www.noticiasradioreflejos.com.ar\/2021\/wp-content\/uploads\/2022\/06\/Delegacion-Saldungaray.jpg","type":"image\/jpeg"}],"author":"Arnaldo Botto","twitter_card":"summary_large_image","schema":{"@context":"https:\/\/schema.org","@graph":[{"@type":"WebPage","@id":"https:\/\/www.noticiasradioreflejos.com.ar\/2021\/estamos-pensando-en-restaurar-la-delegacion-municipal-de-saldungaray\/","url":"https:\/\/www.noticiasradioreflejos.com.ar\/2021\/estamos-pensando-en-restaurar-la-delegacion-municipal-de-saldungaray\/","name":"\u201cEstamos pensando en restaurar la delegaci\u00f3n municipal de Saldungaray\u201d - Noticias Radio Reflejos","isPartOf":{"@id":"https:\/\/www.noticiasradioreflejos.com.ar\/2021\/#website"},"primaryImageOfPage":{"@id":"https:\/\/www.noticiasradioreflejos.com.ar\/2021\/estamos-pensando-en-restaurar-la-delegacion-municipal-de-saldungaray\/#primaryimage"},"image":{"@id":"https:\/\/www.noticiasradioreflejos.com.ar\/2021\/estamos-pensando-en-restaurar-la-delegacion-municipal-de-saldungaray\/#primaryimage"},"thumbnailUrl":"https:\/\/www.noticiasradioreflejos.com.ar\/2021\/wp-content\/uploads\/2022\/06\/Delegacion-Saldungaray.jpg","datePublished":"2022-06-02T18:48:22+00:00","dateModified":"2022-06-03T18:38:05+00:00","author":{"@id":"https:\/\/www.noticiasradioreflejos.com.ar\/2021\/#\/schema\/person\/ad82545263dcc5ec0996818884fd5fb1"},"breadcrumb":{"@id":"https:\/\/www.noticiasradioreflejos.com.ar\/2021\/estamos-pensando-en-restaurar-la-delegacion-municipal-de-saldungaray\/#breadcrumb"},"inLanguage":"es","potentialAction":[{"@type":"ReadAction","target":["https:\/\/www.noticiasradioreflejos.com.ar\/2021\/estamos-pensando-en-restaurar-la-delegacion-municipal-de-saldungaray\/"]}]},{"@type":"ImageObject","inLanguage":"es","@id":"https:\/\/www.noticiasradioreflejos.com.ar\/2021\/estamos-pensando-en-restaurar-la-delegacion-municipal-de-saldungaray\/#primaryimage","url":"https:\/\/www.noticiasradioreflejos.com.ar\/2021\/wp-content\/uploads\/2022\/06\/Delegacion-Saldungaray.jpg","contentUrl":"https:\/\/www.noticiasradioreflejos.com.ar\/2021\/wp-content\/uploads\/2022\/06\/Delegacion-Saldungaray.jpg","width":2304,"height":1296},{"@type":"BreadcrumbList","@id":"https:\/\/www.noticiasradioreflejos.com.ar\/2021\/estamos-pensando-en-restaurar-la-delegacion-municipal-de-saldungaray\/#breadcrumb","itemListElement":[{"@type":"ListItem","position":1,"name":"Portada","item":"https:\/\/www.noticiasradioreflejos.com.ar\/2021\/"},{"@type":"ListItem","position":2,"name":"\u201cEstamos pensando en restaurar la delegaci\u00f3n municipal de Saldungaray\u201d"}]},{"@type":"WebSite","@id":"https:\/\/www.noticiasradioreflejos.com.ar\/2021\/#website","url":"https:\/\/www.noticiasradioreflejos.com.ar\/2021\/","name":"Noticias Radio Reflejos","description":"Las noticias de mi comarca","potentialAction":[{"@type":"SearchAction","target":{"@type":"EntryPoint","urlTemplate":"https:\/\/www.noticiasradioreflejos.com.ar\/2021\/?s={search_term_string}"},"query-input":{"@type":"PropertyValueSpecification","valueRequired":true,"valueName":"search_term_string"}}],"inLanguage":"es"},{"@type":"Person","@id":"https:\/\/www.noticiasradioreflejos.com.ar\/2021\/#\/schema\/person\/ad82545263dcc5ec0996818884fd5fb1","name":"Arnaldo Botto","image":{"@type":"ImageObject","inLanguage":"es","@id":"https:\/\/www.noticiasradioreflejos.com.ar\/2021\/#\/schema\/person\/image\/","url":"https:\/\/secure.gravatar.com\/avatar\/55cb5e37c1efa326397366e6974cb338056df65cb50e7d64d1cf314e87504837?s=96&d=mm&r=g","contentUrl":"https:\/\/secure.gravatar.com\/avatar\/55cb5e37c1efa326397366e6974cb338056df65cb50e7d64d1cf314e87504837?s=96&d=mm&r=g","caption":"Arnaldo Botto"},"url":"https:\/\/www.noticiasradioreflejos.com.ar\/2021\/author\/arnaldo\/"}]}},"_links":{"self":[{"href":"https:\/\/www.noticiasradioreflejos.com.ar\/2021\/wp-json\/wp\/v2\/posts\/73109","targetHints":{"allow":["GET"]}}],"collection":[{"href":"https:\/\/www.noticiasradioreflejos.com.ar\/2021\/wp-json\/wp\/v2\/posts"}],"about":[{"href":"https:\/\/www.noticiasradioreflejos.com.ar\/2021\/wp-json\/wp\/v2\/types\/post"}],"author":[{"embeddable":true,"href":"https:\/\/www.noticiasradioreflejos.com.ar\/2021\/wp-json\/wp\/v2\/users\/3"}],"replies":[{"embeddable":true,"href":"https:\/\/www.noticiasradioreflejos.com.ar\/2021\/wp-json\/wp\/v2\/comments?post=73109"}],"version-history":[{"count":4,"href":"https:\/\/www.noticiasradioreflejos.com.ar\/2021\/wp-json\/wp\/v2\/posts\/73109\/revisions"}],"predecessor-version":[{"id":73132,"href":"https:\/\/www.noticiasradioreflejos.com.ar\/2021\/wp-json\/wp\/v2\/posts\/73109\/revisions\/73132"}],"wp:featuredmedia":[{"embeddable":true,"href":"https:\/\/www.noticiasradioreflejos.com.ar\/2021\/wp-json\/wp\/v2\/media\/73129"}],"wp:attachment":[{"href":"https:\/\/www.noticiasradioreflejos.com.ar\/2021\/wp-json\/wp\/v2\/media?parent=73109"}],"wp:term":[{"taxonomy":"category","embeddable":true,"href":"https:\/\/www.noticiasradioreflejos.com.ar\/2021\/wp-json\/wp\/v2\/categories?post=73109"},{"taxonomy":"post_tag","embeddable":true,"href":"https:\/\/www.noticiasradioreflejos.com.ar\/2021\/wp-json\/wp\/v2\/tags?post=73109"}],"curies":[{"name":"wp","href":"https:\/\/api.w.org\/{rel}","templated":true}]}}