{"id":73107,"date":"2022-06-02T18:05:33","date_gmt":"2022-06-02T18:05:33","guid":{"rendered":"http:\/\/www.noticiasradioreflejos.com.ar\/2021\/?p=73107"},"modified":"2022-06-02T18:05:33","modified_gmt":"2022-06-02T18:05:33","slug":"un-movil-de-salud-de-suteba-atendera-a-los-docentes-y-auxiliares-manana-en-saldungaray","status":"publish","type":"post","link":"https:\/\/www.noticiasradioreflejos.com.ar\/2021\/un-movil-de-salud-de-suteba-atendera-a-los-docentes-y-auxiliares-manana-en-saldungaray\/","title":{"rendered":"Un m\u00f3vil de salud de Suteba atender\u00e1 a los docentes y auxiliares ma\u00f1ana en Saldungaray"},"content":{"rendered":"<p>Dicha unidad pertenece al programa \u201cSuteba va a la escuela\u201d. Fernando Cafieri, secretario local sindicato indic\u00f3 que llegar\u00e1n a atender unas 150 personas en toda la comarca.<!--more--><\/p>\n<p><a title=\"Movil Suteba (1)\" href=\"https:\/\/www.flickr.com\/photos\/182279889@N02\/52117507273\/in\/dateposted-public\/\" data-flickr-embed=\"true\"><img loading=\"lazy\" decoding=\"async\" src=\"https:\/\/live.staticflickr.com\/65535\/52117507273_f7316fe517_c.jpg\" alt=\"Movil Suteba (1)\" width=\"800\" height=\"596\" \/><\/a><script async src=\"\/\/embedr.flickr.com\/assets\/client-code.js\" charset=\"utf-8\"><\/script><\/p>\n<p>Un programa poco conocido de Suteba se encuentra por estos d\u00edas en la comarca. Se trata de \u201cSuteba va a la escuela\u201d y en referencia a esto Fernando Cafieri, secretario del sindicato de Tornquist, se refiri\u00f3 al respecto.<\/p>\n<p>\u201cEs un programa que tiene m\u00e1s de 25 a\u00f1os. Recorremos toda la provincia con un m\u00f3vil de salud, con dos consultorios, m\u00e9dico, enfermera, donde los docentes pueden acceder, hacen una encuesta de auto reflexi\u00f3n sobre conductas saludables, y esos resultados los hablan con los promotores de salud\u201d coment\u00f3.<\/p>\n<p>Yendo en detalle, mencion\u00f3 que \u201clas preguntas giran en torno de los h\u00e1bitos alimenticios, el tema de coraz\u00f3n, sobre Covid y la voz. Esta \u00faltima es una faceta de nuestro cuerpo que muchas veces no tenemos en cuenta y para nuestra profesi\u00f3n es sumamente importante, de ah\u00ed la importancia de la respiraci\u00f3n y la hidrataci\u00f3n. De ah\u00ed que sea considerada una enfermedad laboral las afecciones en ese aspecto\u201d.<\/p>\n<p>Sobre la recorrida que vienen haciendo, \u201cya estuvimos en Chasic\u00f3, en Tornquist, ayer estuvimos en Villa Ventana, hoy estamos en Sierra y ma\u00f1ana en Saldungaray. El m\u00f3vil tiene base en Jos\u00e9 C. Paz. Hacen una semana conurbano y otra en interior. Lo pedimos hace un tiempito y por suerte ya est\u00e1 en la comarca\u201d.<\/p>\n<p>Al mismo tiempo remarc\u00f3 que \u201ctodos los docentes deben tener los mismos derechos, por lo que todos los docentes y auxiliares pueden concurrir, afiliados o no afiliados. Los m\u00f3viles trabajan de 8 a 17 todos los d\u00edas. Solo paran en enero\u201d.<\/p>\n<p>Por \u00faltimo admiti\u00f3 que \u201cla idea es volver a pedir este m\u00f3vil para octubre y hacer en esa oportunidad escuelas rurales que nos quedan colgadas en esta visita. Estamos atendiendo un promedio de 30 personas por d\u00eda. Calculamos que llegaremos a 150 personas\u201d.<\/p>\n<p>&nbsp;<\/p>\n<p><iframe loading=\"lazy\" src=\"https:\/\/w.soundcloud.com\/player\/?url=https%3A\/\/api.soundcloud.com\/tracks\/1279786963&amp;color=%23ff5500&amp;auto_play=false&amp;hide_related=false&amp;show_comments=true&amp;show_user=true&amp;show_reposts=false&amp;show_teaser=true\" width=\"100%\" height=\"166\" frameborder=\"no\" scrolling=\"no\"><\/iframe><\/p>\n<div style=\"font-size: 10px; color: #cccccc; line-break: anywhere; word-break: normal; overflow: hidden; white-space: nowrap; text-overflow: ellipsis; font-family: Interstate,Lucida Grande,Lucida Sans Unicode,Lucida Sans,Garuda,Verdana,Tahoma,sans-serif; font-weight: 100;\"><a style=\"color: #cccccc; text-decoration: none;\" title=\"fmreflejos 103.7\" href=\"https:\/\/soundcloud.com\/fmreflejos-103-7\" target=\"_blank\" rel=\"noopener\">fmreflejos 103.7<\/a> \u00b7 <a style=\"color: #cccccc; text-decoration: none;\" title=\"Fernando Cafieri\" href=\"https:\/\/soundcloud.com\/fmreflejos-103-7\/fernando-cafieri-3\" target=\"_blank\" rel=\"noopener\">Fernando Cafieri<\/a><\/div>\n","protected":false},"excerpt":{"rendered":"<p>Dicha unidad pertenece al programa \u201cSuteba va a la escuela\u201d. Fernando Cafieri, secretario local sindicato indic\u00f3 que llegar\u00e1n a atender unas 150 personas en toda la comarca.<\/p>\n","protected":false},"author":3,"featured_media":0,"comment_status":"closed","ping_status":"closed","sticky":false,"template":"","format":"standard","meta":{"footnotes":""},"categories":[34,24,26],"tags":[48],"class_list":["post-73107","post","type-post","status-publish","format-standard","hentry","category-educacion","category-politica","category-sociedad","tag-destacada"],"yoast_head":"<!-- This site is optimized with the Yoast SEO plugin v25.9 - https:\/\/yoast.com\/wordpress\/plugins\/seo\/ -->\n<title>Un m\u00f3vil de salud de Suteba atender\u00e1 a los docentes y auxiliares ma\u00f1ana en Saldungaray - Noticias Radio Reflejos<\/title>\n<meta name=\"robots\" content=\"index, follow, max-snippet:-1, max-image-preview:large, max-video-preview:-1\" \/>\n<link rel=\"canonical\" href=\"https:\/\/www.noticiasradioreflejos.com.ar\/2021\/un-movil-de-salud-de-suteba-atendera-a-los-docentes-y-auxiliares-manana-en-saldungaray\/\" \/>\n<meta property=\"og:locale\" content=\"es_ES\" \/>\n<meta property=\"og:type\" content=\"article\" \/>\n<meta property=\"og:title\" content=\"Un m\u00f3vil de salud de Suteba atender\u00e1 a los docentes y auxiliares ma\u00f1ana en Saldungaray - Noticias Radio Reflejos\" \/>\n<meta property=\"og:description\" content=\"Dicha unidad pertenece al programa \u201cSuteba va a la escuela\u201d. Fernando Cafieri, secretario local sindicato indic\u00f3 que llegar\u00e1n a atender unas 150 personas en toda la comarca.\" \/>\n<meta property=\"og:url\" content=\"https:\/\/www.noticiasradioreflejos.com.ar\/2021\/un-movil-de-salud-de-suteba-atendera-a-los-docentes-y-auxiliares-manana-en-saldungaray\/\" \/>\n<meta property=\"og:site_name\" content=\"Noticias Radio Reflejos\" \/>\n<meta property=\"article:published_time\" content=\"2022-06-02T18:05:33+00:00\" \/>\n<meta property=\"og:image\" content=\"https:\/\/live.staticflickr.com\/65535\/52117507273_f7316fe517_c.jpg\" \/>\n<meta name=\"author\" content=\"Arnaldo Botto\" \/>\n<meta name=\"twitter:card\" content=\"summary_large_image\" \/>\n<script type=\"application\/ld+json\" class=\"yoast-schema-graph\">{\"@context\":\"https:\/\/schema.org\",\"@graph\":[{\"@type\":\"WebPage\",\"@id\":\"https:\/\/www.noticiasradioreflejos.com.ar\/2021\/un-movil-de-salud-de-suteba-atendera-a-los-docentes-y-auxiliares-manana-en-saldungaray\/\",\"url\":\"https:\/\/www.noticiasradioreflejos.com.ar\/2021\/un-movil-de-salud-de-suteba-atendera-a-los-docentes-y-auxiliares-manana-en-saldungaray\/\",\"name\":\"Un m\u00f3vil de salud de Suteba atender\u00e1 a los docentes y auxiliares ma\u00f1ana en Saldungaray - Noticias Radio Reflejos\",\"isPartOf\":{\"@id\":\"https:\/\/www.noticiasradioreflejos.com.ar\/2021\/#website\"},\"primaryImageOfPage\":{\"@id\":\"https:\/\/www.noticiasradioreflejos.com.ar\/2021\/un-movil-de-salud-de-suteba-atendera-a-los-docentes-y-auxiliares-manana-en-saldungaray\/#primaryimage\"},\"image\":{\"@id\":\"https:\/\/www.noticiasradioreflejos.com.ar\/2021\/un-movil-de-salud-de-suteba-atendera-a-los-docentes-y-auxiliares-manana-en-saldungaray\/#primaryimage\"},\"thumbnailUrl\":\"https:\/\/live.staticflickr.com\/65535\/52117507273_f7316fe517_c.jpg\",\"datePublished\":\"2022-06-02T18:05:33+00:00\",\"author\":{\"@id\":\"https:\/\/www.noticiasradioreflejos.com.ar\/2021\/#\/schema\/person\/ad82545263dcc5ec0996818884fd5fb1\"},\"breadcrumb\":{\"@id\":\"https:\/\/www.noticiasradioreflejos.com.ar\/2021\/un-movil-de-salud-de-suteba-atendera-a-los-docentes-y-auxiliares-manana-en-saldungaray\/#breadcrumb\"},\"inLanguage\":\"es\",\"potentialAction\":[{\"@type\":\"ReadAction\",\"target\":[\"https:\/\/www.noticiasradioreflejos.com.ar\/2021\/un-movil-de-salud-de-suteba-atendera-a-los-docentes-y-auxiliares-manana-en-saldungaray\/\"]}]},{\"@type\":\"ImageObject\",\"inLanguage\":\"es\",\"@id\":\"https:\/\/www.noticiasradioreflejos.com.ar\/2021\/un-movil-de-salud-de-suteba-atendera-a-los-docentes-y-auxiliares-manana-en-saldungaray\/#primaryimage\",\"url\":\"https:\/\/live.staticflickr.com\/65535\/52117507273_f7316fe517_c.jpg\",\"contentUrl\":\"https:\/\/live.staticflickr.com\/65535\/52117507273_f7316fe517_c.jpg\"},{\"@type\":\"BreadcrumbList\",\"@id\":\"https:\/\/www.noticiasradioreflejos.com.ar\/2021\/un-movil-de-salud-de-suteba-atendera-a-los-docentes-y-auxiliares-manana-en-saldungaray\/#breadcrumb\",\"itemListElement\":[{\"@type\":\"ListItem\",\"position\":1,\"name\":\"Portada\",\"item\":\"https:\/\/www.noticiasradioreflejos.com.ar\/2021\/\"},{\"@type\":\"ListItem\",\"position\":2,\"name\":\"Un m\u00f3vil de salud de Suteba atender\u00e1 a los docentes y auxiliares ma\u00f1ana en Saldungaray\"}]},{\"@type\":\"WebSite\",\"@id\":\"https:\/\/www.noticiasradioreflejos.com.ar\/2021\/#website\",\"url\":\"https:\/\/www.noticiasradioreflejos.com.ar\/2021\/\",\"name\":\"Noticias Radio Reflejos\",\"description\":\"Las noticias de mi comarca\",\"potentialAction\":[{\"@type\":\"SearchAction\",\"target\":{\"@type\":\"EntryPoint\",\"urlTemplate\":\"https:\/\/www.noticiasradioreflejos.com.ar\/2021\/?s={search_term_string}\"},\"query-input\":{\"@type\":\"PropertyValueSpecification\",\"valueRequired\":true,\"valueName\":\"search_term_string\"}}],\"inLanguage\":\"es\"},{\"@type\":\"Person\",\"@id\":\"https:\/\/www.noticiasradioreflejos.com.ar\/2021\/#\/schema\/person\/ad82545263dcc5ec0996818884fd5fb1\",\"name\":\"Arnaldo Botto\",\"image\":{\"@type\":\"ImageObject\",\"inLanguage\":\"es\",\"@id\":\"https:\/\/www.noticiasradioreflejos.com.ar\/2021\/#\/schema\/person\/image\/\",\"url\":\"https:\/\/secure.gravatar.com\/avatar\/55cb5e37c1efa326397366e6974cb338056df65cb50e7d64d1cf314e87504837?s=96&d=mm&r=g\",\"contentUrl\":\"https:\/\/secure.gravatar.com\/avatar\/55cb5e37c1efa326397366e6974cb338056df65cb50e7d64d1cf314e87504837?s=96&d=mm&r=g\",\"caption\":\"Arnaldo Botto\"},\"url\":\"https:\/\/www.noticiasradioreflejos.com.ar\/2021\/author\/arnaldo\/\"}]}<\/script>\n<!-- \/ Yoast SEO plugin. -->","yoast_head_json":{"title":"Un m\u00f3vil de salud de Suteba atender\u00e1 a los docentes y auxiliares ma\u00f1ana en Saldungaray - Noticias Radio Reflejos","robots":{"index":"index","follow":"follow","max-snippet":"max-snippet:-1","max-image-preview":"max-image-preview:large","max-video-preview":"max-video-preview:-1"},"canonical":"https:\/\/www.noticiasradioreflejos.com.ar\/2021\/un-movil-de-salud-de-suteba-atendera-a-los-docentes-y-auxiliares-manana-en-saldungaray\/","og_locale":"es_ES","og_type":"article","og_title":"Un m\u00f3vil de salud de Suteba atender\u00e1 a los docentes y auxiliares ma\u00f1ana en Saldungaray - Noticias Radio Reflejos","og_description":"Dicha unidad pertenece al programa \u201cSuteba va a la escuela\u201d. Fernando Cafieri, secretario local sindicato indic\u00f3 que llegar\u00e1n a atender unas 150 personas en toda la comarca.","og_url":"https:\/\/www.noticiasradioreflejos.com.ar\/2021\/un-movil-de-salud-de-suteba-atendera-a-los-docentes-y-auxiliares-manana-en-saldungaray\/","og_site_name":"Noticias Radio Reflejos","article_published_time":"2022-06-02T18:05:33+00:00","og_image":[{"url":"https:\/\/live.staticflickr.com\/65535\/52117507273_f7316fe517_c.jpg","type":"","width":"","height":""}],"author":"Arnaldo Botto","twitter_card":"summary_large_image","schema":{"@context":"https:\/\/schema.org","@graph":[{"@type":"WebPage","@id":"https:\/\/www.noticiasradioreflejos.com.ar\/2021\/un-movil-de-salud-de-suteba-atendera-a-los-docentes-y-auxiliares-manana-en-saldungaray\/","url":"https:\/\/www.noticiasradioreflejos.com.ar\/2021\/un-movil-de-salud-de-suteba-atendera-a-los-docentes-y-auxiliares-manana-en-saldungaray\/","name":"Un m\u00f3vil de salud de Suteba atender\u00e1 a los docentes y auxiliares ma\u00f1ana en Saldungaray - Noticias Radio Reflejos","isPartOf":{"@id":"https:\/\/www.noticiasradioreflejos.com.ar\/2021\/#website"},"primaryImageOfPage":{"@id":"https:\/\/www.noticiasradioreflejos.com.ar\/2021\/un-movil-de-salud-de-suteba-atendera-a-los-docentes-y-auxiliares-manana-en-saldungaray\/#primaryimage"},"image":{"@id":"https:\/\/www.noticiasradioreflejos.com.ar\/2021\/un-movil-de-salud-de-suteba-atendera-a-los-docentes-y-auxiliares-manana-en-saldungaray\/#primaryimage"},"thumbnailUrl":"https:\/\/live.staticflickr.com\/65535\/52117507273_f7316fe517_c.jpg","datePublished":"2022-06-02T18:05:33+00:00","author":{"@id":"https:\/\/www.noticiasradioreflejos.com.ar\/2021\/#\/schema\/person\/ad82545263dcc5ec0996818884fd5fb1"},"breadcrumb":{"@id":"https:\/\/www.noticiasradioreflejos.com.ar\/2021\/un-movil-de-salud-de-suteba-atendera-a-los-docentes-y-auxiliares-manana-en-saldungaray\/#breadcrumb"},"inLanguage":"es","potentialAction":[{"@type":"ReadAction","target":["https:\/\/www.noticiasradioreflejos.com.ar\/2021\/un-movil-de-salud-de-suteba-atendera-a-los-docentes-y-auxiliares-manana-en-saldungaray\/"]}]},{"@type":"ImageObject","inLanguage":"es","@id":"https:\/\/www.noticiasradioreflejos.com.ar\/2021\/un-movil-de-salud-de-suteba-atendera-a-los-docentes-y-auxiliares-manana-en-saldungaray\/#primaryimage","url":"https:\/\/live.staticflickr.com\/65535\/52117507273_f7316fe517_c.jpg","contentUrl":"https:\/\/live.staticflickr.com\/65535\/52117507273_f7316fe517_c.jpg"},{"@type":"BreadcrumbList","@id":"https:\/\/www.noticiasradioreflejos.com.ar\/2021\/un-movil-de-salud-de-suteba-atendera-a-los-docentes-y-auxiliares-manana-en-saldungaray\/#breadcrumb","itemListElement":[{"@type":"ListItem","position":1,"name":"Portada","item":"https:\/\/www.noticiasradioreflejos.com.ar\/2021\/"},{"@type":"ListItem","position":2,"name":"Un m\u00f3vil de salud de Suteba atender\u00e1 a los docentes y auxiliares ma\u00f1ana en Saldungaray"}]},{"@type":"WebSite","@id":"https:\/\/www.noticiasradioreflejos.com.ar\/2021\/#website","url":"https:\/\/www.noticiasradioreflejos.com.ar\/2021\/","name":"Noticias Radio Reflejos","description":"Las noticias de mi comarca","potentialAction":[{"@type":"SearchAction","target":{"@type":"EntryPoint","urlTemplate":"https:\/\/www.noticiasradioreflejos.com.ar\/2021\/?s={search_term_string}"},"query-input":{"@type":"PropertyValueSpecification","valueRequired":true,"valueName":"search_term_string"}}],"inLanguage":"es"},{"@type":"Person","@id":"https:\/\/www.noticiasradioreflejos.com.ar\/2021\/#\/schema\/person\/ad82545263dcc5ec0996818884fd5fb1","name":"Arnaldo Botto","image":{"@type":"ImageObject","inLanguage":"es","@id":"https:\/\/www.noticiasradioreflejos.com.ar\/2021\/#\/schema\/person\/image\/","url":"https:\/\/secure.gravatar.com\/avatar\/55cb5e37c1efa326397366e6974cb338056df65cb50e7d64d1cf314e87504837?s=96&d=mm&r=g","contentUrl":"https:\/\/secure.gravatar.com\/avatar\/55cb5e37c1efa326397366e6974cb338056df65cb50e7d64d1cf314e87504837?s=96&d=mm&r=g","caption":"Arnaldo Botto"},"url":"https:\/\/www.noticiasradioreflejos.com.ar\/2021\/author\/arnaldo\/"}]}},"_links":{"self":[{"href":"https:\/\/www.noticiasradioreflejos.com.ar\/2021\/wp-json\/wp\/v2\/posts\/73107","targetHints":{"allow":["GET"]}}],"collection":[{"href":"https:\/\/www.noticiasradioreflejos.com.ar\/2021\/wp-json\/wp\/v2\/posts"}],"about":[{"href":"https:\/\/www.noticiasradioreflejos.com.ar\/2021\/wp-json\/wp\/v2\/types\/post"}],"author":[{"embeddable":true,"href":"https:\/\/www.noticiasradioreflejos.com.ar\/2021\/wp-json\/wp\/v2\/users\/3"}],"replies":[{"embeddable":true,"href":"https:\/\/www.noticiasradioreflejos.com.ar\/2021\/wp-json\/wp\/v2\/comments?post=73107"}],"version-history":[{"count":2,"href":"https:\/\/www.noticiasradioreflejos.com.ar\/2021\/wp-json\/wp\/v2\/posts\/73107\/revisions"}],"predecessor-version":[{"id":73116,"href":"https:\/\/www.noticiasradioreflejos.com.ar\/2021\/wp-json\/wp\/v2\/posts\/73107\/revisions\/73116"}],"wp:attachment":[{"href":"https:\/\/www.noticiasradioreflejos.com.ar\/2021\/wp-json\/wp\/v2\/media?parent=73107"}],"wp:term":[{"taxonomy":"category","embeddable":true,"href":"https:\/\/www.noticiasradioreflejos.com.ar\/2021\/wp-json\/wp\/v2\/categories?post=73107"},{"taxonomy":"post_tag","embeddable":true,"href":"https:\/\/www.noticiasradioreflejos.com.ar\/2021\/wp-json\/wp\/v2\/tags?post=73107"}],"curies":[{"name":"wp","href":"https:\/\/api.w.org\/{rel}","templated":true}]}}