{"id":73105,"date":"2022-06-02T18:15:54","date_gmt":"2022-06-02T18:15:54","guid":{"rendered":"http:\/\/www.noticiasradioreflejos.com.ar\/2021\/?p=73105"},"modified":"2022-06-02T18:15:55","modified_gmt":"2022-06-02T18:15:55","slug":"pedro-bonansea-si-nos-quitan-200-metros-de-pista-el-aerodromo-desaparece","status":"publish","type":"post","link":"https:\/\/www.noticiasradioreflejos.com.ar\/2021\/pedro-bonansea-si-nos-quitan-200-metros-de-pista-el-aerodromo-desaparece\/","title":{"rendered":"Pedro Bonansea: \u201cSi nos quitan 200 metros de pista el aer\u00f3dromo desaparece\u201d"},"content":{"rendered":"<p>El actual tesorero del<strong> Aeroclub de Saldungara<\/strong>y realiz\u00f3 un descargo sobre la situaci\u00f3n que viven actualmente. \u201cA los propietarios del campo les ofrecimos varias alternativas y no quisieron aceptar ninguna\u201d afirm\u00f3.<!--more--><\/p>\n<p>Cadenas, candados y vacas haciendo a sus anchas por encima de una pista de aviones la cual podr\u00eda ser utilizada por cualquier aeronave en una situaci\u00f3n de emergencia. Ese es hoy el panorama que vive el Aeroclub de Saldungaray.<\/p>\n<p>Al respecto su tesorero, <strong>Pedro Bonansea<\/strong>, afirm\u00f3 que <strong>\u201cesto es una contienda entre partes, donde nosotros siendo propietarios de la pista y el se\u00f1or propietario del campo aleda\u00f1o dice que la pista es suya\u201d<\/strong>.<\/p>\n<p><a href=\"http:\/\/www.noticiasradioreflejos.com.ar\/2021\/pedro-bonansea-si-nos-quitan-200-metros-de-pista-el-aerodromo-desaparece\/pedro-bonansea\/\" rel=\"attachment wp-att-73123\"><img loading=\"lazy\" decoding=\"async\" class=\" wp-image-73123 alignleft\" src=\"http:\/\/www.noticiasradioreflejos.com.ar\/2021\/wp-content\/uploads\/2022\/06\/Pedro-Bonansea.jpg\" alt=\"\" width=\"307\" height=\"307\" \/><\/a>D\u00e1ndole un marco hist\u00f3rico al conflicto, el cual hoy tiene a ese punto neur\u00e1lgico de la aviaci\u00f3n paralizado, Bonansea mencion\u00f3 que \u201cen la segunda asamblea ordinaria de 1952, a dos a\u00f1os de fundado el aeropuerto, qued\u00f3 asentado que se le compr\u00f3 al se\u00f1or <strong>Santiago Leturia por 36 mil pesos el predio<\/strong> para ser utilizado como aer\u00f3dromo. Desde ah\u00ed pasaron 70 a\u00f1os y <strong>hace unos meses el hijo de ese hombre nos dice que necesitaba dos hect\u00e1reas para agrandar el cementerio\u201d.<\/strong><\/p>\n<p>Continuando con su relato, se\u00f1al\u00f3 que<strong> \u201cnosotros le respondimos que era f\u00e1cil: nos saca 200 metros en la cabecera norte, pero nos cede 200 metros en la cabecera sur y ac\u00e1 no pas\u00f3 nada. De lo contrario el aeroclub desaparece porque no nos dar\u00edan las dimensiones. Nos dijo que lo pensar\u00eda\u201d.<\/strong><\/p>\n<p>Al mismo tiempo admiti\u00f3 que \u201cluego de unos meses aparecen cadenas y candados en la tranquera que vincula el hangar con la pista y no pudimos sacar m\u00e1s el avi\u00f3n. Fuimos a hablar con \u00e9l y le ofrecimos todas las opciones que se nos ocurrieron; desde trasladar la pista a otro sector, a que nos vendan esas dos hect\u00e1reas y que nos deje pagar con trabajo.<strong> Todo fue negativo\u201d<\/strong>.<\/p>\n<p>Por \u00faltimo reconoci\u00f3 que \u201cdesde ayer sacaron el tendido el\u00e9ctrico y lo dejaron en el hangar, haciendo que las vacas se metieran en el predio, lo que se vuelve un peligro ya que est\u00e1n sobre la pista y como es reconocida por la ANAC, cualquier aeronave en peligro podr\u00eda bajar ah\u00ed de emergencia y sufrir\u00eda un terrible da\u00f1o\u201d.<\/p>\n<p>En otro pasaje de la charla, y volviendo al inicio del conflicto; la ampliaci\u00f3n del cementerio de Saldungaray, el miembro de la comisi\u00f3n directiva asegur\u00f3 que \u201cestuvimos leyendo la ley de ampliaci\u00f3n de cementerios, y un cementerio actual puede crecer \u00fanicamente hacia arriba, no puede hacerlo hacia los costados, y mucho menos a la vera de un r\u00edo que le da de beber a dos ciudades\u201d.<\/p>\n<p>&nbsp;<\/p>\n<p><iframe loading=\"lazy\" src=\"https:\/\/w.soundcloud.com\/player\/?url=https%3A\/\/api.soundcloud.com\/tracks\/1279746601&amp;color=%23ff5500&amp;auto_play=false&amp;hide_related=false&amp;show_comments=true&amp;show_user=true&amp;show_reposts=false&amp;show_teaser=true\" width=\"100%\" height=\"166\" frameborder=\"no\" scrolling=\"no\"><\/iframe><\/p>\n<div style=\"font-size: 10px; color: #cccccc; line-break: anywhere; word-break: normal; overflow: hidden; white-space: nowrap; text-overflow: ellipsis; font-family: Interstate,Lucida Grande,Lucida Sans Unicode,Lucida Sans,Garuda,Verdana,Tahoma,sans-serif; font-weight: 100;\"><a style=\"color: #cccccc; text-decoration: none;\" title=\"fmreflejos 103.7\" href=\"https:\/\/soundcloud.com\/fmreflejos-103-7\" target=\"_blank\" rel=\"noopener\">fmreflejos 103.7<\/a> \u00b7 <a style=\"color: #cccccc; text-decoration: none;\" title=\"Pedro Bonansea\" href=\"https:\/\/soundcloud.com\/fmreflejos-103-7\/pedro-bonansea\" target=\"_blank\" rel=\"noopener\">Pedro Bonansea<\/a><\/div>\n","protected":false},"excerpt":{"rendered":"<p>El actual tesorero del Aeroclub de Saldungaray realiz\u00f3 un descargo sobre la situaci\u00f3n que viven actualmente. \u201cA los propietarios del campo les ofrecimos varias alternativas y no quisieron aceptar ninguna\u201d afirm\u00f3.<\/p>\n","protected":false},"author":3,"featured_media":73122,"comment_status":"closed","ping_status":"closed","sticky":false,"template":"","format":"standard","meta":{"footnotes":""},"categories":[57,26],"tags":[48],"class_list":["post-73105","post","type-post","status-publish","format-standard","has-post-thumbnail","hentry","category-judiciales","category-sociedad","tag-destacada"],"yoast_head":"<!-- This site is optimized with the Yoast SEO plugin v25.9 - https:\/\/yoast.com\/wordpress\/plugins\/seo\/ -->\n<title>Pedro Bonansea: \u201cSi nos quitan 200 metros de pista el aer\u00f3dromo desaparece\u201d - Noticias Radio Reflejos<\/title>\n<meta name=\"robots\" content=\"index, follow, max-snippet:-1, max-image-preview:large, max-video-preview:-1\" \/>\n<link rel=\"canonical\" href=\"https:\/\/www.noticiasradioreflejos.com.ar\/2021\/pedro-bonansea-si-nos-quitan-200-metros-de-pista-el-aerodromo-desaparece\/\" \/>\n<meta property=\"og:locale\" content=\"es_ES\" \/>\n<meta property=\"og:type\" content=\"article\" \/>\n<meta property=\"og:title\" content=\"Pedro Bonansea: \u201cSi nos quitan 200 metros de pista el aer\u00f3dromo desaparece\u201d - Noticias Radio Reflejos\" \/>\n<meta property=\"og:description\" content=\"El actual tesorero del Aeroclub de Saldungaray realiz\u00f3 un descargo sobre la situaci\u00f3n que viven actualmente. \u201cA los propietarios del campo les ofrecimos varias alternativas y no quisieron aceptar ninguna\u201d afirm\u00f3.\" \/>\n<meta property=\"og:url\" content=\"https:\/\/www.noticiasradioreflejos.com.ar\/2021\/pedro-bonansea-si-nos-quitan-200-metros-de-pista-el-aerodromo-desaparece\/\" \/>\n<meta property=\"og:site_name\" content=\"Noticias Radio Reflejos\" \/>\n<meta property=\"article:published_time\" content=\"2022-06-02T18:15:54+00:00\" \/>\n<meta property=\"article:modified_time\" content=\"2022-06-02T18:15:55+00:00\" \/>\n<meta property=\"og:image\" content=\"https:\/\/www.noticiasradioreflejos.com.ar\/2021\/wp-content\/uploads\/2022\/06\/Aeroclub-Saldungaray.jpg\" \/>\n\t<meta property=\"og:image:width\" content=\"720\" \/>\n\t<meta property=\"og:image:height\" content=\"329\" \/>\n\t<meta property=\"og:image:type\" content=\"image\/jpeg\" \/>\n<meta name=\"author\" content=\"Arnaldo Botto\" \/>\n<meta name=\"twitter:card\" content=\"summary_large_image\" \/>\n<script type=\"application\/ld+json\" class=\"yoast-schema-graph\">{\"@context\":\"https:\/\/schema.org\",\"@graph\":[{\"@type\":\"WebPage\",\"@id\":\"https:\/\/www.noticiasradioreflejos.com.ar\/2021\/pedro-bonansea-si-nos-quitan-200-metros-de-pista-el-aerodromo-desaparece\/\",\"url\":\"https:\/\/www.noticiasradioreflejos.com.ar\/2021\/pedro-bonansea-si-nos-quitan-200-metros-de-pista-el-aerodromo-desaparece\/\",\"name\":\"Pedro Bonansea: \u201cSi nos quitan 200 metros de pista el aer\u00f3dromo desaparece\u201d - Noticias Radio Reflejos\",\"isPartOf\":{\"@id\":\"https:\/\/www.noticiasradioreflejos.com.ar\/2021\/#website\"},\"primaryImageOfPage\":{\"@id\":\"https:\/\/www.noticiasradioreflejos.com.ar\/2021\/pedro-bonansea-si-nos-quitan-200-metros-de-pista-el-aerodromo-desaparece\/#primaryimage\"},\"image\":{\"@id\":\"https:\/\/www.noticiasradioreflejos.com.ar\/2021\/pedro-bonansea-si-nos-quitan-200-metros-de-pista-el-aerodromo-desaparece\/#primaryimage\"},\"thumbnailUrl\":\"https:\/\/www.noticiasradioreflejos.com.ar\/2021\/wp-content\/uploads\/2022\/06\/Aeroclub-Saldungaray.jpg\",\"datePublished\":\"2022-06-02T18:15:54+00:00\",\"dateModified\":\"2022-06-02T18:15:55+00:00\",\"author\":{\"@id\":\"https:\/\/www.noticiasradioreflejos.com.ar\/2021\/#\/schema\/person\/ad82545263dcc5ec0996818884fd5fb1\"},\"breadcrumb\":{\"@id\":\"https:\/\/www.noticiasradioreflejos.com.ar\/2021\/pedro-bonansea-si-nos-quitan-200-metros-de-pista-el-aerodromo-desaparece\/#breadcrumb\"},\"inLanguage\":\"es\",\"potentialAction\":[{\"@type\":\"ReadAction\",\"target\":[\"https:\/\/www.noticiasradioreflejos.com.ar\/2021\/pedro-bonansea-si-nos-quitan-200-metros-de-pista-el-aerodromo-desaparece\/\"]}]},{\"@type\":\"ImageObject\",\"inLanguage\":\"es\",\"@id\":\"https:\/\/www.noticiasradioreflejos.com.ar\/2021\/pedro-bonansea-si-nos-quitan-200-metros-de-pista-el-aerodromo-desaparece\/#primaryimage\",\"url\":\"https:\/\/www.noticiasradioreflejos.com.ar\/2021\/wp-content\/uploads\/2022\/06\/Aeroclub-Saldungaray.jpg\",\"contentUrl\":\"https:\/\/www.noticiasradioreflejos.com.ar\/2021\/wp-content\/uploads\/2022\/06\/Aeroclub-Saldungaray.jpg\",\"width\":720,\"height\":329},{\"@type\":\"BreadcrumbList\",\"@id\":\"https:\/\/www.noticiasradioreflejos.com.ar\/2021\/pedro-bonansea-si-nos-quitan-200-metros-de-pista-el-aerodromo-desaparece\/#breadcrumb\",\"itemListElement\":[{\"@type\":\"ListItem\",\"position\":1,\"name\":\"Portada\",\"item\":\"https:\/\/www.noticiasradioreflejos.com.ar\/2021\/\"},{\"@type\":\"ListItem\",\"position\":2,\"name\":\"Pedro Bonansea: \u201cSi nos quitan 200 metros de pista el aer\u00f3dromo desaparece\u201d\"}]},{\"@type\":\"WebSite\",\"@id\":\"https:\/\/www.noticiasradioreflejos.com.ar\/2021\/#website\",\"url\":\"https:\/\/www.noticiasradioreflejos.com.ar\/2021\/\",\"name\":\"Noticias Radio Reflejos\",\"description\":\"Las noticias de mi comarca\",\"potentialAction\":[{\"@type\":\"SearchAction\",\"target\":{\"@type\":\"EntryPoint\",\"urlTemplate\":\"https:\/\/www.noticiasradioreflejos.com.ar\/2021\/?s={search_term_string}\"},\"query-input\":{\"@type\":\"PropertyValueSpecification\",\"valueRequired\":true,\"valueName\":\"search_term_string\"}}],\"inLanguage\":\"es\"},{\"@type\":\"Person\",\"@id\":\"https:\/\/www.noticiasradioreflejos.com.ar\/2021\/#\/schema\/person\/ad82545263dcc5ec0996818884fd5fb1\",\"name\":\"Arnaldo Botto\",\"image\":{\"@type\":\"ImageObject\",\"inLanguage\":\"es\",\"@id\":\"https:\/\/www.noticiasradioreflejos.com.ar\/2021\/#\/schema\/person\/image\/\",\"url\":\"https:\/\/secure.gravatar.com\/avatar\/55cb5e37c1efa326397366e6974cb338056df65cb50e7d64d1cf314e87504837?s=96&d=mm&r=g\",\"contentUrl\":\"https:\/\/secure.gravatar.com\/avatar\/55cb5e37c1efa326397366e6974cb338056df65cb50e7d64d1cf314e87504837?s=96&d=mm&r=g\",\"caption\":\"Arnaldo Botto\"},\"url\":\"https:\/\/www.noticiasradioreflejos.com.ar\/2021\/author\/arnaldo\/\"}]}<\/script>\n<!-- \/ Yoast SEO plugin. -->","yoast_head_json":{"title":"Pedro Bonansea: \u201cSi nos quitan 200 metros de pista el aer\u00f3dromo desaparece\u201d - Noticias Radio Reflejos","robots":{"index":"index","follow":"follow","max-snippet":"max-snippet:-1","max-image-preview":"max-image-preview:large","max-video-preview":"max-video-preview:-1"},"canonical":"https:\/\/www.noticiasradioreflejos.com.ar\/2021\/pedro-bonansea-si-nos-quitan-200-metros-de-pista-el-aerodromo-desaparece\/","og_locale":"es_ES","og_type":"article","og_title":"Pedro Bonansea: \u201cSi nos quitan 200 metros de pista el aer\u00f3dromo desaparece\u201d - Noticias Radio Reflejos","og_description":"El actual tesorero del Aeroclub de Saldungaray realiz\u00f3 un descargo sobre la situaci\u00f3n que viven actualmente. \u201cA los propietarios del campo les ofrecimos varias alternativas y no quisieron aceptar ninguna\u201d afirm\u00f3.","og_url":"https:\/\/www.noticiasradioreflejos.com.ar\/2021\/pedro-bonansea-si-nos-quitan-200-metros-de-pista-el-aerodromo-desaparece\/","og_site_name":"Noticias Radio Reflejos","article_published_time":"2022-06-02T18:15:54+00:00","article_modified_time":"2022-06-02T18:15:55+00:00","og_image":[{"width":720,"height":329,"url":"https:\/\/www.noticiasradioreflejos.com.ar\/2021\/wp-content\/uploads\/2022\/06\/Aeroclub-Saldungaray.jpg","type":"image\/jpeg"}],"author":"Arnaldo Botto","twitter_card":"summary_large_image","schema":{"@context":"https:\/\/schema.org","@graph":[{"@type":"WebPage","@id":"https:\/\/www.noticiasradioreflejos.com.ar\/2021\/pedro-bonansea-si-nos-quitan-200-metros-de-pista-el-aerodromo-desaparece\/","url":"https:\/\/www.noticiasradioreflejos.com.ar\/2021\/pedro-bonansea-si-nos-quitan-200-metros-de-pista-el-aerodromo-desaparece\/","name":"Pedro Bonansea: \u201cSi nos quitan 200 metros de pista el aer\u00f3dromo desaparece\u201d - Noticias Radio Reflejos","isPartOf":{"@id":"https:\/\/www.noticiasradioreflejos.com.ar\/2021\/#website"},"primaryImageOfPage":{"@id":"https:\/\/www.noticiasradioreflejos.com.ar\/2021\/pedro-bonansea-si-nos-quitan-200-metros-de-pista-el-aerodromo-desaparece\/#primaryimage"},"image":{"@id":"https:\/\/www.noticiasradioreflejos.com.ar\/2021\/pedro-bonansea-si-nos-quitan-200-metros-de-pista-el-aerodromo-desaparece\/#primaryimage"},"thumbnailUrl":"https:\/\/www.noticiasradioreflejos.com.ar\/2021\/wp-content\/uploads\/2022\/06\/Aeroclub-Saldungaray.jpg","datePublished":"2022-06-02T18:15:54+00:00","dateModified":"2022-06-02T18:15:55+00:00","author":{"@id":"https:\/\/www.noticiasradioreflejos.com.ar\/2021\/#\/schema\/person\/ad82545263dcc5ec0996818884fd5fb1"},"breadcrumb":{"@id":"https:\/\/www.noticiasradioreflejos.com.ar\/2021\/pedro-bonansea-si-nos-quitan-200-metros-de-pista-el-aerodromo-desaparece\/#breadcrumb"},"inLanguage":"es","potentialAction":[{"@type":"ReadAction","target":["https:\/\/www.noticiasradioreflejos.com.ar\/2021\/pedro-bonansea-si-nos-quitan-200-metros-de-pista-el-aerodromo-desaparece\/"]}]},{"@type":"ImageObject","inLanguage":"es","@id":"https:\/\/www.noticiasradioreflejos.com.ar\/2021\/pedro-bonansea-si-nos-quitan-200-metros-de-pista-el-aerodromo-desaparece\/#primaryimage","url":"https:\/\/www.noticiasradioreflejos.com.ar\/2021\/wp-content\/uploads\/2022\/06\/Aeroclub-Saldungaray.jpg","contentUrl":"https:\/\/www.noticiasradioreflejos.com.ar\/2021\/wp-content\/uploads\/2022\/06\/Aeroclub-Saldungaray.jpg","width":720,"height":329},{"@type":"BreadcrumbList","@id":"https:\/\/www.noticiasradioreflejos.com.ar\/2021\/pedro-bonansea-si-nos-quitan-200-metros-de-pista-el-aerodromo-desaparece\/#breadcrumb","itemListElement":[{"@type":"ListItem","position":1,"name":"Portada","item":"https:\/\/www.noticiasradioreflejos.com.ar\/2021\/"},{"@type":"ListItem","position":2,"name":"Pedro Bonansea: \u201cSi nos quitan 200 metros de pista el aer\u00f3dromo desaparece\u201d"}]},{"@type":"WebSite","@id":"https:\/\/www.noticiasradioreflejos.com.ar\/2021\/#website","url":"https:\/\/www.noticiasradioreflejos.com.ar\/2021\/","name":"Noticias Radio Reflejos","description":"Las noticias de mi comarca","potentialAction":[{"@type":"SearchAction","target":{"@type":"EntryPoint","urlTemplate":"https:\/\/www.noticiasradioreflejos.com.ar\/2021\/?s={search_term_string}"},"query-input":{"@type":"PropertyValueSpecification","valueRequired":true,"valueName":"search_term_string"}}],"inLanguage":"es"},{"@type":"Person","@id":"https:\/\/www.noticiasradioreflejos.com.ar\/2021\/#\/schema\/person\/ad82545263dcc5ec0996818884fd5fb1","name":"Arnaldo Botto","image":{"@type":"ImageObject","inLanguage":"es","@id":"https:\/\/www.noticiasradioreflejos.com.ar\/2021\/#\/schema\/person\/image\/","url":"https:\/\/secure.gravatar.com\/avatar\/55cb5e37c1efa326397366e6974cb338056df65cb50e7d64d1cf314e87504837?s=96&d=mm&r=g","contentUrl":"https:\/\/secure.gravatar.com\/avatar\/55cb5e37c1efa326397366e6974cb338056df65cb50e7d64d1cf314e87504837?s=96&d=mm&r=g","caption":"Arnaldo Botto"},"url":"https:\/\/www.noticiasradioreflejos.com.ar\/2021\/author\/arnaldo\/"}]}},"_links":{"self":[{"href":"https:\/\/www.noticiasradioreflejos.com.ar\/2021\/wp-json\/wp\/v2\/posts\/73105","targetHints":{"allow":["GET"]}}],"collection":[{"href":"https:\/\/www.noticiasradioreflejos.com.ar\/2021\/wp-json\/wp\/v2\/posts"}],"about":[{"href":"https:\/\/www.noticiasradioreflejos.com.ar\/2021\/wp-json\/wp\/v2\/types\/post"}],"author":[{"embeddable":true,"href":"https:\/\/www.noticiasradioreflejos.com.ar\/2021\/wp-json\/wp\/v2\/users\/3"}],"replies":[{"embeddable":true,"href":"https:\/\/www.noticiasradioreflejos.com.ar\/2021\/wp-json\/wp\/v2\/comments?post=73105"}],"version-history":[{"count":3,"href":"https:\/\/www.noticiasradioreflejos.com.ar\/2021\/wp-json\/wp\/v2\/posts\/73105\/revisions"}],"predecessor-version":[{"id":73125,"href":"https:\/\/www.noticiasradioreflejos.com.ar\/2021\/wp-json\/wp\/v2\/posts\/73105\/revisions\/73125"}],"wp:featuredmedia":[{"embeddable":true,"href":"https:\/\/www.noticiasradioreflejos.com.ar\/2021\/wp-json\/wp\/v2\/media\/73122"}],"wp:attachment":[{"href":"https:\/\/www.noticiasradioreflejos.com.ar\/2021\/wp-json\/wp\/v2\/media?parent=73105"}],"wp:term":[{"taxonomy":"category","embeddable":true,"href":"https:\/\/www.noticiasradioreflejos.com.ar\/2021\/wp-json\/wp\/v2\/categories?post=73105"},{"taxonomy":"post_tag","embeddable":true,"href":"https:\/\/www.noticiasradioreflejos.com.ar\/2021\/wp-json\/wp\/v2\/tags?post=73105"}],"curies":[{"name":"wp","href":"https:\/\/api.w.org\/{rel}","templated":true}]}}