{"id":73098,"date":"2022-06-02T17:53:27","date_gmt":"2022-06-02T17:53:27","guid":{"rendered":"http:\/\/www.noticiasradioreflejos.com.ar\/2021\/?p=73098"},"modified":"2022-06-03T15:10:02","modified_gmt":"2022-06-03T15:10:02","slug":"ministra-estela-diaz-los-femicidios-se-redujeron-un-14-esa-reduccion-obedece-principalmente-a-la-provincia-de-buenos-aires","status":"publish","type":"post","link":"https:\/\/www.noticiasradioreflejos.com.ar\/2021\/ministra-estela-diaz-los-femicidios-se-redujeron-un-14-esa-reduccion-obedece-principalmente-a-la-provincia-de-buenos-aires\/","title":{"rendered":"Ministra Estela D\u00edaz: \u201clos femicidios se redujeron un 14%. Esa reducci\u00f3n obedece principalmente a la provincia de Buenos Aires\u00bb\u201d"},"content":{"rendered":"<p>En su visita a Tornquist, la <strong>Ministra de Mujeres, Diversidad y Pol\u00edticas de G\u00e9nero<\/strong> confirm\u00f3 ese dato respecto al 2020. \u201cTenemos que seguir trabajando sin descanso\u201d agreg\u00f3.<!--more--><\/p>\n<p>En su recorrida por la sexta secci\u00f3n, la Ministra de Mujeres, Diversidad y Pol\u00edticas de G\u00e9nero Estela D\u00edaz visit\u00f3 Tornquist, en donde en rueda de prensa dio a conocer los \u00faltimos datos arrojados por la Corte Suprema, referidos a los femicidios registrados en 2021.<\/p>\n<p>Al respecto mencion\u00f3 \u201cque podemos contar como un dato alentador es que se redujo respecto a la tendencia que tuvo de crecimiento o cifra estancada. Fue cerca de un 14% menos que en el 2020, teniendo en cuenta que fue en pandemia. Esa reducci\u00f3n obedece principalmente a la provincia de Buenos Aires. Tenemos que seguir trabajando denodadamente y sin descanso en cuanto a prevenci\u00f3n, asistencia y acompa\u00f1amiento\u201d.<\/p>\n<p>Apuntalando esa idea final, y haciendo un breve repaso, confirm\u00f3 que \u201ccuando llegamos hab\u00eda 50 tobilleras colocadas\u2026 llegamos a tener m\u00e1s de 500. Hubo m\u00e1s de 5000 casos de alto riesgo el a\u00f1o pasado en la provincia\u2026 se est\u00e1n salvando vidas con esto. Tenemos que seguir trabajando sin descanso, con m\u00e1s inversi\u00f3n p\u00fablica, m\u00e1s pol\u00edticas y m\u00e1s miradas integral\u201d.<\/p>\n<p><iframe loading=\"lazy\" title=\"YouTube video player\" src=\"https:\/\/www.youtube.com\/embed\/oIdkRc-0A6Q\" width=\"853\" height=\"480\" frameborder=\"0\" allowfullscreen=\"allowfullscreen\"><\/iframe><\/p>\n<p>En tanto que el edil vecinalista Bruno Zacconi admiti\u00f3 estar \u201cmuy contentos con la visita de la Ministra. Lo ven\u00edamos pidiendo desde hace tiempo. Es un trabajo arduo pero viene mostrando resultados y eso es muy bueno. Hay que destacar el acompa\u00f1amiento de todo el Ministerio. Desde el municipio agradecemos ese acompa\u00f1amiento, m\u00e1s en cuestiones de g\u00e9nero y diversidad\u201d.<\/p>\n<p>Recordando, el concejal admiti\u00f3 que \u201ccuando arrancamos en 2020 era una direcci\u00f3n de l\u00ednea, hoy es una Subsecretar\u00eda con equipos en Tornquist y Sierra de la Ventana. Estamos readecuando un sector para hacer un hogar de tr\u00e1nsito para mujeres v\u00edctimas de violencia de g\u00e9nero, continuamos con los botones antip\u00e1nico, y tenemos que seguir trabajando para lograr una sociedad libre de violencia\u201d.<\/p>\n<p>Por \u00faltimo, y tomando las expresiones de la ministra, remarc\u00f3 que \u201clas estad\u00edsticas del 2022 nos est\u00e1n mostrando un descenso en los femicidios por primera vez en 30 a\u00f1os y esto indica que la presencia del estado en tres a\u00f1os est\u00e1 dando sus frutos\u201d.<\/p>\n<p>&nbsp;<\/p>\n<p><iframe loading=\"lazy\" title=\"YouTube video player\" src=\"https:\/\/www.youtube.com\/embed\/HaYKDbu21Jk\" width=\"853\" height=\"480\" frameborder=\"0\" allowfullscreen=\"allowfullscreen\"><\/iframe><\/p>\n","protected":false},"excerpt":{"rendered":"<p>En su visita a Tornquist, la Ministra de Mujeres, Diversidad y Pol\u00edticas de G\u00e9nero confirm\u00f3 ese dato respecto al 2020. \u201cTenemos que seguir trabajando sin descanso\u201d agreg\u00f3.<\/p>\n","protected":false},"author":3,"featured_media":0,"comment_status":"closed","ping_status":"closed","sticky":false,"template":"","format":"standard","meta":{"footnotes":""},"categories":[24,26],"tags":[48],"class_list":["post-73098","post","type-post","status-publish","format-standard","hentry","category-politica","category-sociedad","tag-destacada"],"yoast_head":"<!-- This site is optimized with the Yoast SEO plugin v25.9 - https:\/\/yoast.com\/wordpress\/plugins\/seo\/ -->\n<title>Ministra Estela D\u00edaz: \u201clos femicidios se redujeron un 14%. Esa reducci\u00f3n obedece principalmente a la provincia de Buenos Aires&quot;\u201d - Noticias Radio Reflejos<\/title>\n<meta name=\"robots\" content=\"index, follow, max-snippet:-1, max-image-preview:large, max-video-preview:-1\" \/>\n<link rel=\"canonical\" href=\"https:\/\/www.noticiasradioreflejos.com.ar\/2021\/ministra-estela-diaz-los-femicidios-se-redujeron-un-14-esa-reduccion-obedece-principalmente-a-la-provincia-de-buenos-aires\/\" \/>\n<meta property=\"og:locale\" content=\"es_ES\" \/>\n<meta property=\"og:type\" content=\"article\" \/>\n<meta property=\"og:title\" content=\"Ministra Estela D\u00edaz: \u201clos femicidios se redujeron un 14%. Esa reducci\u00f3n obedece principalmente a la provincia de Buenos Aires&quot;\u201d - Noticias Radio Reflejos\" \/>\n<meta property=\"og:description\" content=\"En su visita a Tornquist, la Ministra de Mujeres, Diversidad y Pol\u00edticas de G\u00e9nero confirm\u00f3 ese dato respecto al 2020. \u201cTenemos que seguir trabajando sin descanso\u201d agreg\u00f3.\" \/>\n<meta property=\"og:url\" content=\"https:\/\/www.noticiasradioreflejos.com.ar\/2021\/ministra-estela-diaz-los-femicidios-se-redujeron-un-14-esa-reduccion-obedece-principalmente-a-la-provincia-de-buenos-aires\/\" \/>\n<meta property=\"og:site_name\" content=\"Noticias Radio Reflejos\" \/>\n<meta property=\"article:published_time\" content=\"2022-06-02T17:53:27+00:00\" \/>\n<meta property=\"article:modified_time\" content=\"2022-06-03T15:10:02+00:00\" \/>\n<meta property=\"og:image\" content=\"https:\/\/www.noticiasradioreflejos.com.ar\/2021\/wp-content\/uploads\/2021\/07\/logosol300x200.png\" \/>\n\t<meta property=\"og:image:width\" content=\"300\" \/>\n\t<meta property=\"og:image:height\" content=\"200\" \/>\n\t<meta property=\"og:image:type\" content=\"image\/png\" \/>\n<meta name=\"author\" content=\"Arnaldo Botto\" \/>\n<meta name=\"twitter:card\" content=\"summary_large_image\" \/>\n<script type=\"application\/ld+json\" class=\"yoast-schema-graph\">{\"@context\":\"https:\/\/schema.org\",\"@graph\":[{\"@type\":\"WebPage\",\"@id\":\"https:\/\/www.noticiasradioreflejos.com.ar\/2021\/ministra-estela-diaz-los-femicidios-se-redujeron-un-14-esa-reduccion-obedece-principalmente-a-la-provincia-de-buenos-aires\/\",\"url\":\"https:\/\/www.noticiasradioreflejos.com.ar\/2021\/ministra-estela-diaz-los-femicidios-se-redujeron-un-14-esa-reduccion-obedece-principalmente-a-la-provincia-de-buenos-aires\/\",\"name\":\"Ministra Estela D\u00edaz: \u201clos femicidios se redujeron un 14%. Esa reducci\u00f3n obedece principalmente a la provincia de Buenos Aires\\\"\u201d - Noticias Radio Reflejos\",\"isPartOf\":{\"@id\":\"https:\/\/www.noticiasradioreflejos.com.ar\/2021\/#website\"},\"datePublished\":\"2022-06-02T17:53:27+00:00\",\"dateModified\":\"2022-06-03T15:10:02+00:00\",\"author\":{\"@id\":\"https:\/\/www.noticiasradioreflejos.com.ar\/2021\/#\/schema\/person\/ad82545263dcc5ec0996818884fd5fb1\"},\"breadcrumb\":{\"@id\":\"https:\/\/www.noticiasradioreflejos.com.ar\/2021\/ministra-estela-diaz-los-femicidios-se-redujeron-un-14-esa-reduccion-obedece-principalmente-a-la-provincia-de-buenos-aires\/#breadcrumb\"},\"inLanguage\":\"es\",\"potentialAction\":[{\"@type\":\"ReadAction\",\"target\":[\"https:\/\/www.noticiasradioreflejos.com.ar\/2021\/ministra-estela-diaz-los-femicidios-se-redujeron-un-14-esa-reduccion-obedece-principalmente-a-la-provincia-de-buenos-aires\/\"]}]},{\"@type\":\"BreadcrumbList\",\"@id\":\"https:\/\/www.noticiasradioreflejos.com.ar\/2021\/ministra-estela-diaz-los-femicidios-se-redujeron-un-14-esa-reduccion-obedece-principalmente-a-la-provincia-de-buenos-aires\/#breadcrumb\",\"itemListElement\":[{\"@type\":\"ListItem\",\"position\":1,\"name\":\"Portada\",\"item\":\"https:\/\/www.noticiasradioreflejos.com.ar\/2021\/\"},{\"@type\":\"ListItem\",\"position\":2,\"name\":\"Ministra Estela D\u00edaz: \u201clos femicidios se redujeron un 14%. Esa reducci\u00f3n obedece principalmente a la provincia de Buenos Aires\u00bb\u201d\"}]},{\"@type\":\"WebSite\",\"@id\":\"https:\/\/www.noticiasradioreflejos.com.ar\/2021\/#website\",\"url\":\"https:\/\/www.noticiasradioreflejos.com.ar\/2021\/\",\"name\":\"Noticias Radio Reflejos\",\"description\":\"Las noticias de mi comarca\",\"potentialAction\":[{\"@type\":\"SearchAction\",\"target\":{\"@type\":\"EntryPoint\",\"urlTemplate\":\"https:\/\/www.noticiasradioreflejos.com.ar\/2021\/?s={search_term_string}\"},\"query-input\":{\"@type\":\"PropertyValueSpecification\",\"valueRequired\":true,\"valueName\":\"search_term_string\"}}],\"inLanguage\":\"es\"},{\"@type\":\"Person\",\"@id\":\"https:\/\/www.noticiasradioreflejos.com.ar\/2021\/#\/schema\/person\/ad82545263dcc5ec0996818884fd5fb1\",\"name\":\"Arnaldo Botto\",\"image\":{\"@type\":\"ImageObject\",\"inLanguage\":\"es\",\"@id\":\"https:\/\/www.noticiasradioreflejos.com.ar\/2021\/#\/schema\/person\/image\/\",\"url\":\"https:\/\/secure.gravatar.com\/avatar\/55cb5e37c1efa326397366e6974cb338056df65cb50e7d64d1cf314e87504837?s=96&d=mm&r=g\",\"contentUrl\":\"https:\/\/secure.gravatar.com\/avatar\/55cb5e37c1efa326397366e6974cb338056df65cb50e7d64d1cf314e87504837?s=96&d=mm&r=g\",\"caption\":\"Arnaldo Botto\"},\"url\":\"https:\/\/www.noticiasradioreflejos.com.ar\/2021\/author\/arnaldo\/\"}]}<\/script>\n<!-- \/ Yoast SEO plugin. -->","yoast_head_json":{"title":"Ministra Estela D\u00edaz: \u201clos femicidios se redujeron un 14%. Esa reducci\u00f3n obedece principalmente a la provincia de Buenos Aires\"\u201d - Noticias Radio Reflejos","robots":{"index":"index","follow":"follow","max-snippet":"max-snippet:-1","max-image-preview":"max-image-preview:large","max-video-preview":"max-video-preview:-1"},"canonical":"https:\/\/www.noticiasradioreflejos.com.ar\/2021\/ministra-estela-diaz-los-femicidios-se-redujeron-un-14-esa-reduccion-obedece-principalmente-a-la-provincia-de-buenos-aires\/","og_locale":"es_ES","og_type":"article","og_title":"Ministra Estela D\u00edaz: \u201clos femicidios se redujeron un 14%. Esa reducci\u00f3n obedece principalmente a la provincia de Buenos Aires\"\u201d - Noticias Radio Reflejos","og_description":"En su visita a Tornquist, la Ministra de Mujeres, Diversidad y Pol\u00edticas de G\u00e9nero confirm\u00f3 ese dato respecto al 2020. \u201cTenemos que seguir trabajando sin descanso\u201d agreg\u00f3.","og_url":"https:\/\/www.noticiasradioreflejos.com.ar\/2021\/ministra-estela-diaz-los-femicidios-se-redujeron-un-14-esa-reduccion-obedece-principalmente-a-la-provincia-de-buenos-aires\/","og_site_name":"Noticias Radio Reflejos","article_published_time":"2022-06-02T17:53:27+00:00","article_modified_time":"2022-06-03T15:10:02+00:00","og_image":[{"width":300,"height":200,"url":"https:\/\/www.noticiasradioreflejos.com.ar\/2021\/wp-content\/uploads\/2021\/07\/logosol300x200.png","type":"image\/png"}],"author":"Arnaldo Botto","twitter_card":"summary_large_image","schema":{"@context":"https:\/\/schema.org","@graph":[{"@type":"WebPage","@id":"https:\/\/www.noticiasradioreflejos.com.ar\/2021\/ministra-estela-diaz-los-femicidios-se-redujeron-un-14-esa-reduccion-obedece-principalmente-a-la-provincia-de-buenos-aires\/","url":"https:\/\/www.noticiasradioreflejos.com.ar\/2021\/ministra-estela-diaz-los-femicidios-se-redujeron-un-14-esa-reduccion-obedece-principalmente-a-la-provincia-de-buenos-aires\/","name":"Ministra Estela D\u00edaz: \u201clos femicidios se redujeron un 14%. Esa reducci\u00f3n obedece principalmente a la provincia de Buenos Aires\"\u201d - Noticias Radio Reflejos","isPartOf":{"@id":"https:\/\/www.noticiasradioreflejos.com.ar\/2021\/#website"},"datePublished":"2022-06-02T17:53:27+00:00","dateModified":"2022-06-03T15:10:02+00:00","author":{"@id":"https:\/\/www.noticiasradioreflejos.com.ar\/2021\/#\/schema\/person\/ad82545263dcc5ec0996818884fd5fb1"},"breadcrumb":{"@id":"https:\/\/www.noticiasradioreflejos.com.ar\/2021\/ministra-estela-diaz-los-femicidios-se-redujeron-un-14-esa-reduccion-obedece-principalmente-a-la-provincia-de-buenos-aires\/#breadcrumb"},"inLanguage":"es","potentialAction":[{"@type":"ReadAction","target":["https:\/\/www.noticiasradioreflejos.com.ar\/2021\/ministra-estela-diaz-los-femicidios-se-redujeron-un-14-esa-reduccion-obedece-principalmente-a-la-provincia-de-buenos-aires\/"]}]},{"@type":"BreadcrumbList","@id":"https:\/\/www.noticiasradioreflejos.com.ar\/2021\/ministra-estela-diaz-los-femicidios-se-redujeron-un-14-esa-reduccion-obedece-principalmente-a-la-provincia-de-buenos-aires\/#breadcrumb","itemListElement":[{"@type":"ListItem","position":1,"name":"Portada","item":"https:\/\/www.noticiasradioreflejos.com.ar\/2021\/"},{"@type":"ListItem","position":2,"name":"Ministra Estela D\u00edaz: \u201clos femicidios se redujeron un 14%. Esa reducci\u00f3n obedece principalmente a la provincia de Buenos Aires\u00bb\u201d"}]},{"@type":"WebSite","@id":"https:\/\/www.noticiasradioreflejos.com.ar\/2021\/#website","url":"https:\/\/www.noticiasradioreflejos.com.ar\/2021\/","name":"Noticias Radio Reflejos","description":"Las noticias de mi comarca","potentialAction":[{"@type":"SearchAction","target":{"@type":"EntryPoint","urlTemplate":"https:\/\/www.noticiasradioreflejos.com.ar\/2021\/?s={search_term_string}"},"query-input":{"@type":"PropertyValueSpecification","valueRequired":true,"valueName":"search_term_string"}}],"inLanguage":"es"},{"@type":"Person","@id":"https:\/\/www.noticiasradioreflejos.com.ar\/2021\/#\/schema\/person\/ad82545263dcc5ec0996818884fd5fb1","name":"Arnaldo Botto","image":{"@type":"ImageObject","inLanguage":"es","@id":"https:\/\/www.noticiasradioreflejos.com.ar\/2021\/#\/schema\/person\/image\/","url":"https:\/\/secure.gravatar.com\/avatar\/55cb5e37c1efa326397366e6974cb338056df65cb50e7d64d1cf314e87504837?s=96&d=mm&r=g","contentUrl":"https:\/\/secure.gravatar.com\/avatar\/55cb5e37c1efa326397366e6974cb338056df65cb50e7d64d1cf314e87504837?s=96&d=mm&r=g","caption":"Arnaldo Botto"},"url":"https:\/\/www.noticiasradioreflejos.com.ar\/2021\/author\/arnaldo\/"}]}},"_links":{"self":[{"href":"https:\/\/www.noticiasradioreflejos.com.ar\/2021\/wp-json\/wp\/v2\/posts\/73098","targetHints":{"allow":["GET"]}}],"collection":[{"href":"https:\/\/www.noticiasradioreflejos.com.ar\/2021\/wp-json\/wp\/v2\/posts"}],"about":[{"href":"https:\/\/www.noticiasradioreflejos.com.ar\/2021\/wp-json\/wp\/v2\/types\/post"}],"author":[{"embeddable":true,"href":"https:\/\/www.noticiasradioreflejos.com.ar\/2021\/wp-json\/wp\/v2\/users\/3"}],"replies":[{"embeddable":true,"href":"https:\/\/www.noticiasradioreflejos.com.ar\/2021\/wp-json\/wp\/v2\/comments?post=73098"}],"version-history":[{"count":2,"href":"https:\/\/www.noticiasradioreflejos.com.ar\/2021\/wp-json\/wp\/v2\/posts\/73098\/revisions"}],"predecessor-version":[{"id":73114,"href":"https:\/\/www.noticiasradioreflejos.com.ar\/2021\/wp-json\/wp\/v2\/posts\/73098\/revisions\/73114"}],"wp:attachment":[{"href":"https:\/\/www.noticiasradioreflejos.com.ar\/2021\/wp-json\/wp\/v2\/media?parent=73098"}],"wp:term":[{"taxonomy":"category","embeddable":true,"href":"https:\/\/www.noticiasradioreflejos.com.ar\/2021\/wp-json\/wp\/v2\/categories?post=73098"},{"taxonomy":"post_tag","embeddable":true,"href":"https:\/\/www.noticiasradioreflejos.com.ar\/2021\/wp-json\/wp\/v2\/tags?post=73098"}],"curies":[{"name":"wp","href":"https:\/\/api.w.org\/{rel}","templated":true}]}}