{"id":73018,"date":"2022-06-01T16:07:09","date_gmt":"2022-06-01T16:07:09","guid":{"rendered":"http:\/\/www.noticiasradioreflejos.com.ar\/2021\/?p=73018"},"modified":"2022-06-01T16:07:09","modified_gmt":"2022-06-01T16:07:09","slug":"peligra-el-aeroclub-de-saldungaray","status":"publish","type":"post","link":"https:\/\/www.noticiasradioreflejos.com.ar\/2021\/peligra-el-aeroclub-de-saldungaray\/","title":{"rendered":"Peligra el Aeroclub de Saldungaray"},"content":{"rendered":"<div class=\"kvgmc6g5 cxmmr5t8 oygrvhab hcukyx3x c1et5uql ii04i59q\">\n<div dir=\"auto\">El Aeroclub Saldungaray quiere dar a conocer la situaci\u00f3n en la que nos encontramos<\/div>\n<\/div>\n<div class=\"cxmmr5t8 oygrvhab hcukyx3x c1et5uql o9v6fnle ii04i59q\">\n<div dir=\"auto\">A principios del mes de mayo de 2022, el Sr. Jos\u00e9 Mar\u00eda Leturia, junto a su padre, ha manifestado a distintos miembros del Aeroclub su intenci\u00f3n de tomar posesi\u00f3n del inmueble donde se encuentra la pista de aterrizaje. Estas personas reclaman el terreno como suyo lo cual es ERRONEO ya que ese terreno, donde hoy se encuentra dicha pista, fue comprada al Abuelo de Jos\u00e9 Mar\u00eda Leturia en el a\u00f1o 1952, lo cual surge del propio acta de asamblea del d\u00eda 31 de Agosto de 1952, registrada en el folio 118, donde se hace menci\u00f3n de la adquisici\u00f3n de dicho inmueble.<br \/>\n<!--more--><\/div>\n<p><a title=\"aeroclub Saldungaray (3)\" href=\"https:\/\/www.flickr.com\/photos\/182279889@N02\/52113900157\/in\/dateposted-public\/\" data-flickr-embed=\"true\"><img loading=\"lazy\" decoding=\"async\" src=\"https:\/\/live.staticflickr.com\/65535\/52113900157_9bbaa3e74b_c.jpg\" alt=\"aeroclub Saldungaray (3)\" width=\"800\" height=\"450\" \/><\/a><script async src=\"\/\/embedr.flickr.com\/assets\/client-code.js\" charset=\"utf-8\"><\/script><\/p>\n<div class=\"cxmmr5t8 oygrvhab hcukyx3x c1et5uql o9v6fnle ii04i59q\">\n<div dir=\"auto\">HOY 31\/05\/2022 se ha agravado la situaci\u00f3n. Los empleados del Sr. Leturia han comenzado a retirar el alambrado con protecci\u00f3n el\u00e9ctrica, que imped\u00eda que la hacienda vacuna, que se encontraba en el campo lindero, pueda invadir la pista de aterrizaje. Asimismo, han comenzado a realizar tareas de arado en zonas aleda\u00f1as a la pista de aterrizaje, y que presumiblemente continuar\u00e1n arando la propia pista, todo lo genera un inminente peligro a cualquier aeronave que intente realizar un aterrizaje en el lugar, as\u00ed como a terceras personas y bienes.<\/div>\n<p><a title=\"aeroclub Saldungaray (6)\" href=\"https:\/\/www.flickr.com\/photos\/182279889@N02\/52113900082\/in\/dateposted-public\/\" data-flickr-embed=\"true\"><img loading=\"lazy\" decoding=\"async\" src=\"https:\/\/live.staticflickr.com\/65535\/52113900082_333db7fd6f_c.jpg\" alt=\"aeroclub Saldungaray (6)\" width=\"720\" height=\"296\" \/><\/a><script async src=\"\/\/embedr.flickr.com\/assets\/client-code.js\" charset=\"utf-8\"><\/script><\/p>\n<div class=\"cxmmr5t8 oygrvhab hcukyx3x c1et5uql o9v6fnle ii04i59q\">\n<div class=\"cxmmr5t8 oygrvhab hcukyx3x c1et5uql o9v6fnle ii04i59q\">\n<div dir=\"auto\">Como surge en el sistema MADHEL, que figura en la p\u00e1gina web de la ANAC, esta pista se encuentra registrada ante dicho organismo como habilitada para aterrizaje en la comarca serrana. Incluso se encuentra habilitada para VUELOS SANITARIOS, lo cual impedir\u00eda el aterrizaje de una de estas aeronaves en busca de alg\u00fan paciente, amigo o vecino del pueblo para poder ser trasladado de URGENCIA a un hospital. Tambi\u00e9n es una base FUNDAMENTAL para los AVIONES DE LUCHA CONTRA INCENDIO. Esto pone en peligro si, el d\u00eda de ma\u00f1ana llegara a haber un incendio en la comarca, los aviones hidrantes no podr\u00edan aterrizar ni repostar agua para extinguir el incendio. Nos encontramos desesperados y necesitamos la ayuda de TODOS Y DE LOS COLEGAS AERONAUTICOS. Les pedimos por favor que compartan nuestra historia para que la gente sepa lo que nos est\u00e1 sucediendo. Ay\u00fadenos a luchar y a no desaparecer y que no se pierda esta instituci\u00f3n con m\u00e1s de 70 a\u00f1os de antig\u00fcedad.<\/div>\n<\/div>\n<p><a data-flickr-embed=\"true\" href=\"https:\/\/www.flickr.com\/photos\/182279889@N02\/52114925581\/in\/dateposted-public\/\" title=\"aeroclub Saldungaray (5)\"><img loading=\"lazy\" decoding=\"async\" src=\"https:\/\/live.staticflickr.com\/65535\/52114925581_667e035d39_c.jpg\" width=\"600\" height=\"800\" alt=\"aeroclub Saldungaray (5)\"><\/a><script async src=\"\/\/embedr.flickr.com\/assets\/client-code.js\" charset=\"utf-8\"><\/script><\/p>\n<p><a data-flickr-embed=\"true\" href=\"https:\/\/www.flickr.com\/photos\/182279889@N02\/52115172614\/in\/dateposted-public\/\" title=\"aeroclub Saldungaray (4)\"><img loading=\"lazy\" decoding=\"async\" src=\"https:\/\/live.staticflickr.com\/65535\/52115172614_68f6a6c144_c.jpg\" width=\"495\" height=\"800\" alt=\"aeroclub Saldungaray (4)\"><\/a><script async src=\"\/\/embedr.flickr.com\/assets\/client-code.js\" charset=\"utf-8\"><\/script><\/p>\n","protected":false},"excerpt":{"rendered":"<p>El Aeroclub Saldungaray quiere dar a conocer la situaci\u00f3n en la que nos encontramos A principios del mes de mayo de 2022, el Sr. Jos\u00e9 Mar\u00eda Leturia, junto a su padre, ha manifestado a distintos miembros del Aeroclub su intenci\u00f3n de tomar posesi\u00f3n del inmueble donde se encuentra la pista de aterrizaje. Estas personas reclaman [&hellip;]<\/p>\n","protected":false},"author":3,"featured_media":73019,"comment_status":"closed","ping_status":"closed","sticky":false,"template":"","format":"standard","meta":{"footnotes":""},"categories":[26],"tags":[48],"class_list":["post-73018","post","type-post","status-publish","format-standard","has-post-thumbnail","hentry","category-sociedad","tag-destacada"],"yoast_head":"<!-- This site is optimized with the Yoast SEO plugin v25.9 - https:\/\/yoast.com\/wordpress\/plugins\/seo\/ -->\n<title>Peligra el Aeroclub de Saldungaray - Noticias Radio Reflejos<\/title>\n<meta name=\"robots\" content=\"index, follow, max-snippet:-1, max-image-preview:large, max-video-preview:-1\" \/>\n<link rel=\"canonical\" href=\"https:\/\/www.noticiasradioreflejos.com.ar\/2021\/peligra-el-aeroclub-de-saldungaray\/\" \/>\n<meta property=\"og:locale\" content=\"es_ES\" \/>\n<meta property=\"og:type\" content=\"article\" \/>\n<meta property=\"og:title\" content=\"Peligra el Aeroclub de Saldungaray - Noticias Radio Reflejos\" \/>\n<meta property=\"og:description\" content=\"El Aeroclub Saldungaray quiere dar a conocer la situaci\u00f3n en la que nos encontramos A principios del mes de mayo de 2022, el Sr. Jos\u00e9 Mar\u00eda Leturia, junto a su padre, ha manifestado a distintos miembros del Aeroclub su intenci\u00f3n de tomar posesi\u00f3n del inmueble donde se encuentra la pista de aterrizaje. Estas personas reclaman [&hellip;]\" \/>\n<meta property=\"og:url\" content=\"https:\/\/www.noticiasradioreflejos.com.ar\/2021\/peligra-el-aeroclub-de-saldungaray\/\" \/>\n<meta property=\"og:site_name\" content=\"Noticias Radio Reflejos\" \/>\n<meta property=\"article:published_time\" content=\"2022-06-01T16:07:09+00:00\" \/>\n<meta property=\"og:image\" content=\"https:\/\/www.noticiasradioreflejos.com.ar\/2021\/wp-content\/uploads\/2022\/06\/aeroclub-Saldungaray-2.jpg\" \/>\n\t<meta property=\"og:image:width\" content=\"1280\" \/>\n\t<meta property=\"og:image:height\" content=\"856\" \/>\n\t<meta property=\"og:image:type\" content=\"image\/jpeg\" \/>\n<meta name=\"author\" content=\"Arnaldo Botto\" \/>\n<meta name=\"twitter:card\" content=\"summary_large_image\" \/>\n<script type=\"application\/ld+json\" class=\"yoast-schema-graph\">{\"@context\":\"https:\/\/schema.org\",\"@graph\":[{\"@type\":\"WebPage\",\"@id\":\"https:\/\/www.noticiasradioreflejos.com.ar\/2021\/peligra-el-aeroclub-de-saldungaray\/\",\"url\":\"https:\/\/www.noticiasradioreflejos.com.ar\/2021\/peligra-el-aeroclub-de-saldungaray\/\",\"name\":\"Peligra el Aeroclub de Saldungaray - Noticias Radio Reflejos\",\"isPartOf\":{\"@id\":\"https:\/\/www.noticiasradioreflejos.com.ar\/2021\/#website\"},\"primaryImageOfPage\":{\"@id\":\"https:\/\/www.noticiasradioreflejos.com.ar\/2021\/peligra-el-aeroclub-de-saldungaray\/#primaryimage\"},\"image\":{\"@id\":\"https:\/\/www.noticiasradioreflejos.com.ar\/2021\/peligra-el-aeroclub-de-saldungaray\/#primaryimage\"},\"thumbnailUrl\":\"https:\/\/www.noticiasradioreflejos.com.ar\/2021\/wp-content\/uploads\/2022\/06\/aeroclub-Saldungaray-2.jpg\",\"datePublished\":\"2022-06-01T16:07:09+00:00\",\"author\":{\"@id\":\"https:\/\/www.noticiasradioreflejos.com.ar\/2021\/#\/schema\/person\/ad82545263dcc5ec0996818884fd5fb1\"},\"breadcrumb\":{\"@id\":\"https:\/\/www.noticiasradioreflejos.com.ar\/2021\/peligra-el-aeroclub-de-saldungaray\/#breadcrumb\"},\"inLanguage\":\"es\",\"potentialAction\":[{\"@type\":\"ReadAction\",\"target\":[\"https:\/\/www.noticiasradioreflejos.com.ar\/2021\/peligra-el-aeroclub-de-saldungaray\/\"]}]},{\"@type\":\"ImageObject\",\"inLanguage\":\"es\",\"@id\":\"https:\/\/www.noticiasradioreflejos.com.ar\/2021\/peligra-el-aeroclub-de-saldungaray\/#primaryimage\",\"url\":\"https:\/\/www.noticiasradioreflejos.com.ar\/2021\/wp-content\/uploads\/2022\/06\/aeroclub-Saldungaray-2.jpg\",\"contentUrl\":\"https:\/\/www.noticiasradioreflejos.com.ar\/2021\/wp-content\/uploads\/2022\/06\/aeroclub-Saldungaray-2.jpg\",\"width\":1280,\"height\":856},{\"@type\":\"BreadcrumbList\",\"@id\":\"https:\/\/www.noticiasradioreflejos.com.ar\/2021\/peligra-el-aeroclub-de-saldungaray\/#breadcrumb\",\"itemListElement\":[{\"@type\":\"ListItem\",\"position\":1,\"name\":\"Portada\",\"item\":\"https:\/\/www.noticiasradioreflejos.com.ar\/2021\/\"},{\"@type\":\"ListItem\",\"position\":2,\"name\":\"Peligra el Aeroclub de Saldungaray\"}]},{\"@type\":\"WebSite\",\"@id\":\"https:\/\/www.noticiasradioreflejos.com.ar\/2021\/#website\",\"url\":\"https:\/\/www.noticiasradioreflejos.com.ar\/2021\/\",\"name\":\"Noticias Radio Reflejos\",\"description\":\"Las noticias de mi comarca\",\"potentialAction\":[{\"@type\":\"SearchAction\",\"target\":{\"@type\":\"EntryPoint\",\"urlTemplate\":\"https:\/\/www.noticiasradioreflejos.com.ar\/2021\/?s={search_term_string}\"},\"query-input\":{\"@type\":\"PropertyValueSpecification\",\"valueRequired\":true,\"valueName\":\"search_term_string\"}}],\"inLanguage\":\"es\"},{\"@type\":\"Person\",\"@id\":\"https:\/\/www.noticiasradioreflejos.com.ar\/2021\/#\/schema\/person\/ad82545263dcc5ec0996818884fd5fb1\",\"name\":\"Arnaldo Botto\",\"image\":{\"@type\":\"ImageObject\",\"inLanguage\":\"es\",\"@id\":\"https:\/\/www.noticiasradioreflejos.com.ar\/2021\/#\/schema\/person\/image\/\",\"url\":\"https:\/\/secure.gravatar.com\/avatar\/55cb5e37c1efa326397366e6974cb338056df65cb50e7d64d1cf314e87504837?s=96&d=mm&r=g\",\"contentUrl\":\"https:\/\/secure.gravatar.com\/avatar\/55cb5e37c1efa326397366e6974cb338056df65cb50e7d64d1cf314e87504837?s=96&d=mm&r=g\",\"caption\":\"Arnaldo Botto\"},\"url\":\"https:\/\/www.noticiasradioreflejos.com.ar\/2021\/author\/arnaldo\/\"}]}<\/script>\n<!-- \/ Yoast SEO plugin. -->","yoast_head_json":{"title":"Peligra el Aeroclub de Saldungaray - Noticias Radio Reflejos","robots":{"index":"index","follow":"follow","max-snippet":"max-snippet:-1","max-image-preview":"max-image-preview:large","max-video-preview":"max-video-preview:-1"},"canonical":"https:\/\/www.noticiasradioreflejos.com.ar\/2021\/peligra-el-aeroclub-de-saldungaray\/","og_locale":"es_ES","og_type":"article","og_title":"Peligra el Aeroclub de Saldungaray - Noticias Radio Reflejos","og_description":"El Aeroclub Saldungaray quiere dar a conocer la situaci\u00f3n en la que nos encontramos A principios del mes de mayo de 2022, el Sr. Jos\u00e9 Mar\u00eda Leturia, junto a su padre, ha manifestado a distintos miembros del Aeroclub su intenci\u00f3n de tomar posesi\u00f3n del inmueble donde se encuentra la pista de aterrizaje. Estas personas reclaman [&hellip;]","og_url":"https:\/\/www.noticiasradioreflejos.com.ar\/2021\/peligra-el-aeroclub-de-saldungaray\/","og_site_name":"Noticias Radio Reflejos","article_published_time":"2022-06-01T16:07:09+00:00","og_image":[{"width":1280,"height":856,"url":"https:\/\/www.noticiasradioreflejos.com.ar\/2021\/wp-content\/uploads\/2022\/06\/aeroclub-Saldungaray-2.jpg","type":"image\/jpeg"}],"author":"Arnaldo Botto","twitter_card":"summary_large_image","schema":{"@context":"https:\/\/schema.org","@graph":[{"@type":"WebPage","@id":"https:\/\/www.noticiasradioreflejos.com.ar\/2021\/peligra-el-aeroclub-de-saldungaray\/","url":"https:\/\/www.noticiasradioreflejos.com.ar\/2021\/peligra-el-aeroclub-de-saldungaray\/","name":"Peligra el Aeroclub de Saldungaray - Noticias Radio Reflejos","isPartOf":{"@id":"https:\/\/www.noticiasradioreflejos.com.ar\/2021\/#website"},"primaryImageOfPage":{"@id":"https:\/\/www.noticiasradioreflejos.com.ar\/2021\/peligra-el-aeroclub-de-saldungaray\/#primaryimage"},"image":{"@id":"https:\/\/www.noticiasradioreflejos.com.ar\/2021\/peligra-el-aeroclub-de-saldungaray\/#primaryimage"},"thumbnailUrl":"https:\/\/www.noticiasradioreflejos.com.ar\/2021\/wp-content\/uploads\/2022\/06\/aeroclub-Saldungaray-2.jpg","datePublished":"2022-06-01T16:07:09+00:00","author":{"@id":"https:\/\/www.noticiasradioreflejos.com.ar\/2021\/#\/schema\/person\/ad82545263dcc5ec0996818884fd5fb1"},"breadcrumb":{"@id":"https:\/\/www.noticiasradioreflejos.com.ar\/2021\/peligra-el-aeroclub-de-saldungaray\/#breadcrumb"},"inLanguage":"es","potentialAction":[{"@type":"ReadAction","target":["https:\/\/www.noticiasradioreflejos.com.ar\/2021\/peligra-el-aeroclub-de-saldungaray\/"]}]},{"@type":"ImageObject","inLanguage":"es","@id":"https:\/\/www.noticiasradioreflejos.com.ar\/2021\/peligra-el-aeroclub-de-saldungaray\/#primaryimage","url":"https:\/\/www.noticiasradioreflejos.com.ar\/2021\/wp-content\/uploads\/2022\/06\/aeroclub-Saldungaray-2.jpg","contentUrl":"https:\/\/www.noticiasradioreflejos.com.ar\/2021\/wp-content\/uploads\/2022\/06\/aeroclub-Saldungaray-2.jpg","width":1280,"height":856},{"@type":"BreadcrumbList","@id":"https:\/\/www.noticiasradioreflejos.com.ar\/2021\/peligra-el-aeroclub-de-saldungaray\/#breadcrumb","itemListElement":[{"@type":"ListItem","position":1,"name":"Portada","item":"https:\/\/www.noticiasradioreflejos.com.ar\/2021\/"},{"@type":"ListItem","position":2,"name":"Peligra el Aeroclub de Saldungaray"}]},{"@type":"WebSite","@id":"https:\/\/www.noticiasradioreflejos.com.ar\/2021\/#website","url":"https:\/\/www.noticiasradioreflejos.com.ar\/2021\/","name":"Noticias Radio Reflejos","description":"Las noticias de mi comarca","potentialAction":[{"@type":"SearchAction","target":{"@type":"EntryPoint","urlTemplate":"https:\/\/www.noticiasradioreflejos.com.ar\/2021\/?s={search_term_string}"},"query-input":{"@type":"PropertyValueSpecification","valueRequired":true,"valueName":"search_term_string"}}],"inLanguage":"es"},{"@type":"Person","@id":"https:\/\/www.noticiasradioreflejos.com.ar\/2021\/#\/schema\/person\/ad82545263dcc5ec0996818884fd5fb1","name":"Arnaldo Botto","image":{"@type":"ImageObject","inLanguage":"es","@id":"https:\/\/www.noticiasradioreflejos.com.ar\/2021\/#\/schema\/person\/image\/","url":"https:\/\/secure.gravatar.com\/avatar\/55cb5e37c1efa326397366e6974cb338056df65cb50e7d64d1cf314e87504837?s=96&d=mm&r=g","contentUrl":"https:\/\/secure.gravatar.com\/avatar\/55cb5e37c1efa326397366e6974cb338056df65cb50e7d64d1cf314e87504837?s=96&d=mm&r=g","caption":"Arnaldo Botto"},"url":"https:\/\/www.noticiasradioreflejos.com.ar\/2021\/author\/arnaldo\/"}]}},"_links":{"self":[{"href":"https:\/\/www.noticiasradioreflejos.com.ar\/2021\/wp-json\/wp\/v2\/posts\/73018","targetHints":{"allow":["GET"]}}],"collection":[{"href":"https:\/\/www.noticiasradioreflejos.com.ar\/2021\/wp-json\/wp\/v2\/posts"}],"about":[{"href":"https:\/\/www.noticiasradioreflejos.com.ar\/2021\/wp-json\/wp\/v2\/types\/post"}],"author":[{"embeddable":true,"href":"https:\/\/www.noticiasradioreflejos.com.ar\/2021\/wp-json\/wp\/v2\/users\/3"}],"replies":[{"embeddable":true,"href":"https:\/\/www.noticiasradioreflejos.com.ar\/2021\/wp-json\/wp\/v2\/comments?post=73018"}],"version-history":[{"count":1,"href":"https:\/\/www.noticiasradioreflejos.com.ar\/2021\/wp-json\/wp\/v2\/posts\/73018\/revisions"}],"predecessor-version":[{"id":73020,"href":"https:\/\/www.noticiasradioreflejos.com.ar\/2021\/wp-json\/wp\/v2\/posts\/73018\/revisions\/73020"}],"wp:featuredmedia":[{"embeddable":true,"href":"https:\/\/www.noticiasradioreflejos.com.ar\/2021\/wp-json\/wp\/v2\/media\/73019"}],"wp:attachment":[{"href":"https:\/\/www.noticiasradioreflejos.com.ar\/2021\/wp-json\/wp\/v2\/media?parent=73018"}],"wp:term":[{"taxonomy":"category","embeddable":true,"href":"https:\/\/www.noticiasradioreflejos.com.ar\/2021\/wp-json\/wp\/v2\/categories?post=73018"},{"taxonomy":"post_tag","embeddable":true,"href":"https:\/\/www.noticiasradioreflejos.com.ar\/2021\/wp-json\/wp\/v2\/tags?post=73018"}],"curies":[{"name":"wp","href":"https:\/\/api.w.org\/{rel}","templated":true}]}}