{"id":73012,"date":"2022-06-01T15:30:55","date_gmt":"2022-06-01T15:30:55","guid":{"rendered":"http:\/\/www.noticiasradioreflejos.com.ar\/2021\/?p=73012"},"modified":"2022-06-01T15:31:47","modified_gmt":"2022-06-01T15:31:47","slug":"habra-una-nueva-edicion-del-programa-previaje","status":"publish","type":"post","link":"https:\/\/www.noticiasradioreflejos.com.ar\/2021\/habra-una-nueva-edicion-del-programa-previaje\/","title":{"rendered":"Habr\u00e1 una nueva edici\u00f3n del programa Previaje"},"content":{"rendered":"<div class=\"wrapper-header\">\n<div class=\"container-xl\">\n<div class=\"row\">\n<div class=\"col-12\">\n<div class=\"head-content mb-4\">\n<div class=\"my-3\">\n<div class=\"social mt-3\">Lo anunci\u00f3 el ministro de Turismo, Mat\u00edas Lammens en la conferencia de prensa en Casa de Gobierno tras una reuni\u00f3n con pares. Adem\u00e1s, se\u00f1al\u00f3 que el principal objetivo ahora ser\u00e1 \u201capuntalar la temporada baja para que las econom\u00edas regionales tengan una facturaci\u00f3n uniforme durante todo el a\u00f1o\u201d.<\/div>\n<\/div>\n<\/div>\n<\/div>\n<\/div>\n<\/div>\n<\/div>\n<p><!--more--><\/p>\n<div class=\"wrapper-editable-content\">\n<div>\n<div class=\"wrapper-editable-content\">\n<div>\n<div class=\"container-md\">\n<div class=\"row\">\n<div class=\"col-md-12 speak\">\n<div class=\"paragraph\">\n<figure class=\"mb-3\"><img decoding=\"async\" src=\"https:\/\/www.telam.com.ar\/thumbs\/bluesteel\/advf\/imagenes\/2022\/02\/6218de7e76388_900.jpg\" alt=\"Telam SE\" width=\"100%\" height=\"100%\" \/><\/p>\n<div class=\"media-icons\"><\/div>\n<\/figure>\n<p>El ministro de Turismo y Deportes, Mat\u00edas Lammens, anunci\u00f3 hoy que \u00abhabr\u00e1 una nueva edici\u00f3n del programa Previaje\u00bb que ser\u00e1 \u00abdiferente a las anteriores\u00bb con caracter\u00edsticas \u00abm\u00e1s quir\u00fargicas\u00bb porque\u00a0<strong>\u00abno solo se apuntar\u00e1 a aumentar la demanda, sino que ofrecer\u00e1 un desarrollo en infraestructura tur\u00edstica\u00bb<\/strong>.<\/p>\n<p>Adem\u00e1s, el funcionario adelant\u00f3 que el pr\u00f3ximo viernes se lanzar\u00e1 la temporada de inverno, en la cual el sector tiene depositadas \u201cmuchas expectativas\u201d.<\/p>\n<p>As\u00ed lo expres\u00f3 al participar de la conferencia de prensa ofrecida en la Casa de Gobierno tras la<strong>\u00a0reuni\u00f3n de ministros<\/strong>\u00a0que estuvo encabezada por el jefe de Gabinete Juan Manzur.<\/p>\n<p>All\u00ed, el titular de la cartera de Turismo y Deportes confirm\u00f3 que habr\u00e1 una nueva edici\u00f3n del programa Previaje y sostuvo que \u201cluego se dar\u00e1n los detalles\u201d de la presentaci\u00f3n.<\/p>\n<blockquote class=\"twitter-tweet\" data-width=\"500\" data-dnt=\"true\">\n<p lang=\"es\" dir=\"ltr\">Reuni\u00f3n de gabinete \u27a1\ufe0f<\/p>\n<p>Comenzamos un nuevo encuentro de trabajo con las ministras y ministros de nuestro Gobierno, donde avanzaremos en l\u00edneas de acci\u00f3n destinadas a llevar soluciones concretas a la vida cotidiana de cada argentina y argentino.<a href=\"https:\/\/twitter.com\/hashtag\/PrimeroLaGente?src=hash&amp;ref_src=twsrc%5Etfw\">#PrimeroLaGente<\/a> <a href=\"https:\/\/t.co\/YS8VDt2tdH\">pic.twitter.com\/YS8VDt2tdH<\/a><\/p>\n<p>&mdash; Juan Manzur (@JuanManzurOK) <a href=\"https:\/\/twitter.com\/JuanManzurOK\/status\/1531965961296826368?ref_src=twsrc%5Etfw\">June 1, 2022<\/a><\/p><\/blockquote>\n<p><script async src=\"https:\/\/platform.twitter.com\/widgets.js\" charset=\"utf-8\"><\/script><\/p>\n<p>No obstante, Lammens precis\u00f3 que ahora uno de los principales objetivos ser\u00e1 \u201capuntalar la temporada baja para que las econom\u00edas regionales tengan una facturaci\u00f3n uniforme durante todo el a\u00f1o\u201d.<\/p>\n<p>\u201cEn esta oportunidad, el Previaje no solo incentivar\u00e1 la demanda, sino que tambi\u00e9n est\u00e1 pensado para seguir fortaleciendo este sector, que es estrat\u00e9gico y muy importante para el pa\u00eds. Tendr\u00e1 una aplicaci\u00f3n m\u00e1s quir\u00fargica, con una parte de desarrollo en infraestructura tur\u00edstica con una inversi\u00f3n p\u00fablica y privada\u201d, detall\u00f3 el ministro.<\/p>\n<p>En ese sentido, destac\u00f3 que en los \u00faltimos dos a\u00f1os, el Gobierno \u201cinvirti\u00f3\u00a0<strong>35 millones de d\u00f3lares\u00a0<\/strong>mientras que desde el 2015 al 2019 solo se invirtieron 7 millones\u201d.<\/p>\n<p>\u201cEn dos a\u00f1os quintuplicamos la inversi\u00f3n en infraestructura tur\u00edstica que, adem\u00e1s, fueron acompa\u00f1ados con<strong>\u00a0cr\u00e9ditos con tasas subsidiadas<\/strong>\u00a0del Banco Naci\u00f3n a los prestadores durante la pandemia\u201d, apunt\u00f3.<\/p>\n<p>Por otra parte, Lammens manifest\u00f3 que \u201cen los primeros meses del a\u00f1o se super\u00f3 el mill\u00f3n de\u00a0<strong>visitantes tur\u00edsticos extranjeros<\/strong>, lo que tuvo un<strong>\u00a0impacto econ\u00f3mico positivo de 1.100 millones de d\u00f3lares<\/strong>, que era una de las cuentas pendientes despu\u00e9s de la pandemia\u201d, ya que \u201cel turismo receptivo es muy importante en la generaci\u00f3n de divisas\u201d.<\/p>\n<figure class=\"mb-3\"><img decoding=\"async\" src=\"https:\/\/www.telam.com.ar\/thumbs\/bluesteel\/advf\/imagenes\/2022\/02\/61fd89578fd1f_900.jpg\" alt=\"En dos aos quintuplicamos la inversin en infraestructura turstica Foto Alejandro Moriitz\" width=\"100%\" height=\"100%\" \/><\/p>\n<div class=\"media-icons\"><\/div><figcaption>\u201cEn dos a\u00f1os quintuplicamos la inversi\u00f3n en infraestructura tur\u00edstica\u201d \/ Foto: Alejandro Moriitz.<\/figcaption><\/figure>\n<p>Asimismo, anunci\u00f3 que este viernes en el Centro Cultural Kirchner ser\u00e1 lanzada oficialmente la\u00a0<strong>temporada de invierno<\/strong>, de cara a la cual tienen \u00abmuchas expectativas con el turismo interno, pero tambi\u00e9n con el turismo receptivo de pa\u00edses lim\u00edtrofes\u201d.<\/p>\n<p>\u201cTenemos una expectativa muy grande con el turismo en invierno porque estamos con unas altas reservas y una buena cantidad de porcentaje de ocupaci\u00f3n, ya superior a los niveles previos a la pandemia\u201d, grafic\u00f3.<\/p>\n<p>Lammens tambi\u00e9n afirm\u00f3 que el turismo \u201cmuestra una recuperaci\u00f3n del sector y de la econom\u00eda que tiene\u00a0<strong>48 mil puestos formales registrados en los \u00faltimos ocho meses<\/strong>, lo que viene empujando a la recuperaci\u00f3n del empleo en general al igual que la industria y la construcci\u00f3n<\/p>\n<\/div>\n<\/div>\n<\/div>\n<\/div>\n<\/div>\n<\/div>\n<\/div>\n<\/div>\n","protected":false},"excerpt":{"rendered":"<p>Lo anunci\u00f3 el ministro de Turismo, Mat\u00edas Lammens en la conferencia de prensa en Casa de Gobierno tras una reuni\u00f3n con pares. Adem\u00e1s, se\u00f1al\u00f3 que el principal objetivo ahora ser\u00e1 \u201capuntalar la temporada baja para que las econom\u00edas regionales tengan una facturaci\u00f3n uniforme durante todo el a\u00f1o\u201d.<\/p>\n","protected":false},"author":3,"featured_media":58423,"comment_status":"closed","ping_status":"closed","sticky":false,"template":"","format":"standard","meta":{"footnotes":""},"categories":[58,24,33],"tags":[],"class_list":["post-73012","post","type-post","status-publish","format-standard","has-post-thumbnail","hentry","category-gobierno","category-politica","category-turismo"],"yoast_head":"<!-- This site is optimized with the Yoast SEO plugin v25.9 - https:\/\/yoast.com\/wordpress\/plugins\/seo\/ -->\n<title>Habr\u00e1 una nueva edici\u00f3n del programa Previaje - Noticias Radio Reflejos<\/title>\n<meta name=\"robots\" content=\"index, follow, max-snippet:-1, max-image-preview:large, max-video-preview:-1\" \/>\n<link rel=\"canonical\" href=\"https:\/\/www.noticiasradioreflejos.com.ar\/2021\/habra-una-nueva-edicion-del-programa-previaje\/\" \/>\n<meta property=\"og:locale\" content=\"es_ES\" \/>\n<meta property=\"og:type\" content=\"article\" \/>\n<meta property=\"og:title\" content=\"Habr\u00e1 una nueva edici\u00f3n del programa Previaje - Noticias Radio Reflejos\" \/>\n<meta property=\"og:description\" content=\"Lo anunci\u00f3 el ministro de Turismo, Mat\u00edas Lammens en la conferencia de prensa en Casa de Gobierno tras una reuni\u00f3n con pares. Adem\u00e1s, se\u00f1al\u00f3 que el principal objetivo ahora ser\u00e1 \u201capuntalar la temporada baja para que las econom\u00edas regionales tengan una facturaci\u00f3n uniforme durante todo el a\u00f1o\u201d.\" \/>\n<meta property=\"og:url\" content=\"https:\/\/www.noticiasradioreflejos.com.ar\/2021\/habra-una-nueva-edicion-del-programa-previaje\/\" \/>\n<meta property=\"og:site_name\" content=\"Noticias Radio Reflejos\" \/>\n<meta property=\"article:published_time\" content=\"2022-06-01T15:30:55+00:00\" \/>\n<meta property=\"article:modified_time\" content=\"2022-06-01T15:31:47+00:00\" \/>\n<meta property=\"og:image\" content=\"https:\/\/www.noticiasradioreflejos.com.ar\/2021\/wp-content\/uploads\/2021\/06\/previaje.jpg\" \/>\n\t<meta property=\"og:image:width\" content=\"1920\" \/>\n\t<meta property=\"og:image:height\" content=\"674\" \/>\n\t<meta property=\"og:image:type\" content=\"image\/jpeg\" \/>\n<meta name=\"author\" content=\"Arnaldo Botto\" \/>\n<meta name=\"twitter:card\" content=\"summary_large_image\" \/>\n<script type=\"application\/ld+json\" class=\"yoast-schema-graph\">{\"@context\":\"https:\/\/schema.org\",\"@graph\":[{\"@type\":\"WebPage\",\"@id\":\"https:\/\/www.noticiasradioreflejos.com.ar\/2021\/habra-una-nueva-edicion-del-programa-previaje\/\",\"url\":\"https:\/\/www.noticiasradioreflejos.com.ar\/2021\/habra-una-nueva-edicion-del-programa-previaje\/\",\"name\":\"Habr\u00e1 una nueva edici\u00f3n del programa Previaje - Noticias Radio Reflejos\",\"isPartOf\":{\"@id\":\"https:\/\/www.noticiasradioreflejos.com.ar\/2021\/#website\"},\"primaryImageOfPage\":{\"@id\":\"https:\/\/www.noticiasradioreflejos.com.ar\/2021\/habra-una-nueva-edicion-del-programa-previaje\/#primaryimage\"},\"image\":{\"@id\":\"https:\/\/www.noticiasradioreflejos.com.ar\/2021\/habra-una-nueva-edicion-del-programa-previaje\/#primaryimage\"},\"thumbnailUrl\":\"https:\/\/www.noticiasradioreflejos.com.ar\/2021\/wp-content\/uploads\/2021\/06\/previaje.jpg\",\"datePublished\":\"2022-06-01T15:30:55+00:00\",\"dateModified\":\"2022-06-01T15:31:47+00:00\",\"author\":{\"@id\":\"https:\/\/www.noticiasradioreflejos.com.ar\/2021\/#\/schema\/person\/ad82545263dcc5ec0996818884fd5fb1\"},\"breadcrumb\":{\"@id\":\"https:\/\/www.noticiasradioreflejos.com.ar\/2021\/habra-una-nueva-edicion-del-programa-previaje\/#breadcrumb\"},\"inLanguage\":\"es\",\"potentialAction\":[{\"@type\":\"ReadAction\",\"target\":[\"https:\/\/www.noticiasradioreflejos.com.ar\/2021\/habra-una-nueva-edicion-del-programa-previaje\/\"]}]},{\"@type\":\"ImageObject\",\"inLanguage\":\"es\",\"@id\":\"https:\/\/www.noticiasradioreflejos.com.ar\/2021\/habra-una-nueva-edicion-del-programa-previaje\/#primaryimage\",\"url\":\"https:\/\/www.noticiasradioreflejos.com.ar\/2021\/wp-content\/uploads\/2021\/06\/previaje.jpg\",\"contentUrl\":\"https:\/\/www.noticiasradioreflejos.com.ar\/2021\/wp-content\/uploads\/2021\/06\/previaje.jpg\",\"width\":1920,\"height\":674},{\"@type\":\"BreadcrumbList\",\"@id\":\"https:\/\/www.noticiasradioreflejos.com.ar\/2021\/habra-una-nueva-edicion-del-programa-previaje\/#breadcrumb\",\"itemListElement\":[{\"@type\":\"ListItem\",\"position\":1,\"name\":\"Portada\",\"item\":\"https:\/\/www.noticiasradioreflejos.com.ar\/2021\/\"},{\"@type\":\"ListItem\",\"position\":2,\"name\":\"Habr\u00e1 una nueva edici\u00f3n del programa Previaje\"}]},{\"@type\":\"WebSite\",\"@id\":\"https:\/\/www.noticiasradioreflejos.com.ar\/2021\/#website\",\"url\":\"https:\/\/www.noticiasradioreflejos.com.ar\/2021\/\",\"name\":\"Noticias Radio Reflejos\",\"description\":\"Las noticias de mi comarca\",\"potentialAction\":[{\"@type\":\"SearchAction\",\"target\":{\"@type\":\"EntryPoint\",\"urlTemplate\":\"https:\/\/www.noticiasradioreflejos.com.ar\/2021\/?s={search_term_string}\"},\"query-input\":{\"@type\":\"PropertyValueSpecification\",\"valueRequired\":true,\"valueName\":\"search_term_string\"}}],\"inLanguage\":\"es\"},{\"@type\":\"Person\",\"@id\":\"https:\/\/www.noticiasradioreflejos.com.ar\/2021\/#\/schema\/person\/ad82545263dcc5ec0996818884fd5fb1\",\"name\":\"Arnaldo Botto\",\"image\":{\"@type\":\"ImageObject\",\"inLanguage\":\"es\",\"@id\":\"https:\/\/www.noticiasradioreflejos.com.ar\/2021\/#\/schema\/person\/image\/\",\"url\":\"https:\/\/secure.gravatar.com\/avatar\/55cb5e37c1efa326397366e6974cb338056df65cb50e7d64d1cf314e87504837?s=96&d=mm&r=g\",\"contentUrl\":\"https:\/\/secure.gravatar.com\/avatar\/55cb5e37c1efa326397366e6974cb338056df65cb50e7d64d1cf314e87504837?s=96&d=mm&r=g\",\"caption\":\"Arnaldo Botto\"},\"url\":\"https:\/\/www.noticiasradioreflejos.com.ar\/2021\/author\/arnaldo\/\"}]}<\/script>\n<!-- \/ Yoast SEO plugin. -->","yoast_head_json":{"title":"Habr\u00e1 una nueva edici\u00f3n del programa Previaje - Noticias Radio Reflejos","robots":{"index":"index","follow":"follow","max-snippet":"max-snippet:-1","max-image-preview":"max-image-preview:large","max-video-preview":"max-video-preview:-1"},"canonical":"https:\/\/www.noticiasradioreflejos.com.ar\/2021\/habra-una-nueva-edicion-del-programa-previaje\/","og_locale":"es_ES","og_type":"article","og_title":"Habr\u00e1 una nueva edici\u00f3n del programa Previaje - Noticias Radio Reflejos","og_description":"Lo anunci\u00f3 el ministro de Turismo, Mat\u00edas Lammens en la conferencia de prensa en Casa de Gobierno tras una reuni\u00f3n con pares. Adem\u00e1s, se\u00f1al\u00f3 que el principal objetivo ahora ser\u00e1 \u201capuntalar la temporada baja para que las econom\u00edas regionales tengan una facturaci\u00f3n uniforme durante todo el a\u00f1o\u201d.","og_url":"https:\/\/www.noticiasradioreflejos.com.ar\/2021\/habra-una-nueva-edicion-del-programa-previaje\/","og_site_name":"Noticias Radio Reflejos","article_published_time":"2022-06-01T15:30:55+00:00","article_modified_time":"2022-06-01T15:31:47+00:00","og_image":[{"width":1920,"height":674,"url":"https:\/\/www.noticiasradioreflejos.com.ar\/2021\/wp-content\/uploads\/2021\/06\/previaje.jpg","type":"image\/jpeg"}],"author":"Arnaldo Botto","twitter_card":"summary_large_image","schema":{"@context":"https:\/\/schema.org","@graph":[{"@type":"WebPage","@id":"https:\/\/www.noticiasradioreflejos.com.ar\/2021\/habra-una-nueva-edicion-del-programa-previaje\/","url":"https:\/\/www.noticiasradioreflejos.com.ar\/2021\/habra-una-nueva-edicion-del-programa-previaje\/","name":"Habr\u00e1 una nueva edici\u00f3n del programa Previaje - Noticias Radio Reflejos","isPartOf":{"@id":"https:\/\/www.noticiasradioreflejos.com.ar\/2021\/#website"},"primaryImageOfPage":{"@id":"https:\/\/www.noticiasradioreflejos.com.ar\/2021\/habra-una-nueva-edicion-del-programa-previaje\/#primaryimage"},"image":{"@id":"https:\/\/www.noticiasradioreflejos.com.ar\/2021\/habra-una-nueva-edicion-del-programa-previaje\/#primaryimage"},"thumbnailUrl":"https:\/\/www.noticiasradioreflejos.com.ar\/2021\/wp-content\/uploads\/2021\/06\/previaje.jpg","datePublished":"2022-06-01T15:30:55+00:00","dateModified":"2022-06-01T15:31:47+00:00","author":{"@id":"https:\/\/www.noticiasradioreflejos.com.ar\/2021\/#\/schema\/person\/ad82545263dcc5ec0996818884fd5fb1"},"breadcrumb":{"@id":"https:\/\/www.noticiasradioreflejos.com.ar\/2021\/habra-una-nueva-edicion-del-programa-previaje\/#breadcrumb"},"inLanguage":"es","potentialAction":[{"@type":"ReadAction","target":["https:\/\/www.noticiasradioreflejos.com.ar\/2021\/habra-una-nueva-edicion-del-programa-previaje\/"]}]},{"@type":"ImageObject","inLanguage":"es","@id":"https:\/\/www.noticiasradioreflejos.com.ar\/2021\/habra-una-nueva-edicion-del-programa-previaje\/#primaryimage","url":"https:\/\/www.noticiasradioreflejos.com.ar\/2021\/wp-content\/uploads\/2021\/06\/previaje.jpg","contentUrl":"https:\/\/www.noticiasradioreflejos.com.ar\/2021\/wp-content\/uploads\/2021\/06\/previaje.jpg","width":1920,"height":674},{"@type":"BreadcrumbList","@id":"https:\/\/www.noticiasradioreflejos.com.ar\/2021\/habra-una-nueva-edicion-del-programa-previaje\/#breadcrumb","itemListElement":[{"@type":"ListItem","position":1,"name":"Portada","item":"https:\/\/www.noticiasradioreflejos.com.ar\/2021\/"},{"@type":"ListItem","position":2,"name":"Habr\u00e1 una nueva edici\u00f3n del programa Previaje"}]},{"@type":"WebSite","@id":"https:\/\/www.noticiasradioreflejos.com.ar\/2021\/#website","url":"https:\/\/www.noticiasradioreflejos.com.ar\/2021\/","name":"Noticias Radio Reflejos","description":"Las noticias de mi comarca","potentialAction":[{"@type":"SearchAction","target":{"@type":"EntryPoint","urlTemplate":"https:\/\/www.noticiasradioreflejos.com.ar\/2021\/?s={search_term_string}"},"query-input":{"@type":"PropertyValueSpecification","valueRequired":true,"valueName":"search_term_string"}}],"inLanguage":"es"},{"@type":"Person","@id":"https:\/\/www.noticiasradioreflejos.com.ar\/2021\/#\/schema\/person\/ad82545263dcc5ec0996818884fd5fb1","name":"Arnaldo Botto","image":{"@type":"ImageObject","inLanguage":"es","@id":"https:\/\/www.noticiasradioreflejos.com.ar\/2021\/#\/schema\/person\/image\/","url":"https:\/\/secure.gravatar.com\/avatar\/55cb5e37c1efa326397366e6974cb338056df65cb50e7d64d1cf314e87504837?s=96&d=mm&r=g","contentUrl":"https:\/\/secure.gravatar.com\/avatar\/55cb5e37c1efa326397366e6974cb338056df65cb50e7d64d1cf314e87504837?s=96&d=mm&r=g","caption":"Arnaldo Botto"},"url":"https:\/\/www.noticiasradioreflejos.com.ar\/2021\/author\/arnaldo\/"}]}},"_links":{"self":[{"href":"https:\/\/www.noticiasradioreflejos.com.ar\/2021\/wp-json\/wp\/v2\/posts\/73012","targetHints":{"allow":["GET"]}}],"collection":[{"href":"https:\/\/www.noticiasradioreflejos.com.ar\/2021\/wp-json\/wp\/v2\/posts"}],"about":[{"href":"https:\/\/www.noticiasradioreflejos.com.ar\/2021\/wp-json\/wp\/v2\/types\/post"}],"author":[{"embeddable":true,"href":"https:\/\/www.noticiasradioreflejos.com.ar\/2021\/wp-json\/wp\/v2\/users\/3"}],"replies":[{"embeddable":true,"href":"https:\/\/www.noticiasradioreflejos.com.ar\/2021\/wp-json\/wp\/v2\/comments?post=73012"}],"version-history":[{"count":1,"href":"https:\/\/www.noticiasradioreflejos.com.ar\/2021\/wp-json\/wp\/v2\/posts\/73012\/revisions"}],"predecessor-version":[{"id":73014,"href":"https:\/\/www.noticiasradioreflejos.com.ar\/2021\/wp-json\/wp\/v2\/posts\/73012\/revisions\/73014"}],"wp:featuredmedia":[{"embeddable":true,"href":"https:\/\/www.noticiasradioreflejos.com.ar\/2021\/wp-json\/wp\/v2\/media\/58423"}],"wp:attachment":[{"href":"https:\/\/www.noticiasradioreflejos.com.ar\/2021\/wp-json\/wp\/v2\/media?parent=73012"}],"wp:term":[{"taxonomy":"category","embeddable":true,"href":"https:\/\/www.noticiasradioreflejos.com.ar\/2021\/wp-json\/wp\/v2\/categories?post=73012"},{"taxonomy":"post_tag","embeddable":true,"href":"https:\/\/www.noticiasradioreflejos.com.ar\/2021\/wp-json\/wp\/v2\/tags?post=73012"}],"curies":[{"name":"wp","href":"https:\/\/api.w.org\/{rel}","templated":true}]}}