{"id":73007,"date":"2022-06-01T15:00:52","date_gmt":"2022-06-01T15:00:52","guid":{"rendered":"http:\/\/www.noticiasradioreflejos.com.ar\/2021\/?p=73007"},"modified":"2022-06-01T15:05:35","modified_gmt":"2022-06-01T15:05:35","slug":"condenaron-a-dos-hermanos-que-vender-droga-en-sierra-de-la-ventana","status":"publish","type":"post","link":"https:\/\/www.noticiasradioreflejos.com.ar\/2021\/condenaron-a-dos-hermanos-que-vender-droga-en-sierra-de-la-ventana\/","title":{"rendered":"Condenaron a dos hermanos por vender droga en Sierra de la Ventana"},"content":{"rendered":"<p>En el marco de una causa investigada por la <strong>UFIJ N.\u00ba 19<\/strong>, el Tribunal en lo Criminal N.\u00ba1 conden\u00f3 a<strong> Giuliana y a Joaqu\u00edn Ponte Cocciaretti<\/strong> por tener y vender droga en la localidad de Sierra de la Ventana.<!--more--><\/p>\n<div class=\"post-single-wrapper p-t-xs-60\">\n<div class=\"container\">\n<div class=\"row\">\n<div class=\"col-xl-8 axil-main\">\n<div class=\"theiaStickySidebar\">\n<article class=\"post-details\">Seg\u00fan la causa, personal policial de la Estaci\u00f3n Comunal de Sierra de la Ventana llev\u00f3 a cabo tareas investigativas que finalizaron en varios allanamientos realizados en Bah\u00eda Blanca y la zona de Sierra de la Ventana.Joaqu\u00edn Ponte Cocciaretti fue detenido por tenencia de LSD y marihuana con fines de comercializaci\u00f3n, en una vivienda de Villa La Arcadia ubicada en calle Las Grindelias. En el lugar adem\u00e1s, se secuestraron estupefacientes, una balanza y tel\u00e9fonos celulares.Tambi\u00e9n se efectuaron allanamientos en Guardia Vieja al 2800 de Bah\u00eda Blanca y en otro domicilio, donde se encontraron elementos de corte, tel\u00e9fonos y \u2013 en el \u00faltimo de los mencionados \u2013 coca\u00edna, marihuana y una balanza.Finalmente en Villa Gessell se entreg\u00f3 Giuliana Ponte Cocciarreti, respecto de quien se hab\u00eda dispuesto su detenci\u00f3n por comercializaci\u00f3n de estupefacientes \u2013 en Villa La Arcadia y Tornquist \u2013 y tenencia de LSD, marihuana y coca\u00edna con fines de comercializaci\u00f3n. (<a href=\"https:\/\/agenciadenoticiasjudiciales.com\/dos-hermanos-quedaron-detenidos-por-vender-droga-en-sierra-de-la-ventana-y-la-zona\/%20)\" target=\"_blank\" rel=\"noreferrer noopener\">https:\/\/agenciadenoticiasjudiciales.com\/dos-hermanos-quedaron-detenidos-por-vender-droga-en-sierra-de-la-ventana-y-la-zona\/ )<\/a>Giuliana Ponte Cocciaretti fue condenada a la pena de 4 a\u00f1os y 2 meses de prisi\u00f3n por los delitos de comercializaci\u00f3n de estupefacientes y tenencia con fines de comercializaci\u00f3n de estupefacientes en dosis fraccionadas destinadas a potenciales consumidores en concurso ideal, mientras que Joaqu\u00edn Ponte Cocciaretti fue encontrado autor penalmente responsable del delito de tenencia simple de estupefacientes cometido en la localidad de Sierra de la Ventana el d\u00eda 7 de septiembre de 2021 y se le impuso la pena de 1 a\u00f1o de prisi\u00f3n de efectivo cumplimiento.<\/p>\n<\/article>\n<\/div>\n<\/div>\n<\/div>\n<\/div>\n<\/div>\n","protected":false},"excerpt":{"rendered":"<p>En el marco de una causa investigada por la UFIJ N.\u00ba 19, el Tribunal en lo Criminal N.\u00ba1 conden\u00f3 a Giuliana y a Joaqu\u00edn Ponte Cocciaretti por tener y vender droga en la localidad de Sierra de la Ventana.<\/p>\n","protected":false},"author":3,"featured_media":11796,"comment_status":"closed","ping_status":"closed","sticky":false,"template":"","format":"standard","meta":{"footnotes":""},"categories":[57],"tags":[],"class_list":["post-73007","post","type-post","status-publish","format-standard","has-post-thumbnail","hentry","category-judiciales"],"yoast_head":"<!-- This site is optimized with the Yoast SEO plugin v25.9 - https:\/\/yoast.com\/wordpress\/plugins\/seo\/ -->\n<title>Condenaron a dos hermanos por vender droga en Sierra de la Ventana - Noticias Radio Reflejos<\/title>\n<meta name=\"robots\" content=\"index, follow, max-snippet:-1, max-image-preview:large, max-video-preview:-1\" \/>\n<link rel=\"canonical\" href=\"https:\/\/www.noticiasradioreflejos.com.ar\/2021\/condenaron-a-dos-hermanos-que-vender-droga-en-sierra-de-la-ventana\/\" \/>\n<meta property=\"og:locale\" content=\"es_ES\" \/>\n<meta property=\"og:type\" content=\"article\" \/>\n<meta property=\"og:title\" content=\"Condenaron a dos hermanos por vender droga en Sierra de la Ventana - Noticias Radio Reflejos\" \/>\n<meta property=\"og:description\" content=\"En el marco de una causa investigada por la UFIJ N.\u00ba 19, el Tribunal en lo Criminal N.\u00ba1 conden\u00f3 a Giuliana y a Joaqu\u00edn Ponte Cocciaretti por tener y vender droga en la localidad de Sierra de la Ventana.\" \/>\n<meta property=\"og:url\" content=\"https:\/\/www.noticiasradioreflejos.com.ar\/2021\/condenaron-a-dos-hermanos-que-vender-droga-en-sierra-de-la-ventana\/\" \/>\n<meta property=\"og:site_name\" content=\"Noticias Radio Reflejos\" \/>\n<meta property=\"article:published_time\" content=\"2022-06-01T15:00:52+00:00\" \/>\n<meta property=\"article:modified_time\" content=\"2022-06-01T15:05:35+00:00\" \/>\n<meta property=\"og:image\" content=\"https:\/\/www.noticiasradioreflejos.com.ar\/2021\/wp-content\/uploads\/2017\/06\/justicia1_1000_750.jpg\" \/>\n\t<meta property=\"og:image:width\" content=\"750\" \/>\n\t<meta property=\"og:image:height\" content=\"500\" \/>\n\t<meta property=\"og:image:type\" content=\"image\/jpeg\" \/>\n<meta name=\"author\" content=\"Arnaldo Botto\" \/>\n<meta name=\"twitter:card\" content=\"summary_large_image\" \/>\n<script type=\"application\/ld+json\" class=\"yoast-schema-graph\">{\"@context\":\"https:\/\/schema.org\",\"@graph\":[{\"@type\":\"WebPage\",\"@id\":\"https:\/\/www.noticiasradioreflejos.com.ar\/2021\/condenaron-a-dos-hermanos-que-vender-droga-en-sierra-de-la-ventana\/\",\"url\":\"https:\/\/www.noticiasradioreflejos.com.ar\/2021\/condenaron-a-dos-hermanos-que-vender-droga-en-sierra-de-la-ventana\/\",\"name\":\"Condenaron a dos hermanos por vender droga en Sierra de la Ventana - Noticias Radio Reflejos\",\"isPartOf\":{\"@id\":\"https:\/\/www.noticiasradioreflejos.com.ar\/2021\/#website\"},\"primaryImageOfPage\":{\"@id\":\"https:\/\/www.noticiasradioreflejos.com.ar\/2021\/condenaron-a-dos-hermanos-que-vender-droga-en-sierra-de-la-ventana\/#primaryimage\"},\"image\":{\"@id\":\"https:\/\/www.noticiasradioreflejos.com.ar\/2021\/condenaron-a-dos-hermanos-que-vender-droga-en-sierra-de-la-ventana\/#primaryimage\"},\"thumbnailUrl\":\"https:\/\/www.noticiasradioreflejos.com.ar\/2021\/wp-content\/uploads\/2017\/06\/justicia1_1000_750.jpg\",\"datePublished\":\"2022-06-01T15:00:52+00:00\",\"dateModified\":\"2022-06-01T15:05:35+00:00\",\"author\":{\"@id\":\"https:\/\/www.noticiasradioreflejos.com.ar\/2021\/#\/schema\/person\/ad82545263dcc5ec0996818884fd5fb1\"},\"breadcrumb\":{\"@id\":\"https:\/\/www.noticiasradioreflejos.com.ar\/2021\/condenaron-a-dos-hermanos-que-vender-droga-en-sierra-de-la-ventana\/#breadcrumb\"},\"inLanguage\":\"es\",\"potentialAction\":[{\"@type\":\"ReadAction\",\"target\":[\"https:\/\/www.noticiasradioreflejos.com.ar\/2021\/condenaron-a-dos-hermanos-que-vender-droga-en-sierra-de-la-ventana\/\"]}]},{\"@type\":\"ImageObject\",\"inLanguage\":\"es\",\"@id\":\"https:\/\/www.noticiasradioreflejos.com.ar\/2021\/condenaron-a-dos-hermanos-que-vender-droga-en-sierra-de-la-ventana\/#primaryimage\",\"url\":\"https:\/\/www.noticiasradioreflejos.com.ar\/2021\/wp-content\/uploads\/2017\/06\/justicia1_1000_750.jpg\",\"contentUrl\":\"https:\/\/www.noticiasradioreflejos.com.ar\/2021\/wp-content\/uploads\/2017\/06\/justicia1_1000_750.jpg\",\"width\":750,\"height\":500},{\"@type\":\"BreadcrumbList\",\"@id\":\"https:\/\/www.noticiasradioreflejos.com.ar\/2021\/condenaron-a-dos-hermanos-que-vender-droga-en-sierra-de-la-ventana\/#breadcrumb\",\"itemListElement\":[{\"@type\":\"ListItem\",\"position\":1,\"name\":\"Portada\",\"item\":\"https:\/\/www.noticiasradioreflejos.com.ar\/2021\/\"},{\"@type\":\"ListItem\",\"position\":2,\"name\":\"Condenaron a dos hermanos por vender droga en Sierra de la Ventana\"}]},{\"@type\":\"WebSite\",\"@id\":\"https:\/\/www.noticiasradioreflejos.com.ar\/2021\/#website\",\"url\":\"https:\/\/www.noticiasradioreflejos.com.ar\/2021\/\",\"name\":\"Noticias Radio Reflejos\",\"description\":\"Las noticias de mi comarca\",\"potentialAction\":[{\"@type\":\"SearchAction\",\"target\":{\"@type\":\"EntryPoint\",\"urlTemplate\":\"https:\/\/www.noticiasradioreflejos.com.ar\/2021\/?s={search_term_string}\"},\"query-input\":{\"@type\":\"PropertyValueSpecification\",\"valueRequired\":true,\"valueName\":\"search_term_string\"}}],\"inLanguage\":\"es\"},{\"@type\":\"Person\",\"@id\":\"https:\/\/www.noticiasradioreflejos.com.ar\/2021\/#\/schema\/person\/ad82545263dcc5ec0996818884fd5fb1\",\"name\":\"Arnaldo Botto\",\"image\":{\"@type\":\"ImageObject\",\"inLanguage\":\"es\",\"@id\":\"https:\/\/www.noticiasradioreflejos.com.ar\/2021\/#\/schema\/person\/image\/\",\"url\":\"https:\/\/secure.gravatar.com\/avatar\/55cb5e37c1efa326397366e6974cb338056df65cb50e7d64d1cf314e87504837?s=96&d=mm&r=g\",\"contentUrl\":\"https:\/\/secure.gravatar.com\/avatar\/55cb5e37c1efa326397366e6974cb338056df65cb50e7d64d1cf314e87504837?s=96&d=mm&r=g\",\"caption\":\"Arnaldo Botto\"},\"url\":\"https:\/\/www.noticiasradioreflejos.com.ar\/2021\/author\/arnaldo\/\"}]}<\/script>\n<!-- \/ Yoast SEO plugin. -->","yoast_head_json":{"title":"Condenaron a dos hermanos por vender droga en Sierra de la Ventana - Noticias Radio Reflejos","robots":{"index":"index","follow":"follow","max-snippet":"max-snippet:-1","max-image-preview":"max-image-preview:large","max-video-preview":"max-video-preview:-1"},"canonical":"https:\/\/www.noticiasradioreflejos.com.ar\/2021\/condenaron-a-dos-hermanos-que-vender-droga-en-sierra-de-la-ventana\/","og_locale":"es_ES","og_type":"article","og_title":"Condenaron a dos hermanos por vender droga en Sierra de la Ventana - Noticias Radio Reflejos","og_description":"En el marco de una causa investigada por la UFIJ N.\u00ba 19, el Tribunal en lo Criminal N.\u00ba1 conden\u00f3 a Giuliana y a Joaqu\u00edn Ponte Cocciaretti por tener y vender droga en la localidad de Sierra de la Ventana.","og_url":"https:\/\/www.noticiasradioreflejos.com.ar\/2021\/condenaron-a-dos-hermanos-que-vender-droga-en-sierra-de-la-ventana\/","og_site_name":"Noticias Radio Reflejos","article_published_time":"2022-06-01T15:00:52+00:00","article_modified_time":"2022-06-01T15:05:35+00:00","og_image":[{"width":750,"height":500,"url":"https:\/\/www.noticiasradioreflejos.com.ar\/2021\/wp-content\/uploads\/2017\/06\/justicia1_1000_750.jpg","type":"image\/jpeg"}],"author":"Arnaldo Botto","twitter_card":"summary_large_image","schema":{"@context":"https:\/\/schema.org","@graph":[{"@type":"WebPage","@id":"https:\/\/www.noticiasradioreflejos.com.ar\/2021\/condenaron-a-dos-hermanos-que-vender-droga-en-sierra-de-la-ventana\/","url":"https:\/\/www.noticiasradioreflejos.com.ar\/2021\/condenaron-a-dos-hermanos-que-vender-droga-en-sierra-de-la-ventana\/","name":"Condenaron a dos hermanos por vender droga en Sierra de la Ventana - Noticias Radio Reflejos","isPartOf":{"@id":"https:\/\/www.noticiasradioreflejos.com.ar\/2021\/#website"},"primaryImageOfPage":{"@id":"https:\/\/www.noticiasradioreflejos.com.ar\/2021\/condenaron-a-dos-hermanos-que-vender-droga-en-sierra-de-la-ventana\/#primaryimage"},"image":{"@id":"https:\/\/www.noticiasradioreflejos.com.ar\/2021\/condenaron-a-dos-hermanos-que-vender-droga-en-sierra-de-la-ventana\/#primaryimage"},"thumbnailUrl":"https:\/\/www.noticiasradioreflejos.com.ar\/2021\/wp-content\/uploads\/2017\/06\/justicia1_1000_750.jpg","datePublished":"2022-06-01T15:00:52+00:00","dateModified":"2022-06-01T15:05:35+00:00","author":{"@id":"https:\/\/www.noticiasradioreflejos.com.ar\/2021\/#\/schema\/person\/ad82545263dcc5ec0996818884fd5fb1"},"breadcrumb":{"@id":"https:\/\/www.noticiasradioreflejos.com.ar\/2021\/condenaron-a-dos-hermanos-que-vender-droga-en-sierra-de-la-ventana\/#breadcrumb"},"inLanguage":"es","potentialAction":[{"@type":"ReadAction","target":["https:\/\/www.noticiasradioreflejos.com.ar\/2021\/condenaron-a-dos-hermanos-que-vender-droga-en-sierra-de-la-ventana\/"]}]},{"@type":"ImageObject","inLanguage":"es","@id":"https:\/\/www.noticiasradioreflejos.com.ar\/2021\/condenaron-a-dos-hermanos-que-vender-droga-en-sierra-de-la-ventana\/#primaryimage","url":"https:\/\/www.noticiasradioreflejos.com.ar\/2021\/wp-content\/uploads\/2017\/06\/justicia1_1000_750.jpg","contentUrl":"https:\/\/www.noticiasradioreflejos.com.ar\/2021\/wp-content\/uploads\/2017\/06\/justicia1_1000_750.jpg","width":750,"height":500},{"@type":"BreadcrumbList","@id":"https:\/\/www.noticiasradioreflejos.com.ar\/2021\/condenaron-a-dos-hermanos-que-vender-droga-en-sierra-de-la-ventana\/#breadcrumb","itemListElement":[{"@type":"ListItem","position":1,"name":"Portada","item":"https:\/\/www.noticiasradioreflejos.com.ar\/2021\/"},{"@type":"ListItem","position":2,"name":"Condenaron a dos hermanos por vender droga en Sierra de la Ventana"}]},{"@type":"WebSite","@id":"https:\/\/www.noticiasradioreflejos.com.ar\/2021\/#website","url":"https:\/\/www.noticiasradioreflejos.com.ar\/2021\/","name":"Noticias Radio Reflejos","description":"Las noticias de mi comarca","potentialAction":[{"@type":"SearchAction","target":{"@type":"EntryPoint","urlTemplate":"https:\/\/www.noticiasradioreflejos.com.ar\/2021\/?s={search_term_string}"},"query-input":{"@type":"PropertyValueSpecification","valueRequired":true,"valueName":"search_term_string"}}],"inLanguage":"es"},{"@type":"Person","@id":"https:\/\/www.noticiasradioreflejos.com.ar\/2021\/#\/schema\/person\/ad82545263dcc5ec0996818884fd5fb1","name":"Arnaldo Botto","image":{"@type":"ImageObject","inLanguage":"es","@id":"https:\/\/www.noticiasradioreflejos.com.ar\/2021\/#\/schema\/person\/image\/","url":"https:\/\/secure.gravatar.com\/avatar\/55cb5e37c1efa326397366e6974cb338056df65cb50e7d64d1cf314e87504837?s=96&d=mm&r=g","contentUrl":"https:\/\/secure.gravatar.com\/avatar\/55cb5e37c1efa326397366e6974cb338056df65cb50e7d64d1cf314e87504837?s=96&d=mm&r=g","caption":"Arnaldo Botto"},"url":"https:\/\/www.noticiasradioreflejos.com.ar\/2021\/author\/arnaldo\/"}]}},"_links":{"self":[{"href":"https:\/\/www.noticiasradioreflejos.com.ar\/2021\/wp-json\/wp\/v2\/posts\/73007","targetHints":{"allow":["GET"]}}],"collection":[{"href":"https:\/\/www.noticiasradioreflejos.com.ar\/2021\/wp-json\/wp\/v2\/posts"}],"about":[{"href":"https:\/\/www.noticiasradioreflejos.com.ar\/2021\/wp-json\/wp\/v2\/types\/post"}],"author":[{"embeddable":true,"href":"https:\/\/www.noticiasradioreflejos.com.ar\/2021\/wp-json\/wp\/v2\/users\/3"}],"replies":[{"embeddable":true,"href":"https:\/\/www.noticiasradioreflejos.com.ar\/2021\/wp-json\/wp\/v2\/comments?post=73007"}],"version-history":[{"count":4,"href":"https:\/\/www.noticiasradioreflejos.com.ar\/2021\/wp-json\/wp\/v2\/posts\/73007\/revisions"}],"predecessor-version":[{"id":73011,"href":"https:\/\/www.noticiasradioreflejos.com.ar\/2021\/wp-json\/wp\/v2\/posts\/73007\/revisions\/73011"}],"wp:featuredmedia":[{"embeddable":true,"href":"https:\/\/www.noticiasradioreflejos.com.ar\/2021\/wp-json\/wp\/v2\/media\/11796"}],"wp:attachment":[{"href":"https:\/\/www.noticiasradioreflejos.com.ar\/2021\/wp-json\/wp\/v2\/media?parent=73007"}],"wp:term":[{"taxonomy":"category","embeddable":true,"href":"https:\/\/www.noticiasradioreflejos.com.ar\/2021\/wp-json\/wp\/v2\/categories?post=73007"},{"taxonomy":"post_tag","embeddable":true,"href":"https:\/\/www.noticiasradioreflejos.com.ar\/2021\/wp-json\/wp\/v2\/tags?post=73007"}],"curies":[{"name":"wp","href":"https:\/\/api.w.org\/{rel}","templated":true}]}}