{"id":72999,"date":"2022-06-01T11:50:09","date_gmt":"2022-06-01T11:50:09","guid":{"rendered":"http:\/\/www.noticiasradioreflejos.com.ar\/2021\/?p=72999"},"modified":"2022-06-01T11:50:09","modified_gmt":"2022-06-01T11:50:09","slug":"argentina-vs-italia-por-la-finalisima-a-que-hora-juegan-formaciones-y-como-verlo-en-tv-y-online","status":"publish","type":"post","link":"https:\/\/www.noticiasradioreflejos.com.ar\/2021\/argentina-vs-italia-por-la-finalisima-a-que-hora-juegan-formaciones-y-como-verlo-en-tv-y-online\/","title":{"rendered":"Argentina vs. Italia por la final\u00edsima: a qu\u00e9 hora juegan, formaciones y c\u00f3mo verlo en TV y online"},"content":{"rendered":"<div class=\"section-2-col article-header\">\n<div class=\"col 2-col\">\n<p>Por qu\u00e9 canal pasan el partido. Si empatan, \u00bfhay tiempo extra y penales? El recuerdo de la Copa Artemio Franchi. Historial entre la \u00abAlbiceleste\u00bb y la \u00abAzzurra\u00bb.\u00a0El invicto de La Scaloneta y el r\u00e9cord de Alfio el \u00abCoco\u00bb Basile.<\/p>\n<\/div>\n<\/div>\n<p><!--more--><\/p>\n<div class=\"section-2-col article-main-image\">\n<div class=\"col 1-col\">\n<div class=\"article-info\">\n<div class=\"date modification-date\"><\/div>\n<\/div>\n<\/div>\n<div class=\"col 2-col\">\n<div class=\"article-main-media-image__container\">\n<div class=\"image-wrapper\">\n<figure>\n<figure class=\"object-fit-block--contain intrinsic-container intrinsic-container-3x2\"><img decoding=\"async\" class=\" \" src=\"https:\/\/images.pagina12.com.ar\/styles\/focal_3_2_960x640\/public\/2022-06\/547030-finali-cc-81sima.png?itok=sNT_ziX2\" alt=\"Giorgio Chiellini y Lionel Messi, los capitanes de ambas selecciones, con los trofeos de la Eurocopa y la Copa Am\u00e9rica.\u00a0\" \/><\/figure><figcaption>Giorgio Chiellini y Lionel Messi, los capitanes de ambas selecciones, con los trofeos de la Eurocopa y la Copa Am\u00e9rica.\u00a0<\/figcaption><\/figure>\n<\/div>\n<\/div>\n<\/div>\n<\/div>\n<div class=\"section-2-col article-main-content\">\n<div class=\"col 1-col\"><\/div>\n<div class=\"col 2-col\">\n<div class=\"article-main-content article-text \">\n<p>Este mi\u00e9rcoles 1 de junio desde las 15:45 el m\u00edtico\u00a0<b>Estadio de Wembley<\/b>\u00a0ser\u00e1 escenario de la primera\u00a0<b>Copa de Campeones CONMEBOL-UEFA<\/b>, tambi\u00e9n conocida como\u00a0<b>final\u00edsima<\/b>, entre las selecciones de\u00a0<b>Argentina<\/b>\u00a0e\u00a0<b>Italia<\/b>, las vigentes campeonas de la\u00a0<b>Copa Am\u00e9rica y la Eurocopa<\/b>.<\/p>\n<ul>\n<li><u><b><a href=\"https:\/\/www.pagina12.com.ar\/425409-argentina-en-wembley-una-historia-con-seis-capitulos-inolvid\">Argentina en Wembley: una historia con seis cap\u00edtulos inolvidables<\/a><\/b><\/u><\/li>\n<\/ul>\n<div id=\"talkFireEvent\"><\/div>\n<p>El 15 de diciembre de 2021, la\u00a0<b>CONMEBOL<\/b>\u00a0y la\u00a0<b>UEFA<\/b>, los entes que rigen el f\u00fatbol en Sudam\u00e9rica y Europa respectivamente, firmaron un\u00a0<b><a href=\"https:\/\/www.pagina12.com.ar\/389555-confirmaron-la-finalisima-argentina-italia-en-londres\">Memorando de Entendimiento<\/a><\/b>. En el mismo se comprometieron a llevar acciones en conjunto, e incluso confirmaron el establecimiento de una\u00a0<b><\/b><a href=\"https:\/\/www.pagina12.com.ar\/413058-la-conmebol-y-la-uefa-abrieron-una-oficina-conjunta\"><b>oficina compartida<\/b>\u00a0en Londres, Inglaterra<\/a>.<\/p>\n<p>El primer evento que confirmaron fue la\u00a0<b>Copa de Campeones CONMEBOL-UEFA<\/b>, que enfrentar\u00e1 a los ganadores de la Copa Am\u00e9rica con los de la Eurocopa. De esta manera, Argentina e Italia se ver\u00e1n las caras en el m\u00edtico\u00a0<b>Estadio de Wembley<\/b>\u00a0por la final\u00edsima.\u00a0<b>En caso de empate<\/b>,\u00a0<b>no habr\u00e1 tiempo extra y se definir\u00e1 el ganador por penales<\/b>.<\/p>\n<div align=\"center\">\n<figure class=\"caption caption-article embedded-entity\" role=\"group\">\n<article>\n<article class=\"media media--type-image media--view-mode-single-media-image-460\">\n<div class=\"field field--name-field-media-image field--type-image field--label-hidden field__item\"><img loading=\"lazy\" decoding=\"async\" class=\"image-style-width960\" src=\"https:\/\/images.pagina12.com.ar\/styles\/width960\/public\/2022-06\/547030-arg-ita.jpg?itok=sn6Q-Q09\" width=\"960\" height=\"540\" \/><\/div>\n<\/article>\n<\/article><figcaption>El partido entre Argentina e Italia comenzar\u00e1 a las 15:45 hora local.\u00a0<\/figcaption><\/figure>\n<\/div>\n<p>Otro de los aspectos en los cuales se trabaja es el de incluir a algunos seleccionados sudamericanos en la\u00a0<b>Nations League<\/b>, en busca de beneficiarse mutuamente por el aumento de la competitividad.<\/p>\n<h2>Copa Artemio Franchi<\/h2>\n<p>La\u00a0<b>Copa Artemio Franchi<\/b>\u00a0tambi\u00e9n enfrent\u00f3 a los campeones de la Copa Am\u00e9rica y la Eurocopa. Solo se jug\u00f3 en dos ocasiones: en 1985,\u00a0<b>Francia<\/b>\u00a0derrot\u00f3 2 a 0 a\u00a0<b>Uruguay<\/b>\u00a0en Par\u00eds, mientras que en 1993,\u00a0<b>Argentina<\/b>\u00a0se impuso por penales a\u00a0<b>Dinamarca<\/b>\u00a0en Mar del Plata tras empatar 1 a 1 en los 90\u00b4y no poder desempatar en la pr\u00f3rroga.<\/p>\n<h2>Por qu\u00e9 canal pasan el partido y c\u00f3mo verlo online<\/h2>\n<p>El partido se transmitir\u00e1 por ESPN, aunque tambi\u00e9n podr\u00e1 sintonizarse a trav\u00e9s de plataformas de streaming como Star<i>+,\u00a0<\/i>Telecentro Play, DirecTV GO y Cablevisi\u00f3n Flow, entre otras.<em>\u00a0<\/em><\/p>\n<h2>Historial entre Argentina e Italia<\/h2>\n<p>Los seleccionados argentino e italiano se enfrentaron de manera oficial en 16 oportunidades: los europeos se impusieron 6 veces, los sudamericanos lo hicieron en 4 y empataron en las otras 6.<\/p>\n<p>El enfrentamiento m\u00e1s recordado fue el del 3 de julio de 1990 en el estadio\u00a0<b>San Paolo de N\u00e1poles, por las semifinales del Mundial de Italia<\/b>. En aquella ocasi\u00f3n,\u00a0<b>la\u00a0<i>Albiceleste\u00a0<\/i>se llev\u00f3 la victoria por 4 a 3 desde los 11 pasos<\/b>, tras el empate 1 a 1.<\/p>\n<div align=\"center\">\n<figure class=\"caption caption-article embedded-entity\" role=\"group\">\n<article>\n<article class=\"media media--type-image media--view-mode-single-media-image-460\">\n<div class=\"field field--name-field-media-image field--type-image field--label-hidden field__item\"><img loading=\"lazy\" decoding=\"async\" class=\"image-style-width960\" src=\"https:\/\/images.pagina12.com.ar\/styles\/width960\/public\/2022-06\/547030-captura-20de-20pantalla-202022-05-31-20a-20la-28s-29-2013-22-51-0.png?itok=v2Z9G3hX\" width=\"303\" height=\"739\" \/><\/div>\n<\/article>\n<\/article><figcaption>Fuente: Promiedos<\/figcaption><\/figure>\n<\/div>\n<h2>Formaciones<\/h2>\n<p><strong>Argentina<\/strong>: Emiliano Mart\u00ednez; Nahuel Molina, Cristian Romero, Nicol\u00e1s Otamendi, Marcos Acu\u00f1a; Rodrigo De Paul, Guido Rodr\u00edguez, Giovani Lo Celso; Lionel Messi, Lautaro Mart\u00ednez y \u00c1ngel Di Mar\u00eda.\u00a0<b>DT<\/b>: Lionel Scaloni<\/p>\n<p>&nbsp;<\/p>\n<p><strong>Italia<\/strong>: Gianluigi Donnarumma; Giovanni Di Lorenzo, Giorgio Chiellini, Leonardo Bonucci, Emerson Palmieri; Matteo Pessina, Jorginho, Nicolo Barella; Federico Bernardeschi, Andrea Belotti y Lorenzo Insigne.\u00a0<b>DT<\/b>: Roberto Mancini<\/p>\n<h2>El invicto de La Scaloneta: \u00bfcu\u00e1ndo perdi\u00f3 por \u00faltima vez?<\/h2>\n<p><i>La Scaloneta<\/i>, como se le dice popularmente al conjunto nacional argentino dirigido por\u00a0<b><a href=\"https:\/\/www.pagina12.com.ar\/411766-perdon-scaloni-hoy-estamos-todos-con-la-scaloneta\">Lionel Scaloni<\/a><\/b>, lleva 31 partidos invicta, con 20 victorias y 11 empates. La \u00faltima ca\u00edda de la Selecci\u00f3n fue el 2 de julio de 2019 ante\u00a0<b>Brasil<\/b>, por las semifinales de la\u00a0<b>Copa Am\u00e9rica<\/b>. En aquella oportunidad, la albiceleste perdi\u00f3 2 a 0 con goles de Gabriel Jesus y Roberto Firmino.<\/p>\n<h2>El r\u00e9cord del equipo de Alfio Basile<\/h2>\n<p>&nbsp;<\/p>\n<p>En la primera de sus dos etapas al frente del seleccionado argentino,\u00a0<b>Alfio Basile<\/b>\u00a0y su equipo mantuvieron\u00a0<b>un invicto de 33 partidos<\/b>\u00a0entre el 19 de febrero de 1991 y el 8 de agosto de 1993: comenz\u00f3 con una victoria 2 a 0 en un amistoso ante\u00a0<b>Hungr\u00eda<\/b>\u00a0y finaliz\u00f3 con una derrota 2 a 1 frente a\u00a0<b>Colombia\u00a0<\/b>por las\u00a0<b>Eliminatorias<\/b>\u00a0para el\u00a0<b>Mundial de Estados Unidos 1994<\/b>.<\/p>\n<p><b>Pero la marca de\u00a0<\/b><b>33 encuentros sin conocer la derrota\u00a0<\/b><b>del equipo del\u00a0<i>Coco<\/i><\/b><b>\u00a0no es reconocida por la AFA,<\/b>\u00a0que no toma como oficiales dos partidos: una victoria 2 a 1 ante un combinado del Resto de Am\u00e9rica y otra 3 a 0 sobre el Resto del Mundo, jugados el 25 de septiembre y el 29 de octubre de 1991 respectivamente. De esta manera,\u00a0<b>esta Selecci\u00f3n est\u00e1 a un encuentro de establecer una nueva marca hist\u00f3rica<\/b>.<\/p>\n<\/div>\n<\/div>\n<\/div>\n","protected":false},"excerpt":{"rendered":"<p>Por qu\u00e9 canal pasan el partido. Si empatan, \u00bfhay tiempo extra y penales? El recuerdo de la Copa Artemio Franchi. Historial entre la \u00abAlbiceleste\u00bb y la \u00abAzzurra\u00bb.\u00a0El invicto de La Scaloneta y el r\u00e9cord de Alfio el \u00abCoco\u00bb Basile.<\/p>\n","protected":false},"author":3,"featured_media":0,"comment_status":"closed","ping_status":"closed","sticky":false,"template":"","format":"standard","meta":{"footnotes":""},"categories":[27],"tags":[],"class_list":["post-72999","post","type-post","status-publish","format-standard","hentry","category-deportes"],"yoast_head":"<!-- This site is optimized with the Yoast SEO plugin v25.9 - https:\/\/yoast.com\/wordpress\/plugins\/seo\/ -->\n<title>Argentina vs. Italia por la final\u00edsima: a qu\u00e9 hora juegan, formaciones y c\u00f3mo verlo en TV y online - Noticias Radio Reflejos<\/title>\n<meta name=\"robots\" content=\"index, follow, max-snippet:-1, max-image-preview:large, max-video-preview:-1\" \/>\n<link rel=\"canonical\" href=\"https:\/\/www.noticiasradioreflejos.com.ar\/2021\/argentina-vs-italia-por-la-finalisima-a-que-hora-juegan-formaciones-y-como-verlo-en-tv-y-online\/\" \/>\n<meta property=\"og:locale\" content=\"es_ES\" \/>\n<meta property=\"og:type\" content=\"article\" \/>\n<meta property=\"og:title\" content=\"Argentina vs. Italia por la final\u00edsima: a qu\u00e9 hora juegan, formaciones y c\u00f3mo verlo en TV y online - Noticias Radio Reflejos\" \/>\n<meta property=\"og:description\" content=\"Por qu\u00e9 canal pasan el partido. Si empatan, \u00bfhay tiempo extra y penales? El recuerdo de la Copa Artemio Franchi. Historial entre la \u00abAlbiceleste\u00bb y la \u00abAzzurra\u00bb.\u00a0El invicto de La Scaloneta y el r\u00e9cord de Alfio el \u00abCoco\u00bb Basile.\" \/>\n<meta property=\"og:url\" content=\"https:\/\/www.noticiasradioreflejos.com.ar\/2021\/argentina-vs-italia-por-la-finalisima-a-que-hora-juegan-formaciones-y-como-verlo-en-tv-y-online\/\" \/>\n<meta property=\"og:site_name\" content=\"Noticias Radio Reflejos\" \/>\n<meta property=\"article:published_time\" content=\"2022-06-01T11:50:09+00:00\" \/>\n<meta property=\"og:image\" content=\"https:\/\/images.pagina12.com.ar\/styles\/focal_3_2_960x640\/public\/2022-06\/547030-finali-cc-81sima.png?itok=sNT_ziX2\" \/>\n<meta name=\"author\" content=\"Arnaldo Botto\" \/>\n<meta name=\"twitter:card\" content=\"summary_large_image\" \/>\n<script type=\"application\/ld+json\" class=\"yoast-schema-graph\">{\"@context\":\"https:\/\/schema.org\",\"@graph\":[{\"@type\":\"WebPage\",\"@id\":\"https:\/\/www.noticiasradioreflejos.com.ar\/2021\/argentina-vs-italia-por-la-finalisima-a-que-hora-juegan-formaciones-y-como-verlo-en-tv-y-online\/\",\"url\":\"https:\/\/www.noticiasradioreflejos.com.ar\/2021\/argentina-vs-italia-por-la-finalisima-a-que-hora-juegan-formaciones-y-como-verlo-en-tv-y-online\/\",\"name\":\"Argentina vs. Italia por la final\u00edsima: a qu\u00e9 hora juegan, formaciones y c\u00f3mo verlo en TV y online - Noticias Radio Reflejos\",\"isPartOf\":{\"@id\":\"https:\/\/www.noticiasradioreflejos.com.ar\/2021\/#website\"},\"primaryImageOfPage\":{\"@id\":\"https:\/\/www.noticiasradioreflejos.com.ar\/2021\/argentina-vs-italia-por-la-finalisima-a-que-hora-juegan-formaciones-y-como-verlo-en-tv-y-online\/#primaryimage\"},\"image\":{\"@id\":\"https:\/\/www.noticiasradioreflejos.com.ar\/2021\/argentina-vs-italia-por-la-finalisima-a-que-hora-juegan-formaciones-y-como-verlo-en-tv-y-online\/#primaryimage\"},\"thumbnailUrl\":\"https:\/\/images.pagina12.com.ar\/styles\/focal_3_2_960x640\/public\/2022-06\/547030-finali-cc-81sima.png?itok=sNT_ziX2\",\"datePublished\":\"2022-06-01T11:50:09+00:00\",\"author\":{\"@id\":\"https:\/\/www.noticiasradioreflejos.com.ar\/2021\/#\/schema\/person\/ad82545263dcc5ec0996818884fd5fb1\"},\"breadcrumb\":{\"@id\":\"https:\/\/www.noticiasradioreflejos.com.ar\/2021\/argentina-vs-italia-por-la-finalisima-a-que-hora-juegan-formaciones-y-como-verlo-en-tv-y-online\/#breadcrumb\"},\"inLanguage\":\"es\",\"potentialAction\":[{\"@type\":\"ReadAction\",\"target\":[\"https:\/\/www.noticiasradioreflejos.com.ar\/2021\/argentina-vs-italia-por-la-finalisima-a-que-hora-juegan-formaciones-y-como-verlo-en-tv-y-online\/\"]}]},{\"@type\":\"ImageObject\",\"inLanguage\":\"es\",\"@id\":\"https:\/\/www.noticiasradioreflejos.com.ar\/2021\/argentina-vs-italia-por-la-finalisima-a-que-hora-juegan-formaciones-y-como-verlo-en-tv-y-online\/#primaryimage\",\"url\":\"https:\/\/images.pagina12.com.ar\/styles\/focal_3_2_960x640\/public\/2022-06\/547030-finali-cc-81sima.png?itok=sNT_ziX2\",\"contentUrl\":\"https:\/\/images.pagina12.com.ar\/styles\/focal_3_2_960x640\/public\/2022-06\/547030-finali-cc-81sima.png?itok=sNT_ziX2\"},{\"@type\":\"BreadcrumbList\",\"@id\":\"https:\/\/www.noticiasradioreflejos.com.ar\/2021\/argentina-vs-italia-por-la-finalisima-a-que-hora-juegan-formaciones-y-como-verlo-en-tv-y-online\/#breadcrumb\",\"itemListElement\":[{\"@type\":\"ListItem\",\"position\":1,\"name\":\"Portada\",\"item\":\"https:\/\/www.noticiasradioreflejos.com.ar\/2021\/\"},{\"@type\":\"ListItem\",\"position\":2,\"name\":\"Argentina vs. Italia por la final\u00edsima: a qu\u00e9 hora juegan, formaciones y c\u00f3mo verlo en TV y online\"}]},{\"@type\":\"WebSite\",\"@id\":\"https:\/\/www.noticiasradioreflejos.com.ar\/2021\/#website\",\"url\":\"https:\/\/www.noticiasradioreflejos.com.ar\/2021\/\",\"name\":\"Noticias Radio Reflejos\",\"description\":\"Las noticias de mi comarca\",\"potentialAction\":[{\"@type\":\"SearchAction\",\"target\":{\"@type\":\"EntryPoint\",\"urlTemplate\":\"https:\/\/www.noticiasradioreflejos.com.ar\/2021\/?s={search_term_string}\"},\"query-input\":{\"@type\":\"PropertyValueSpecification\",\"valueRequired\":true,\"valueName\":\"search_term_string\"}}],\"inLanguage\":\"es\"},{\"@type\":\"Person\",\"@id\":\"https:\/\/www.noticiasradioreflejos.com.ar\/2021\/#\/schema\/person\/ad82545263dcc5ec0996818884fd5fb1\",\"name\":\"Arnaldo Botto\",\"image\":{\"@type\":\"ImageObject\",\"inLanguage\":\"es\",\"@id\":\"https:\/\/www.noticiasradioreflejos.com.ar\/2021\/#\/schema\/person\/image\/\",\"url\":\"https:\/\/secure.gravatar.com\/avatar\/55cb5e37c1efa326397366e6974cb338056df65cb50e7d64d1cf314e87504837?s=96&d=mm&r=g\",\"contentUrl\":\"https:\/\/secure.gravatar.com\/avatar\/55cb5e37c1efa326397366e6974cb338056df65cb50e7d64d1cf314e87504837?s=96&d=mm&r=g\",\"caption\":\"Arnaldo Botto\"},\"url\":\"https:\/\/www.noticiasradioreflejos.com.ar\/2021\/author\/arnaldo\/\"}]}<\/script>\n<!-- \/ Yoast SEO plugin. -->","yoast_head_json":{"title":"Argentina vs. Italia por la final\u00edsima: a qu\u00e9 hora juegan, formaciones y c\u00f3mo verlo en TV y online - Noticias Radio Reflejos","robots":{"index":"index","follow":"follow","max-snippet":"max-snippet:-1","max-image-preview":"max-image-preview:large","max-video-preview":"max-video-preview:-1"},"canonical":"https:\/\/www.noticiasradioreflejos.com.ar\/2021\/argentina-vs-italia-por-la-finalisima-a-que-hora-juegan-formaciones-y-como-verlo-en-tv-y-online\/","og_locale":"es_ES","og_type":"article","og_title":"Argentina vs. Italia por la final\u00edsima: a qu\u00e9 hora juegan, formaciones y c\u00f3mo verlo en TV y online - Noticias Radio Reflejos","og_description":"Por qu\u00e9 canal pasan el partido. Si empatan, \u00bfhay tiempo extra y penales? El recuerdo de la Copa Artemio Franchi. Historial entre la \u00abAlbiceleste\u00bb y la \u00abAzzurra\u00bb.\u00a0El invicto de La Scaloneta y el r\u00e9cord de Alfio el \u00abCoco\u00bb Basile.","og_url":"https:\/\/www.noticiasradioreflejos.com.ar\/2021\/argentina-vs-italia-por-la-finalisima-a-que-hora-juegan-formaciones-y-como-verlo-en-tv-y-online\/","og_site_name":"Noticias Radio Reflejos","article_published_time":"2022-06-01T11:50:09+00:00","og_image":[{"url":"https:\/\/images.pagina12.com.ar\/styles\/focal_3_2_960x640\/public\/2022-06\/547030-finali-cc-81sima.png?itok=sNT_ziX2","type":"","width":"","height":""}],"author":"Arnaldo Botto","twitter_card":"summary_large_image","schema":{"@context":"https:\/\/schema.org","@graph":[{"@type":"WebPage","@id":"https:\/\/www.noticiasradioreflejos.com.ar\/2021\/argentina-vs-italia-por-la-finalisima-a-que-hora-juegan-formaciones-y-como-verlo-en-tv-y-online\/","url":"https:\/\/www.noticiasradioreflejos.com.ar\/2021\/argentina-vs-italia-por-la-finalisima-a-que-hora-juegan-formaciones-y-como-verlo-en-tv-y-online\/","name":"Argentina vs. Italia por la final\u00edsima: a qu\u00e9 hora juegan, formaciones y c\u00f3mo verlo en TV y online - Noticias Radio Reflejos","isPartOf":{"@id":"https:\/\/www.noticiasradioreflejos.com.ar\/2021\/#website"},"primaryImageOfPage":{"@id":"https:\/\/www.noticiasradioreflejos.com.ar\/2021\/argentina-vs-italia-por-la-finalisima-a-que-hora-juegan-formaciones-y-como-verlo-en-tv-y-online\/#primaryimage"},"image":{"@id":"https:\/\/www.noticiasradioreflejos.com.ar\/2021\/argentina-vs-italia-por-la-finalisima-a-que-hora-juegan-formaciones-y-como-verlo-en-tv-y-online\/#primaryimage"},"thumbnailUrl":"https:\/\/images.pagina12.com.ar\/styles\/focal_3_2_960x640\/public\/2022-06\/547030-finali-cc-81sima.png?itok=sNT_ziX2","datePublished":"2022-06-01T11:50:09+00:00","author":{"@id":"https:\/\/www.noticiasradioreflejos.com.ar\/2021\/#\/schema\/person\/ad82545263dcc5ec0996818884fd5fb1"},"breadcrumb":{"@id":"https:\/\/www.noticiasradioreflejos.com.ar\/2021\/argentina-vs-italia-por-la-finalisima-a-que-hora-juegan-formaciones-y-como-verlo-en-tv-y-online\/#breadcrumb"},"inLanguage":"es","potentialAction":[{"@type":"ReadAction","target":["https:\/\/www.noticiasradioreflejos.com.ar\/2021\/argentina-vs-italia-por-la-finalisima-a-que-hora-juegan-formaciones-y-como-verlo-en-tv-y-online\/"]}]},{"@type":"ImageObject","inLanguage":"es","@id":"https:\/\/www.noticiasradioreflejos.com.ar\/2021\/argentina-vs-italia-por-la-finalisima-a-que-hora-juegan-formaciones-y-como-verlo-en-tv-y-online\/#primaryimage","url":"https:\/\/images.pagina12.com.ar\/styles\/focal_3_2_960x640\/public\/2022-06\/547030-finali-cc-81sima.png?itok=sNT_ziX2","contentUrl":"https:\/\/images.pagina12.com.ar\/styles\/focal_3_2_960x640\/public\/2022-06\/547030-finali-cc-81sima.png?itok=sNT_ziX2"},{"@type":"BreadcrumbList","@id":"https:\/\/www.noticiasradioreflejos.com.ar\/2021\/argentina-vs-italia-por-la-finalisima-a-que-hora-juegan-formaciones-y-como-verlo-en-tv-y-online\/#breadcrumb","itemListElement":[{"@type":"ListItem","position":1,"name":"Portada","item":"https:\/\/www.noticiasradioreflejos.com.ar\/2021\/"},{"@type":"ListItem","position":2,"name":"Argentina vs. Italia por la final\u00edsima: a qu\u00e9 hora juegan, formaciones y c\u00f3mo verlo en TV y online"}]},{"@type":"WebSite","@id":"https:\/\/www.noticiasradioreflejos.com.ar\/2021\/#website","url":"https:\/\/www.noticiasradioreflejos.com.ar\/2021\/","name":"Noticias Radio Reflejos","description":"Las noticias de mi comarca","potentialAction":[{"@type":"SearchAction","target":{"@type":"EntryPoint","urlTemplate":"https:\/\/www.noticiasradioreflejos.com.ar\/2021\/?s={search_term_string}"},"query-input":{"@type":"PropertyValueSpecification","valueRequired":true,"valueName":"search_term_string"}}],"inLanguage":"es"},{"@type":"Person","@id":"https:\/\/www.noticiasradioreflejos.com.ar\/2021\/#\/schema\/person\/ad82545263dcc5ec0996818884fd5fb1","name":"Arnaldo Botto","image":{"@type":"ImageObject","inLanguage":"es","@id":"https:\/\/www.noticiasradioreflejos.com.ar\/2021\/#\/schema\/person\/image\/","url":"https:\/\/secure.gravatar.com\/avatar\/55cb5e37c1efa326397366e6974cb338056df65cb50e7d64d1cf314e87504837?s=96&d=mm&r=g","contentUrl":"https:\/\/secure.gravatar.com\/avatar\/55cb5e37c1efa326397366e6974cb338056df65cb50e7d64d1cf314e87504837?s=96&d=mm&r=g","caption":"Arnaldo Botto"},"url":"https:\/\/www.noticiasradioreflejos.com.ar\/2021\/author\/arnaldo\/"}]}},"_links":{"self":[{"href":"https:\/\/www.noticiasradioreflejos.com.ar\/2021\/wp-json\/wp\/v2\/posts\/72999","targetHints":{"allow":["GET"]}}],"collection":[{"href":"https:\/\/www.noticiasradioreflejos.com.ar\/2021\/wp-json\/wp\/v2\/posts"}],"about":[{"href":"https:\/\/www.noticiasradioreflejos.com.ar\/2021\/wp-json\/wp\/v2\/types\/post"}],"author":[{"embeddable":true,"href":"https:\/\/www.noticiasradioreflejos.com.ar\/2021\/wp-json\/wp\/v2\/users\/3"}],"replies":[{"embeddable":true,"href":"https:\/\/www.noticiasradioreflejos.com.ar\/2021\/wp-json\/wp\/v2\/comments?post=72999"}],"version-history":[{"count":1,"href":"https:\/\/www.noticiasradioreflejos.com.ar\/2021\/wp-json\/wp\/v2\/posts\/72999\/revisions"}],"predecessor-version":[{"id":73001,"href":"https:\/\/www.noticiasradioreflejos.com.ar\/2021\/wp-json\/wp\/v2\/posts\/72999\/revisions\/73001"}],"wp:attachment":[{"href":"https:\/\/www.noticiasradioreflejos.com.ar\/2021\/wp-json\/wp\/v2\/media?parent=72999"}],"wp:term":[{"taxonomy":"category","embeddable":true,"href":"https:\/\/www.noticiasradioreflejos.com.ar\/2021\/wp-json\/wp\/v2\/categories?post=72999"},{"taxonomy":"post_tag","embeddable":true,"href":"https:\/\/www.noticiasradioreflejos.com.ar\/2021\/wp-json\/wp\/v2\/tags?post=72999"}],"curies":[{"name":"wp","href":"https:\/\/api.w.org\/{rel}","templated":true}]}}