{"id":72992,"date":"2022-06-01T11:07:38","date_gmt":"2022-06-01T11:07:38","guid":{"rendered":"http:\/\/www.noticiasradioreflejos.com.ar\/2021\/?p=72992"},"modified":"2022-06-01T11:07:38","modified_gmt":"2022-06-01T11:07:38","slug":"como-es-el-nuevo-facturador-de-la-afip","status":"publish","type":"post","link":"https:\/\/www.noticiasradioreflejos.com.ar\/2021\/como-es-el-nuevo-facturador-de-la-afip\/","title":{"rendered":"C\u00f3mo es el nuevo facturador de la AFIP"},"content":{"rendered":"<div class=\"wrapper-header\">\n<div class=\"container-xl\">\n<div class=\"row\">\n<div class=\"col-12\">\n<div class=\"head-content mb-4\">\n<div class=\"my-3\">\n<div class=\"social mt-3\">El servicio podr\u00e1 instalarse tanto en celulares o tablets (para sistemas operativos IOS o Android) como en computadoras y servir\u00e1 para facilitar las gestiones a monotributistas de las categor\u00edas A, B y C, y monotributistas sociales.<\/div>\n<\/div>\n<\/div>\n<\/div>\n<\/div>\n<\/div>\n<\/div>\n<p><!--more--><\/p>\n<div class=\"wrapper-editable-content\">\n<div>\n<div class=\"wrapper-editable-content\">\n<div>\n<div class=\"container-md\">\n<div class=\"row\">\n<div class=\"col-md-12 speak\">\n<div class=\"paragraph\">\n<figure class=\"mb-3\"><img decoding=\"async\" src=\"https:\/\/www.telam.com.ar\/thumbs\/bluesteel\/advf\/imagenes\/2022\/05\/629539baf06c2_900.jpg\" alt=\"Foto Prensa AFIP\" width=\"100%\" height=\"100%\" \/><\/p>\n<div class=\"media-icons\"><\/div><figcaption>Foto: Prensa AFIP<\/figcaption><\/figure>\n<p>El nuevo facturador que<strong>\u00a0facilita a monotributistas de las categor\u00edas A, B y C, y monotributistas sociales la emisi\u00f3n de tickets y comprobantes\u00a0<\/strong>en solo tres pasos, estar\u00e1 disponible a partir de este mi\u00e9rcoles seg\u00fan lo dispuesto por la Administraci\u00f3n Federal de Ingresos P\u00fablicos (AFIP).<\/p>\n<p>El servicio podr\u00e1 instalarse tanto en celulares o tablets (para sistemas operativos IOS o Android) como en computadoras\u00a0<strong><a href=\"https:\/\/www.afip.gob.ar\/facturador\/\" target=\"_blank\" rel=\"noopener\">a trav\u00e9s del sitio de la AFIP<\/a><\/strong>\u00a0y se podr\u00e1 acceder con CUIT y clave fiscal.<\/p>\n<figure class=\"mb-3\"><img decoding=\"async\" src=\"https:\/\/www.telam.com.ar\/thumbs\/bluesteel\/advf\/imagenes\/2022\/03\/6220a48864c6d_900.jpg\" alt=\"Foto archivo\" width=\"100%\" height=\"100%\" \/><\/p>\n<div class=\"media-icons\"><\/div><figcaption>Foto: archivo.<\/figcaption><\/figure>\n<p>\u00abEl nuevo facturador va a facilitar y agilizar la emisi\u00f3n de comprobantes a los comercios de cercan\u00eda y peque\u00f1os contribuyentes\u00bb, se\u00f1al\u00f3 la titular de la AFIP, Mercedes Marc\u00f3 del Pont, durante un evento celebrado el lunes, en la sede del organismo.<\/p>\n<p>En este sentido, la herramienta se complementa al proyecto de ley de monotributo y\u00a0<strong>est\u00e1 dise\u00f1ada para simplificar la facturaci\u00f3n de trabajadores que realicen oficios como carpinter\u00eda, reparaci\u00f3n de bicicletas, electricidad, herrer\u00eda, plomer\u00eda y mec\u00e1nica, entre otros, y comercios de cercan\u00eda, como almacenes, bazares, carnicer\u00edas, ferreter\u00edas y kioscos.<\/strong><\/p>\n<p>Entre sus ventajas, la herramienta\u00a0<strong>permite mantener activas las sesiones para realizar operaciones durante ocho horas<\/strong>\u00a0-una novedad que agiliza el procedimiento de facturaci\u00f3n-, emitir tickets y notas de cr\u00e9dito tipo C, y visualizar y descargar los comprobantes emitidos anteriormente.<\/p>\n<p>Tambi\u00e9n, uno de los pilares de la iniciativa contempla que el Estado asuma el pago del componente impositivo del monotributo en forma permanente de todas las personas registradas en las categor\u00edas A, B y C, y\u00a0<strong>permite guardar y consultar el historial de los comprobantes para compartirlos por mensajer\u00eda instant\u00e1nea y correo electr\u00f3nico.<\/strong><\/p>\n<p>Para conocer los detalles de c\u00f3mo usarlo se puede ingresar al\u00a0<strong><a href=\"https:\/\/serviciosweb.afip.gob.ar\/genericos\/guiasPasoPaso\/VerGuia.aspx?id=412\" target=\"_blank\" rel=\"noopener\">instructivo en cinco pasos<\/a><\/strong>.<\/div>\n<\/div>\n<\/div>\n<\/div>\n<\/div>\n<\/div>\n<\/div>\n<\/div>\n","protected":false},"excerpt":{"rendered":"<p>El servicio podr\u00e1 instalarse tanto en celulares o tablets (para sistemas operativos IOS o Android) como en computadoras y servir\u00e1 para facilitar las gestiones a monotributistas de las categor\u00edas A, B y C, y monotributistas sociales.<\/p>\n","protected":false},"author":3,"featured_media":0,"comment_status":"closed","ping_status":"closed","sticky":false,"template":"","format":"standard","meta":{"footnotes":""},"categories":[36,24,26],"tags":[],"class_list":["post-72992","post","type-post","status-publish","format-standard","hentry","category-economia","category-politica","category-sociedad"],"yoast_head":"<!-- This site is optimized with the Yoast SEO plugin v25.9 - https:\/\/yoast.com\/wordpress\/plugins\/seo\/ -->\n<title>C\u00f3mo es el nuevo facturador de la AFIP - Noticias Radio Reflejos<\/title>\n<meta name=\"robots\" content=\"index, follow, max-snippet:-1, max-image-preview:large, max-video-preview:-1\" \/>\n<link rel=\"canonical\" href=\"https:\/\/www.noticiasradioreflejos.com.ar\/2021\/como-es-el-nuevo-facturador-de-la-afip\/\" \/>\n<meta property=\"og:locale\" content=\"es_ES\" \/>\n<meta property=\"og:type\" content=\"article\" \/>\n<meta property=\"og:title\" content=\"C\u00f3mo es el nuevo facturador de la AFIP - Noticias Radio Reflejos\" \/>\n<meta property=\"og:description\" content=\"El servicio podr\u00e1 instalarse tanto en celulares o tablets (para sistemas operativos IOS o Android) como en computadoras y servir\u00e1 para facilitar las gestiones a monotributistas de las categor\u00edas A, B y C, y monotributistas sociales.\" \/>\n<meta property=\"og:url\" content=\"https:\/\/www.noticiasradioreflejos.com.ar\/2021\/como-es-el-nuevo-facturador-de-la-afip\/\" \/>\n<meta property=\"og:site_name\" content=\"Noticias Radio Reflejos\" \/>\n<meta property=\"article:published_time\" content=\"2022-06-01T11:07:38+00:00\" \/>\n<meta property=\"og:image\" content=\"https:\/\/www.telam.com.ar\/thumbs\/bluesteel\/advf\/imagenes\/2022\/05\/629539baf06c2_900.jpg\" \/>\n<meta name=\"author\" content=\"Arnaldo Botto\" \/>\n<meta name=\"twitter:card\" content=\"summary_large_image\" \/>\n<script type=\"application\/ld+json\" class=\"yoast-schema-graph\">{\"@context\":\"https:\/\/schema.org\",\"@graph\":[{\"@type\":\"WebPage\",\"@id\":\"https:\/\/www.noticiasradioreflejos.com.ar\/2021\/como-es-el-nuevo-facturador-de-la-afip\/\",\"url\":\"https:\/\/www.noticiasradioreflejos.com.ar\/2021\/como-es-el-nuevo-facturador-de-la-afip\/\",\"name\":\"C\u00f3mo es el nuevo facturador de la AFIP - Noticias Radio Reflejos\",\"isPartOf\":{\"@id\":\"https:\/\/www.noticiasradioreflejos.com.ar\/2021\/#website\"},\"primaryImageOfPage\":{\"@id\":\"https:\/\/www.noticiasradioreflejos.com.ar\/2021\/como-es-el-nuevo-facturador-de-la-afip\/#primaryimage\"},\"image\":{\"@id\":\"https:\/\/www.noticiasradioreflejos.com.ar\/2021\/como-es-el-nuevo-facturador-de-la-afip\/#primaryimage\"},\"thumbnailUrl\":\"https:\/\/www.telam.com.ar\/thumbs\/bluesteel\/advf\/imagenes\/2022\/05\/629539baf06c2_900.jpg\",\"datePublished\":\"2022-06-01T11:07:38+00:00\",\"author\":{\"@id\":\"https:\/\/www.noticiasradioreflejos.com.ar\/2021\/#\/schema\/person\/ad82545263dcc5ec0996818884fd5fb1\"},\"breadcrumb\":{\"@id\":\"https:\/\/www.noticiasradioreflejos.com.ar\/2021\/como-es-el-nuevo-facturador-de-la-afip\/#breadcrumb\"},\"inLanguage\":\"es\",\"potentialAction\":[{\"@type\":\"ReadAction\",\"target\":[\"https:\/\/www.noticiasradioreflejos.com.ar\/2021\/como-es-el-nuevo-facturador-de-la-afip\/\"]}]},{\"@type\":\"ImageObject\",\"inLanguage\":\"es\",\"@id\":\"https:\/\/www.noticiasradioreflejos.com.ar\/2021\/como-es-el-nuevo-facturador-de-la-afip\/#primaryimage\",\"url\":\"https:\/\/www.telam.com.ar\/thumbs\/bluesteel\/advf\/imagenes\/2022\/05\/629539baf06c2_900.jpg\",\"contentUrl\":\"https:\/\/www.telam.com.ar\/thumbs\/bluesteel\/advf\/imagenes\/2022\/05\/629539baf06c2_900.jpg\"},{\"@type\":\"BreadcrumbList\",\"@id\":\"https:\/\/www.noticiasradioreflejos.com.ar\/2021\/como-es-el-nuevo-facturador-de-la-afip\/#breadcrumb\",\"itemListElement\":[{\"@type\":\"ListItem\",\"position\":1,\"name\":\"Portada\",\"item\":\"https:\/\/www.noticiasradioreflejos.com.ar\/2021\/\"},{\"@type\":\"ListItem\",\"position\":2,\"name\":\"C\u00f3mo es el nuevo facturador de la AFIP\"}]},{\"@type\":\"WebSite\",\"@id\":\"https:\/\/www.noticiasradioreflejos.com.ar\/2021\/#website\",\"url\":\"https:\/\/www.noticiasradioreflejos.com.ar\/2021\/\",\"name\":\"Noticias Radio Reflejos\",\"description\":\"Las noticias de mi comarca\",\"potentialAction\":[{\"@type\":\"SearchAction\",\"target\":{\"@type\":\"EntryPoint\",\"urlTemplate\":\"https:\/\/www.noticiasradioreflejos.com.ar\/2021\/?s={search_term_string}\"},\"query-input\":{\"@type\":\"PropertyValueSpecification\",\"valueRequired\":true,\"valueName\":\"search_term_string\"}}],\"inLanguage\":\"es\"},{\"@type\":\"Person\",\"@id\":\"https:\/\/www.noticiasradioreflejos.com.ar\/2021\/#\/schema\/person\/ad82545263dcc5ec0996818884fd5fb1\",\"name\":\"Arnaldo Botto\",\"image\":{\"@type\":\"ImageObject\",\"inLanguage\":\"es\",\"@id\":\"https:\/\/www.noticiasradioreflejos.com.ar\/2021\/#\/schema\/person\/image\/\",\"url\":\"https:\/\/secure.gravatar.com\/avatar\/55cb5e37c1efa326397366e6974cb338056df65cb50e7d64d1cf314e87504837?s=96&d=mm&r=g\",\"contentUrl\":\"https:\/\/secure.gravatar.com\/avatar\/55cb5e37c1efa326397366e6974cb338056df65cb50e7d64d1cf314e87504837?s=96&d=mm&r=g\",\"caption\":\"Arnaldo Botto\"},\"url\":\"https:\/\/www.noticiasradioreflejos.com.ar\/2021\/author\/arnaldo\/\"}]}<\/script>\n<!-- \/ Yoast SEO plugin. -->","yoast_head_json":{"title":"C\u00f3mo es el nuevo facturador de la AFIP - Noticias Radio Reflejos","robots":{"index":"index","follow":"follow","max-snippet":"max-snippet:-1","max-image-preview":"max-image-preview:large","max-video-preview":"max-video-preview:-1"},"canonical":"https:\/\/www.noticiasradioreflejos.com.ar\/2021\/como-es-el-nuevo-facturador-de-la-afip\/","og_locale":"es_ES","og_type":"article","og_title":"C\u00f3mo es el nuevo facturador de la AFIP - Noticias Radio Reflejos","og_description":"El servicio podr\u00e1 instalarse tanto en celulares o tablets (para sistemas operativos IOS o Android) como en computadoras y servir\u00e1 para facilitar las gestiones a monotributistas de las categor\u00edas A, B y C, y monotributistas sociales.","og_url":"https:\/\/www.noticiasradioreflejos.com.ar\/2021\/como-es-el-nuevo-facturador-de-la-afip\/","og_site_name":"Noticias Radio Reflejos","article_published_time":"2022-06-01T11:07:38+00:00","og_image":[{"url":"https:\/\/www.telam.com.ar\/thumbs\/bluesteel\/advf\/imagenes\/2022\/05\/629539baf06c2_900.jpg","type":"","width":"","height":""}],"author":"Arnaldo Botto","twitter_card":"summary_large_image","schema":{"@context":"https:\/\/schema.org","@graph":[{"@type":"WebPage","@id":"https:\/\/www.noticiasradioreflejos.com.ar\/2021\/como-es-el-nuevo-facturador-de-la-afip\/","url":"https:\/\/www.noticiasradioreflejos.com.ar\/2021\/como-es-el-nuevo-facturador-de-la-afip\/","name":"C\u00f3mo es el nuevo facturador de la AFIP - Noticias Radio Reflejos","isPartOf":{"@id":"https:\/\/www.noticiasradioreflejos.com.ar\/2021\/#website"},"primaryImageOfPage":{"@id":"https:\/\/www.noticiasradioreflejos.com.ar\/2021\/como-es-el-nuevo-facturador-de-la-afip\/#primaryimage"},"image":{"@id":"https:\/\/www.noticiasradioreflejos.com.ar\/2021\/como-es-el-nuevo-facturador-de-la-afip\/#primaryimage"},"thumbnailUrl":"https:\/\/www.telam.com.ar\/thumbs\/bluesteel\/advf\/imagenes\/2022\/05\/629539baf06c2_900.jpg","datePublished":"2022-06-01T11:07:38+00:00","author":{"@id":"https:\/\/www.noticiasradioreflejos.com.ar\/2021\/#\/schema\/person\/ad82545263dcc5ec0996818884fd5fb1"},"breadcrumb":{"@id":"https:\/\/www.noticiasradioreflejos.com.ar\/2021\/como-es-el-nuevo-facturador-de-la-afip\/#breadcrumb"},"inLanguage":"es","potentialAction":[{"@type":"ReadAction","target":["https:\/\/www.noticiasradioreflejos.com.ar\/2021\/como-es-el-nuevo-facturador-de-la-afip\/"]}]},{"@type":"ImageObject","inLanguage":"es","@id":"https:\/\/www.noticiasradioreflejos.com.ar\/2021\/como-es-el-nuevo-facturador-de-la-afip\/#primaryimage","url":"https:\/\/www.telam.com.ar\/thumbs\/bluesteel\/advf\/imagenes\/2022\/05\/629539baf06c2_900.jpg","contentUrl":"https:\/\/www.telam.com.ar\/thumbs\/bluesteel\/advf\/imagenes\/2022\/05\/629539baf06c2_900.jpg"},{"@type":"BreadcrumbList","@id":"https:\/\/www.noticiasradioreflejos.com.ar\/2021\/como-es-el-nuevo-facturador-de-la-afip\/#breadcrumb","itemListElement":[{"@type":"ListItem","position":1,"name":"Portada","item":"https:\/\/www.noticiasradioreflejos.com.ar\/2021\/"},{"@type":"ListItem","position":2,"name":"C\u00f3mo es el nuevo facturador de la AFIP"}]},{"@type":"WebSite","@id":"https:\/\/www.noticiasradioreflejos.com.ar\/2021\/#website","url":"https:\/\/www.noticiasradioreflejos.com.ar\/2021\/","name":"Noticias Radio Reflejos","description":"Las noticias de mi comarca","potentialAction":[{"@type":"SearchAction","target":{"@type":"EntryPoint","urlTemplate":"https:\/\/www.noticiasradioreflejos.com.ar\/2021\/?s={search_term_string}"},"query-input":{"@type":"PropertyValueSpecification","valueRequired":true,"valueName":"search_term_string"}}],"inLanguage":"es"},{"@type":"Person","@id":"https:\/\/www.noticiasradioreflejos.com.ar\/2021\/#\/schema\/person\/ad82545263dcc5ec0996818884fd5fb1","name":"Arnaldo Botto","image":{"@type":"ImageObject","inLanguage":"es","@id":"https:\/\/www.noticiasradioreflejos.com.ar\/2021\/#\/schema\/person\/image\/","url":"https:\/\/secure.gravatar.com\/avatar\/55cb5e37c1efa326397366e6974cb338056df65cb50e7d64d1cf314e87504837?s=96&d=mm&r=g","contentUrl":"https:\/\/secure.gravatar.com\/avatar\/55cb5e37c1efa326397366e6974cb338056df65cb50e7d64d1cf314e87504837?s=96&d=mm&r=g","caption":"Arnaldo Botto"},"url":"https:\/\/www.noticiasradioreflejos.com.ar\/2021\/author\/arnaldo\/"}]}},"_links":{"self":[{"href":"https:\/\/www.noticiasradioreflejos.com.ar\/2021\/wp-json\/wp\/v2\/posts\/72992","targetHints":{"allow":["GET"]}}],"collection":[{"href":"https:\/\/www.noticiasradioreflejos.com.ar\/2021\/wp-json\/wp\/v2\/posts"}],"about":[{"href":"https:\/\/www.noticiasradioreflejos.com.ar\/2021\/wp-json\/wp\/v2\/types\/post"}],"author":[{"embeddable":true,"href":"https:\/\/www.noticiasradioreflejos.com.ar\/2021\/wp-json\/wp\/v2\/users\/3"}],"replies":[{"embeddable":true,"href":"https:\/\/www.noticiasradioreflejos.com.ar\/2021\/wp-json\/wp\/v2\/comments?post=72992"}],"version-history":[{"count":1,"href":"https:\/\/www.noticiasradioreflejos.com.ar\/2021\/wp-json\/wp\/v2\/posts\/72992\/revisions"}],"predecessor-version":[{"id":72994,"href":"https:\/\/www.noticiasradioreflejos.com.ar\/2021\/wp-json\/wp\/v2\/posts\/72992\/revisions\/72994"}],"wp:attachment":[{"href":"https:\/\/www.noticiasradioreflejos.com.ar\/2021\/wp-json\/wp\/v2\/media?parent=72992"}],"wp:term":[{"taxonomy":"category","embeddable":true,"href":"https:\/\/www.noticiasradioreflejos.com.ar\/2021\/wp-json\/wp\/v2\/categories?post=72992"},{"taxonomy":"post_tag","embeddable":true,"href":"https:\/\/www.noticiasradioreflejos.com.ar\/2021\/wp-json\/wp\/v2\/tags?post=72992"}],"curies":[{"name":"wp","href":"https:\/\/api.w.org\/{rel}","templated":true}]}}