{"id":72984,"date":"2022-06-01T00:43:29","date_gmt":"2022-06-01T00:43:29","guid":{"rendered":"http:\/\/www.noticiasradioreflejos.com.ar\/2021\/?p=72984"},"modified":"2022-06-01T00:43:29","modified_gmt":"2022-06-01T00:43:29","slug":"ascienden-a-100-los-muertos-por-las-lluvias-torrenciales-en-el-noreste-de-brasil","status":"publish","type":"post","link":"https:\/\/www.noticiasradioreflejos.com.ar\/2021\/ascienden-a-100-los-muertos-por-las-lluvias-torrenciales-en-el-noreste-de-brasil\/","title":{"rendered":"Ascienden a 100 los muertos por las lluvias torrenciales en el noreste de Brasil"},"content":{"rendered":"<p>El desastre fue ocasionado por los deslizamientos de tierra, el colapso de casas o las furiosas corrientes de agua y barro que arrasaron con todo a su paso en Recife y una decena de municipios, entre ellos Olinda.<!--more--><\/p>\n<figure class=\"mb-3\"><img decoding=\"async\" src=\"https:\/\/www.telam.com.ar\/thumbs\/bluesteel\/advf\/imagenes\/2022\/05\/629641f8b71d2_900.jpg\" alt=\"Un total de 6198 personas fueron evacuadas porque quedaron sin hogar o fueron desplazadas Foto AFP\" width=\"100%\" height=\"100%\" \/><\/p>\n<div class=\"media-icons\"><\/div><figcaption>Un total de 6.198 personas fueron evacuadas porque quedaron sin hogar o fueron desplazadas. Foto: AFP.<\/figcaption><\/figure>\n<p>Las\u00a0<strong>lluvias torrenciales en el noreste de Brasil ya provocaron 100 muertos,<\/strong>\u00a0mientras que 16 personas contin\u00faan desaparecidas y casi\u00a0<strong>6.200 permanecen evacuados<\/strong>, seg\u00fan inform\u00f3 la Secretar\u00eda de Defensa Social de Pernambuco.<\/p>\n<p>La tragedia fue ocasionada por los deslizamientos de tierra, el colapso de casas o las furiosas corrientes de agua y barro que\u00a0<strong>arrasaron con todo a su paso en Recife y una decena de municipios, entre ellos Olinda<\/strong>.<\/p>\n<p>Este lunes, el presidente Jair Bolsonaro visit\u00f3 las \u00e1reas afectadas por las lluvias que comenzaron el martes de la semana pasada pero se intensificaron entre la noche del viernes y la ma\u00f1ana del s\u00e1bado \u00faltimo.<\/p>\n<p>El volumen de lluvias alcanz\u00f3 el 70% de lo esperado para todo el mes de mayo en algunos puntos de la capital pernambucana, seg\u00fan consign\u00f3 la agencia AFP.<\/p>\n<p>Adem\u00e1s de las<strong>\u00a0v\u00edctimas fatales que ocasion\u00f3 el temporal,<\/strong>\u00a0que llegan a un centenar, los equipos de rescate y emergencia siguen buscando a 16 personas que se encuentran desaparecidas.<\/p>\n<p>Adem\u00e1s, un total de 6.198 personas fueron evacuadas porque quedaron sin hogar o fueron desplazadas.<\/p>\n<p>Asimismo, se\u00a0<strong>registraron grandes da\u00f1os en las infraestructuras\u00a0<\/strong>de varios municipios.<\/p>\n<p>El gobierno federal anunci\u00f3 una partida de 1.000 millones de reales (unos 210 millones de d\u00f3lares) para asistir al gobierno y los municipios locales con la respuesta humanitaria, el restablecimiento de los servicios b\u00e1sicos y, posteriormente, la reconstrucci\u00f3n de viviendas.<\/p>\n","protected":false},"excerpt":{"rendered":"<p>El desastre fue ocasionado por los deslizamientos de tierra, el colapso de casas o las furiosas corrientes de agua y barro que arrasaron con todo a su paso en Recife y una decena de municipios, entre ellos Olinda.<\/p>\n","protected":false},"author":3,"featured_media":0,"comment_status":"closed","ping_status":"closed","sticky":false,"template":"","format":"standard","meta":{"footnotes":""},"categories":[1],"tags":[],"class_list":["post-72984","post","type-post","status-publish","format-standard","hentry","category-sin-categoria"],"yoast_head":"<!-- This site is optimized with the Yoast SEO plugin v25.9 - https:\/\/yoast.com\/wordpress\/plugins\/seo\/ -->\n<title>Ascienden a 100 los muertos por las lluvias torrenciales en el noreste de Brasil - Noticias Radio Reflejos<\/title>\n<meta name=\"robots\" content=\"index, follow, max-snippet:-1, max-image-preview:large, max-video-preview:-1\" \/>\n<link rel=\"canonical\" href=\"https:\/\/www.noticiasradioreflejos.com.ar\/2021\/ascienden-a-100-los-muertos-por-las-lluvias-torrenciales-en-el-noreste-de-brasil\/\" \/>\n<meta property=\"og:locale\" content=\"es_ES\" \/>\n<meta property=\"og:type\" content=\"article\" \/>\n<meta property=\"og:title\" content=\"Ascienden a 100 los muertos por las lluvias torrenciales en el noreste de Brasil - Noticias Radio Reflejos\" \/>\n<meta property=\"og:description\" content=\"El desastre fue ocasionado por los deslizamientos de tierra, el colapso de casas o las furiosas corrientes de agua y barro que arrasaron con todo a su paso en Recife y una decena de municipios, entre ellos Olinda.\" \/>\n<meta property=\"og:url\" content=\"https:\/\/www.noticiasradioreflejos.com.ar\/2021\/ascienden-a-100-los-muertos-por-las-lluvias-torrenciales-en-el-noreste-de-brasil\/\" \/>\n<meta property=\"og:site_name\" content=\"Noticias Radio Reflejos\" \/>\n<meta property=\"article:published_time\" content=\"2022-06-01T00:43:29+00:00\" \/>\n<meta property=\"og:image\" content=\"https:\/\/www.telam.com.ar\/thumbs\/bluesteel\/advf\/imagenes\/2022\/05\/629641f8b71d2_900.jpg\" \/>\n<meta name=\"author\" content=\"Arnaldo Botto\" \/>\n<meta name=\"twitter:card\" content=\"summary_large_image\" \/>\n<script type=\"application\/ld+json\" class=\"yoast-schema-graph\">{\"@context\":\"https:\/\/schema.org\",\"@graph\":[{\"@type\":\"WebPage\",\"@id\":\"https:\/\/www.noticiasradioreflejos.com.ar\/2021\/ascienden-a-100-los-muertos-por-las-lluvias-torrenciales-en-el-noreste-de-brasil\/\",\"url\":\"https:\/\/www.noticiasradioreflejos.com.ar\/2021\/ascienden-a-100-los-muertos-por-las-lluvias-torrenciales-en-el-noreste-de-brasil\/\",\"name\":\"Ascienden a 100 los muertos por las lluvias torrenciales en el noreste de Brasil - Noticias Radio Reflejos\",\"isPartOf\":{\"@id\":\"https:\/\/www.noticiasradioreflejos.com.ar\/2021\/#website\"},\"primaryImageOfPage\":{\"@id\":\"https:\/\/www.noticiasradioreflejos.com.ar\/2021\/ascienden-a-100-los-muertos-por-las-lluvias-torrenciales-en-el-noreste-de-brasil\/#primaryimage\"},\"image\":{\"@id\":\"https:\/\/www.noticiasradioreflejos.com.ar\/2021\/ascienden-a-100-los-muertos-por-las-lluvias-torrenciales-en-el-noreste-de-brasil\/#primaryimage\"},\"thumbnailUrl\":\"https:\/\/www.telam.com.ar\/thumbs\/bluesteel\/advf\/imagenes\/2022\/05\/629641f8b71d2_900.jpg\",\"datePublished\":\"2022-06-01T00:43:29+00:00\",\"author\":{\"@id\":\"https:\/\/www.noticiasradioreflejos.com.ar\/2021\/#\/schema\/person\/ad82545263dcc5ec0996818884fd5fb1\"},\"breadcrumb\":{\"@id\":\"https:\/\/www.noticiasradioreflejos.com.ar\/2021\/ascienden-a-100-los-muertos-por-las-lluvias-torrenciales-en-el-noreste-de-brasil\/#breadcrumb\"},\"inLanguage\":\"es\",\"potentialAction\":[{\"@type\":\"ReadAction\",\"target\":[\"https:\/\/www.noticiasradioreflejos.com.ar\/2021\/ascienden-a-100-los-muertos-por-las-lluvias-torrenciales-en-el-noreste-de-brasil\/\"]}]},{\"@type\":\"ImageObject\",\"inLanguage\":\"es\",\"@id\":\"https:\/\/www.noticiasradioreflejos.com.ar\/2021\/ascienden-a-100-los-muertos-por-las-lluvias-torrenciales-en-el-noreste-de-brasil\/#primaryimage\",\"url\":\"https:\/\/www.telam.com.ar\/thumbs\/bluesteel\/advf\/imagenes\/2022\/05\/629641f8b71d2_900.jpg\",\"contentUrl\":\"https:\/\/www.telam.com.ar\/thumbs\/bluesteel\/advf\/imagenes\/2022\/05\/629641f8b71d2_900.jpg\"},{\"@type\":\"BreadcrumbList\",\"@id\":\"https:\/\/www.noticiasradioreflejos.com.ar\/2021\/ascienden-a-100-los-muertos-por-las-lluvias-torrenciales-en-el-noreste-de-brasil\/#breadcrumb\",\"itemListElement\":[{\"@type\":\"ListItem\",\"position\":1,\"name\":\"Portada\",\"item\":\"https:\/\/www.noticiasradioreflejos.com.ar\/2021\/\"},{\"@type\":\"ListItem\",\"position\":2,\"name\":\"Ascienden a 100 los muertos por las lluvias torrenciales en el noreste de Brasil\"}]},{\"@type\":\"WebSite\",\"@id\":\"https:\/\/www.noticiasradioreflejos.com.ar\/2021\/#website\",\"url\":\"https:\/\/www.noticiasradioreflejos.com.ar\/2021\/\",\"name\":\"Noticias Radio Reflejos\",\"description\":\"Las noticias de mi comarca\",\"potentialAction\":[{\"@type\":\"SearchAction\",\"target\":{\"@type\":\"EntryPoint\",\"urlTemplate\":\"https:\/\/www.noticiasradioreflejos.com.ar\/2021\/?s={search_term_string}\"},\"query-input\":{\"@type\":\"PropertyValueSpecification\",\"valueRequired\":true,\"valueName\":\"search_term_string\"}}],\"inLanguage\":\"es\"},{\"@type\":\"Person\",\"@id\":\"https:\/\/www.noticiasradioreflejos.com.ar\/2021\/#\/schema\/person\/ad82545263dcc5ec0996818884fd5fb1\",\"name\":\"Arnaldo Botto\",\"image\":{\"@type\":\"ImageObject\",\"inLanguage\":\"es\",\"@id\":\"https:\/\/www.noticiasradioreflejos.com.ar\/2021\/#\/schema\/person\/image\/\",\"url\":\"https:\/\/secure.gravatar.com\/avatar\/55cb5e37c1efa326397366e6974cb338056df65cb50e7d64d1cf314e87504837?s=96&d=mm&r=g\",\"contentUrl\":\"https:\/\/secure.gravatar.com\/avatar\/55cb5e37c1efa326397366e6974cb338056df65cb50e7d64d1cf314e87504837?s=96&d=mm&r=g\",\"caption\":\"Arnaldo Botto\"},\"url\":\"https:\/\/www.noticiasradioreflejos.com.ar\/2021\/author\/arnaldo\/\"}]}<\/script>\n<!-- \/ Yoast SEO plugin. -->","yoast_head_json":{"title":"Ascienden a 100 los muertos por las lluvias torrenciales en el noreste de Brasil - Noticias Radio Reflejos","robots":{"index":"index","follow":"follow","max-snippet":"max-snippet:-1","max-image-preview":"max-image-preview:large","max-video-preview":"max-video-preview:-1"},"canonical":"https:\/\/www.noticiasradioreflejos.com.ar\/2021\/ascienden-a-100-los-muertos-por-las-lluvias-torrenciales-en-el-noreste-de-brasil\/","og_locale":"es_ES","og_type":"article","og_title":"Ascienden a 100 los muertos por las lluvias torrenciales en el noreste de Brasil - Noticias Radio Reflejos","og_description":"El desastre fue ocasionado por los deslizamientos de tierra, el colapso de casas o las furiosas corrientes de agua y barro que arrasaron con todo a su paso en Recife y una decena de municipios, entre ellos Olinda.","og_url":"https:\/\/www.noticiasradioreflejos.com.ar\/2021\/ascienden-a-100-los-muertos-por-las-lluvias-torrenciales-en-el-noreste-de-brasil\/","og_site_name":"Noticias Radio Reflejos","article_published_time":"2022-06-01T00:43:29+00:00","og_image":[{"url":"https:\/\/www.telam.com.ar\/thumbs\/bluesteel\/advf\/imagenes\/2022\/05\/629641f8b71d2_900.jpg","type":"","width":"","height":""}],"author":"Arnaldo Botto","twitter_card":"summary_large_image","schema":{"@context":"https:\/\/schema.org","@graph":[{"@type":"WebPage","@id":"https:\/\/www.noticiasradioreflejos.com.ar\/2021\/ascienden-a-100-los-muertos-por-las-lluvias-torrenciales-en-el-noreste-de-brasil\/","url":"https:\/\/www.noticiasradioreflejos.com.ar\/2021\/ascienden-a-100-los-muertos-por-las-lluvias-torrenciales-en-el-noreste-de-brasil\/","name":"Ascienden a 100 los muertos por las lluvias torrenciales en el noreste de Brasil - Noticias Radio Reflejos","isPartOf":{"@id":"https:\/\/www.noticiasradioreflejos.com.ar\/2021\/#website"},"primaryImageOfPage":{"@id":"https:\/\/www.noticiasradioreflejos.com.ar\/2021\/ascienden-a-100-los-muertos-por-las-lluvias-torrenciales-en-el-noreste-de-brasil\/#primaryimage"},"image":{"@id":"https:\/\/www.noticiasradioreflejos.com.ar\/2021\/ascienden-a-100-los-muertos-por-las-lluvias-torrenciales-en-el-noreste-de-brasil\/#primaryimage"},"thumbnailUrl":"https:\/\/www.telam.com.ar\/thumbs\/bluesteel\/advf\/imagenes\/2022\/05\/629641f8b71d2_900.jpg","datePublished":"2022-06-01T00:43:29+00:00","author":{"@id":"https:\/\/www.noticiasradioreflejos.com.ar\/2021\/#\/schema\/person\/ad82545263dcc5ec0996818884fd5fb1"},"breadcrumb":{"@id":"https:\/\/www.noticiasradioreflejos.com.ar\/2021\/ascienden-a-100-los-muertos-por-las-lluvias-torrenciales-en-el-noreste-de-brasil\/#breadcrumb"},"inLanguage":"es","potentialAction":[{"@type":"ReadAction","target":["https:\/\/www.noticiasradioreflejos.com.ar\/2021\/ascienden-a-100-los-muertos-por-las-lluvias-torrenciales-en-el-noreste-de-brasil\/"]}]},{"@type":"ImageObject","inLanguage":"es","@id":"https:\/\/www.noticiasradioreflejos.com.ar\/2021\/ascienden-a-100-los-muertos-por-las-lluvias-torrenciales-en-el-noreste-de-brasil\/#primaryimage","url":"https:\/\/www.telam.com.ar\/thumbs\/bluesteel\/advf\/imagenes\/2022\/05\/629641f8b71d2_900.jpg","contentUrl":"https:\/\/www.telam.com.ar\/thumbs\/bluesteel\/advf\/imagenes\/2022\/05\/629641f8b71d2_900.jpg"},{"@type":"BreadcrumbList","@id":"https:\/\/www.noticiasradioreflejos.com.ar\/2021\/ascienden-a-100-los-muertos-por-las-lluvias-torrenciales-en-el-noreste-de-brasil\/#breadcrumb","itemListElement":[{"@type":"ListItem","position":1,"name":"Portada","item":"https:\/\/www.noticiasradioreflejos.com.ar\/2021\/"},{"@type":"ListItem","position":2,"name":"Ascienden a 100 los muertos por las lluvias torrenciales en el noreste de Brasil"}]},{"@type":"WebSite","@id":"https:\/\/www.noticiasradioreflejos.com.ar\/2021\/#website","url":"https:\/\/www.noticiasradioreflejos.com.ar\/2021\/","name":"Noticias Radio Reflejos","description":"Las noticias de mi comarca","potentialAction":[{"@type":"SearchAction","target":{"@type":"EntryPoint","urlTemplate":"https:\/\/www.noticiasradioreflejos.com.ar\/2021\/?s={search_term_string}"},"query-input":{"@type":"PropertyValueSpecification","valueRequired":true,"valueName":"search_term_string"}}],"inLanguage":"es"},{"@type":"Person","@id":"https:\/\/www.noticiasradioreflejos.com.ar\/2021\/#\/schema\/person\/ad82545263dcc5ec0996818884fd5fb1","name":"Arnaldo Botto","image":{"@type":"ImageObject","inLanguage":"es","@id":"https:\/\/www.noticiasradioreflejos.com.ar\/2021\/#\/schema\/person\/image\/","url":"https:\/\/secure.gravatar.com\/avatar\/55cb5e37c1efa326397366e6974cb338056df65cb50e7d64d1cf314e87504837?s=96&d=mm&r=g","contentUrl":"https:\/\/secure.gravatar.com\/avatar\/55cb5e37c1efa326397366e6974cb338056df65cb50e7d64d1cf314e87504837?s=96&d=mm&r=g","caption":"Arnaldo Botto"},"url":"https:\/\/www.noticiasradioreflejos.com.ar\/2021\/author\/arnaldo\/"}]}},"_links":{"self":[{"href":"https:\/\/www.noticiasradioreflejos.com.ar\/2021\/wp-json\/wp\/v2\/posts\/72984","targetHints":{"allow":["GET"]}}],"collection":[{"href":"https:\/\/www.noticiasradioreflejos.com.ar\/2021\/wp-json\/wp\/v2\/posts"}],"about":[{"href":"https:\/\/www.noticiasradioreflejos.com.ar\/2021\/wp-json\/wp\/v2\/types\/post"}],"author":[{"embeddable":true,"href":"https:\/\/www.noticiasradioreflejos.com.ar\/2021\/wp-json\/wp\/v2\/users\/3"}],"replies":[{"embeddable":true,"href":"https:\/\/www.noticiasradioreflejos.com.ar\/2021\/wp-json\/wp\/v2\/comments?post=72984"}],"version-history":[{"count":1,"href":"https:\/\/www.noticiasradioreflejos.com.ar\/2021\/wp-json\/wp\/v2\/posts\/72984\/revisions"}],"predecessor-version":[{"id":72986,"href":"https:\/\/www.noticiasradioreflejos.com.ar\/2021\/wp-json\/wp\/v2\/posts\/72984\/revisions\/72986"}],"wp:attachment":[{"href":"https:\/\/www.noticiasradioreflejos.com.ar\/2021\/wp-json\/wp\/v2\/media?parent=72984"}],"wp:term":[{"taxonomy":"category","embeddable":true,"href":"https:\/\/www.noticiasradioreflejos.com.ar\/2021\/wp-json\/wp\/v2\/categories?post=72984"},{"taxonomy":"post_tag","embeddable":true,"href":"https:\/\/www.noticiasradioreflejos.com.ar\/2021\/wp-json\/wp\/v2\/tags?post=72984"}],"curies":[{"name":"wp","href":"https:\/\/api.w.org\/{rel}","templated":true}]}}