{"id":72975,"date":"2022-05-31T20:57:39","date_gmt":"2022-05-31T20:57:39","guid":{"rendered":"http:\/\/www.noticiasradioreflejos.com.ar\/2021\/?p=72975"},"modified":"2022-05-31T20:57:39","modified_gmt":"2022-05-31T20:57:39","slug":"aguas-claras-un-concurso-destinado-a-potenciar-iniciativas-que-mejoren-la-gestion-del-agua-en-el-pais","status":"publish","type":"post","link":"https:\/\/www.noticiasradioreflejos.com.ar\/2021\/aguas-claras-un-concurso-destinado-a-potenciar-iniciativas-que-mejoren-la-gestion-del-agua-en-el-pais\/","title":{"rendered":"Aguas Claras: un concurso destinado a potenciar iniciativas que mejoren la gesti\u00f3n del agua en el pa\u00eds"},"content":{"rendered":"<div class=\"gmail_attr\" dir=\"ltr\"><i>Ofrece un programa de co-creaci\u00f3n por 12 meses, con talleres y encuentros con especialistas para el asesoramiento y gu\u00eda de las investigaciones.<\/i><\/div>\n<p><!--more--><\/p>\n<div dir=\"ltr\">\n<div class=\"gmail_quote\">\n<div dir=\"ltr\">\n<p dir=\"ltr\">La Fundaci\u00f3n Bunge y Born lanz\u00f3 el Concurso Aguas Claras, una iniciativa que busca ideas-proyecto creativas e innovadoras que mejoren la gesti\u00f3n h\u00eddrica, y que contribuyan a prevenir y mitigar problemas ambientales elevando la calidad de vida de los habitantes en Argentina.<\/p>\n<p dir=\"ltr\">El concurso ofrece premios de hasta $3.000.000 y la posibilidad de acceder a un programa de co-creaci\u00f3n con una duraci\u00f3n de doce meses, que incluir\u00e1 talleres y encuentros peri\u00f3dicos con especialistas para el asesoramiento y gu\u00eda de los equipos.<\/p>\n<p dir=\"ltr\">La convocatoria est\u00e1 dirigida a equipos de trabajo liderados por investigadores de la comunidad cient\u00edfica del pa\u00eds junto a colaboradores externos (funcionarios dedicados a la gesti\u00f3n del agua, profesionales de empresas prestadoras de servicios h\u00eddricos, organizaciones sociales, etc.) que tengan vinculaci\u00f3n directa con las problem\u00e1ticas estudiadas.<\/p>\n<p dir=\"ltr\">El cierre de las inscripciones ser\u00e1 el 4 de julio, y las bases y condiciones, y el formulario para participar, se encuentran disponibles en:<\/p>\n<p dir=\"ltr\"><a href=\"https:\/\/www.fundacionbyb.org\/concurso-aguas-claras\" target=\"_blank\" rel=\"noopener\" data-saferedirecturl=\"https:\/\/www.google.com\/url?q=https:\/\/www.fundacionbyb.org\/concurso-aguas-claras&amp;source=gmail&amp;ust=1654116364975000&amp;usg=AOvVaw2soUIivENOd44HfLEcTDcg\">https:\/\/www.fundacionbyb.org\/<wbr \/>concurso-aguas-claras<\/a><\/p>\n<p><a title=\"Concurso Aguas Claras\" href=\"https:\/\/www.flickr.com\/photos\/182279889@N02\/52113272033\/in\/dateposted-public\/\" data-flickr-embed=\"true\"><img loading=\"lazy\" decoding=\"async\" src=\"https:\/\/live.staticflickr.com\/65535\/52113272033_7ef404929a_c.jpg\" alt=\"Concurso Aguas Claras\" width=\"800\" height=\"800\" \/><\/a><script async src=\"\/\/embedr.flickr.com\/assets\/client-code.js\" charset=\"utf-8\"><\/script><\/p>\n<h4 dir=\"ltr\">\u00a0Plataforma Aguas Claras<\/h4>\n<p dir=\"ltr\">La fundaci\u00f3n ya comenz\u00f3 a trabajar en la visibilizaci\u00f3n y an\u00e1lisis de las problem\u00e1ticas de provisi\u00f3n y disposici\u00f3n del agua en m\u00e1s de 200 ciudades del pa\u00eds. El objetivo es lograr sinergias entre las ciencias y la gesti\u00f3n p\u00fablica enfocadas en este recurso h\u00eddrico y en los ecosistemas acu\u00e1ticos. Tambi\u00e9n, busca conectar a los ciudadanos con la realidad invisible del agua de la que cotidianamente disponen.<\/p>\n<p dir=\"ltr\">Para eso conform\u00f3 la Plataforma de Aguas Claras, que incluye el Mapa de Aguas Claras y el Monitor de Crisis H\u00eddricas, dos herramientas que promueven un conocimiento m\u00e1s acabado, transparente y compartido entre organismos de gesti\u00f3n p\u00fablica y\u00a0 la ciudadan\u00eda con el fin de fomentar la sustentabilidad y la seguridad h\u00eddrica.<\/p>\n<\/div>\n<\/div>\n<\/div>\n","protected":false},"excerpt":{"rendered":"<p>Ofrece un programa de co-creaci\u00f3n por 12 meses, con talleres y encuentros con especialistas para el asesoramiento y gu\u00eda de las investigaciones.<\/p>\n","protected":false},"author":3,"featured_media":5159,"comment_status":"closed","ping_status":"closed","sticky":false,"template":"","format":"standard","meta":{"footnotes":""},"categories":[46,24,26],"tags":[],"class_list":["post-72975","post","type-post","status-publish","format-standard","has-post-thumbnail","hentry","category-ciencia-y-tecnologia","category-politica","category-sociedad"],"yoast_head":"<!-- This site is optimized with the Yoast SEO plugin v25.9 - https:\/\/yoast.com\/wordpress\/plugins\/seo\/ -->\n<title>Aguas Claras: un concurso destinado a potenciar iniciativas que mejoren la gesti\u00f3n del agua en el pa\u00eds - Noticias Radio Reflejos<\/title>\n<meta name=\"robots\" content=\"index, follow, max-snippet:-1, max-image-preview:large, max-video-preview:-1\" \/>\n<link rel=\"canonical\" href=\"https:\/\/www.noticiasradioreflejos.com.ar\/2021\/aguas-claras-un-concurso-destinado-a-potenciar-iniciativas-que-mejoren-la-gestion-del-agua-en-el-pais\/\" \/>\n<meta property=\"og:locale\" content=\"es_ES\" \/>\n<meta property=\"og:type\" content=\"article\" \/>\n<meta property=\"og:title\" content=\"Aguas Claras: un concurso destinado a potenciar iniciativas que mejoren la gesti\u00f3n del agua en el pa\u00eds - Noticias Radio Reflejos\" \/>\n<meta property=\"og:description\" content=\"Ofrece un programa de co-creaci\u00f3n por 12 meses, con talleres y encuentros con especialistas para el asesoramiento y gu\u00eda de las investigaciones.\" \/>\n<meta property=\"og:url\" content=\"https:\/\/www.noticiasradioreflejos.com.ar\/2021\/aguas-claras-un-concurso-destinado-a-potenciar-iniciativas-que-mejoren-la-gestion-del-agua-en-el-pais\/\" \/>\n<meta property=\"og:site_name\" content=\"Noticias Radio Reflejos\" \/>\n<meta property=\"article:published_time\" content=\"2022-05-31T20:57:39+00:00\" \/>\n<meta property=\"og:image\" content=\"https:\/\/www.noticiasradioreflejos.com.ar\/2021\/wp-content\/uploads\/2016\/12\/Balneario-Saldungaray.jpg\" \/>\n\t<meta property=\"og:image:width\" content=\"960\" \/>\n\t<meta property=\"og:image:height\" content=\"720\" \/>\n\t<meta property=\"og:image:type\" content=\"image\/jpeg\" \/>\n<meta name=\"author\" content=\"Arnaldo Botto\" \/>\n<meta name=\"twitter:card\" content=\"summary_large_image\" \/>\n<script type=\"application\/ld+json\" class=\"yoast-schema-graph\">{\"@context\":\"https:\/\/schema.org\",\"@graph\":[{\"@type\":\"WebPage\",\"@id\":\"https:\/\/www.noticiasradioreflejos.com.ar\/2021\/aguas-claras-un-concurso-destinado-a-potenciar-iniciativas-que-mejoren-la-gestion-del-agua-en-el-pais\/\",\"url\":\"https:\/\/www.noticiasradioreflejos.com.ar\/2021\/aguas-claras-un-concurso-destinado-a-potenciar-iniciativas-que-mejoren-la-gestion-del-agua-en-el-pais\/\",\"name\":\"Aguas Claras: un concurso destinado a potenciar iniciativas que mejoren la gesti\u00f3n del agua en el pa\u00eds - Noticias Radio Reflejos\",\"isPartOf\":{\"@id\":\"https:\/\/www.noticiasradioreflejos.com.ar\/2021\/#website\"},\"primaryImageOfPage\":{\"@id\":\"https:\/\/www.noticiasradioreflejos.com.ar\/2021\/aguas-claras-un-concurso-destinado-a-potenciar-iniciativas-que-mejoren-la-gestion-del-agua-en-el-pais\/#primaryimage\"},\"image\":{\"@id\":\"https:\/\/www.noticiasradioreflejos.com.ar\/2021\/aguas-claras-un-concurso-destinado-a-potenciar-iniciativas-que-mejoren-la-gestion-del-agua-en-el-pais\/#primaryimage\"},\"thumbnailUrl\":\"https:\/\/www.noticiasradioreflejos.com.ar\/2021\/wp-content\/uploads\/2016\/12\/Balneario-Saldungaray.jpg\",\"datePublished\":\"2022-05-31T20:57:39+00:00\",\"author\":{\"@id\":\"https:\/\/www.noticiasradioreflejos.com.ar\/2021\/#\/schema\/person\/ad82545263dcc5ec0996818884fd5fb1\"},\"breadcrumb\":{\"@id\":\"https:\/\/www.noticiasradioreflejos.com.ar\/2021\/aguas-claras-un-concurso-destinado-a-potenciar-iniciativas-que-mejoren-la-gestion-del-agua-en-el-pais\/#breadcrumb\"},\"inLanguage\":\"es\",\"potentialAction\":[{\"@type\":\"ReadAction\",\"target\":[\"https:\/\/www.noticiasradioreflejos.com.ar\/2021\/aguas-claras-un-concurso-destinado-a-potenciar-iniciativas-que-mejoren-la-gestion-del-agua-en-el-pais\/\"]}]},{\"@type\":\"ImageObject\",\"inLanguage\":\"es\",\"@id\":\"https:\/\/www.noticiasradioreflejos.com.ar\/2021\/aguas-claras-un-concurso-destinado-a-potenciar-iniciativas-que-mejoren-la-gestion-del-agua-en-el-pais\/#primaryimage\",\"url\":\"https:\/\/www.noticiasradioreflejos.com.ar\/2021\/wp-content\/uploads\/2016\/12\/Balneario-Saldungaray.jpg\",\"contentUrl\":\"https:\/\/www.noticiasradioreflejos.com.ar\/2021\/wp-content\/uploads\/2016\/12\/Balneario-Saldungaray.jpg\",\"width\":960,\"height\":720},{\"@type\":\"BreadcrumbList\",\"@id\":\"https:\/\/www.noticiasradioreflejos.com.ar\/2021\/aguas-claras-un-concurso-destinado-a-potenciar-iniciativas-que-mejoren-la-gestion-del-agua-en-el-pais\/#breadcrumb\",\"itemListElement\":[{\"@type\":\"ListItem\",\"position\":1,\"name\":\"Portada\",\"item\":\"https:\/\/www.noticiasradioreflejos.com.ar\/2021\/\"},{\"@type\":\"ListItem\",\"position\":2,\"name\":\"Aguas Claras: un concurso destinado a potenciar iniciativas que mejoren la gesti\u00f3n del agua en el pa\u00eds\"}]},{\"@type\":\"WebSite\",\"@id\":\"https:\/\/www.noticiasradioreflejos.com.ar\/2021\/#website\",\"url\":\"https:\/\/www.noticiasradioreflejos.com.ar\/2021\/\",\"name\":\"Noticias Radio Reflejos\",\"description\":\"Las noticias de mi comarca\",\"potentialAction\":[{\"@type\":\"SearchAction\",\"target\":{\"@type\":\"EntryPoint\",\"urlTemplate\":\"https:\/\/www.noticiasradioreflejos.com.ar\/2021\/?s={search_term_string}\"},\"query-input\":{\"@type\":\"PropertyValueSpecification\",\"valueRequired\":true,\"valueName\":\"search_term_string\"}}],\"inLanguage\":\"es\"},{\"@type\":\"Person\",\"@id\":\"https:\/\/www.noticiasradioreflejos.com.ar\/2021\/#\/schema\/person\/ad82545263dcc5ec0996818884fd5fb1\",\"name\":\"Arnaldo Botto\",\"image\":{\"@type\":\"ImageObject\",\"inLanguage\":\"es\",\"@id\":\"https:\/\/www.noticiasradioreflejos.com.ar\/2021\/#\/schema\/person\/image\/\",\"url\":\"https:\/\/secure.gravatar.com\/avatar\/55cb5e37c1efa326397366e6974cb338056df65cb50e7d64d1cf314e87504837?s=96&d=mm&r=g\",\"contentUrl\":\"https:\/\/secure.gravatar.com\/avatar\/55cb5e37c1efa326397366e6974cb338056df65cb50e7d64d1cf314e87504837?s=96&d=mm&r=g\",\"caption\":\"Arnaldo Botto\"},\"url\":\"https:\/\/www.noticiasradioreflejos.com.ar\/2021\/author\/arnaldo\/\"}]}<\/script>\n<!-- \/ Yoast SEO plugin. -->","yoast_head_json":{"title":"Aguas Claras: un concurso destinado a potenciar iniciativas que mejoren la gesti\u00f3n del agua en el pa\u00eds - Noticias Radio Reflejos","robots":{"index":"index","follow":"follow","max-snippet":"max-snippet:-1","max-image-preview":"max-image-preview:large","max-video-preview":"max-video-preview:-1"},"canonical":"https:\/\/www.noticiasradioreflejos.com.ar\/2021\/aguas-claras-un-concurso-destinado-a-potenciar-iniciativas-que-mejoren-la-gestion-del-agua-en-el-pais\/","og_locale":"es_ES","og_type":"article","og_title":"Aguas Claras: un concurso destinado a potenciar iniciativas que mejoren la gesti\u00f3n del agua en el pa\u00eds - Noticias Radio Reflejos","og_description":"Ofrece un programa de co-creaci\u00f3n por 12 meses, con talleres y encuentros con especialistas para el asesoramiento y gu\u00eda de las investigaciones.","og_url":"https:\/\/www.noticiasradioreflejos.com.ar\/2021\/aguas-claras-un-concurso-destinado-a-potenciar-iniciativas-que-mejoren-la-gestion-del-agua-en-el-pais\/","og_site_name":"Noticias Radio Reflejos","article_published_time":"2022-05-31T20:57:39+00:00","og_image":[{"width":960,"height":720,"url":"https:\/\/www.noticiasradioreflejos.com.ar\/2021\/wp-content\/uploads\/2016\/12\/Balneario-Saldungaray.jpg","type":"image\/jpeg"}],"author":"Arnaldo Botto","twitter_card":"summary_large_image","schema":{"@context":"https:\/\/schema.org","@graph":[{"@type":"WebPage","@id":"https:\/\/www.noticiasradioreflejos.com.ar\/2021\/aguas-claras-un-concurso-destinado-a-potenciar-iniciativas-que-mejoren-la-gestion-del-agua-en-el-pais\/","url":"https:\/\/www.noticiasradioreflejos.com.ar\/2021\/aguas-claras-un-concurso-destinado-a-potenciar-iniciativas-que-mejoren-la-gestion-del-agua-en-el-pais\/","name":"Aguas Claras: un concurso destinado a potenciar iniciativas que mejoren la gesti\u00f3n del agua en el pa\u00eds - Noticias Radio Reflejos","isPartOf":{"@id":"https:\/\/www.noticiasradioreflejos.com.ar\/2021\/#website"},"primaryImageOfPage":{"@id":"https:\/\/www.noticiasradioreflejos.com.ar\/2021\/aguas-claras-un-concurso-destinado-a-potenciar-iniciativas-que-mejoren-la-gestion-del-agua-en-el-pais\/#primaryimage"},"image":{"@id":"https:\/\/www.noticiasradioreflejos.com.ar\/2021\/aguas-claras-un-concurso-destinado-a-potenciar-iniciativas-que-mejoren-la-gestion-del-agua-en-el-pais\/#primaryimage"},"thumbnailUrl":"https:\/\/www.noticiasradioreflejos.com.ar\/2021\/wp-content\/uploads\/2016\/12\/Balneario-Saldungaray.jpg","datePublished":"2022-05-31T20:57:39+00:00","author":{"@id":"https:\/\/www.noticiasradioreflejos.com.ar\/2021\/#\/schema\/person\/ad82545263dcc5ec0996818884fd5fb1"},"breadcrumb":{"@id":"https:\/\/www.noticiasradioreflejos.com.ar\/2021\/aguas-claras-un-concurso-destinado-a-potenciar-iniciativas-que-mejoren-la-gestion-del-agua-en-el-pais\/#breadcrumb"},"inLanguage":"es","potentialAction":[{"@type":"ReadAction","target":["https:\/\/www.noticiasradioreflejos.com.ar\/2021\/aguas-claras-un-concurso-destinado-a-potenciar-iniciativas-que-mejoren-la-gestion-del-agua-en-el-pais\/"]}]},{"@type":"ImageObject","inLanguage":"es","@id":"https:\/\/www.noticiasradioreflejos.com.ar\/2021\/aguas-claras-un-concurso-destinado-a-potenciar-iniciativas-que-mejoren-la-gestion-del-agua-en-el-pais\/#primaryimage","url":"https:\/\/www.noticiasradioreflejos.com.ar\/2021\/wp-content\/uploads\/2016\/12\/Balneario-Saldungaray.jpg","contentUrl":"https:\/\/www.noticiasradioreflejos.com.ar\/2021\/wp-content\/uploads\/2016\/12\/Balneario-Saldungaray.jpg","width":960,"height":720},{"@type":"BreadcrumbList","@id":"https:\/\/www.noticiasradioreflejos.com.ar\/2021\/aguas-claras-un-concurso-destinado-a-potenciar-iniciativas-que-mejoren-la-gestion-del-agua-en-el-pais\/#breadcrumb","itemListElement":[{"@type":"ListItem","position":1,"name":"Portada","item":"https:\/\/www.noticiasradioreflejos.com.ar\/2021\/"},{"@type":"ListItem","position":2,"name":"Aguas Claras: un concurso destinado a potenciar iniciativas que mejoren la gesti\u00f3n del agua en el pa\u00eds"}]},{"@type":"WebSite","@id":"https:\/\/www.noticiasradioreflejos.com.ar\/2021\/#website","url":"https:\/\/www.noticiasradioreflejos.com.ar\/2021\/","name":"Noticias Radio Reflejos","description":"Las noticias de mi comarca","potentialAction":[{"@type":"SearchAction","target":{"@type":"EntryPoint","urlTemplate":"https:\/\/www.noticiasradioreflejos.com.ar\/2021\/?s={search_term_string}"},"query-input":{"@type":"PropertyValueSpecification","valueRequired":true,"valueName":"search_term_string"}}],"inLanguage":"es"},{"@type":"Person","@id":"https:\/\/www.noticiasradioreflejos.com.ar\/2021\/#\/schema\/person\/ad82545263dcc5ec0996818884fd5fb1","name":"Arnaldo Botto","image":{"@type":"ImageObject","inLanguage":"es","@id":"https:\/\/www.noticiasradioreflejos.com.ar\/2021\/#\/schema\/person\/image\/","url":"https:\/\/secure.gravatar.com\/avatar\/55cb5e37c1efa326397366e6974cb338056df65cb50e7d64d1cf314e87504837?s=96&d=mm&r=g","contentUrl":"https:\/\/secure.gravatar.com\/avatar\/55cb5e37c1efa326397366e6974cb338056df65cb50e7d64d1cf314e87504837?s=96&d=mm&r=g","caption":"Arnaldo Botto"},"url":"https:\/\/www.noticiasradioreflejos.com.ar\/2021\/author\/arnaldo\/"}]}},"_links":{"self":[{"href":"https:\/\/www.noticiasradioreflejos.com.ar\/2021\/wp-json\/wp\/v2\/posts\/72975","targetHints":{"allow":["GET"]}}],"collection":[{"href":"https:\/\/www.noticiasradioreflejos.com.ar\/2021\/wp-json\/wp\/v2\/posts"}],"about":[{"href":"https:\/\/www.noticiasradioreflejos.com.ar\/2021\/wp-json\/wp\/v2\/types\/post"}],"author":[{"embeddable":true,"href":"https:\/\/www.noticiasradioreflejos.com.ar\/2021\/wp-json\/wp\/v2\/users\/3"}],"replies":[{"embeddable":true,"href":"https:\/\/www.noticiasradioreflejos.com.ar\/2021\/wp-json\/wp\/v2\/comments?post=72975"}],"version-history":[{"count":1,"href":"https:\/\/www.noticiasradioreflejos.com.ar\/2021\/wp-json\/wp\/v2\/posts\/72975\/revisions"}],"predecessor-version":[{"id":72976,"href":"https:\/\/www.noticiasradioreflejos.com.ar\/2021\/wp-json\/wp\/v2\/posts\/72975\/revisions\/72976"}],"wp:featuredmedia":[{"embeddable":true,"href":"https:\/\/www.noticiasradioreflejos.com.ar\/2021\/wp-json\/wp\/v2\/media\/5159"}],"wp:attachment":[{"href":"https:\/\/www.noticiasradioreflejos.com.ar\/2021\/wp-json\/wp\/v2\/media?parent=72975"}],"wp:term":[{"taxonomy":"category","embeddable":true,"href":"https:\/\/www.noticiasradioreflejos.com.ar\/2021\/wp-json\/wp\/v2\/categories?post=72975"},{"taxonomy":"post_tag","embeddable":true,"href":"https:\/\/www.noticiasradioreflejos.com.ar\/2021\/wp-json\/wp\/v2\/tags?post=72975"}],"curies":[{"name":"wp","href":"https:\/\/api.w.org\/{rel}","templated":true}]}}