{"id":72959,"date":"2022-05-31T18:15:19","date_gmt":"2022-05-31T18:15:19","guid":{"rendered":"http:\/\/www.noticiasradioreflejos.com.ar\/2021\/?p=72959"},"modified":"2022-05-31T18:16:53","modified_gmt":"2022-05-31T18:16:53","slug":"para-cuidar-la-obra-de-salamone-lo-importante-es-darla-a-conocer","status":"publish","type":"post","link":"https:\/\/www.noticiasradioreflejos.com.ar\/2021\/para-cuidar-la-obra-de-salamone-lo-importante-es-darla-a-conocer\/","title":{"rendered":"\u201cPara cuidar la obra de Salamone lo importante es darla a conocer\u201d"},"content":{"rendered":"<p>El pr\u00f3ximo domingo se cumplir\u00e1 un nuevo aniversario del arquitecto que con sus obras revolucion\u00f3 a la Provincia de Buenos Aires, y especialmente al sudoeste bonaerense. Al respecto se refiri\u00f3<strong> Anabella Madue\u00f1a<\/strong>.<!--more--><\/p>\n<p><a title=\"Matadero de Carue\" href=\"https:\/\/www.flickr.com\/photos\/182279889@N02\/52111829377\/in\/dateposted-public\/\" data-flickr-embed=\"true\"><img loading=\"lazy\" decoding=\"async\" src=\"https:\/\/live.staticflickr.com\/65535\/52111829377_3ec4b5b5eb_c.jpg\" alt=\"Matadero de Carue\" width=\"800\" height=\"656\" \/><\/a><script async src=\"\/\/embedr.flickr.com\/assets\/client-code.js\" charset=\"utf-8\"><\/script><\/p>\n<p>El venidero domingo se conmemorar\u00e1n 125 a\u00f1os del nacimiento de uno de los art\u00edfices m\u00e1s prol\u00edferos en cuanto a cultura edilicia de la Provincia de Buenos Aires:<strong> Ing. Arq. Francisco Salamone.<\/strong><\/p>\n<p>La obra de este arquitecto puede verse en distintos puntos geogr\u00e1ficos, pero espec\u00edficamente en el sudoeste bonaerense cuenta con una presencia preponderante, que a\u00fan hoy trasciende al tiempo y se perpet\u00faa afortunadamente a trav\u00e9s del saber popular.<\/p>\n<p>Al respecto la ex Secretaria de Obras P\u00fablicas de Tornquist, la arquitecta Anabella Madue\u00f1a, coment\u00f3 que \u201cen el momento que estuve estudiando arquitectura en La Plata era una materia m\u00e1s estudiar las obras de Salamone, pero ya en el distrito, cuando volv\u00ed a Tornquist en el 2000, la obra la conoc\u00ed m\u00e1s por algunos actores que por la carrera universitaria. Reci\u00e9n ah\u00ed se empezaron a conocer y reconocer todas las obras que hizo en los a\u00f1os 30 y 40\u201d.<\/p>\n<p><a title=\"Anabela Madue\u00f1a (2)\" href=\"https:\/\/www.flickr.com\/photos\/182279889@N02\/52112858931\/in\/dateposted-public\/\" data-flickr-embed=\"true\"><img loading=\"lazy\" decoding=\"async\" src=\"https:\/\/live.staticflickr.com\/65535\/52112858931_af56fe5dce_c.jpg\" alt=\"Anabela Madue\u00f1a (2)\" width=\"800\" height=\"600\" \/><\/a><script async src=\"\/\/embedr.flickr.com\/assets\/client-code.js\" charset=\"utf-8\"><\/script><\/p>\n<p>Sobre los hallazgos que se fueron dando en los \u00faltimos a\u00f1os a trav\u00e9s de investigaciones, Anabella reconoci\u00f3 que \u201cen los archivos estaba el plano de un portal del cementerio de Tornquist, que finalmente no se concret\u00f3, pero se hizo de manera id\u00e9ntica en Azul aunque sin el arc\u00e1ngel que estaba planteado\u201d.<\/p>\n<p>Y continuando en esa l\u00ednea, mencion\u00f3 que \u201cen 2015 encontr\u00e9 los planos de la delegaci\u00f3n de Tres Picos, que en los inventarios de los historiadores no figura, y no se hab\u00eda asociado, que tambi\u00e9n es obra del arquitecto Salamone\u201d.<\/p>\n<p>Poniendo una mirada mucho m\u00e1s criteriosa, Madue\u00f1a admiti\u00f3 que \u201cpara cuidar la obra de Salamone, lo importante es darla a conocer\u201d.<\/p>\n<p>En tanto que seg\u00fan su perspectiva \u201cla palabra que se me viene es que fue un precursor. Todas sus obras fueron mayormente en la Provincia de Buenos Aires, todos lugares planos. Por ejemplo, la torre del palacio municipal de Tornquist tiene 42 metros, el edificio es de 1938, todos los a\u00f1os que han pasado y sigue siendo el edificio de mayor altura. Lo que debe haber sido para la \u00e9poca\u201d.<\/p>\n<p>Reforzando ese concepto, prosigui\u00f3: \u201cutilizaba ladrillo y hormig\u00f3n, pero lo llamativo fue los vol\u00famenes. Hoy llama la atenci\u00f3n, no me quiero imaginar para aquella \u00e9poca. Las vidas que habr\u00e1n costado por todas las medidas de seguridad que no estaban implementadas\u201d.<\/p>\n<p><a href=\"http:\/\/www.noticiasradioreflejos.com.ar\/2021\/cementerio-saldungaray\/\"><img loading=\"lazy\" decoding=\"async\" class=\"aligncenter size-full wp-image-4019\" src=\"http:\/\/www.noticiasradioreflejos.com.ar\/2021\/wp-content\/uploads\/2016\/11\/cementerio-Saldungaray-scaled.jpg\" alt=\"\" width=\"2560\" height=\"1920\" srcset=\"https:\/\/www.noticiasradioreflejos.com.ar\/2021\/wp-content\/uploads\/2016\/11\/cementerio-Saldungaray-scaled.jpg 2560w, https:\/\/www.noticiasradioreflejos.com.ar\/2021\/wp-content\/uploads\/2016\/11\/cementerio-Saldungaray-300x225.jpg 300w, https:\/\/www.noticiasradioreflejos.com.ar\/2021\/wp-content\/uploads\/2016\/11\/cementerio-Saldungaray-1024x768.jpg 1024w, https:\/\/www.noticiasradioreflejos.com.ar\/2021\/wp-content\/uploads\/2016\/11\/cementerio-Saldungaray-768x576.jpg 768w, https:\/\/www.noticiasradioreflejos.com.ar\/2021\/wp-content\/uploads\/2016\/11\/cementerio-Saldungaray-1536x1152.jpg 1536w, https:\/\/www.noticiasradioreflejos.com.ar\/2021\/wp-content\/uploads\/2016\/11\/cementerio-Saldungaray-2048x1536.jpg 2048w, https:\/\/www.noticiasradioreflejos.com.ar\/2021\/wp-content\/uploads\/2016\/11\/cementerio-Saldungaray-750x563.jpg 750w, https:\/\/www.noticiasradioreflejos.com.ar\/2021\/wp-content\/uploads\/2016\/11\/cementerio-Saldungaray-1140x855.jpg 1140w\" sizes=\"auto, (max-width: 2560px) 100vw, 2560px\" \/><\/a><\/p>\n<p>Tray\u00e9ndolo al presente, Anabella Madue\u00f1a sugiri\u00f3 que \u201cser\u00eda bueno contar esta obra hasta en las escuelas para que se tome conciencia y se cuide el patrimonio. Si no ocurre lo que se ve a menudo, en los edificios, en las plazas, en las columnas, que lo que hacen es poner capa de pintura sobre capa de pintura, sin resguardar el dise\u00f1o original\u201d.<\/p>\n<p>Por \u00faltimo admiti\u00f3 que de poder intervenir los patrimonios m\u00e1s emblem\u00e1ticos, \u201cen particular empezar\u00eda o me interesar\u00eda el portal del cementerio de Saldungaray. Me qued\u00f3 preocupaci\u00f3n por los hierros que quedaron a la vista porque se cay\u00f3 el revoque. Como cualquier estructura de hormig\u00f3n, eso es grave si se deja estar. A eso hay que hacerle un tratamiento a los hierros con paciencia y conocimiento. Y luego si revocarlo. Y despu\u00e9s tambi\u00e9n el matadero\u201d.<\/p>\n<p><iframe loading=\"lazy\" src=\"https:\/\/w.soundcloud.com\/player\/?url=https%3A\/\/api.soundcloud.com\/tracks\/1278581938&amp;color=%23ff5500&amp;auto_play=false&amp;hide_related=false&amp;show_comments=true&amp;show_user=true&amp;show_reposts=false&amp;show_teaser=true\" width=\"100%\" height=\"166\" frameborder=\"no\" scrolling=\"no\"><\/iframe><\/p>\n<div style=\"font-size: 10px; color: #cccccc; line-break: anywhere; word-break: normal; overflow: hidden; white-space: nowrap; text-overflow: ellipsis; font-family: Interstate,Lucida Grande,Lucida Sans Unicode,Lucida Sans,Garuda,Verdana,Tahoma,sans-serif; font-weight: 100;\"><a style=\"color: #cccccc; text-decoration: none;\" title=\"fmreflejos 103.7\" href=\"https:\/\/soundcloud.com\/fmreflejos-103-7\" target=\"_blank\" rel=\"noopener\">fmreflejos 103.7<\/a> \u00b7 <a style=\"color: #cccccc; text-decoration: none;\" title=\"Anabella Madue\u00f1a\" href=\"https:\/\/soundcloud.com\/fmreflejos-103-7\/anabella-maduena\" target=\"_blank\" rel=\"noopener\">Anabella Madue\u00f1a<\/a><\/div>\n","protected":false},"excerpt":{"rendered":"<p>El pr\u00f3ximo domingo se cumplir\u00e1 un nuevo aniversario del arquitecto que con sus obras revolucion\u00f3 a la Provincia de Buenos Aires, y especialmente al sudoeste bonaerense. Al respecto se refiri\u00f3 Anabella Madue\u00f1a.<\/p>\n","protected":false},"author":3,"featured_media":72966,"comment_status":"closed","ping_status":"closed","sticky":false,"template":"","format":"standard","meta":{"footnotes":""},"categories":[46,35,26],"tags":[48],"class_list":["post-72959","post","type-post","status-publish","format-standard","has-post-thumbnail","hentry","category-ciencia-y-tecnologia","category-cultura","category-sociedad","tag-destacada"],"yoast_head":"<!-- This site is optimized with the Yoast SEO plugin v25.9 - https:\/\/yoast.com\/wordpress\/plugins\/seo\/ -->\n<title>\u201cPara cuidar la obra de Salamone lo importante es darla a conocer\u201d - Noticias Radio Reflejos<\/title>\n<meta name=\"robots\" content=\"index, follow, max-snippet:-1, max-image-preview:large, max-video-preview:-1\" \/>\n<link rel=\"canonical\" href=\"https:\/\/www.noticiasradioreflejos.com.ar\/2021\/para-cuidar-la-obra-de-salamone-lo-importante-es-darla-a-conocer\/\" \/>\n<meta property=\"og:locale\" content=\"es_ES\" \/>\n<meta property=\"og:type\" content=\"article\" \/>\n<meta property=\"og:title\" content=\"\u201cPara cuidar la obra de Salamone lo importante es darla a conocer\u201d - Noticias Radio Reflejos\" \/>\n<meta property=\"og:description\" content=\"El pr\u00f3ximo domingo se cumplir\u00e1 un nuevo aniversario del arquitecto que con sus obras revolucion\u00f3 a la Provincia de Buenos Aires, y especialmente al sudoeste bonaerense. Al respecto se refiri\u00f3 Anabella Madue\u00f1a.\" \/>\n<meta property=\"og:url\" content=\"https:\/\/www.noticiasradioreflejos.com.ar\/2021\/para-cuidar-la-obra-de-salamone-lo-importante-es-darla-a-conocer\/\" \/>\n<meta property=\"og:site_name\" content=\"Noticias Radio Reflejos\" \/>\n<meta property=\"article:published_time\" content=\"2022-05-31T18:15:19+00:00\" \/>\n<meta property=\"article:modified_time\" content=\"2022-05-31T18:16:53+00:00\" \/>\n<meta property=\"og:image\" content=\"https:\/\/www.noticiasradioreflejos.com.ar\/2021\/wp-content\/uploads\/2022\/05\/Anabela-Maduena-1.jpeg\" \/>\n\t<meta property=\"og:image:width\" content=\"1600\" \/>\n\t<meta property=\"og:image:height\" content=\"1200\" \/>\n\t<meta property=\"og:image:type\" content=\"image\/jpeg\" \/>\n<meta name=\"author\" content=\"Arnaldo Botto\" \/>\n<meta name=\"twitter:card\" content=\"summary_large_image\" \/>\n<script type=\"application\/ld+json\" class=\"yoast-schema-graph\">{\"@context\":\"https:\/\/schema.org\",\"@graph\":[{\"@type\":\"WebPage\",\"@id\":\"https:\/\/www.noticiasradioreflejos.com.ar\/2021\/para-cuidar-la-obra-de-salamone-lo-importante-es-darla-a-conocer\/\",\"url\":\"https:\/\/www.noticiasradioreflejos.com.ar\/2021\/para-cuidar-la-obra-de-salamone-lo-importante-es-darla-a-conocer\/\",\"name\":\"\u201cPara cuidar la obra de Salamone lo importante es darla a conocer\u201d - Noticias Radio Reflejos\",\"isPartOf\":{\"@id\":\"https:\/\/www.noticiasradioreflejos.com.ar\/2021\/#website\"},\"primaryImageOfPage\":{\"@id\":\"https:\/\/www.noticiasradioreflejos.com.ar\/2021\/para-cuidar-la-obra-de-salamone-lo-importante-es-darla-a-conocer\/#primaryimage\"},\"image\":{\"@id\":\"https:\/\/www.noticiasradioreflejos.com.ar\/2021\/para-cuidar-la-obra-de-salamone-lo-importante-es-darla-a-conocer\/#primaryimage\"},\"thumbnailUrl\":\"https:\/\/www.noticiasradioreflejos.com.ar\/2021\/wp-content\/uploads\/2022\/05\/Anabela-Maduena-1.jpeg\",\"datePublished\":\"2022-05-31T18:15:19+00:00\",\"dateModified\":\"2022-05-31T18:16:53+00:00\",\"author\":{\"@id\":\"https:\/\/www.noticiasradioreflejos.com.ar\/2021\/#\/schema\/person\/ad82545263dcc5ec0996818884fd5fb1\"},\"breadcrumb\":{\"@id\":\"https:\/\/www.noticiasradioreflejos.com.ar\/2021\/para-cuidar-la-obra-de-salamone-lo-importante-es-darla-a-conocer\/#breadcrumb\"},\"inLanguage\":\"es\",\"potentialAction\":[{\"@type\":\"ReadAction\",\"target\":[\"https:\/\/www.noticiasradioreflejos.com.ar\/2021\/para-cuidar-la-obra-de-salamone-lo-importante-es-darla-a-conocer\/\"]}]},{\"@type\":\"ImageObject\",\"inLanguage\":\"es\",\"@id\":\"https:\/\/www.noticiasradioreflejos.com.ar\/2021\/para-cuidar-la-obra-de-salamone-lo-importante-es-darla-a-conocer\/#primaryimage\",\"url\":\"https:\/\/www.noticiasradioreflejos.com.ar\/2021\/wp-content\/uploads\/2022\/05\/Anabela-Maduena-1.jpeg\",\"contentUrl\":\"https:\/\/www.noticiasradioreflejos.com.ar\/2021\/wp-content\/uploads\/2022\/05\/Anabela-Maduena-1.jpeg\",\"width\":1600,\"height\":1200},{\"@type\":\"BreadcrumbList\",\"@id\":\"https:\/\/www.noticiasradioreflejos.com.ar\/2021\/para-cuidar-la-obra-de-salamone-lo-importante-es-darla-a-conocer\/#breadcrumb\",\"itemListElement\":[{\"@type\":\"ListItem\",\"position\":1,\"name\":\"Portada\",\"item\":\"https:\/\/www.noticiasradioreflejos.com.ar\/2021\/\"},{\"@type\":\"ListItem\",\"position\":2,\"name\":\"\u201cPara cuidar la obra de Salamone lo importante es darla a conocer\u201d\"}]},{\"@type\":\"WebSite\",\"@id\":\"https:\/\/www.noticiasradioreflejos.com.ar\/2021\/#website\",\"url\":\"https:\/\/www.noticiasradioreflejos.com.ar\/2021\/\",\"name\":\"Noticias Radio Reflejos\",\"description\":\"Las noticias de mi comarca\",\"potentialAction\":[{\"@type\":\"SearchAction\",\"target\":{\"@type\":\"EntryPoint\",\"urlTemplate\":\"https:\/\/www.noticiasradioreflejos.com.ar\/2021\/?s={search_term_string}\"},\"query-input\":{\"@type\":\"PropertyValueSpecification\",\"valueRequired\":true,\"valueName\":\"search_term_string\"}}],\"inLanguage\":\"es\"},{\"@type\":\"Person\",\"@id\":\"https:\/\/www.noticiasradioreflejos.com.ar\/2021\/#\/schema\/person\/ad82545263dcc5ec0996818884fd5fb1\",\"name\":\"Arnaldo Botto\",\"image\":{\"@type\":\"ImageObject\",\"inLanguage\":\"es\",\"@id\":\"https:\/\/www.noticiasradioreflejos.com.ar\/2021\/#\/schema\/person\/image\/\",\"url\":\"https:\/\/secure.gravatar.com\/avatar\/55cb5e37c1efa326397366e6974cb338056df65cb50e7d64d1cf314e87504837?s=96&d=mm&r=g\",\"contentUrl\":\"https:\/\/secure.gravatar.com\/avatar\/55cb5e37c1efa326397366e6974cb338056df65cb50e7d64d1cf314e87504837?s=96&d=mm&r=g\",\"caption\":\"Arnaldo Botto\"},\"url\":\"https:\/\/www.noticiasradioreflejos.com.ar\/2021\/author\/arnaldo\/\"}]}<\/script>\n<!-- \/ Yoast SEO plugin. -->","yoast_head_json":{"title":"\u201cPara cuidar la obra de Salamone lo importante es darla a conocer\u201d - Noticias Radio Reflejos","robots":{"index":"index","follow":"follow","max-snippet":"max-snippet:-1","max-image-preview":"max-image-preview:large","max-video-preview":"max-video-preview:-1"},"canonical":"https:\/\/www.noticiasradioreflejos.com.ar\/2021\/para-cuidar-la-obra-de-salamone-lo-importante-es-darla-a-conocer\/","og_locale":"es_ES","og_type":"article","og_title":"\u201cPara cuidar la obra de Salamone lo importante es darla a conocer\u201d - Noticias Radio Reflejos","og_description":"El pr\u00f3ximo domingo se cumplir\u00e1 un nuevo aniversario del arquitecto que con sus obras revolucion\u00f3 a la Provincia de Buenos Aires, y especialmente al sudoeste bonaerense. Al respecto se refiri\u00f3 Anabella Madue\u00f1a.","og_url":"https:\/\/www.noticiasradioreflejos.com.ar\/2021\/para-cuidar-la-obra-de-salamone-lo-importante-es-darla-a-conocer\/","og_site_name":"Noticias Radio Reflejos","article_published_time":"2022-05-31T18:15:19+00:00","article_modified_time":"2022-05-31T18:16:53+00:00","og_image":[{"width":1600,"height":1200,"url":"https:\/\/www.noticiasradioreflejos.com.ar\/2021\/wp-content\/uploads\/2022\/05\/Anabela-Maduena-1.jpeg","type":"image\/jpeg"}],"author":"Arnaldo Botto","twitter_card":"summary_large_image","schema":{"@context":"https:\/\/schema.org","@graph":[{"@type":"WebPage","@id":"https:\/\/www.noticiasradioreflejos.com.ar\/2021\/para-cuidar-la-obra-de-salamone-lo-importante-es-darla-a-conocer\/","url":"https:\/\/www.noticiasradioreflejos.com.ar\/2021\/para-cuidar-la-obra-de-salamone-lo-importante-es-darla-a-conocer\/","name":"\u201cPara cuidar la obra de Salamone lo importante es darla a conocer\u201d - Noticias Radio Reflejos","isPartOf":{"@id":"https:\/\/www.noticiasradioreflejos.com.ar\/2021\/#website"},"primaryImageOfPage":{"@id":"https:\/\/www.noticiasradioreflejos.com.ar\/2021\/para-cuidar-la-obra-de-salamone-lo-importante-es-darla-a-conocer\/#primaryimage"},"image":{"@id":"https:\/\/www.noticiasradioreflejos.com.ar\/2021\/para-cuidar-la-obra-de-salamone-lo-importante-es-darla-a-conocer\/#primaryimage"},"thumbnailUrl":"https:\/\/www.noticiasradioreflejos.com.ar\/2021\/wp-content\/uploads\/2022\/05\/Anabela-Maduena-1.jpeg","datePublished":"2022-05-31T18:15:19+00:00","dateModified":"2022-05-31T18:16:53+00:00","author":{"@id":"https:\/\/www.noticiasradioreflejos.com.ar\/2021\/#\/schema\/person\/ad82545263dcc5ec0996818884fd5fb1"},"breadcrumb":{"@id":"https:\/\/www.noticiasradioreflejos.com.ar\/2021\/para-cuidar-la-obra-de-salamone-lo-importante-es-darla-a-conocer\/#breadcrumb"},"inLanguage":"es","potentialAction":[{"@type":"ReadAction","target":["https:\/\/www.noticiasradioreflejos.com.ar\/2021\/para-cuidar-la-obra-de-salamone-lo-importante-es-darla-a-conocer\/"]}]},{"@type":"ImageObject","inLanguage":"es","@id":"https:\/\/www.noticiasradioreflejos.com.ar\/2021\/para-cuidar-la-obra-de-salamone-lo-importante-es-darla-a-conocer\/#primaryimage","url":"https:\/\/www.noticiasradioreflejos.com.ar\/2021\/wp-content\/uploads\/2022\/05\/Anabela-Maduena-1.jpeg","contentUrl":"https:\/\/www.noticiasradioreflejos.com.ar\/2021\/wp-content\/uploads\/2022\/05\/Anabela-Maduena-1.jpeg","width":1600,"height":1200},{"@type":"BreadcrumbList","@id":"https:\/\/www.noticiasradioreflejos.com.ar\/2021\/para-cuidar-la-obra-de-salamone-lo-importante-es-darla-a-conocer\/#breadcrumb","itemListElement":[{"@type":"ListItem","position":1,"name":"Portada","item":"https:\/\/www.noticiasradioreflejos.com.ar\/2021\/"},{"@type":"ListItem","position":2,"name":"\u201cPara cuidar la obra de Salamone lo importante es darla a conocer\u201d"}]},{"@type":"WebSite","@id":"https:\/\/www.noticiasradioreflejos.com.ar\/2021\/#website","url":"https:\/\/www.noticiasradioreflejos.com.ar\/2021\/","name":"Noticias Radio Reflejos","description":"Las noticias de mi comarca","potentialAction":[{"@type":"SearchAction","target":{"@type":"EntryPoint","urlTemplate":"https:\/\/www.noticiasradioreflejos.com.ar\/2021\/?s={search_term_string}"},"query-input":{"@type":"PropertyValueSpecification","valueRequired":true,"valueName":"search_term_string"}}],"inLanguage":"es"},{"@type":"Person","@id":"https:\/\/www.noticiasradioreflejos.com.ar\/2021\/#\/schema\/person\/ad82545263dcc5ec0996818884fd5fb1","name":"Arnaldo Botto","image":{"@type":"ImageObject","inLanguage":"es","@id":"https:\/\/www.noticiasradioreflejos.com.ar\/2021\/#\/schema\/person\/image\/","url":"https:\/\/secure.gravatar.com\/avatar\/55cb5e37c1efa326397366e6974cb338056df65cb50e7d64d1cf314e87504837?s=96&d=mm&r=g","contentUrl":"https:\/\/secure.gravatar.com\/avatar\/55cb5e37c1efa326397366e6974cb338056df65cb50e7d64d1cf314e87504837?s=96&d=mm&r=g","caption":"Arnaldo Botto"},"url":"https:\/\/www.noticiasradioreflejos.com.ar\/2021\/author\/arnaldo\/"}]}},"_links":{"self":[{"href":"https:\/\/www.noticiasradioreflejos.com.ar\/2021\/wp-json\/wp\/v2\/posts\/72959","targetHints":{"allow":["GET"]}}],"collection":[{"href":"https:\/\/www.noticiasradioreflejos.com.ar\/2021\/wp-json\/wp\/v2\/posts"}],"about":[{"href":"https:\/\/www.noticiasradioreflejos.com.ar\/2021\/wp-json\/wp\/v2\/types\/post"}],"author":[{"embeddable":true,"href":"https:\/\/www.noticiasradioreflejos.com.ar\/2021\/wp-json\/wp\/v2\/users\/3"}],"replies":[{"embeddable":true,"href":"https:\/\/www.noticiasradioreflejos.com.ar\/2021\/wp-json\/wp\/v2\/comments?post=72959"}],"version-history":[{"count":4,"href":"https:\/\/www.noticiasradioreflejos.com.ar\/2021\/wp-json\/wp\/v2\/posts\/72959\/revisions"}],"predecessor-version":[{"id":72969,"href":"https:\/\/www.noticiasradioreflejos.com.ar\/2021\/wp-json\/wp\/v2\/posts\/72959\/revisions\/72969"}],"wp:featuredmedia":[{"embeddable":true,"href":"https:\/\/www.noticiasradioreflejos.com.ar\/2021\/wp-json\/wp\/v2\/media\/72966"}],"wp:attachment":[{"href":"https:\/\/www.noticiasradioreflejos.com.ar\/2021\/wp-json\/wp\/v2\/media?parent=72959"}],"wp:term":[{"taxonomy":"category","embeddable":true,"href":"https:\/\/www.noticiasradioreflejos.com.ar\/2021\/wp-json\/wp\/v2\/categories?post=72959"},{"taxonomy":"post_tag","embeddable":true,"href":"https:\/\/www.noticiasradioreflejos.com.ar\/2021\/wp-json\/wp\/v2\/tags?post=72959"}],"curies":[{"name":"wp","href":"https:\/\/api.w.org\/{rel}","templated":true}]}}