{"id":72949,"date":"2022-05-31T17:31:28","date_gmt":"2022-05-31T17:31:28","guid":{"rendered":"http:\/\/www.noticiasradioreflejos.com.ar\/2021\/?p=72949"},"modified":"2022-05-31T17:31:28","modified_gmt":"2022-05-31T17:31:28","slug":"excelentes-actuaciones-en-el-debut-de-la-escuela-municipal-de-atletismo-tornquist-en-la-copa-nacional-de-clubes-u16","status":"publish","type":"post","link":"https:\/\/www.noticiasradioreflejos.com.ar\/2021\/excelentes-actuaciones-en-el-debut-de-la-escuela-municipal-de-atletismo-tornquist-en-la-copa-nacional-de-clubes-u16\/","title":{"rendered":"Excelentes actuaciones en el debut de la Escuela Municipal de Atletismo Tornquist en la Copa Nacional de Clubes U16"},"content":{"rendered":"<p>El s\u00e1bado 28 y domingo 29 de mayo en Mar del Plata, se desarroll\u00f3 la Copa Nacional de Clubes U16 de atletismo, con la participaci\u00f3n de la Escuela Municipal de Atletismo de Tornquist y 73 clubes de toda la Argentina.<!--more--><\/p>\n<p><a data-flickr-embed=\"true\" href=\"https:\/\/www.flickr.com\/photos\/182279889@N02\/52112804963\/in\/dateposted-public\/\" title=\"Atletismo 31-5 (3)\"><img loading=\"lazy\" decoding=\"async\" src=\"https:\/\/live.staticflickr.com\/65535\/52112804963_084c8c1f08.jpg\" width=\"500\" height=\"317\" alt=\"Atletismo 31-5 (3)\"><\/a><script async src=\"\/\/embedr.flickr.com\/assets\/client-code.js\" charset=\"utf-8\"><\/script><\/p>\n<p>Entre los importantes resultados obtenidos por la EMAT, se destac\u00f3 sin dudas el 1\u00b0 puesto de Tomas Trevellini en salto en alto con 1.70 mts, consagr\u00e1ndose Campe\u00f3n Nacional; y subcampe\u00f3n en lanzamiento de jabalina, con 38.48 mts.<\/p>\n<p>Durante la ma\u00f1ana de la primera jornada, los representantes de la EMAT, participaron en salto, velocidad con vallas y lanzamiento, logrando destacadas marcas personales y puestos.<\/p>\n<p>&#8211; Gianno Basso: en 110 mts con vallas fue 7\u00b0 en su serie con 24.72 seg, y 46\u00b0 en salto en largo con 3.16.<br \/>\n&#8211; Ignacio Davis: se ubic\u00f3 en la posici\u00f3n 48\u00b0 en salto en largo con una marca de 2.95 mts.<br \/>\n&#8211; Francisco Marrero: en lanzamiento de bala qued\u00f3 11\u00b0 con una marca de 8.62 mts.<br \/>\n&#8211; Mirko De Feudis: se ubic\u00f3 en la 14\u00b0 posici\u00f3n en lanzamiento de bala con una marca de 7.81 mts<br \/>\n&#8211; Thiago Conte: comparti\u00f3 el 14\u00b0 con Mirko en lanzamiento de bala, marcando 7.81 mts.<br \/>\n&#8211; Luciano Zarza: se coloc\u00f3 en el puesto 25\u00b0 de lanzamiento de bala con una marca de 5.15 mts.<br \/>\n&#8211; Ariel Sanz: clasific\u00f3 en la posici\u00f3n 16\u00b0 en lanzamiento de martillo.<br \/>\n&#8211; Valentina Pintos: se ubic\u00f3 en la 6ta posici\u00f3n en su serie de 80 mts con vallas, y se coloc\u00f3 en la posici\u00f3n 44 con una marca de 3.59 mts en salto en largo.<br \/>\n&#8211; Mora Lamas: se coloc\u00f3 en el puesto N\u00b0 28 de salto en largo con 3.95 mts.<br \/>\n&#8211; Guadalupe Selvetti: clasific\u00f3 en el puesto N\u00b0 29 de salto en largo con 3.89 mts.<br \/>\n&#8211; Lorea Indart: qued\u00f3 en la posici\u00f3n 43\u00b0 en salto en largo con una marca de 3.09 mts.<br \/>\n&#8211; Brenda Videla: se qued\u00f3 con el puesto 14\u00b0 con una marca de 20.40 mts en lanzamiento de martillo.<br \/>\n&#8211; Luna Urquiola: obtuvo el 38\u00b0 puesto en lanz de bala con 4.38 mts.<br \/>\n&#8211; Tomas Trivellini: se consagr\u00f3 campe\u00f3n nacional en salto con garrocha, con una marca de 3.10 mts.<br \/>\n&#8211; Posta 5 x 80 femenina: conformada por Guada, Loly, Valen, Mora y Luna quedaron en la 13\u00b0 posici\u00f3n con una marca de 67.91 seg.<br \/>\nEn tanto, el domingo, los atletas se destacaron en una importante cantidad de pruebas, revalidando lo ocurrido el d\u00eda anterior:<br \/>\n&#8211; Gianno Basso: 5\u00b0 en su serie de 80 mts llanos con 11.66 seg<br \/>\n&#8211; Mirko De Feudis: 19\u00b0 en lanz de disco con 16.62 mts.<br \/>\n&#8211; Francisco Marrero: 13\u00b0 en lanz de disco con 24.28 mts y 15\u00b0 en lanz de jabalina con 18.84 mts<br \/>\n&#8211; Thiago Conte: 5\u00b0 en su serie de 80 mts llanos con 10.75 seg.<br \/>\n&#8211; Ignacio Davis: 5\u00b0 en su serie de 80 mts llanos con 12.80 seg y 16\u00b0 en lanz de jabalina con 16.74 mts.<br \/>\n&#8211; Ariel Sanz: 6\u00b0 en su serie de 80 mts llanos con 12.14 seg y 19\u00b0 en lanz de jabalina con 14.85 mts.<br \/>\n&#8211; Luciano Zarza: 24\u00b0 en lanz de jabalina con 10.31 mts.<br \/>\n&#8211; Luna Urquiola: 17\u00b0 en lanzamiento de jabalina con 11.20 mts, y 32\u00b0 en lanz de disco con 11.51 mts.<br \/>\n&#8211; Brenda Videla: 18\u00b0 en lanz. De jabalina con 11.14 mts y 31\u00b0 en lanz de disco con 12.63 mts.<br \/>\n&#8211; Guadalupe Selvetti: 19\u00b0 en lanzamiento de jabalina con 9.26 mts y 5\u00b0 en su serie con 12.81 seg en 80 mts llanos.<br \/>\n&#8211; Lorea Indart: 20\u00b0 en lanzamiento de jabalina con 8.55 mts y 8\u00b0 en su serie con 14.55 seg en 80 mts llanos.<br \/>\n&#8211; Valentina Pintos: se alz\u00f3 con el 3\u00b0 puesto en lanzamiento de jabalina con 23.25 mts.<br \/>\n&#8211; Mora Lamas: 8\u00b0 puesto en salto en alto con 1.30 mts.<br \/>\n&#8211; Tom\u00e1s Trivellini: se consagr\u00f3 campe\u00f3n nacional en salto en alto con 1.70 mts, y subcampe\u00f3n argentino de lanzamiento de jabalina con 38.48 mts.<\/p>\n<p><a data-flickr-embed=\"true\" href=\"https:\/\/www.flickr.com\/photos\/182279889@N02\/52113277650\/in\/dateposted-public\/\" title=\"Atletismo 31-5 (5)\"><img loading=\"lazy\" decoding=\"async\" src=\"https:\/\/live.staticflickr.com\/65535\/52113277650_c402f7cc8d.jpg\" width=\"500\" height=\"500\" alt=\"Atletismo 31-5 (5)\"><\/a><script async src=\"\/\/embedr.flickr.com\/assets\/client-code.js\" charset=\"utf-8\"><\/script><\/p>\n<p><a data-flickr-embed=\"true\" href=\"https:\/\/www.flickr.com\/photos\/182279889@N02\/52111742107\/in\/dateposted-public\/\" title=\"Atletismo 31-5 (1)\"><img loading=\"lazy\" decoding=\"async\" src=\"https:\/\/live.staticflickr.com\/65535\/52111742107_c39aeb4669.jpg\" width=\"500\" height=\"281\" alt=\"Atletismo 31-5 (1)\"><\/a><script async src=\"\/\/embedr.flickr.com\/assets\/client-code.js\" charset=\"utf-8\"><\/script><\/p>\n<p><a data-flickr-embed=\"true\" href=\"https:\/\/www.flickr.com\/photos\/182279889@N02\/52113014674\/in\/dateposted-public\/\" title=\"Atletismo 31-5 (4)\"><img loading=\"lazy\" decoding=\"async\" src=\"https:\/\/live.staticflickr.com\/65535\/52113014674_4c9d60d290.jpg\" width=\"500\" height=\"500\" alt=\"Atletismo 31-5 (4)\"><\/a><script async src=\"\/\/embedr.flickr.com\/assets\/client-code.js\" charset=\"utf-8\"><\/script><\/p>\n<p>Con estos resultados, la EMAT, de la Subsecretar\u00eda de Deportes de Tornquist Municipio, culmin\u00f3 14\u00b0 en la tabla general, logrando un inmejorable e hist\u00f3rico debut en una Copa Nacional.<\/p>\n","protected":false},"excerpt":{"rendered":"<p>El s\u00e1bado 28 y domingo 29 de mayo en Mar del Plata, se desarroll\u00f3 la Copa Nacional de Clubes U16 de atletismo, con la participaci\u00f3n de la Escuela Municipal de Atletismo de Tornquist y 73 clubes de toda la Argentina.<\/p>\n","protected":false},"author":3,"featured_media":0,"comment_status":"closed","ping_status":"closed","sticky":false,"template":"","format":"standard","meta":{"footnotes":""},"categories":[27],"tags":[],"class_list":["post-72949","post","type-post","status-publish","format-standard","hentry","category-deportes"],"yoast_head":"<!-- This site is optimized with the Yoast SEO plugin v25.9 - https:\/\/yoast.com\/wordpress\/plugins\/seo\/ -->\n<title>Excelentes actuaciones en el debut de la Escuela Municipal de Atletismo Tornquist en la Copa Nacional de Clubes U16 - Noticias Radio Reflejos<\/title>\n<meta name=\"robots\" content=\"index, follow, max-snippet:-1, max-image-preview:large, max-video-preview:-1\" \/>\n<link rel=\"canonical\" href=\"https:\/\/www.noticiasradioreflejos.com.ar\/2021\/excelentes-actuaciones-en-el-debut-de-la-escuela-municipal-de-atletismo-tornquist-en-la-copa-nacional-de-clubes-u16\/\" \/>\n<meta property=\"og:locale\" content=\"es_ES\" \/>\n<meta property=\"og:type\" content=\"article\" \/>\n<meta property=\"og:title\" content=\"Excelentes actuaciones en el debut de la Escuela Municipal de Atletismo Tornquist en la Copa Nacional de Clubes U16 - Noticias Radio Reflejos\" \/>\n<meta property=\"og:description\" content=\"El s\u00e1bado 28 y domingo 29 de mayo en Mar del Plata, se desarroll\u00f3 la Copa Nacional de Clubes U16 de atletismo, con la participaci\u00f3n de la Escuela Municipal de Atletismo de Tornquist y 73 clubes de toda la Argentina.\" \/>\n<meta property=\"og:url\" content=\"https:\/\/www.noticiasradioreflejos.com.ar\/2021\/excelentes-actuaciones-en-el-debut-de-la-escuela-municipal-de-atletismo-tornquist-en-la-copa-nacional-de-clubes-u16\/\" \/>\n<meta property=\"og:site_name\" content=\"Noticias Radio Reflejos\" \/>\n<meta property=\"article:published_time\" content=\"2022-05-31T17:31:28+00:00\" \/>\n<meta property=\"og:image\" content=\"https:\/\/live.staticflickr.com\/65535\/52112804963_084c8c1f08.jpg\" \/>\n<meta name=\"author\" content=\"Arnaldo Botto\" \/>\n<meta name=\"twitter:card\" content=\"summary_large_image\" \/>\n<script type=\"application\/ld+json\" class=\"yoast-schema-graph\">{\"@context\":\"https:\/\/schema.org\",\"@graph\":[{\"@type\":\"WebPage\",\"@id\":\"https:\/\/www.noticiasradioreflejos.com.ar\/2021\/excelentes-actuaciones-en-el-debut-de-la-escuela-municipal-de-atletismo-tornquist-en-la-copa-nacional-de-clubes-u16\/\",\"url\":\"https:\/\/www.noticiasradioreflejos.com.ar\/2021\/excelentes-actuaciones-en-el-debut-de-la-escuela-municipal-de-atletismo-tornquist-en-la-copa-nacional-de-clubes-u16\/\",\"name\":\"Excelentes actuaciones en el debut de la Escuela Municipal de Atletismo Tornquist en la Copa Nacional de Clubes U16 - Noticias Radio Reflejos\",\"isPartOf\":{\"@id\":\"https:\/\/www.noticiasradioreflejos.com.ar\/2021\/#website\"},\"primaryImageOfPage\":{\"@id\":\"https:\/\/www.noticiasradioreflejos.com.ar\/2021\/excelentes-actuaciones-en-el-debut-de-la-escuela-municipal-de-atletismo-tornquist-en-la-copa-nacional-de-clubes-u16\/#primaryimage\"},\"image\":{\"@id\":\"https:\/\/www.noticiasradioreflejos.com.ar\/2021\/excelentes-actuaciones-en-el-debut-de-la-escuela-municipal-de-atletismo-tornquist-en-la-copa-nacional-de-clubes-u16\/#primaryimage\"},\"thumbnailUrl\":\"https:\/\/live.staticflickr.com\/65535\/52112804963_084c8c1f08.jpg\",\"datePublished\":\"2022-05-31T17:31:28+00:00\",\"author\":{\"@id\":\"https:\/\/www.noticiasradioreflejos.com.ar\/2021\/#\/schema\/person\/ad82545263dcc5ec0996818884fd5fb1\"},\"breadcrumb\":{\"@id\":\"https:\/\/www.noticiasradioreflejos.com.ar\/2021\/excelentes-actuaciones-en-el-debut-de-la-escuela-municipal-de-atletismo-tornquist-en-la-copa-nacional-de-clubes-u16\/#breadcrumb\"},\"inLanguage\":\"es\",\"potentialAction\":[{\"@type\":\"ReadAction\",\"target\":[\"https:\/\/www.noticiasradioreflejos.com.ar\/2021\/excelentes-actuaciones-en-el-debut-de-la-escuela-municipal-de-atletismo-tornquist-en-la-copa-nacional-de-clubes-u16\/\"]}]},{\"@type\":\"ImageObject\",\"inLanguage\":\"es\",\"@id\":\"https:\/\/www.noticiasradioreflejos.com.ar\/2021\/excelentes-actuaciones-en-el-debut-de-la-escuela-municipal-de-atletismo-tornquist-en-la-copa-nacional-de-clubes-u16\/#primaryimage\",\"url\":\"https:\/\/live.staticflickr.com\/65535\/52112804963_084c8c1f08.jpg\",\"contentUrl\":\"https:\/\/live.staticflickr.com\/65535\/52112804963_084c8c1f08.jpg\"},{\"@type\":\"BreadcrumbList\",\"@id\":\"https:\/\/www.noticiasradioreflejos.com.ar\/2021\/excelentes-actuaciones-en-el-debut-de-la-escuela-municipal-de-atletismo-tornquist-en-la-copa-nacional-de-clubes-u16\/#breadcrumb\",\"itemListElement\":[{\"@type\":\"ListItem\",\"position\":1,\"name\":\"Portada\",\"item\":\"https:\/\/www.noticiasradioreflejos.com.ar\/2021\/\"},{\"@type\":\"ListItem\",\"position\":2,\"name\":\"Excelentes actuaciones en el debut de la Escuela Municipal de Atletismo Tornquist en la Copa Nacional de Clubes U16\"}]},{\"@type\":\"WebSite\",\"@id\":\"https:\/\/www.noticiasradioreflejos.com.ar\/2021\/#website\",\"url\":\"https:\/\/www.noticiasradioreflejos.com.ar\/2021\/\",\"name\":\"Noticias Radio Reflejos\",\"description\":\"Las noticias de mi comarca\",\"potentialAction\":[{\"@type\":\"SearchAction\",\"target\":{\"@type\":\"EntryPoint\",\"urlTemplate\":\"https:\/\/www.noticiasradioreflejos.com.ar\/2021\/?s={search_term_string}\"},\"query-input\":{\"@type\":\"PropertyValueSpecification\",\"valueRequired\":true,\"valueName\":\"search_term_string\"}}],\"inLanguage\":\"es\"},{\"@type\":\"Person\",\"@id\":\"https:\/\/www.noticiasradioreflejos.com.ar\/2021\/#\/schema\/person\/ad82545263dcc5ec0996818884fd5fb1\",\"name\":\"Arnaldo Botto\",\"image\":{\"@type\":\"ImageObject\",\"inLanguage\":\"es\",\"@id\":\"https:\/\/www.noticiasradioreflejos.com.ar\/2021\/#\/schema\/person\/image\/\",\"url\":\"https:\/\/secure.gravatar.com\/avatar\/55cb5e37c1efa326397366e6974cb338056df65cb50e7d64d1cf314e87504837?s=96&d=mm&r=g\",\"contentUrl\":\"https:\/\/secure.gravatar.com\/avatar\/55cb5e37c1efa326397366e6974cb338056df65cb50e7d64d1cf314e87504837?s=96&d=mm&r=g\",\"caption\":\"Arnaldo Botto\"},\"url\":\"https:\/\/www.noticiasradioreflejos.com.ar\/2021\/author\/arnaldo\/\"}]}<\/script>\n<!-- \/ Yoast SEO plugin. -->","yoast_head_json":{"title":"Excelentes actuaciones en el debut de la Escuela Municipal de Atletismo Tornquist en la Copa Nacional de Clubes U16 - Noticias Radio Reflejos","robots":{"index":"index","follow":"follow","max-snippet":"max-snippet:-1","max-image-preview":"max-image-preview:large","max-video-preview":"max-video-preview:-1"},"canonical":"https:\/\/www.noticiasradioreflejos.com.ar\/2021\/excelentes-actuaciones-en-el-debut-de-la-escuela-municipal-de-atletismo-tornquist-en-la-copa-nacional-de-clubes-u16\/","og_locale":"es_ES","og_type":"article","og_title":"Excelentes actuaciones en el debut de la Escuela Municipal de Atletismo Tornquist en la Copa Nacional de Clubes U16 - Noticias Radio Reflejos","og_description":"El s\u00e1bado 28 y domingo 29 de mayo en Mar del Plata, se desarroll\u00f3 la Copa Nacional de Clubes U16 de atletismo, con la participaci\u00f3n de la Escuela Municipal de Atletismo de Tornquist y 73 clubes de toda la Argentina.","og_url":"https:\/\/www.noticiasradioreflejos.com.ar\/2021\/excelentes-actuaciones-en-el-debut-de-la-escuela-municipal-de-atletismo-tornquist-en-la-copa-nacional-de-clubes-u16\/","og_site_name":"Noticias Radio Reflejos","article_published_time":"2022-05-31T17:31:28+00:00","og_image":[{"url":"https:\/\/live.staticflickr.com\/65535\/52112804963_084c8c1f08.jpg","type":"","width":"","height":""}],"author":"Arnaldo Botto","twitter_card":"summary_large_image","schema":{"@context":"https:\/\/schema.org","@graph":[{"@type":"WebPage","@id":"https:\/\/www.noticiasradioreflejos.com.ar\/2021\/excelentes-actuaciones-en-el-debut-de-la-escuela-municipal-de-atletismo-tornquist-en-la-copa-nacional-de-clubes-u16\/","url":"https:\/\/www.noticiasradioreflejos.com.ar\/2021\/excelentes-actuaciones-en-el-debut-de-la-escuela-municipal-de-atletismo-tornquist-en-la-copa-nacional-de-clubes-u16\/","name":"Excelentes actuaciones en el debut de la Escuela Municipal de Atletismo Tornquist en la Copa Nacional de Clubes U16 - Noticias Radio Reflejos","isPartOf":{"@id":"https:\/\/www.noticiasradioreflejos.com.ar\/2021\/#website"},"primaryImageOfPage":{"@id":"https:\/\/www.noticiasradioreflejos.com.ar\/2021\/excelentes-actuaciones-en-el-debut-de-la-escuela-municipal-de-atletismo-tornquist-en-la-copa-nacional-de-clubes-u16\/#primaryimage"},"image":{"@id":"https:\/\/www.noticiasradioreflejos.com.ar\/2021\/excelentes-actuaciones-en-el-debut-de-la-escuela-municipal-de-atletismo-tornquist-en-la-copa-nacional-de-clubes-u16\/#primaryimage"},"thumbnailUrl":"https:\/\/live.staticflickr.com\/65535\/52112804963_084c8c1f08.jpg","datePublished":"2022-05-31T17:31:28+00:00","author":{"@id":"https:\/\/www.noticiasradioreflejos.com.ar\/2021\/#\/schema\/person\/ad82545263dcc5ec0996818884fd5fb1"},"breadcrumb":{"@id":"https:\/\/www.noticiasradioreflejos.com.ar\/2021\/excelentes-actuaciones-en-el-debut-de-la-escuela-municipal-de-atletismo-tornquist-en-la-copa-nacional-de-clubes-u16\/#breadcrumb"},"inLanguage":"es","potentialAction":[{"@type":"ReadAction","target":["https:\/\/www.noticiasradioreflejos.com.ar\/2021\/excelentes-actuaciones-en-el-debut-de-la-escuela-municipal-de-atletismo-tornquist-en-la-copa-nacional-de-clubes-u16\/"]}]},{"@type":"ImageObject","inLanguage":"es","@id":"https:\/\/www.noticiasradioreflejos.com.ar\/2021\/excelentes-actuaciones-en-el-debut-de-la-escuela-municipal-de-atletismo-tornquist-en-la-copa-nacional-de-clubes-u16\/#primaryimage","url":"https:\/\/live.staticflickr.com\/65535\/52112804963_084c8c1f08.jpg","contentUrl":"https:\/\/live.staticflickr.com\/65535\/52112804963_084c8c1f08.jpg"},{"@type":"BreadcrumbList","@id":"https:\/\/www.noticiasradioreflejos.com.ar\/2021\/excelentes-actuaciones-en-el-debut-de-la-escuela-municipal-de-atletismo-tornquist-en-la-copa-nacional-de-clubes-u16\/#breadcrumb","itemListElement":[{"@type":"ListItem","position":1,"name":"Portada","item":"https:\/\/www.noticiasradioreflejos.com.ar\/2021\/"},{"@type":"ListItem","position":2,"name":"Excelentes actuaciones en el debut de la Escuela Municipal de Atletismo Tornquist en la Copa Nacional de Clubes U16"}]},{"@type":"WebSite","@id":"https:\/\/www.noticiasradioreflejos.com.ar\/2021\/#website","url":"https:\/\/www.noticiasradioreflejos.com.ar\/2021\/","name":"Noticias Radio Reflejos","description":"Las noticias de mi comarca","potentialAction":[{"@type":"SearchAction","target":{"@type":"EntryPoint","urlTemplate":"https:\/\/www.noticiasradioreflejos.com.ar\/2021\/?s={search_term_string}"},"query-input":{"@type":"PropertyValueSpecification","valueRequired":true,"valueName":"search_term_string"}}],"inLanguage":"es"},{"@type":"Person","@id":"https:\/\/www.noticiasradioreflejos.com.ar\/2021\/#\/schema\/person\/ad82545263dcc5ec0996818884fd5fb1","name":"Arnaldo Botto","image":{"@type":"ImageObject","inLanguage":"es","@id":"https:\/\/www.noticiasradioreflejos.com.ar\/2021\/#\/schema\/person\/image\/","url":"https:\/\/secure.gravatar.com\/avatar\/55cb5e37c1efa326397366e6974cb338056df65cb50e7d64d1cf314e87504837?s=96&d=mm&r=g","contentUrl":"https:\/\/secure.gravatar.com\/avatar\/55cb5e37c1efa326397366e6974cb338056df65cb50e7d64d1cf314e87504837?s=96&d=mm&r=g","caption":"Arnaldo Botto"},"url":"https:\/\/www.noticiasradioreflejos.com.ar\/2021\/author\/arnaldo\/"}]}},"_links":{"self":[{"href":"https:\/\/www.noticiasradioreflejos.com.ar\/2021\/wp-json\/wp\/v2\/posts\/72949","targetHints":{"allow":["GET"]}}],"collection":[{"href":"https:\/\/www.noticiasradioreflejos.com.ar\/2021\/wp-json\/wp\/v2\/posts"}],"about":[{"href":"https:\/\/www.noticiasradioreflejos.com.ar\/2021\/wp-json\/wp\/v2\/types\/post"}],"author":[{"embeddable":true,"href":"https:\/\/www.noticiasradioreflejos.com.ar\/2021\/wp-json\/wp\/v2\/users\/3"}],"replies":[{"embeddable":true,"href":"https:\/\/www.noticiasradioreflejos.com.ar\/2021\/wp-json\/wp\/v2\/comments?post=72949"}],"version-history":[{"count":1,"href":"https:\/\/www.noticiasradioreflejos.com.ar\/2021\/wp-json\/wp\/v2\/posts\/72949\/revisions"}],"predecessor-version":[{"id":72952,"href":"https:\/\/www.noticiasradioreflejos.com.ar\/2021\/wp-json\/wp\/v2\/posts\/72949\/revisions\/72952"}],"wp:attachment":[{"href":"https:\/\/www.noticiasradioreflejos.com.ar\/2021\/wp-json\/wp\/v2\/media?parent=72949"}],"wp:term":[{"taxonomy":"category","embeddable":true,"href":"https:\/\/www.noticiasradioreflejos.com.ar\/2021\/wp-json\/wp\/v2\/categories?post=72949"},{"taxonomy":"post_tag","embeddable":true,"href":"https:\/\/www.noticiasradioreflejos.com.ar\/2021\/wp-json\/wp\/v2\/tags?post=72949"}],"curies":[{"name":"wp","href":"https:\/\/api.w.org\/{rel}","templated":true}]}}