{"id":72944,"date":"2022-05-31T18:25:00","date_gmt":"2022-05-31T18:25:00","guid":{"rendered":"http:\/\/www.noticiasradioreflejos.com.ar\/2021\/?p=72944"},"modified":"2022-05-31T18:27:02","modified_gmt":"2022-05-31T18:27:02","slug":"villa-ventana-que-mejor-forma-de-entender-si-lo-que-estas-viendo-es-un-ovni-que-entender-el-cielo","status":"publish","type":"post","link":"https:\/\/www.noticiasradioreflejos.com.ar\/2021\/villa-ventana-que-mejor-forma-de-entender-si-lo-que-estas-viendo-es-un-ovni-que-entender-el-cielo\/","title":{"rendered":"Villa Ventana: \u201cQu\u00e9 mejor forma de entender si lo que est\u00e1s viendo es un OVNI qu\u00e9 entender el cielo\u201d"},"content":{"rendered":"<p>El astr\u00f3nomo aficionado <strong>Alejandro Krieger<\/strong> contin\u00faa dando su curso gratuito en la Asociaci\u00f3n de Fomento de Villa Ventana hasta noviembre. \u201cCon un mapa y unos binoculares se puede hacer un mont\u00f3n\u201d asegur\u00f3.<!--more--><br \/>\n<a title=\"Taller de Astronom\u00eda (3)\" href=\"https:\/\/www.flickr.com\/photos\/182279889@N02\/52113407340\/in\/dateposted-public\/\" data-flickr-embed=\"true\"><img loading=\"lazy\" decoding=\"async\" src=\"https:\/\/live.staticflickr.com\/65535\/52113407340_e628c2ed3c_c.jpg\" alt=\"Taller de Astronom\u00eda (3)\" width=\"800\" height=\"600\" \/><\/a><script async src=\"\/\/embedr.flickr.com\/assets\/client-code.js\" charset=\"utf-8\"><\/script><\/p>\n<p>Alrededor del mundo millones de personas se fascinan noche a noche contemplando las estrellas. Alejandro Krieger es una de ellas, pero con la particularidad que esa pasi\u00f3n lo llev\u00f3 a estudiar y hoy volcar sus conocimientos de manera gratuita.<\/p>\n<p>A trav\u00e9s de la Asociaci\u00f3n de Fomento de Villa Ventana lleva adelante un taller que se extender\u00e1 hasta noviembre. Al respecto, mencion\u00f3 que \u201cLa idea es ir de a poco. Entendiendo de qu\u00e9 se trata, d\u00f3nde estamos parados, ver qu\u00e9 se puede mirar y entender el movimiento del cielo. A veces tenemos demasiada informaci\u00f3n t\u00e9cnica, nos metemos demasiado en lo espec\u00edfico y nos perdemos en lo general\u201d.<\/p>\n<p>Siguiendo en esa l\u00ednea coment\u00f3 que \u201ca trav\u00e9s del apoyo de la Asociaci\u00f3n de Fomento y la asistencia t\u00e9cnica del municipio estamos llevando adelante este taller que arranc\u00f3 en abril y es gratuito. Si bien los alumnos que vienen asiduamente ya van avanzando, siempre hay tiempo para sumarse y para eso est\u00e1n los apuntes. Lo importante es que vengan con ganas de aprender. El taller lo estamos dando los martes a las 20 en la Asociaci\u00f3n de Fomento y dura hasta noviembre\u201d.<\/p>\n<p><a title=\"Taller de Astronom\u00eda (2)\" href=\"https:\/\/www.flickr.com\/photos\/182279889@N02\/52111872582\/in\/dateposted-public\/\" data-flickr-embed=\"true\"><img loading=\"lazy\" decoding=\"async\" src=\"https:\/\/live.staticflickr.com\/65535\/52111872582_d07bf8c80f_c.jpg\" alt=\"Taller de Astronom\u00eda (2)\" width=\"800\" height=\"600\" \/><\/a><script async src=\"\/\/embedr.flickr.com\/assets\/client-code.js\" charset=\"utf-8\"><\/script><\/p>\n<p>Recordando sus comienzos, Krieger cont\u00f3 que \u201chace m\u00e1s de 20 a\u00f1os soy astr\u00f3nomo aficionado. Me form\u00e9 en el parque centenario de Capital con la Asociaci\u00f3n Amigos de la Astronom\u00eda, y una vez que consegu\u00ed un telescopio, me dediqu\u00e9 por mi cuenta a mirar el cielo. Igual lo que me gusta tambi\u00e9n es hacer la astronom\u00eda a siempre vista. Siempre cre\u00ed que no era necesario un telescopio. Con un mapa y unos binoculares se puede hacer un mont\u00f3n\u201d.<\/p>\n<p>De igual manera confirm\u00f3 que \u201ceste a\u00f1o empec\u00e9 a hacer astroturimo en Villa Ventana. Un paseo por el cielo se llama mi p\u00e1gina de Facebook. Salimos en la noche, buscamos un lugar sin contaminaci\u00f3n lum\u00ednica y hacemos el recorrido. Entrego mapas para que encuentren constelaciones. Esos mapas se los regalo para que los puedan usar siempre\u201d.<\/p>\n<p>En otro pasaje de la charla, y consultado acerca de si en el cielo de la comarca se ven platillos voladores, Alejandro respondi\u00f3: \u201cqu\u00e9 mejor forma de entender si lo que est\u00e1s viendo es un OVNI qu\u00e9 entender el cielo y las constelaciones para no tropezarte con cosas que no son. El otro d\u00eda vi una luz media extra\u00f1a en la constelaci\u00f3n de virgo que no deber\u00eda estar ah\u00ed. Fui a los libros y efectivamente no deb\u00eda estar ah\u00ed. Sal\u00ed y no estaba m\u00e1s y la encontr\u00e9 en otro lugar. El conocimiento cient\u00edfico te permite descartar o reconocer situaciones extra\u00f1as\u201d.<\/p>\n<p>&nbsp;<\/p>\n<p><iframe loading=\"lazy\" src=\"https:\/\/w.soundcloud.com\/player\/?url=https%3A\/\/api.soundcloud.com\/tracks\/1278551578&amp;color=%23ff5500&amp;auto_play=false&amp;hide_related=false&amp;show_comments=true&amp;show_user=true&amp;show_reposts=false&amp;show_teaser=true\" width=\"100%\" height=\"166\" frameborder=\"no\" scrolling=\"no\"><\/iframe><\/p>\n<div style=\"font-size: 10px; color: #cccccc; line-break: anywhere; word-break: normal; overflow: hidden; white-space: nowrap; text-overflow: ellipsis; font-family: Interstate,Lucida Grande,Lucida Sans Unicode,Lucida Sans,Garuda,Verdana,Tahoma,sans-serif; font-weight: 100;\"><a style=\"color: #cccccc; text-decoration: none;\" title=\"fmreflejos 103.7\" href=\"https:\/\/soundcloud.com\/fmreflejos-103-7\" target=\"_blank\" rel=\"noopener\">fmreflejos 103.7<\/a> \u00b7 <a style=\"color: #cccccc; text-decoration: none;\" title=\"Alejandro Krieger\" href=\"https:\/\/soundcloud.com\/fmreflejos-103-7\/alejandro-krieger\" target=\"_blank\" rel=\"noopener\">Alejandro Krieger<\/a><\/div>\n<p><a title=\"Taller de Astronom\u00eda (5)\" href=\"https:\/\/www.flickr.com\/photos\/182279889@N02\/52112934508\/in\/dateposted-public\/\" data-flickr-embed=\"true\"><img loading=\"lazy\" decoding=\"async\" src=\"https:\/\/live.staticflickr.com\/65535\/52112934508_4bbc323cdb_c.jpg\" alt=\"Taller de Astronom\u00eda (5)\" width=\"800\" height=\"600\" \/><\/a><script async src=\"\/\/embedr.flickr.com\/assets\/client-code.js\" charset=\"utf-8\"><\/script><\/p>\n","protected":false},"excerpt":{"rendered":"<p>El astr\u00f3nomo aficionado Alejandro Krieger contin\u00faa dando su curso gratuito en la Asociaci\u00f3n de Fomento de Villa Ventana hasta noviembre. \u201cCon un mapa y unos binoculares se puede hacer un mont\u00f3n\u201d asegur\u00f3.<\/p>\n","protected":false},"author":3,"featured_media":0,"comment_status":"closed","ping_status":"closed","sticky":false,"template":"","format":"standard","meta":{"footnotes":""},"categories":[46,26],"tags":[48],"class_list":["post-72944","post","type-post","status-publish","format-standard","hentry","category-ciencia-y-tecnologia","category-sociedad","tag-destacada"],"yoast_head":"<!-- This site is optimized with the Yoast SEO plugin v25.9 - https:\/\/yoast.com\/wordpress\/plugins\/seo\/ -->\n<title>Villa Ventana: \u201cQu\u00e9 mejor forma de entender si lo que est\u00e1s viendo es un OVNI qu\u00e9 entender el cielo\u201d - Noticias Radio Reflejos<\/title>\n<meta name=\"robots\" content=\"index, follow, max-snippet:-1, max-image-preview:large, max-video-preview:-1\" \/>\n<link rel=\"canonical\" href=\"https:\/\/www.noticiasradioreflejos.com.ar\/2021\/villa-ventana-que-mejor-forma-de-entender-si-lo-que-estas-viendo-es-un-ovni-que-entender-el-cielo\/\" \/>\n<meta property=\"og:locale\" content=\"es_ES\" \/>\n<meta property=\"og:type\" content=\"article\" \/>\n<meta property=\"og:title\" content=\"Villa Ventana: \u201cQu\u00e9 mejor forma de entender si lo que est\u00e1s viendo es un OVNI qu\u00e9 entender el cielo\u201d - Noticias Radio Reflejos\" \/>\n<meta property=\"og:description\" content=\"El astr\u00f3nomo aficionado Alejandro Krieger contin\u00faa dando su curso gratuito en la Asociaci\u00f3n de Fomento de Villa Ventana hasta noviembre. \u201cCon un mapa y unos binoculares se puede hacer un mont\u00f3n\u201d asegur\u00f3.\" \/>\n<meta property=\"og:url\" content=\"https:\/\/www.noticiasradioreflejos.com.ar\/2021\/villa-ventana-que-mejor-forma-de-entender-si-lo-que-estas-viendo-es-un-ovni-que-entender-el-cielo\/\" \/>\n<meta property=\"og:site_name\" content=\"Noticias Radio Reflejos\" \/>\n<meta property=\"article:published_time\" content=\"2022-05-31T18:25:00+00:00\" \/>\n<meta property=\"article:modified_time\" content=\"2022-05-31T18:27:02+00:00\" \/>\n<meta property=\"og:image\" content=\"https:\/\/live.staticflickr.com\/65535\/52113407340_e628c2ed3c_c.jpg\" \/>\n<meta name=\"author\" content=\"Arnaldo Botto\" \/>\n<meta name=\"twitter:card\" content=\"summary_large_image\" \/>\n<script type=\"application\/ld+json\" class=\"yoast-schema-graph\">{\"@context\":\"https:\/\/schema.org\",\"@graph\":[{\"@type\":\"WebPage\",\"@id\":\"https:\/\/www.noticiasradioreflejos.com.ar\/2021\/villa-ventana-que-mejor-forma-de-entender-si-lo-que-estas-viendo-es-un-ovni-que-entender-el-cielo\/\",\"url\":\"https:\/\/www.noticiasradioreflejos.com.ar\/2021\/villa-ventana-que-mejor-forma-de-entender-si-lo-que-estas-viendo-es-un-ovni-que-entender-el-cielo\/\",\"name\":\"Villa Ventana: \u201cQu\u00e9 mejor forma de entender si lo que est\u00e1s viendo es un OVNI qu\u00e9 entender el cielo\u201d - Noticias Radio Reflejos\",\"isPartOf\":{\"@id\":\"https:\/\/www.noticiasradioreflejos.com.ar\/2021\/#website\"},\"primaryImageOfPage\":{\"@id\":\"https:\/\/www.noticiasradioreflejos.com.ar\/2021\/villa-ventana-que-mejor-forma-de-entender-si-lo-que-estas-viendo-es-un-ovni-que-entender-el-cielo\/#primaryimage\"},\"image\":{\"@id\":\"https:\/\/www.noticiasradioreflejos.com.ar\/2021\/villa-ventana-que-mejor-forma-de-entender-si-lo-que-estas-viendo-es-un-ovni-que-entender-el-cielo\/#primaryimage\"},\"thumbnailUrl\":\"https:\/\/live.staticflickr.com\/65535\/52113407340_e628c2ed3c_c.jpg\",\"datePublished\":\"2022-05-31T18:25:00+00:00\",\"dateModified\":\"2022-05-31T18:27:02+00:00\",\"author\":{\"@id\":\"https:\/\/www.noticiasradioreflejos.com.ar\/2021\/#\/schema\/person\/ad82545263dcc5ec0996818884fd5fb1\"},\"breadcrumb\":{\"@id\":\"https:\/\/www.noticiasradioreflejos.com.ar\/2021\/villa-ventana-que-mejor-forma-de-entender-si-lo-que-estas-viendo-es-un-ovni-que-entender-el-cielo\/#breadcrumb\"},\"inLanguage\":\"es\",\"potentialAction\":[{\"@type\":\"ReadAction\",\"target\":[\"https:\/\/www.noticiasradioreflejos.com.ar\/2021\/villa-ventana-que-mejor-forma-de-entender-si-lo-que-estas-viendo-es-un-ovni-que-entender-el-cielo\/\"]}]},{\"@type\":\"ImageObject\",\"inLanguage\":\"es\",\"@id\":\"https:\/\/www.noticiasradioreflejos.com.ar\/2021\/villa-ventana-que-mejor-forma-de-entender-si-lo-que-estas-viendo-es-un-ovni-que-entender-el-cielo\/#primaryimage\",\"url\":\"https:\/\/live.staticflickr.com\/65535\/52113407340_e628c2ed3c_c.jpg\",\"contentUrl\":\"https:\/\/live.staticflickr.com\/65535\/52113407340_e628c2ed3c_c.jpg\"},{\"@type\":\"BreadcrumbList\",\"@id\":\"https:\/\/www.noticiasradioreflejos.com.ar\/2021\/villa-ventana-que-mejor-forma-de-entender-si-lo-que-estas-viendo-es-un-ovni-que-entender-el-cielo\/#breadcrumb\",\"itemListElement\":[{\"@type\":\"ListItem\",\"position\":1,\"name\":\"Portada\",\"item\":\"https:\/\/www.noticiasradioreflejos.com.ar\/2021\/\"},{\"@type\":\"ListItem\",\"position\":2,\"name\":\"Villa Ventana: \u201cQu\u00e9 mejor forma de entender si lo que est\u00e1s viendo es un OVNI qu\u00e9 entender el cielo\u201d\"}]},{\"@type\":\"WebSite\",\"@id\":\"https:\/\/www.noticiasradioreflejos.com.ar\/2021\/#website\",\"url\":\"https:\/\/www.noticiasradioreflejos.com.ar\/2021\/\",\"name\":\"Noticias Radio Reflejos\",\"description\":\"Las noticias de mi comarca\",\"potentialAction\":[{\"@type\":\"SearchAction\",\"target\":{\"@type\":\"EntryPoint\",\"urlTemplate\":\"https:\/\/www.noticiasradioreflejos.com.ar\/2021\/?s={search_term_string}\"},\"query-input\":{\"@type\":\"PropertyValueSpecification\",\"valueRequired\":true,\"valueName\":\"search_term_string\"}}],\"inLanguage\":\"es\"},{\"@type\":\"Person\",\"@id\":\"https:\/\/www.noticiasradioreflejos.com.ar\/2021\/#\/schema\/person\/ad82545263dcc5ec0996818884fd5fb1\",\"name\":\"Arnaldo Botto\",\"image\":{\"@type\":\"ImageObject\",\"inLanguage\":\"es\",\"@id\":\"https:\/\/www.noticiasradioreflejos.com.ar\/2021\/#\/schema\/person\/image\/\",\"url\":\"https:\/\/secure.gravatar.com\/avatar\/55cb5e37c1efa326397366e6974cb338056df65cb50e7d64d1cf314e87504837?s=96&d=mm&r=g\",\"contentUrl\":\"https:\/\/secure.gravatar.com\/avatar\/55cb5e37c1efa326397366e6974cb338056df65cb50e7d64d1cf314e87504837?s=96&d=mm&r=g\",\"caption\":\"Arnaldo Botto\"},\"url\":\"https:\/\/www.noticiasradioreflejos.com.ar\/2021\/author\/arnaldo\/\"}]}<\/script>\n<!-- \/ Yoast SEO plugin. -->","yoast_head_json":{"title":"Villa Ventana: \u201cQu\u00e9 mejor forma de entender si lo que est\u00e1s viendo es un OVNI qu\u00e9 entender el cielo\u201d - Noticias Radio Reflejos","robots":{"index":"index","follow":"follow","max-snippet":"max-snippet:-1","max-image-preview":"max-image-preview:large","max-video-preview":"max-video-preview:-1"},"canonical":"https:\/\/www.noticiasradioreflejos.com.ar\/2021\/villa-ventana-que-mejor-forma-de-entender-si-lo-que-estas-viendo-es-un-ovni-que-entender-el-cielo\/","og_locale":"es_ES","og_type":"article","og_title":"Villa Ventana: \u201cQu\u00e9 mejor forma de entender si lo que est\u00e1s viendo es un OVNI qu\u00e9 entender el cielo\u201d - Noticias Radio Reflejos","og_description":"El astr\u00f3nomo aficionado Alejandro Krieger contin\u00faa dando su curso gratuito en la Asociaci\u00f3n de Fomento de Villa Ventana hasta noviembre. \u201cCon un mapa y unos binoculares se puede hacer un mont\u00f3n\u201d asegur\u00f3.","og_url":"https:\/\/www.noticiasradioreflejos.com.ar\/2021\/villa-ventana-que-mejor-forma-de-entender-si-lo-que-estas-viendo-es-un-ovni-que-entender-el-cielo\/","og_site_name":"Noticias Radio Reflejos","article_published_time":"2022-05-31T18:25:00+00:00","article_modified_time":"2022-05-31T18:27:02+00:00","og_image":[{"url":"https:\/\/live.staticflickr.com\/65535\/52113407340_e628c2ed3c_c.jpg","type":"","width":"","height":""}],"author":"Arnaldo Botto","twitter_card":"summary_large_image","schema":{"@context":"https:\/\/schema.org","@graph":[{"@type":"WebPage","@id":"https:\/\/www.noticiasradioreflejos.com.ar\/2021\/villa-ventana-que-mejor-forma-de-entender-si-lo-que-estas-viendo-es-un-ovni-que-entender-el-cielo\/","url":"https:\/\/www.noticiasradioreflejos.com.ar\/2021\/villa-ventana-que-mejor-forma-de-entender-si-lo-que-estas-viendo-es-un-ovni-que-entender-el-cielo\/","name":"Villa Ventana: \u201cQu\u00e9 mejor forma de entender si lo que est\u00e1s viendo es un OVNI qu\u00e9 entender el cielo\u201d - Noticias Radio Reflejos","isPartOf":{"@id":"https:\/\/www.noticiasradioreflejos.com.ar\/2021\/#website"},"primaryImageOfPage":{"@id":"https:\/\/www.noticiasradioreflejos.com.ar\/2021\/villa-ventana-que-mejor-forma-de-entender-si-lo-que-estas-viendo-es-un-ovni-que-entender-el-cielo\/#primaryimage"},"image":{"@id":"https:\/\/www.noticiasradioreflejos.com.ar\/2021\/villa-ventana-que-mejor-forma-de-entender-si-lo-que-estas-viendo-es-un-ovni-que-entender-el-cielo\/#primaryimage"},"thumbnailUrl":"https:\/\/live.staticflickr.com\/65535\/52113407340_e628c2ed3c_c.jpg","datePublished":"2022-05-31T18:25:00+00:00","dateModified":"2022-05-31T18:27:02+00:00","author":{"@id":"https:\/\/www.noticiasradioreflejos.com.ar\/2021\/#\/schema\/person\/ad82545263dcc5ec0996818884fd5fb1"},"breadcrumb":{"@id":"https:\/\/www.noticiasradioreflejos.com.ar\/2021\/villa-ventana-que-mejor-forma-de-entender-si-lo-que-estas-viendo-es-un-ovni-que-entender-el-cielo\/#breadcrumb"},"inLanguage":"es","potentialAction":[{"@type":"ReadAction","target":["https:\/\/www.noticiasradioreflejos.com.ar\/2021\/villa-ventana-que-mejor-forma-de-entender-si-lo-que-estas-viendo-es-un-ovni-que-entender-el-cielo\/"]}]},{"@type":"ImageObject","inLanguage":"es","@id":"https:\/\/www.noticiasradioreflejos.com.ar\/2021\/villa-ventana-que-mejor-forma-de-entender-si-lo-que-estas-viendo-es-un-ovni-que-entender-el-cielo\/#primaryimage","url":"https:\/\/live.staticflickr.com\/65535\/52113407340_e628c2ed3c_c.jpg","contentUrl":"https:\/\/live.staticflickr.com\/65535\/52113407340_e628c2ed3c_c.jpg"},{"@type":"BreadcrumbList","@id":"https:\/\/www.noticiasradioreflejos.com.ar\/2021\/villa-ventana-que-mejor-forma-de-entender-si-lo-que-estas-viendo-es-un-ovni-que-entender-el-cielo\/#breadcrumb","itemListElement":[{"@type":"ListItem","position":1,"name":"Portada","item":"https:\/\/www.noticiasradioreflejos.com.ar\/2021\/"},{"@type":"ListItem","position":2,"name":"Villa Ventana: \u201cQu\u00e9 mejor forma de entender si lo que est\u00e1s viendo es un OVNI qu\u00e9 entender el cielo\u201d"}]},{"@type":"WebSite","@id":"https:\/\/www.noticiasradioreflejos.com.ar\/2021\/#website","url":"https:\/\/www.noticiasradioreflejos.com.ar\/2021\/","name":"Noticias Radio Reflejos","description":"Las noticias de mi comarca","potentialAction":[{"@type":"SearchAction","target":{"@type":"EntryPoint","urlTemplate":"https:\/\/www.noticiasradioreflejos.com.ar\/2021\/?s={search_term_string}"},"query-input":{"@type":"PropertyValueSpecification","valueRequired":true,"valueName":"search_term_string"}}],"inLanguage":"es"},{"@type":"Person","@id":"https:\/\/www.noticiasradioreflejos.com.ar\/2021\/#\/schema\/person\/ad82545263dcc5ec0996818884fd5fb1","name":"Arnaldo Botto","image":{"@type":"ImageObject","inLanguage":"es","@id":"https:\/\/www.noticiasradioreflejos.com.ar\/2021\/#\/schema\/person\/image\/","url":"https:\/\/secure.gravatar.com\/avatar\/55cb5e37c1efa326397366e6974cb338056df65cb50e7d64d1cf314e87504837?s=96&d=mm&r=g","contentUrl":"https:\/\/secure.gravatar.com\/avatar\/55cb5e37c1efa326397366e6974cb338056df65cb50e7d64d1cf314e87504837?s=96&d=mm&r=g","caption":"Arnaldo Botto"},"url":"https:\/\/www.noticiasradioreflejos.com.ar\/2021\/author\/arnaldo\/"}]}},"_links":{"self":[{"href":"https:\/\/www.noticiasradioreflejos.com.ar\/2021\/wp-json\/wp\/v2\/posts\/72944","targetHints":{"allow":["GET"]}}],"collection":[{"href":"https:\/\/www.noticiasradioreflejos.com.ar\/2021\/wp-json\/wp\/v2\/posts"}],"about":[{"href":"https:\/\/www.noticiasradioreflejos.com.ar\/2021\/wp-json\/wp\/v2\/types\/post"}],"author":[{"embeddable":true,"href":"https:\/\/www.noticiasradioreflejos.com.ar\/2021\/wp-json\/wp\/v2\/users\/3"}],"replies":[{"embeddable":true,"href":"https:\/\/www.noticiasradioreflejos.com.ar\/2021\/wp-json\/wp\/v2\/comments?post=72944"}],"version-history":[{"count":2,"href":"https:\/\/www.noticiasradioreflejos.com.ar\/2021\/wp-json\/wp\/v2\/posts\/72944\/revisions"}],"predecessor-version":[{"id":72971,"href":"https:\/\/www.noticiasradioreflejos.com.ar\/2021\/wp-json\/wp\/v2\/posts\/72944\/revisions\/72971"}],"wp:attachment":[{"href":"https:\/\/www.noticiasradioreflejos.com.ar\/2021\/wp-json\/wp\/v2\/media?parent=72944"}],"wp:term":[{"taxonomy":"category","embeddable":true,"href":"https:\/\/www.noticiasradioreflejos.com.ar\/2021\/wp-json\/wp\/v2\/categories?post=72944"},{"taxonomy":"post_tag","embeddable":true,"href":"https:\/\/www.noticiasradioreflejos.com.ar\/2021\/wp-json\/wp\/v2\/tags?post=72944"}],"curies":[{"name":"wp","href":"https:\/\/api.w.org\/{rel}","templated":true}]}}