{"id":72942,"date":"2022-05-31T17:44:11","date_gmt":"2022-05-31T17:44:11","guid":{"rendered":"http:\/\/www.noticiasradioreflejos.com.ar\/2021\/?p=72942"},"modified":"2022-05-31T17:56:07","modified_gmt":"2022-05-31T17:56:07","slug":"museo-estacion-ferroviaria-hasta-antes-de-la-pandemia-se-estimaban-unos-70-visitantes-por-dia","status":"publish","type":"post","link":"https:\/\/www.noticiasradioreflejos.com.ar\/2021\/museo-estacion-ferroviaria-hasta-antes-de-la-pandemia-se-estimaban-unos-70-visitantes-por-dia\/","title":{"rendered":"Museo Estaci\u00f3n Ferroviaria: \u201cLos mismos bienes que ten\u00eda desde 1908 siguen estando\u201d"},"content":{"rendered":"<p>El apasionado Marcelo Garc\u00eda coment\u00f3 detalles de la estaci\u00f3n de trenes de Sierra de la Ventana, la cual convertida en museo, atesora valiosos recuerdos que ya acumulan un siglo de vida.<!--more--><\/p>\n<p><a title=\"Est. Sierra de la Ventana (3)\" href=\"https:\/\/www.flickr.com\/photos\/182279889@N02\/52112801791\/in\/dateposted-public\/\" data-flickr-embed=\"true\"><img loading=\"lazy\" decoding=\"async\" src=\"https:\/\/live.staticflickr.com\/65535\/52112801791_8244223699_c.jpg\" alt=\"Est. Sierra de la Ventana (3)\" width=\"765\" height=\"800\" \/><\/a><script async src=\"\/\/embedr.flickr.com\/assets\/client-code.js\" charset=\"utf-8\"><\/script><\/p>\n<p>La mejor descripci\u00f3n de Marcelo Garc\u00eda es reconocerlo como un todoterreno. Encasillarlo en otro \u00e1mbito ser\u00eda dejar parte de su esencia fuera, ese intangible que lo llev\u00f3 a no claudicar y redoblar esfuerzos para que el tiempo y la privatizaci\u00f3n no se lleven puesta a la estaci\u00f3n ferroviaria de Sierra de la Ventana.<\/p>\n<p>Ese establecimiento, hoy convertido en museo municipal, es uno de los grandes atractivos tur\u00edsticos que tiene la comarca, aunque como bien reconoce Marcelo \u201chemos pasado de todo, lo que termina siendo un compendio de an\u00e9cdotas. Hemos pasado fr\u00edo, lluvia, calor\u2026 y en un d\u00eda como hoy, en la \u00e9poca que pasaban los trenes a m\u00e1s de 100 kil\u00f3metros por hora, con el viento que tiraban, terminar\u00edamos medio congelados\u201d.<\/p>\n<p>Volando en el tiempo, Garc\u00eda no duda en admitir que \u201cel ferrocarril fue mi pasi\u00f3n. Viendo las privatizaciones de los a\u00f1os 90, es que me propuse que en la estaci\u00f3n donde me tocara, iba a hacer todo lo posible para que no cerrara. Darle vida, cuidarla, buscar que la declaren patrimonio cultural para que se protejan todos los bienes\u201d.<\/p>\n<p><a title=\"Est. Sierra de la Ventana (4)\" href=\"https:\/\/www.flickr.com\/photos\/182279889@N02\/52111772302\/in\/dateposted-public\/\" data-flickr-embed=\"true\"><img loading=\"lazy\" decoding=\"async\" class=\"aligncenter\" src=\"https:\/\/live.staticflickr.com\/65535\/52111772302_c516d6c58d_c.jpg\" alt=\"Est. Sierra de la Ventana (4)\" width=\"600\" height=\"800\" \/><\/a><script async src=\"\/\/embedr.flickr.com\/assets\/client-code.js\" charset=\"utf-8\"><\/script><\/p>\n<p>De all\u00ed que el destino lo quiso en la comarca, y por eso \u201cno se perdi\u00f3 en el tiempo ni se llevaron ni derivaron bienes. Los mismos bienes que ten\u00eda desde 1908 siguen estando en la estaci\u00f3n. El reloj era lo que yo dec\u00eda que era lo primero que no deb\u00eda sacarse y por fortuna nunca se movi\u00f3\u201d.<\/p>\n<p>Sobre el trabajo en el museo, coment\u00f3 que \u201cvoy haciendo el inventario de a poco. Los tiempos no me permiten estar a un 100%, pero sacando un c\u00e1lculo entre lo m\u00e1s peque\u00f1o a lo m\u00e1s grande, hay arriba de 500 objetos. En el exterior dej\u00e9 objetos que consider\u00e9 que aguantar\u00edan las inclemencias del tiempo. All\u00ed hay objetos que se utilizaron en el ramal Pringles. Varios de esos hab\u00edan sido tirados como chatarra\u201d.<\/p>\n<p>En tanto que en otro pasaje de la charla confirm\u00f3 que \u201chasta antes de la pandemia se estimaban unos 60 a 70 visitantes por d\u00eda. Haciendo un conteo general por mes, ten\u00eda d\u00edas de arriba de 100 visitantes. Actualmente, como soy parte del plantel del mantenimiento del centro cultural, por all\u00ed no estoy todo el tiempo en la estaci\u00f3n. Lo que se hace ahora es organizar con los colegios previamente las visitas\u201d.<\/p>\n<p>&nbsp;<\/p>\n<p><iframe loading=\"lazy\" src=\"https:\/\/w.soundcloud.com\/player\/?url=https%3A\/\/api.soundcloud.com\/tracks\/1278537076&amp;color=%23ff5500&amp;auto_play=false&amp;hide_related=false&amp;show_comments=true&amp;show_user=true&amp;show_reposts=false&amp;show_teaser=true\" width=\"100%\" height=\"166\" frameborder=\"no\" scrolling=\"no\"><\/iframe><\/p>\n<div style=\"font-size: 10px; color: #cccccc; line-break: anywhere; word-break: normal; overflow: hidden; white-space: nowrap; text-overflow: ellipsis; font-family: Interstate,Lucida Grande,Lucida Sans Unicode,Lucida Sans,Garuda,Verdana,Tahoma,sans-serif; font-weight: 100;\"><a style=\"color: #cccccc; text-decoration: none;\" title=\"fmreflejos 103.7\" href=\"https:\/\/soundcloud.com\/fmreflejos-103-7\" target=\"_blank\" rel=\"noopener\">fmreflejos 103.7<\/a> \u00b7 <a style=\"color: #cccccc; text-decoration: none;\" title=\"Marcelo Garcia\" href=\"https:\/\/soundcloud.com\/fmreflejos-103-7\/marcelo-garcia-3\" target=\"_blank\" rel=\"noopener\">Marcelo Garcia<\/a><\/div>\n<p><a title=\"Est. Sierra de la Ventana (1)\" href=\"https:\/\/www.flickr.com\/photos\/182279889@N02\/52112834718\/in\/dateposted-public\/\" data-flickr-embed=\"true\"><img loading=\"lazy\" decoding=\"async\" class=\"aligncenter\" src=\"https:\/\/live.staticflickr.com\/65535\/52112834718_965b3cbf8c_c.jpg\" alt=\"Est. Sierra de la Ventana (1)\" width=\"600\" height=\"800\" \/><\/a><script async src=\"\/\/embedr.flickr.com\/assets\/client-code.js\" charset=\"utf-8\"><\/script><\/p>\n<p><a title=\"Est. Sierra de la Ventana (2)\" href=\"https:\/\/www.flickr.com\/photos\/182279889@N02\/52111772382\/in\/dateposted-public\/\" data-flickr-embed=\"true\"><img loading=\"lazy\" decoding=\"async\" class=\"aligncenter\" src=\"https:\/\/live.staticflickr.com\/65535\/52111772382_d4e9e7115f_c.jpg\" alt=\"Est. Sierra de la Ventana (2)\" width=\"600\" height=\"800\" \/><\/a><script async src=\"\/\/embedr.flickr.com\/assets\/client-code.js\" charset=\"utf-8\"><\/script><\/p>\n","protected":false},"excerpt":{"rendered":"<p>El apasionado Marcelo Garc\u00eda coment\u00f3 detalles de la estaci\u00f3n de trenes de Sierra de la Ventana, la cual convertida en museo, atesora valiosos recuerdos que ya acumulan un siglo de vida.<\/p>\n","protected":false},"author":3,"featured_media":59030,"comment_status":"closed","ping_status":"closed","sticky":false,"template":"","format":"standard","meta":{"footnotes":""},"categories":[35,26],"tags":[48],"class_list":["post-72942","post","type-post","status-publish","format-standard","has-post-thumbnail","hentry","category-cultura","category-sociedad","tag-destacada"],"yoast_head":"<!-- This site is optimized with the Yoast SEO plugin v25.9 - https:\/\/yoast.com\/wordpress\/plugins\/seo\/ -->\n<title>Museo Estaci\u00f3n Ferroviaria: \u201cLos mismos bienes que ten\u00eda desde 1908 siguen estando\u201d - Noticias Radio Reflejos<\/title>\n<meta name=\"robots\" content=\"index, follow, max-snippet:-1, max-image-preview:large, max-video-preview:-1\" \/>\n<link rel=\"canonical\" href=\"https:\/\/www.noticiasradioreflejos.com.ar\/2021\/museo-estacion-ferroviaria-hasta-antes-de-la-pandemia-se-estimaban-unos-70-visitantes-por-dia\/\" \/>\n<meta property=\"og:locale\" content=\"es_ES\" \/>\n<meta property=\"og:type\" content=\"article\" \/>\n<meta property=\"og:title\" content=\"Museo Estaci\u00f3n Ferroviaria: \u201cLos mismos bienes que ten\u00eda desde 1908 siguen estando\u201d - Noticias Radio Reflejos\" \/>\n<meta property=\"og:description\" content=\"El apasionado Marcelo Garc\u00eda coment\u00f3 detalles de la estaci\u00f3n de trenes de Sierra de la Ventana, la cual convertida en museo, atesora valiosos recuerdos que ya acumulan un siglo de vida.\" \/>\n<meta property=\"og:url\" content=\"https:\/\/www.noticiasradioreflejos.com.ar\/2021\/museo-estacion-ferroviaria-hasta-antes-de-la-pandemia-se-estimaban-unos-70-visitantes-por-dia\/\" \/>\n<meta property=\"og:site_name\" content=\"Noticias Radio Reflejos\" \/>\n<meta property=\"article:published_time\" content=\"2022-05-31T17:44:11+00:00\" \/>\n<meta property=\"article:modified_time\" content=\"2022-05-31T17:56:07+00:00\" \/>\n<meta property=\"og:image\" content=\"https:\/\/www.noticiasradioreflejos.com.ar\/2021\/wp-content\/uploads\/2021\/06\/Estacion-Sierra-de-la-Ventana.jpg\" \/>\n\t<meta property=\"og:image:width\" content=\"1280\" \/>\n\t<meta property=\"og:image:height\" content=\"720\" \/>\n\t<meta property=\"og:image:type\" content=\"image\/jpeg\" \/>\n<meta name=\"author\" content=\"Arnaldo Botto\" \/>\n<meta name=\"twitter:card\" content=\"summary_large_image\" \/>\n<script type=\"application\/ld+json\" class=\"yoast-schema-graph\">{\"@context\":\"https:\/\/schema.org\",\"@graph\":[{\"@type\":\"WebPage\",\"@id\":\"https:\/\/www.noticiasradioreflejos.com.ar\/2021\/museo-estacion-ferroviaria-hasta-antes-de-la-pandemia-se-estimaban-unos-70-visitantes-por-dia\/\",\"url\":\"https:\/\/www.noticiasradioreflejos.com.ar\/2021\/museo-estacion-ferroviaria-hasta-antes-de-la-pandemia-se-estimaban-unos-70-visitantes-por-dia\/\",\"name\":\"Museo Estaci\u00f3n Ferroviaria: \u201cLos mismos bienes que ten\u00eda desde 1908 siguen estando\u201d - Noticias Radio Reflejos\",\"isPartOf\":{\"@id\":\"https:\/\/www.noticiasradioreflejos.com.ar\/2021\/#website\"},\"primaryImageOfPage\":{\"@id\":\"https:\/\/www.noticiasradioreflejos.com.ar\/2021\/museo-estacion-ferroviaria-hasta-antes-de-la-pandemia-se-estimaban-unos-70-visitantes-por-dia\/#primaryimage\"},\"image\":{\"@id\":\"https:\/\/www.noticiasradioreflejos.com.ar\/2021\/museo-estacion-ferroviaria-hasta-antes-de-la-pandemia-se-estimaban-unos-70-visitantes-por-dia\/#primaryimage\"},\"thumbnailUrl\":\"https:\/\/www.noticiasradioreflejos.com.ar\/2021\/wp-content\/uploads\/2021\/06\/Estacion-Sierra-de-la-Ventana.jpg\",\"datePublished\":\"2022-05-31T17:44:11+00:00\",\"dateModified\":\"2022-05-31T17:56:07+00:00\",\"author\":{\"@id\":\"https:\/\/www.noticiasradioreflejos.com.ar\/2021\/#\/schema\/person\/ad82545263dcc5ec0996818884fd5fb1\"},\"breadcrumb\":{\"@id\":\"https:\/\/www.noticiasradioreflejos.com.ar\/2021\/museo-estacion-ferroviaria-hasta-antes-de-la-pandemia-se-estimaban-unos-70-visitantes-por-dia\/#breadcrumb\"},\"inLanguage\":\"es\",\"potentialAction\":[{\"@type\":\"ReadAction\",\"target\":[\"https:\/\/www.noticiasradioreflejos.com.ar\/2021\/museo-estacion-ferroviaria-hasta-antes-de-la-pandemia-se-estimaban-unos-70-visitantes-por-dia\/\"]}]},{\"@type\":\"ImageObject\",\"inLanguage\":\"es\",\"@id\":\"https:\/\/www.noticiasradioreflejos.com.ar\/2021\/museo-estacion-ferroviaria-hasta-antes-de-la-pandemia-se-estimaban-unos-70-visitantes-por-dia\/#primaryimage\",\"url\":\"https:\/\/www.noticiasradioreflejos.com.ar\/2021\/wp-content\/uploads\/2021\/06\/Estacion-Sierra-de-la-Ventana.jpg\",\"contentUrl\":\"https:\/\/www.noticiasradioreflejos.com.ar\/2021\/wp-content\/uploads\/2021\/06\/Estacion-Sierra-de-la-Ventana.jpg\",\"width\":1280,\"height\":720},{\"@type\":\"BreadcrumbList\",\"@id\":\"https:\/\/www.noticiasradioreflejos.com.ar\/2021\/museo-estacion-ferroviaria-hasta-antes-de-la-pandemia-se-estimaban-unos-70-visitantes-por-dia\/#breadcrumb\",\"itemListElement\":[{\"@type\":\"ListItem\",\"position\":1,\"name\":\"Portada\",\"item\":\"https:\/\/www.noticiasradioreflejos.com.ar\/2021\/\"},{\"@type\":\"ListItem\",\"position\":2,\"name\":\"Museo Estaci\u00f3n Ferroviaria: \u201cLos mismos bienes que ten\u00eda desde 1908 siguen estando\u201d\"}]},{\"@type\":\"WebSite\",\"@id\":\"https:\/\/www.noticiasradioreflejos.com.ar\/2021\/#website\",\"url\":\"https:\/\/www.noticiasradioreflejos.com.ar\/2021\/\",\"name\":\"Noticias Radio Reflejos\",\"description\":\"Las noticias de mi comarca\",\"potentialAction\":[{\"@type\":\"SearchAction\",\"target\":{\"@type\":\"EntryPoint\",\"urlTemplate\":\"https:\/\/www.noticiasradioreflejos.com.ar\/2021\/?s={search_term_string}\"},\"query-input\":{\"@type\":\"PropertyValueSpecification\",\"valueRequired\":true,\"valueName\":\"search_term_string\"}}],\"inLanguage\":\"es\"},{\"@type\":\"Person\",\"@id\":\"https:\/\/www.noticiasradioreflejos.com.ar\/2021\/#\/schema\/person\/ad82545263dcc5ec0996818884fd5fb1\",\"name\":\"Arnaldo Botto\",\"image\":{\"@type\":\"ImageObject\",\"inLanguage\":\"es\",\"@id\":\"https:\/\/www.noticiasradioreflejos.com.ar\/2021\/#\/schema\/person\/image\/\",\"url\":\"https:\/\/secure.gravatar.com\/avatar\/55cb5e37c1efa326397366e6974cb338056df65cb50e7d64d1cf314e87504837?s=96&d=mm&r=g\",\"contentUrl\":\"https:\/\/secure.gravatar.com\/avatar\/55cb5e37c1efa326397366e6974cb338056df65cb50e7d64d1cf314e87504837?s=96&d=mm&r=g\",\"caption\":\"Arnaldo Botto\"},\"url\":\"https:\/\/www.noticiasradioreflejos.com.ar\/2021\/author\/arnaldo\/\"}]}<\/script>\n<!-- \/ Yoast SEO plugin. -->","yoast_head_json":{"title":"Museo Estaci\u00f3n Ferroviaria: \u201cLos mismos bienes que ten\u00eda desde 1908 siguen estando\u201d - Noticias Radio Reflejos","robots":{"index":"index","follow":"follow","max-snippet":"max-snippet:-1","max-image-preview":"max-image-preview:large","max-video-preview":"max-video-preview:-1"},"canonical":"https:\/\/www.noticiasradioreflejos.com.ar\/2021\/museo-estacion-ferroviaria-hasta-antes-de-la-pandemia-se-estimaban-unos-70-visitantes-por-dia\/","og_locale":"es_ES","og_type":"article","og_title":"Museo Estaci\u00f3n Ferroviaria: \u201cLos mismos bienes que ten\u00eda desde 1908 siguen estando\u201d - Noticias Radio Reflejos","og_description":"El apasionado Marcelo Garc\u00eda coment\u00f3 detalles de la estaci\u00f3n de trenes de Sierra de la Ventana, la cual convertida en museo, atesora valiosos recuerdos que ya acumulan un siglo de vida.","og_url":"https:\/\/www.noticiasradioreflejos.com.ar\/2021\/museo-estacion-ferroviaria-hasta-antes-de-la-pandemia-se-estimaban-unos-70-visitantes-por-dia\/","og_site_name":"Noticias Radio Reflejos","article_published_time":"2022-05-31T17:44:11+00:00","article_modified_time":"2022-05-31T17:56:07+00:00","og_image":[{"width":1280,"height":720,"url":"https:\/\/www.noticiasradioreflejos.com.ar\/2021\/wp-content\/uploads\/2021\/06\/Estacion-Sierra-de-la-Ventana.jpg","type":"image\/jpeg"}],"author":"Arnaldo Botto","twitter_card":"summary_large_image","schema":{"@context":"https:\/\/schema.org","@graph":[{"@type":"WebPage","@id":"https:\/\/www.noticiasradioreflejos.com.ar\/2021\/museo-estacion-ferroviaria-hasta-antes-de-la-pandemia-se-estimaban-unos-70-visitantes-por-dia\/","url":"https:\/\/www.noticiasradioreflejos.com.ar\/2021\/museo-estacion-ferroviaria-hasta-antes-de-la-pandemia-se-estimaban-unos-70-visitantes-por-dia\/","name":"Museo Estaci\u00f3n Ferroviaria: \u201cLos mismos bienes que ten\u00eda desde 1908 siguen estando\u201d - Noticias Radio Reflejos","isPartOf":{"@id":"https:\/\/www.noticiasradioreflejos.com.ar\/2021\/#website"},"primaryImageOfPage":{"@id":"https:\/\/www.noticiasradioreflejos.com.ar\/2021\/museo-estacion-ferroviaria-hasta-antes-de-la-pandemia-se-estimaban-unos-70-visitantes-por-dia\/#primaryimage"},"image":{"@id":"https:\/\/www.noticiasradioreflejos.com.ar\/2021\/museo-estacion-ferroviaria-hasta-antes-de-la-pandemia-se-estimaban-unos-70-visitantes-por-dia\/#primaryimage"},"thumbnailUrl":"https:\/\/www.noticiasradioreflejos.com.ar\/2021\/wp-content\/uploads\/2021\/06\/Estacion-Sierra-de-la-Ventana.jpg","datePublished":"2022-05-31T17:44:11+00:00","dateModified":"2022-05-31T17:56:07+00:00","author":{"@id":"https:\/\/www.noticiasradioreflejos.com.ar\/2021\/#\/schema\/person\/ad82545263dcc5ec0996818884fd5fb1"},"breadcrumb":{"@id":"https:\/\/www.noticiasradioreflejos.com.ar\/2021\/museo-estacion-ferroviaria-hasta-antes-de-la-pandemia-se-estimaban-unos-70-visitantes-por-dia\/#breadcrumb"},"inLanguage":"es","potentialAction":[{"@type":"ReadAction","target":["https:\/\/www.noticiasradioreflejos.com.ar\/2021\/museo-estacion-ferroviaria-hasta-antes-de-la-pandemia-se-estimaban-unos-70-visitantes-por-dia\/"]}]},{"@type":"ImageObject","inLanguage":"es","@id":"https:\/\/www.noticiasradioreflejos.com.ar\/2021\/museo-estacion-ferroviaria-hasta-antes-de-la-pandemia-se-estimaban-unos-70-visitantes-por-dia\/#primaryimage","url":"https:\/\/www.noticiasradioreflejos.com.ar\/2021\/wp-content\/uploads\/2021\/06\/Estacion-Sierra-de-la-Ventana.jpg","contentUrl":"https:\/\/www.noticiasradioreflejos.com.ar\/2021\/wp-content\/uploads\/2021\/06\/Estacion-Sierra-de-la-Ventana.jpg","width":1280,"height":720},{"@type":"BreadcrumbList","@id":"https:\/\/www.noticiasradioreflejos.com.ar\/2021\/museo-estacion-ferroviaria-hasta-antes-de-la-pandemia-se-estimaban-unos-70-visitantes-por-dia\/#breadcrumb","itemListElement":[{"@type":"ListItem","position":1,"name":"Portada","item":"https:\/\/www.noticiasradioreflejos.com.ar\/2021\/"},{"@type":"ListItem","position":2,"name":"Museo Estaci\u00f3n Ferroviaria: \u201cLos mismos bienes que ten\u00eda desde 1908 siguen estando\u201d"}]},{"@type":"WebSite","@id":"https:\/\/www.noticiasradioreflejos.com.ar\/2021\/#website","url":"https:\/\/www.noticiasradioreflejos.com.ar\/2021\/","name":"Noticias Radio Reflejos","description":"Las noticias de mi comarca","potentialAction":[{"@type":"SearchAction","target":{"@type":"EntryPoint","urlTemplate":"https:\/\/www.noticiasradioreflejos.com.ar\/2021\/?s={search_term_string}"},"query-input":{"@type":"PropertyValueSpecification","valueRequired":true,"valueName":"search_term_string"}}],"inLanguage":"es"},{"@type":"Person","@id":"https:\/\/www.noticiasradioreflejos.com.ar\/2021\/#\/schema\/person\/ad82545263dcc5ec0996818884fd5fb1","name":"Arnaldo Botto","image":{"@type":"ImageObject","inLanguage":"es","@id":"https:\/\/www.noticiasradioreflejos.com.ar\/2021\/#\/schema\/person\/image\/","url":"https:\/\/secure.gravatar.com\/avatar\/55cb5e37c1efa326397366e6974cb338056df65cb50e7d64d1cf314e87504837?s=96&d=mm&r=g","contentUrl":"https:\/\/secure.gravatar.com\/avatar\/55cb5e37c1efa326397366e6974cb338056df65cb50e7d64d1cf314e87504837?s=96&d=mm&r=g","caption":"Arnaldo Botto"},"url":"https:\/\/www.noticiasradioreflejos.com.ar\/2021\/author\/arnaldo\/"}]}},"_links":{"self":[{"href":"https:\/\/www.noticiasradioreflejos.com.ar\/2021\/wp-json\/wp\/v2\/posts\/72942","targetHints":{"allow":["GET"]}}],"collection":[{"href":"https:\/\/www.noticiasradioreflejos.com.ar\/2021\/wp-json\/wp\/v2\/posts"}],"about":[{"href":"https:\/\/www.noticiasradioreflejos.com.ar\/2021\/wp-json\/wp\/v2\/types\/post"}],"author":[{"embeddable":true,"href":"https:\/\/www.noticiasradioreflejos.com.ar\/2021\/wp-json\/wp\/v2\/users\/3"}],"replies":[{"embeddable":true,"href":"https:\/\/www.noticiasradioreflejos.com.ar\/2021\/wp-json\/wp\/v2\/comments?post=72942"}],"version-history":[{"count":4,"href":"https:\/\/www.noticiasradioreflejos.com.ar\/2021\/wp-json\/wp\/v2\/posts\/72942\/revisions"}],"predecessor-version":[{"id":72962,"href":"https:\/\/www.noticiasradioreflejos.com.ar\/2021\/wp-json\/wp\/v2\/posts\/72942\/revisions\/72962"}],"wp:featuredmedia":[{"embeddable":true,"href":"https:\/\/www.noticiasradioreflejos.com.ar\/2021\/wp-json\/wp\/v2\/media\/59030"}],"wp:attachment":[{"href":"https:\/\/www.noticiasradioreflejos.com.ar\/2021\/wp-json\/wp\/v2\/media?parent=72942"}],"wp:term":[{"taxonomy":"category","embeddable":true,"href":"https:\/\/www.noticiasradioreflejos.com.ar\/2021\/wp-json\/wp\/v2\/categories?post=72942"},{"taxonomy":"post_tag","embeddable":true,"href":"https:\/\/www.noticiasradioreflejos.com.ar\/2021\/wp-json\/wp\/v2\/tags?post=72942"}],"curies":[{"name":"wp","href":"https:\/\/api.w.org\/{rel}","templated":true}]}}