{"id":72939,"date":"2022-05-31T15:06:26","date_gmt":"2022-05-31T15:06:26","guid":{"rendered":"http:\/\/www.noticiasradioreflejos.com.ar\/2021\/?p=72939"},"modified":"2022-05-31T15:06:26","modified_gmt":"2022-05-31T15:06:26","slug":"la-feroz-batalla-de-mitre-contra-calfucura-en-sierra-chica-un-futuro-presidente-rodeado-sin-caballos-y-derrotado","status":"publish","type":"post","link":"https:\/\/www.noticiasradioreflejos.com.ar\/2021\/la-feroz-batalla-de-mitre-contra-calfucura-en-sierra-chica-un-futuro-presidente-rodeado-sin-caballos-y-derrotado\/","title":{"rendered":"La feroz batalla de Mitre contra Calfucur\u00e1 en Sierra Chica: un futuro presidente rodeado, sin caballos y derrotado"},"content":{"rendered":"<header class=\"article-header-wrapper\">\n<div class=\"article-header\">\n<p class=\"article-subheadline\">El entonces coronel Bartolom\u00e9 Mitre, al mando de 800 hombres, fue rechazado entre el 30 y 31 de mayo de 1855 por los abor\u00edgenes cerca de Olavarr\u00eda. El control del sur bonaerense por los pampas dur\u00f3 siete a\u00f1os m\u00e1s. La p\u00e9rdida de ese combate le vali\u00f3 al luego presidente el mote sat\u00edrico de \u201cBartolo Sierra Chica\u201d.<\/p>\n<\/div>\n<\/header>\n<p><!--more--><\/p>\n<article class=\"article\">\n<div class=\"nd-body-article\">\n<div class=\"visual__image\"><img loading=\"lazy\" decoding=\"async\" class=\"\" src=\"https:\/\/cloudfront-us-east-1.images.arcpublishing.com\/infobae\/YR4GZKVEZVCUVN3ZQ2PWPUEMOI.jpg\" sizes=\"auto, (min-width: 800px) 50vw, 90vw\" srcset=\"https:\/\/www.infobae.com\/new-resizer\/U1Y7M4edSGKU9-D6sJDP76GroVs=\/420x236\/filters:format(webp):quality(85)\/cloudfront-us-east-1.images.arcpublishing.com\/infobae\/YR4GZKVEZVCUVN3ZQ2PWPUEMOI.jpg 420w,https:\/\/www.infobae.com\/new-resizer\/hoQLixaeEhXTY64Rlfu9U5GBXzc=\/768x432\/filters:format(webp):quality(85)\/cloudfront-us-east-1.images.arcpublishing.com\/infobae\/YR4GZKVEZVCUVN3ZQ2PWPUEMOI.jpg 768w,https:\/\/www.infobae.com\/new-resizer\/LqbzESzWfTDOor7bupzxghWfnNM=\/992x558\/filters:format(webp):quality(85)\/cloudfront-us-east-1.images.arcpublishing.com\/infobae\/YR4GZKVEZVCUVN3ZQ2PWPUEMOI.jpg 992w,https:\/\/www.infobae.com\/new-resizer\/74gDnY4jkp-PlgntnFJ1rNwJGqk=\/1200x675\/filters:format(webp):quality(85)\/cloudfront-us-east-1.images.arcpublishing.com\/infobae\/YR4GZKVEZVCUVN3ZQ2PWPUEMOI.jpg 1200w,https:\/\/www.infobae.com\/new-resizer\/L4YeDHMjlbDapSsHYzKAqvW-5W0=\/1440x810\/filters:format(webp):quality(85)\/cloudfront-us-east-1.images.arcpublishing.com\/infobae\/YR4GZKVEZVCUVN3ZQ2PWPUEMOI.jpg 1440w\" alt=\"El entonces coronel Bartolom\u00e9 Mitre y el cacique Calfucur\u00e1 estuvieron al mando de las fuerzas que se enfrentaron en Sierra Chica (4 LONKOS\/Diego Greco Moreyra)\" width=\"1920\" height=\"1080\" \/>El entonces coronel Bartolom\u00e9 Mitre y el cacique Calfucur\u00e1 estuvieron al mando de las fuerzas que se enfrentaron en Sierra Chica (4 LONKOS\/Diego Greco Moreyra)<\/div>\n<p class=\"paragraph\">Entre el 24 de mayo y el 1 de junio de 1855 se produjo\u00a0<b>una de las empresas militares m\u00e1s \u00e1speras de la lucha contra los abor\u00edgenes\u00a0<\/b>en la Conquista del Desierto:<b>\u00a0la campa\u00f1a de Sierra Chica, que tuvo lugar en torno a la localidad de Sierra Chica, actual partido de Olavarr\u00eda\u00a0<\/b>en la provincia de Buenos Aires).<\/p>\n<p class=\"paragraph\">Hacia 1855,\u00a0<b>la frontera Sur con el aborigen<\/b>\u00a0se apoyaba en una l\u00ednea militar que corr\u00eda por el Sur de las provincias de Mendoza, San Luis, C\u00f3rdoba y Santa Fe, pasando por el Norte, Oeste, Centro, Sur y Costa Sur de la provincia de Buenos Aires. Al Norte, la frontera era asegurada por una l\u00ednea militar contra los abor\u00edgenes del Gran Chaco.<\/p>\n<p class=\"paragraph\">Las relaciones con los abor\u00edgenes eran muy inestables. Para mantener la paz, los gobiernos deb\u00edan someterse a una humillante y extorsiva pol\u00edtica de abastecimiento y racionamiento con los abor\u00edgenes (\u201cnegocio pac\u00edfico\u201d), a cambio de no atacar ni invadir fronteras y provincias. Durante sus gobiernos,\u00a0<b>Juan Manuel de Rosas mantuvo una relativa paz a trav\u00e9s del \u201cnegocio pac\u00edfico\u201d (1829-1852).<\/b><\/p>\n<p class=\"paragraph\">La ca\u00edda de Rosas en la batalla de Caseros (3 de febrero de 1852) inici\u00f3 la dif\u00edcil organizaci\u00f3n y unidad nacional. El Acuerdo de San Nicol\u00e1s, convocado por\u00a0<b>Justo Jos\u00e9 de Urquiza<\/b>\u00a0para organizar el pa\u00eds, fue rechazado por Buenos Aires. Las relaciones con la Confederaci\u00f3n Argentina se complicaron.<\/p>\n<p class=\"paragraph\">El 11 de septiembre de 1852\u00a0<b>los porte\u00f1os se levantaron contra Urquiza y constituyeron el Estado de Buenos Aires.<\/b>\u00a0As\u00ed comenz\u00f3 una nueva guerra civil, que finaliz\u00f3 a mediados de 1853. Por ese tiempo, se aprob\u00f3 la Constituci\u00f3n Nacional y Urquiza fue elegido presidente de la Confederaci\u00f3n Argentina. El Estado de Buenos Aires y la Confederaci\u00f3n Argentina permanecieron separados, conviviendo en cierta paz.<\/p>\n<p class=\"paragraph\"><b>Los abor\u00edgenes aprovecharon aquella situaci\u00f3n para olvidar los tratados,<\/b>\u00a0y renovaron, con mayor violencia, sus incursiones sobre fronteras y provincias, especialmente Buenos Aires.\u00a0<b>Atacaron estancias y poblaciones para apoderarse de ganado, capturar personas, saquear y depredar.<\/b>\u00a0Por caminos bien definidos (\u201crastrilladas\u201d), arreaban el ganado desde la provincia de Buenos Aires para venderlo en Chile.<\/p>\n<p class=\"paragraph\"><b>Aquellas acciones humillaban a los gobiernos,<\/b>\u00a0debilitaban la defensa fronteriza, afectaban la integridad territorial, perjudicaban el progreso econ\u00f3mico y la ocupaci\u00f3n del territorio y retrasaban la organizaci\u00f3n y unidad nacional.<\/p>\n<div class=\"visual__image\"><img loading=\"lazy\" decoding=\"async\" class=\"\" src=\"https:\/\/cloudfront-us-east-1.images.arcpublishing.com\/infobae\/5E5KBEMC4BETVJ3JSY5FE3O27U.jpg\" sizes=\"auto, (min-width: 800px) 50vw, 90vw\" srcset=\"https:\/\/www.infobae.com\/new-resizer\/cvuMz7SmLJKUOvV3oP2zqHYAeoU=\/420x560\/filters:format(webp):quality(85)\/cloudfront-us-east-1.images.arcpublishing.com\/infobae\/5E5KBEMC4BETVJ3JSY5FE3O27U.jpg 420w,https:\/\/www.infobae.com\/new-resizer\/89-EFzfJE0VeRQr7VLIprsmSGFw=\/768x1024\/filters:format(webp):quality(85)\/cloudfront-us-east-1.images.arcpublishing.com\/infobae\/5E5KBEMC4BETVJ3JSY5FE3O27U.jpg 768w,https:\/\/www.infobae.com\/new-resizer\/s4EEU1Nb-XJvbMQbsX4h3mDU9cA=\/992x1323\/filters:format(webp):quality(85)\/cloudfront-us-east-1.images.arcpublishing.com\/infobae\/5E5KBEMC4BETVJ3JSY5FE3O27U.jpg 992w,https:\/\/www.infobae.com\/new-resizer\/Blk7v-LAOMZbRI-sIFwj7Aku_HA=\/1200x1600\/filters:format(webp):quality(85)\/cloudfront-us-east-1.images.arcpublishing.com\/infobae\/5E5KBEMC4BETVJ3JSY5FE3O27U.jpg 1200w\" alt=\"Ilustraci\u00f3n de Calfucur\u00e1, el gran cacique de origen chileno que se estableci\u00f3 en La Pampa y se hizo due\u00f1o del sur bonaerense durante casi tres d\u00e9cadas\" width=\"770\" height=\"979\" \/>Ilustraci\u00f3n de Calfucur\u00e1, el gran cacique de origen chileno que se estableci\u00f3 en La Pampa y se hizo due\u00f1o del sur bonaerense durante casi tres d\u00e9cadas<\/div>\n<p class=\"paragraph\">El cacique m\u00e1s poderoso fue<a href=\"https:\/\/www.infobae.com\/sociedad\/2021\/06\/03\/calfucura-el-cacique-invencible-que-sembro-el-terror-y-decia-haber-sido-elegido-por-dios\/\" target=\"_blank\" rel=\"noopener\"><b>el mapuche-araucano Calfucur\u00e1<\/b><\/a><b>, nacido en Chile e instalado en Salinas Grandes (hoy La Pampa) desde 1834.\u00a0<\/b>Form\u00f3 y lider\u00f3 la Confederaci\u00f3n de Salinas Grandes, compuesta por diversos pueblos abor\u00edgenes de Pampa y Patagonia, y<b>\u00a0fue el aut\u00e9ntico amo y se\u00f1or del desierto hasta 1873.<\/b>\u00a0Su prestigio gan\u00f3 adhesi\u00f3n entre abor\u00edgenes chilenos.<\/p>\n<p class=\"paragraph\">Pol\u00edtico astuto y h\u00e1bil diplom\u00e1tico,\u00a0<b>aprovech\u00f3 las desinteligencias de nuestros gobiernos y logr\u00f3 beneficiosos tratados.\u00a0<\/b>Hasta fue aliado del presidente de la Confederaci\u00f3n Argentina Justo Jos\u00e9 de Urquiza. Conoc\u00eda perfectamente el territorio y las \u201crastrilladas\u201d y,\u00a0<b>como conductor militar, apostaba a la movilidad de su caballer\u00eda y a sus numerosos \u201cguerreros de lanza\u201d.<\/b><\/p>\n<p class=\"paragraph\">El Estado de Buenos Aires continu\u00f3 la pol\u00edtica del \u201cnegocio pac\u00edfico\u201d con los abor\u00edgenes. Las relaciones fueron inestables, y\u00a0<b>se concretaron difusos tratados con los caciques pampas Catriel y Cachul.<\/b><\/p>\n<p class=\"paragraph\">Luego de Caseros, la frontera bonaerense sufri\u00f3 ataques cada vez m\u00e1s violentos y constantes.\u00a0<b>Entre 1852 y 1853, Calfucur\u00e1 atac\u00f3 Bah\u00eda Blanca y el Sur de la provincia, mientras que Catriel y Cachul, olvidando sus tratados con Buenos Aires, depredaron Azul.<\/b><\/p>\n<p class=\"paragraph\">A principios de 1855,\u00a0<b>Calfucur\u00e1, Catriel y Cachul invadieron la provincia con 5000 abor\u00edgenes.<\/b>\u00a0Arrasaron el partido de Azul, se apoderaron de numeroso ganado, se llevaron varias personas cautivas y\u00a0<b>asesinaron a 300 pobladores.<\/b><\/p>\n<p class=\"paragraph\">Quien asumi\u00f3 el desaf\u00edo de responder a aquella invasi\u00f3n, fue el\u00a0<b>ministro de Guerra y Marina del Estado de Buenos Aires coronel Bartolom\u00e9 Mitre,<\/b>\u00a0veterano de la guerra contra Rosas y del conflicto contra la Confederaci\u00f3n Argentina, destacado periodista y, anteriormente, legislador provincial, ministro de Gobierno y canciller del Estado de Buenos Aires.<\/p>\n<p class=\"paragraph\"><b>El coronel Bartolom\u00e9 Mitre decidi\u00f3 combatir primero a los pampas de Catriel y Cachul, aliados de Calfucur\u00e1, para luego continuar la campa\u00f1a contra el l\u00edder de Salinas Grandes.<\/b>\u00a0Organiz\u00f3 una operaci\u00f3n combinada sobre la frontera Sur bonaerense, con dos columnas que deb\u00edan operar estrechamente coordinadas.<\/p>\n<p class=\"paragraph\"><mark class=\"hl_yellow\">La columna comandada personalmente por el ministro coronel Bartolom\u00e9 Mitre, operar\u00eda desde Azul sobre las tolder\u00edas de Catriel, en Sierra Chica; mientras que la columna del coronel Laureano D\u00edaz, comandante de la Frontera Centro, partir\u00eda desde fuerte Cruz de Guerra (actual 25 de Mayo) para actuar contra las tolder\u00edas de Cachul, entre las lagunas Blanca Grande y Blanca Chica. Buscar\u00edan sorprender, acorralar y atacar por flancos y retaguardia a los pampas y, conseguido el triunfo, se reunir\u00edan en Sierra Chica para continuar las operaciones.<\/mark><\/p>\n<div class=\"visual__image\"><img loading=\"lazy\" decoding=\"async\" class=\"\" src=\"https:\/\/cloudfront-us-east-1.images.arcpublishing.com\/infobae\/FWOTYCZQ7FFGTC7B6K6745VJKY.jpg\" sizes=\"auto, (min-width: 800px) 50vw, 90vw\" srcset=\"https:\/\/www.infobae.com\/new-resizer\/j_IoOo6K2pCaUB4EAT6nvnJWW_A=\/420x630\/filters:format(webp):quality(85)\/cloudfront-us-east-1.images.arcpublishing.com\/infobae\/FWOTYCZQ7FFGTC7B6K6745VJKY.jpg 420w,https:\/\/www.infobae.com\/new-resizer\/CPDBQCOVxTlamFz9AdFfRYjQ7Hg=\/768x1152\/filters:format(webp):quality(85)\/cloudfront-us-east-1.images.arcpublishing.com\/infobae\/FWOTYCZQ7FFGTC7B6K6745VJKY.jpg 768w,https:\/\/www.infobae.com\/new-resizer\/1Lerelb0u5FybJ1E94geGAhg_2k=\/992x1488\/filters:format(webp):quality(85)\/cloudfront-us-east-1.images.arcpublishing.com\/infobae\/FWOTYCZQ7FFGTC7B6K6745VJKY.jpg 992w,https:\/\/www.infobae.com\/new-resizer\/ZWhuRAD8FZZ-aZOzKyJ15vkJUe8=\/1200x1800\/filters:format(webp):quality(85)\/cloudfront-us-east-1.images.arcpublishing.com\/infobae\/FWOTYCZQ7FFGTC7B6K6745VJKY.jpg 1200w\" alt=\"Bartolom\u00e9 Mitre junto a su secretario en la batalla de Pav\u00f3n, Jos\u00e9 Mar\u00eda Guti\u00e9rrez. Fotograf\u00eca publicada en Caras y Caretas en 1899.\" width=\"314\" height=\"452\" \/>Bartolom\u00e9 Mitre junto a su secretario en la batalla de Pav\u00f3n, Jos\u00e9 Mar\u00eda Guti\u00e9rrez. Fotograf\u00eca publicada en Caras y Caretas en 1899.<\/div>\n<p class=\"paragraph\">El coronel Mitre parti\u00f3 desde Azul en la noche del 27 de mayo de 1855.<b>\u00a0Sus fuerzas (800 hombres)\u00a0<\/b>se compon\u00edan de tropas de coraceros, del batall\u00f3n 2 de l\u00ednea y de cazadores del batall\u00f3n 1 de l\u00ednea, m\u00e1s guardias nacionales y abor\u00edgenes. Un corresponsal de \u201cLa Tribuna\u201d destac\u00f3 que\u00a0<b>el ministro prometi\u00f3 \u201casegurar las fronteras, sin que lo detengan los rigores de la estaci\u00f3n, ni las penurias de una guerra mon\u00f3tona y salvaje\u201d.<\/b>\u00a0La marcha se realiz\u00f3 casi siempre de noche. El 29 se dirigi\u00f3 por la noche hacia Sierra Chica, para\u00a0<b>sorprender a las tolder\u00edas de Catriel en la madrugada del 30.<\/b><\/p>\n<p class=\"paragraph\">La columna atraves\u00f3 territorios pr\u00e1cticamente desconocidos. El corresponsal de \u201cLa Tribuna\u201d se\u00f1al\u00f3 el \u201cmal estado de los caminos\u201d y el \u201cmal servicio de las postas\u201d; que \u201cel fr\u00edo y el hambre atacaban muy de cerca\u201d y que\u00a0<b>\u201csi no falt\u00f3 para comer la carne, el agua hizo gran falta\u201d<\/b>. Por errores de los baqueanos,\u00a0<b>las tolder\u00edas de Catriel se hallaban m\u00e1s alejadas de lo previsto, \u201cequivocaci\u00f3n que fue funesta para el \u00e9xito de la expedici\u00f3n\u201d,\u00a0<\/b>seg\u00fan el coronel Mitre.<\/p>\n<p class=\"paragraph\">A las primeras luces del 30 de mayo,\u00a0<b>las fuerzas del coronel Mitre avanzaron sobre Sierra Chica,<\/b>\u00a0pero el sorpresivo ataque de madrugada ya se hab\u00eda frustrado:\u00a0<mark class=\"hl_yellow\">\u201cUna l\u00ednea considerable de indios se present\u00f3 a defender las tolder\u00edas. El golpe se hab\u00eda malogrado\u201d<\/mark>, dijo el corresponsal de \u201cLa Tribuna\u201d.<\/p>\n<p class=\"paragraph\">El coronel Mitre dispuso que<b>\u00a0la infanter\u00eda deb\u00eda iniciar la ofensiva, y la caballer\u00eda apoyar y decidir el ataque:\u00a0<\/b>as\u00ed se podr\u00eda controlar el campo de batalla y neutralizar la r\u00e1pida caballer\u00eda y el orden circular de la t\u00e1ctica aborigen.<\/p>\n<p class=\"paragraph\">Hacia las 8 de la ma\u00f1ana del 30 de mayo comenz\u00f3 el combate de Sierra Chica. El coronel Mitre distribuy\u00f3 sus fuerzas, pero la apresurada caballer\u00eda se despleg\u00f3 sobre la marcha, arrastrando a guardias nacionales y aislando la infanter\u00eda. Ante dos cargas de los pampas rechazadas por los coraceros,\u00a0<b>la guardia nacional retrocedi\u00f3, provocando confusi\u00f3n y desorden.<\/b><\/p>\n<p class=\"paragraph\">Los abor\u00edgenes aliados de Buenos Aires cargaron sobre los toldos, pero la caballer\u00eda atac\u00f3 por su cuenta, confiada en una f\u00e1cil y r\u00e1pida victoria.\u00a0<b>No obstante, las fuerzas de Buenos Aires arrollaron a los pampas,<\/b>\u00a0los empujaron hacia sus toldos y los desalojaron, arrebat\u00e1ndoles numerosos caballos.<\/p>\n<p class=\"paragraph\">Pero la fuerza atacante se quebr\u00f3, pues sus componentes se dispersaron y separaron en fracciones que arreaban los caballos capturados, segu\u00edan la lucha o saqueaban los toldos. El ataque se diluy\u00f3 en acciones sin coordinaci\u00f3n.\u00a0<b>Los pampas de Catriel contraatacaron, aislaron y rodearon a las fracciones,<\/b>\u00a0provocando encarnizado entrevero y lucha cuerpo a cuerpo.<\/p>\n<p class=\"paragraph\">La columna fue rodeada y sometida a permanentes y r\u00e1pidos ataques desde todas direcciones.<b>\u00a0Los pampas impusieron la movilidad de su caballer\u00eda y sus acciones de guerrilla.<\/b>\u00a0Mitre se\u00f1al\u00f3 que\u00a0<mark class=\"hl_yellow\">\u201clos indios amagaban frente, flancos y retaguardia, en caballos de una superioridad incontestable, con los cuales corr\u00edan f\u00e1cilmente por los flancos, evitando cuando les conven\u00eda el choque\u201d<\/mark>.<\/p>\n<div class=\"visual__image\"><img loading=\"lazy\" decoding=\"async\" class=\"\" src=\"https:\/\/cloudfront-us-east-1.images.arcpublishing.com\/infobae\/QNEB5UKFZBCQBMDCGLLCXJXPVU.jpg\" sizes=\"auto, (min-width: 800px) 50vw, 90vw\" srcset=\"https:\/\/www.infobae.com\/new-resizer\/DH1vw2YZk_tt6Nj7i75HRHdhBhU=\/420x280\/filters:format(webp):quality(85)\/cloudfront-us-east-1.images.arcpublishing.com\/infobae\/QNEB5UKFZBCQBMDCGLLCXJXPVU.jpg 420w,https:\/\/www.infobae.com\/new-resizer\/jMpOno1-rvNsZxjUatoMMDVJ4mI=\/768x512\/filters:format(webp):quality(85)\/cloudfront-us-east-1.images.arcpublishing.com\/infobae\/QNEB5UKFZBCQBMDCGLLCXJXPVU.jpg 768w,https:\/\/www.infobae.com\/new-resizer\/WVD2YIJLP_WfbltmcT37v0D0_YU=\/992x661\/filters:format(webp):quality(85)\/cloudfront-us-east-1.images.arcpublishing.com\/infobae\/QNEB5UKFZBCQBMDCGLLCXJXPVU.jpg 992w,https:\/\/www.infobae.com\/new-resizer\/BBsnSG4wWVcx4wUU_p9MCiRHAp4=\/1200x800\/filters:format(webp):quality(85)\/cloudfront-us-east-1.images.arcpublishing.com\/infobae\/QNEB5UKFZBCQBMDCGLLCXJXPVU.jpg 1200w,https:\/\/www.infobae.com\/new-resizer\/FdKwfRXldq6lLvMk65xNKi_xhYA=\/1440x960\/filters:format(webp):quality(85)\/cloudfront-us-east-1.images.arcpublishing.com\/infobae\/QNEB5UKFZBCQBMDCGLLCXJXPVU.jpg 1440w\" alt=\"El cacique Catriel fue uno de los l\u00edderes abor\u00edgenes que intervino en la batalla de Sierra Chica\" width=\"1023\" height=\"682\" \/>El cacique Catriel fue uno de los l\u00edderes abor\u00edgenes que intervino en la batalla de Sierra Chica<\/div>\n<p class=\"paragraph\"><b>Los caballos de los porte\u00f1os se dispersaron, dejando las tropas a pie,\u00a0<\/b>mientras, seg\u00fan Mitre, \u201clos indios se retiraban y volv\u00edan al combate cabalgando soberbios caballos de refresco\u201d. En la confusi\u00f3n,\u00a0<b>el capit\u00e1n Emilio Vidal, herido con cuatro lanzazos y dos balazos, y sin caballo, se defendi\u00f3 a sable contra cinco abor\u00edgenes,\u00a0<\/b>logrando salvarse.<\/p>\n<p class=\"paragraph\">Mitre se puso a la defensiva para salvar sus fuerzas.\u00a0<b>Sus hombres, todos a pie, se retiraron a una sierra aislada, donde los pampas los rodearon<\/b>\u00a0y sometieron a escaramuzas. Mitre pens\u00f3 lo peor: \u201cel n\u00famero de indios que nos circundaba, sus alaridos salvajes y su ardor, hac\u00edan concebir la idea de un contraste\u201d.<\/p>\n<p class=\"paragraph\"><b>Al anochecer del 30 de mayo, aparecieron a la distancia las hordas de Calfucur\u00e1.<\/b>\u00a0Las fuerzas porte\u00f1as permanecieron, seg\u00fan Mitre,\u00a0<mark class=\"hl_yellow\">\u201cen la incertidumbre y sobre las armas toda una noche opaca y lluviosa donde no cesaron los alaridos de los b\u00e1rbaros que nos circundaban\u201d<\/mark>.<\/p>\n<p class=\"paragraph\">El 31 de mayo continuaron las escaramuzas y las guerrillas y el avance de las fuerzas de Calfucur\u00e1,\u00a0<b>\u201cmientras nosotros reducidos por todo alimento a carne de yegua, sin m\u00e1s agua que la que brotaban algunas vertientes de la sierra, resueltos a sostener el puesto hasta el \u00faltimo trance\u201d<\/b>, inform\u00f3 Mitre. En la noche la columna comenz\u00f3 la retirada: la maniobra se realiz\u00f3 de noche y a pie, \u201cdesde el primer jefe hasta el \u00faltimo soldado, observando el mayor orden y silencio\u201d, destac\u00f3.<\/p>\n<p class=\"paragraph\">Finalmente,<b>\u00a0llegaron a Azul en la ma\u00f1ana del 1 de junio<\/b>, \u201cdespu\u00e9s de sufrir toda clase de privaciones, y peleando con un enemigo fuerte y decididamente valeroso\u201d, observ\u00f3 el corresponsal de \u201cLa Tribuna\u201d<b>. Las fuerzas de Buenos Aires sufrieron 16 muertos y 23 heridos y perdieron todos sus caballos y buena parte del equipo.<\/b><\/p>\n<p class=\"paragraph\">Por su parte,<b>\u00a0la columna del coronel Laureano D\u00edaz parti\u00f3 el 24 de mayo de 1855 desde el fuerte Cruz de Guerra para combatir a los pampas de Cachul.<\/b>\u00a0Aquel jefe era veterano de la guerra contra el Imperio del Brasil (1825-1828) y de la guerra contra Rosas.<\/p>\n<p class=\"paragraph\"><b>La columna del coronel D\u00edaz se compon\u00eda de 600 hombres, con apoyo aborigen.<\/b>\u00a0El 30 de mayo lleg\u00f3 a las tolder\u00edas de Cachul pero las encontr\u00f3 sin abor\u00edgenes combatientes, pues se hab\u00edan retirado a Sierra Chica para reforzar a Catriel.\u00a0<b>Los d\u00edas 30 y 31 de mayo fue rodeado y atacado por numerosas fuerzas del gran Calfucur\u00e1.\u00a0<\/b>Seg\u00fan el coronel D\u00edaz, \u201cnos dieron el ataque por los cuatro frentes donde se empe\u00f1aron fuertes guerrillas, pero no sufr\u00edan nuestras cargas\u201d.<\/p>\n<p class=\"paragraph\">Si bien la columna del coronel D\u00edaz logr\u00f3 rechazarlas, su comandante no pudo perseguirlas, ni alcanz\u00f3 a unirse a las fuerzas del coronel Mitre.\u00a0<b>Se retir\u00f3 y lleg\u00f3 a estancia del Saladillo en la madrugada del 1 de junio.<\/b><\/p>\n<div class=\"visual__image\"><img loading=\"lazy\" decoding=\"async\" class=\"\" src=\"https:\/\/cloudfront-us-east-1.images.arcpublishing.com\/infobae\/BSW6WJM5YRCZHKHFXTHNLHXNNA.jpg\" sizes=\"auto, (min-width: 800px) 50vw, 90vw\" srcset=\"https:\/\/www.infobae.com\/new-resizer\/GR4Xgxnkhys8YqieGEz39nyx1wU=\/420x315\/filters:format(webp):quality(85)\/cloudfront-us-east-1.images.arcpublishing.com\/infobae\/BSW6WJM5YRCZHKHFXTHNLHXNNA.jpg 420w,https:\/\/www.infobae.com\/new-resizer\/4XcE93rQB2K5wsu7R6gLC0hI2tM=\/768x576\/filters:format(webp):quality(85)\/cloudfront-us-east-1.images.arcpublishing.com\/infobae\/BSW6WJM5YRCZHKHFXTHNLHXNNA.jpg 768w,https:\/\/www.infobae.com\/new-resizer\/mBB9fZOvqKOT00Be91VFIAR6r4I=\/992x744\/filters:format(webp):quality(85)\/cloudfront-us-east-1.images.arcpublishing.com\/infobae\/BSW6WJM5YRCZHKHFXTHNLHXNNA.jpg 992w,https:\/\/www.infobae.com\/new-resizer\/6r_yjaUfeA_J_gokhkEIUmy1lf0=\/1200x900\/filters:format(webp):quality(85)\/cloudfront-us-east-1.images.arcpublishing.com\/infobae\/BSW6WJM5YRCZHKHFXTHNLHXNNA.jpg 1200w,https:\/\/www.infobae.com\/new-resizer\/2run7uMqVAWYXgmlQNm7NOWQo2I=\/1440x1080\/filters:format(webp):quality(85)\/cloudfront-us-east-1.images.arcpublishing.com\/infobae\/BSW6WJM5YRCZHKHFXTHNLHXNNA.jpg 1440w\" alt=\"El monumento que indica el lugar donde tuvo lugar el combate que enfrent\u00f3 a las tropas del gobierno argentino con los abor\u00edgenes en Sierra Chica, cerca de Olavarr\u00eda en la provincia de Buenos Aires\" width=\"400\" height=\"300\" \/>El monumento que indica el lugar donde tuvo lugar el combate que enfrent\u00f3 a las tropas del gobierno argentino con los abor\u00edgenes en Sierra Chica, cerca de Olavarr\u00eda en la provincia de Buenos Aires<\/div>\n<p class=\"paragraph\">El coronel Mitre reconoci\u00f3 que<b>\u00a0la campa\u00f1a no dio los resultados esperados para pacificar la frontera de Buenos Aires<\/b>, pero se recuper\u00f3 la iniciativa y la actitud de combatir al aborigen en sus tolder\u00edas. Destac\u00f3 que ya se conoc\u00eda \u201cel olvidado camino del desierto\u201d, y que\u00a0<mark class=\"hl_yellow\">\u201cse adquiri\u00f3 en la pelea experiencia de que carec\u00edan nuestras tropas en una guerra enteramente nueva para ellas\u201d.<\/mark><\/p>\n<p class=\"paragraph\">Durante la campa\u00f1a,\u00a0<b>sus comandantes destacaron la falta de caballos.\u00a0<\/b>Sus fuerzas y sus baqueanos desconoc\u00edan el territorio, y la log\u00edstica result\u00f3 deficiente. Las fuerzas porte\u00f1as fueron escasas y marcharon divididas; carec\u00edan de instrucci\u00f3n y disciplina; no contaron con jefes subordinados capaces de imponer autoridad en momentos cr\u00edticos; y\u00a0<b>tampoco pose\u00edan suficiente experiencia para combatir abor\u00edgenes conocedores del terreno y organizados en guerrillas<\/b>\u00a0con una t\u00e1ctica m\u00f3vil, evasiva y desgastante.<\/p>\n<p class=\"paragraph\"><b>Catriel, Cachul y Calfucur\u00e1 salieron fortalecidos, en tanto el Estado de Buenos Aires cedi\u00f3 a mayores exigencias de aquellos l\u00edderes<\/b>\u00a0y soport\u00f3 el retroceso de su l\u00ednea fronteriza.\u00a0<b>El mismo Mitre advertir\u00e1 que el problema aborigen se solucionar\u00eda en 300 a\u00f1os\u2026<\/b><\/p>\n<p class=\"paragraph\"><b>Para desprestigiar al general Bartolom\u00e9 Mitre, ex presidente de la Naci\u00f3n (1862-1868),<\/b>\u00a0sus adversarios pol\u00edticos utilizaron, en 1875, las p\u00e1ginas de \u201cEl Mosquito\u201d para burlarse de su derrota en el combate de Sierra Chica (30 y 31 de mayo de 1855)\u00a0<b>nombr\u00e1ndolo \u201cBartolo Sierra Chica\u201d.<\/b><\/p>\n<p class=\"paragraph\">Luego de Sierra Chica, nuestros gobiernos intentar\u00e1n diversas campa\u00f1as contra los abor\u00edgenes, pero todas terminar\u00e1n en derrota.\u00a0<b>Habr\u00e1 que esperar reci\u00e9n a 1872 cuando,\u00a0<\/b><a href=\"https:\/\/www.infobae.com\/sociedad\/2022\/03\/08\/la-mas-renida-batalla-en-la-guerra-de-los-indios-de-la-que-se-tenga-memoria-a-150-anos-del-combate-de-san-carlos\/\" target=\"_blank\" rel=\"noopener\"><b>en el combate de San Carlos<\/b><\/a><b>, se produzca un punto de inflexi\u00f3n en el complejo proceso de la Conquista del Desierto<\/b>\u00a0y en las dif\u00edciles relaciones con el mundo aborigen.<\/p>\n<\/div>\n<\/article>\n<p>&nbsp;<\/p>\n<p><strong>Por\u00a0 Luis Furl\u00e1n para Infobae<\/strong><\/p>\n","protected":false},"excerpt":{"rendered":"<p>El entonces coronel Bartolom\u00e9 Mitre, al mando de 800 hombres, fue rechazado entre el 30 y 31 de mayo de 1855 por los abor\u00edgenes cerca de Olavarr\u00eda. El control del sur bonaerense por los pampas dur\u00f3 siete a\u00f1os m\u00e1s. La p\u00e9rdida de ese combate le vali\u00f3 al luego presidente el mote sat\u00edrico de \u201cBartolo Sierra [&hellip;]<\/p>\n","protected":false},"author":3,"featured_media":0,"comment_status":"closed","ping_status":"closed","sticky":false,"template":"","format":"standard","meta":{"footnotes":""},"categories":[35,26],"tags":[],"class_list":["post-72939","post","type-post","status-publish","format-standard","hentry","category-cultura","category-sociedad"],"yoast_head":"<!-- This site is optimized with the Yoast SEO plugin v25.9 - https:\/\/yoast.com\/wordpress\/plugins\/seo\/ -->\n<title>La feroz batalla de Mitre contra Calfucur\u00e1 en Sierra Chica: un futuro presidente rodeado, sin caballos y derrotado - Noticias Radio Reflejos<\/title>\n<meta name=\"robots\" content=\"index, follow, max-snippet:-1, max-image-preview:large, max-video-preview:-1\" \/>\n<link rel=\"canonical\" href=\"https:\/\/www.noticiasradioreflejos.com.ar\/2021\/la-feroz-batalla-de-mitre-contra-calfucura-en-sierra-chica-un-futuro-presidente-rodeado-sin-caballos-y-derrotado\/\" \/>\n<meta property=\"og:locale\" content=\"es_ES\" \/>\n<meta property=\"og:type\" content=\"article\" \/>\n<meta property=\"og:title\" content=\"La feroz batalla de Mitre contra Calfucur\u00e1 en Sierra Chica: un futuro presidente rodeado, sin caballos y derrotado - Noticias Radio Reflejos\" \/>\n<meta property=\"og:description\" content=\"El entonces coronel Bartolom\u00e9 Mitre, al mando de 800 hombres, fue rechazado entre el 30 y 31 de mayo de 1855 por los abor\u00edgenes cerca de Olavarr\u00eda. El control del sur bonaerense por los pampas dur\u00f3 siete a\u00f1os m\u00e1s. La p\u00e9rdida de ese combate le vali\u00f3 al luego presidente el mote sat\u00edrico de \u201cBartolo Sierra [&hellip;]\" \/>\n<meta property=\"og:url\" content=\"https:\/\/www.noticiasradioreflejos.com.ar\/2021\/la-feroz-batalla-de-mitre-contra-calfucura-en-sierra-chica-un-futuro-presidente-rodeado-sin-caballos-y-derrotado\/\" \/>\n<meta property=\"og:site_name\" content=\"Noticias Radio Reflejos\" \/>\n<meta property=\"article:published_time\" content=\"2022-05-31T15:06:26+00:00\" \/>\n<meta property=\"og:image\" content=\"https:\/\/cloudfront-us-east-1.images.arcpublishing.com\/infobae\/YR4GZKVEZVCUVN3ZQ2PWPUEMOI.jpg\" \/>\n<meta name=\"author\" content=\"Arnaldo Botto\" \/>\n<meta name=\"twitter:card\" content=\"summary_large_image\" \/>\n<script type=\"application\/ld+json\" class=\"yoast-schema-graph\">{\"@context\":\"https:\/\/schema.org\",\"@graph\":[{\"@type\":\"WebPage\",\"@id\":\"https:\/\/www.noticiasradioreflejos.com.ar\/2021\/la-feroz-batalla-de-mitre-contra-calfucura-en-sierra-chica-un-futuro-presidente-rodeado-sin-caballos-y-derrotado\/\",\"url\":\"https:\/\/www.noticiasradioreflejos.com.ar\/2021\/la-feroz-batalla-de-mitre-contra-calfucura-en-sierra-chica-un-futuro-presidente-rodeado-sin-caballos-y-derrotado\/\",\"name\":\"La feroz batalla de Mitre contra Calfucur\u00e1 en Sierra Chica: un futuro presidente rodeado, sin caballos y derrotado - Noticias Radio Reflejos\",\"isPartOf\":{\"@id\":\"https:\/\/www.noticiasradioreflejos.com.ar\/2021\/#website\"},\"primaryImageOfPage\":{\"@id\":\"https:\/\/www.noticiasradioreflejos.com.ar\/2021\/la-feroz-batalla-de-mitre-contra-calfucura-en-sierra-chica-un-futuro-presidente-rodeado-sin-caballos-y-derrotado\/#primaryimage\"},\"image\":{\"@id\":\"https:\/\/www.noticiasradioreflejos.com.ar\/2021\/la-feroz-batalla-de-mitre-contra-calfucura-en-sierra-chica-un-futuro-presidente-rodeado-sin-caballos-y-derrotado\/#primaryimage\"},\"thumbnailUrl\":\"https:\/\/cloudfront-us-east-1.images.arcpublishing.com\/infobae\/YR4GZKVEZVCUVN3ZQ2PWPUEMOI.jpg\",\"datePublished\":\"2022-05-31T15:06:26+00:00\",\"author\":{\"@id\":\"https:\/\/www.noticiasradioreflejos.com.ar\/2021\/#\/schema\/person\/ad82545263dcc5ec0996818884fd5fb1\"},\"breadcrumb\":{\"@id\":\"https:\/\/www.noticiasradioreflejos.com.ar\/2021\/la-feroz-batalla-de-mitre-contra-calfucura-en-sierra-chica-un-futuro-presidente-rodeado-sin-caballos-y-derrotado\/#breadcrumb\"},\"inLanguage\":\"es\",\"potentialAction\":[{\"@type\":\"ReadAction\",\"target\":[\"https:\/\/www.noticiasradioreflejos.com.ar\/2021\/la-feroz-batalla-de-mitre-contra-calfucura-en-sierra-chica-un-futuro-presidente-rodeado-sin-caballos-y-derrotado\/\"]}]},{\"@type\":\"ImageObject\",\"inLanguage\":\"es\",\"@id\":\"https:\/\/www.noticiasradioreflejos.com.ar\/2021\/la-feroz-batalla-de-mitre-contra-calfucura-en-sierra-chica-un-futuro-presidente-rodeado-sin-caballos-y-derrotado\/#primaryimage\",\"url\":\"https:\/\/cloudfront-us-east-1.images.arcpublishing.com\/infobae\/YR4GZKVEZVCUVN3ZQ2PWPUEMOI.jpg\",\"contentUrl\":\"https:\/\/cloudfront-us-east-1.images.arcpublishing.com\/infobae\/YR4GZKVEZVCUVN3ZQ2PWPUEMOI.jpg\"},{\"@type\":\"BreadcrumbList\",\"@id\":\"https:\/\/www.noticiasradioreflejos.com.ar\/2021\/la-feroz-batalla-de-mitre-contra-calfucura-en-sierra-chica-un-futuro-presidente-rodeado-sin-caballos-y-derrotado\/#breadcrumb\",\"itemListElement\":[{\"@type\":\"ListItem\",\"position\":1,\"name\":\"Portada\",\"item\":\"https:\/\/www.noticiasradioreflejos.com.ar\/2021\/\"},{\"@type\":\"ListItem\",\"position\":2,\"name\":\"La feroz batalla de Mitre contra Calfucur\u00e1 en Sierra Chica: un futuro presidente rodeado, sin caballos y derrotado\"}]},{\"@type\":\"WebSite\",\"@id\":\"https:\/\/www.noticiasradioreflejos.com.ar\/2021\/#website\",\"url\":\"https:\/\/www.noticiasradioreflejos.com.ar\/2021\/\",\"name\":\"Noticias Radio Reflejos\",\"description\":\"Las noticias de mi comarca\",\"potentialAction\":[{\"@type\":\"SearchAction\",\"target\":{\"@type\":\"EntryPoint\",\"urlTemplate\":\"https:\/\/www.noticiasradioreflejos.com.ar\/2021\/?s={search_term_string}\"},\"query-input\":{\"@type\":\"PropertyValueSpecification\",\"valueRequired\":true,\"valueName\":\"search_term_string\"}}],\"inLanguage\":\"es\"},{\"@type\":\"Person\",\"@id\":\"https:\/\/www.noticiasradioreflejos.com.ar\/2021\/#\/schema\/person\/ad82545263dcc5ec0996818884fd5fb1\",\"name\":\"Arnaldo Botto\",\"image\":{\"@type\":\"ImageObject\",\"inLanguage\":\"es\",\"@id\":\"https:\/\/www.noticiasradioreflejos.com.ar\/2021\/#\/schema\/person\/image\/\",\"url\":\"https:\/\/secure.gravatar.com\/avatar\/55cb5e37c1efa326397366e6974cb338056df65cb50e7d64d1cf314e87504837?s=96&d=mm&r=g\",\"contentUrl\":\"https:\/\/secure.gravatar.com\/avatar\/55cb5e37c1efa326397366e6974cb338056df65cb50e7d64d1cf314e87504837?s=96&d=mm&r=g\",\"caption\":\"Arnaldo Botto\"},\"url\":\"https:\/\/www.noticiasradioreflejos.com.ar\/2021\/author\/arnaldo\/\"}]}<\/script>\n<!-- \/ Yoast SEO plugin. -->","yoast_head_json":{"title":"La feroz batalla de Mitre contra Calfucur\u00e1 en Sierra Chica: un futuro presidente rodeado, sin caballos y derrotado - Noticias Radio Reflejos","robots":{"index":"index","follow":"follow","max-snippet":"max-snippet:-1","max-image-preview":"max-image-preview:large","max-video-preview":"max-video-preview:-1"},"canonical":"https:\/\/www.noticiasradioreflejos.com.ar\/2021\/la-feroz-batalla-de-mitre-contra-calfucura-en-sierra-chica-un-futuro-presidente-rodeado-sin-caballos-y-derrotado\/","og_locale":"es_ES","og_type":"article","og_title":"La feroz batalla de Mitre contra Calfucur\u00e1 en Sierra Chica: un futuro presidente rodeado, sin caballos y derrotado - Noticias Radio Reflejos","og_description":"El entonces coronel Bartolom\u00e9 Mitre, al mando de 800 hombres, fue rechazado entre el 30 y 31 de mayo de 1855 por los abor\u00edgenes cerca de Olavarr\u00eda. El control del sur bonaerense por los pampas dur\u00f3 siete a\u00f1os m\u00e1s. La p\u00e9rdida de ese combate le vali\u00f3 al luego presidente el mote sat\u00edrico de \u201cBartolo Sierra [&hellip;]","og_url":"https:\/\/www.noticiasradioreflejos.com.ar\/2021\/la-feroz-batalla-de-mitre-contra-calfucura-en-sierra-chica-un-futuro-presidente-rodeado-sin-caballos-y-derrotado\/","og_site_name":"Noticias Radio Reflejos","article_published_time":"2022-05-31T15:06:26+00:00","og_image":[{"url":"https:\/\/cloudfront-us-east-1.images.arcpublishing.com\/infobae\/YR4GZKVEZVCUVN3ZQ2PWPUEMOI.jpg","type":"","width":"","height":""}],"author":"Arnaldo Botto","twitter_card":"summary_large_image","schema":{"@context":"https:\/\/schema.org","@graph":[{"@type":"WebPage","@id":"https:\/\/www.noticiasradioreflejos.com.ar\/2021\/la-feroz-batalla-de-mitre-contra-calfucura-en-sierra-chica-un-futuro-presidente-rodeado-sin-caballos-y-derrotado\/","url":"https:\/\/www.noticiasradioreflejos.com.ar\/2021\/la-feroz-batalla-de-mitre-contra-calfucura-en-sierra-chica-un-futuro-presidente-rodeado-sin-caballos-y-derrotado\/","name":"La feroz batalla de Mitre contra Calfucur\u00e1 en Sierra Chica: un futuro presidente rodeado, sin caballos y derrotado - Noticias Radio Reflejos","isPartOf":{"@id":"https:\/\/www.noticiasradioreflejos.com.ar\/2021\/#website"},"primaryImageOfPage":{"@id":"https:\/\/www.noticiasradioreflejos.com.ar\/2021\/la-feroz-batalla-de-mitre-contra-calfucura-en-sierra-chica-un-futuro-presidente-rodeado-sin-caballos-y-derrotado\/#primaryimage"},"image":{"@id":"https:\/\/www.noticiasradioreflejos.com.ar\/2021\/la-feroz-batalla-de-mitre-contra-calfucura-en-sierra-chica-un-futuro-presidente-rodeado-sin-caballos-y-derrotado\/#primaryimage"},"thumbnailUrl":"https:\/\/cloudfront-us-east-1.images.arcpublishing.com\/infobae\/YR4GZKVEZVCUVN3ZQ2PWPUEMOI.jpg","datePublished":"2022-05-31T15:06:26+00:00","author":{"@id":"https:\/\/www.noticiasradioreflejos.com.ar\/2021\/#\/schema\/person\/ad82545263dcc5ec0996818884fd5fb1"},"breadcrumb":{"@id":"https:\/\/www.noticiasradioreflejos.com.ar\/2021\/la-feroz-batalla-de-mitre-contra-calfucura-en-sierra-chica-un-futuro-presidente-rodeado-sin-caballos-y-derrotado\/#breadcrumb"},"inLanguage":"es","potentialAction":[{"@type":"ReadAction","target":["https:\/\/www.noticiasradioreflejos.com.ar\/2021\/la-feroz-batalla-de-mitre-contra-calfucura-en-sierra-chica-un-futuro-presidente-rodeado-sin-caballos-y-derrotado\/"]}]},{"@type":"ImageObject","inLanguage":"es","@id":"https:\/\/www.noticiasradioreflejos.com.ar\/2021\/la-feroz-batalla-de-mitre-contra-calfucura-en-sierra-chica-un-futuro-presidente-rodeado-sin-caballos-y-derrotado\/#primaryimage","url":"https:\/\/cloudfront-us-east-1.images.arcpublishing.com\/infobae\/YR4GZKVEZVCUVN3ZQ2PWPUEMOI.jpg","contentUrl":"https:\/\/cloudfront-us-east-1.images.arcpublishing.com\/infobae\/YR4GZKVEZVCUVN3ZQ2PWPUEMOI.jpg"},{"@type":"BreadcrumbList","@id":"https:\/\/www.noticiasradioreflejos.com.ar\/2021\/la-feroz-batalla-de-mitre-contra-calfucura-en-sierra-chica-un-futuro-presidente-rodeado-sin-caballos-y-derrotado\/#breadcrumb","itemListElement":[{"@type":"ListItem","position":1,"name":"Portada","item":"https:\/\/www.noticiasradioreflejos.com.ar\/2021\/"},{"@type":"ListItem","position":2,"name":"La feroz batalla de Mitre contra Calfucur\u00e1 en Sierra Chica: un futuro presidente rodeado, sin caballos y derrotado"}]},{"@type":"WebSite","@id":"https:\/\/www.noticiasradioreflejos.com.ar\/2021\/#website","url":"https:\/\/www.noticiasradioreflejos.com.ar\/2021\/","name":"Noticias Radio Reflejos","description":"Las noticias de mi comarca","potentialAction":[{"@type":"SearchAction","target":{"@type":"EntryPoint","urlTemplate":"https:\/\/www.noticiasradioreflejos.com.ar\/2021\/?s={search_term_string}"},"query-input":{"@type":"PropertyValueSpecification","valueRequired":true,"valueName":"search_term_string"}}],"inLanguage":"es"},{"@type":"Person","@id":"https:\/\/www.noticiasradioreflejos.com.ar\/2021\/#\/schema\/person\/ad82545263dcc5ec0996818884fd5fb1","name":"Arnaldo Botto","image":{"@type":"ImageObject","inLanguage":"es","@id":"https:\/\/www.noticiasradioreflejos.com.ar\/2021\/#\/schema\/person\/image\/","url":"https:\/\/secure.gravatar.com\/avatar\/55cb5e37c1efa326397366e6974cb338056df65cb50e7d64d1cf314e87504837?s=96&d=mm&r=g","contentUrl":"https:\/\/secure.gravatar.com\/avatar\/55cb5e37c1efa326397366e6974cb338056df65cb50e7d64d1cf314e87504837?s=96&d=mm&r=g","caption":"Arnaldo Botto"},"url":"https:\/\/www.noticiasradioreflejos.com.ar\/2021\/author\/arnaldo\/"}]}},"_links":{"self":[{"href":"https:\/\/www.noticiasradioreflejos.com.ar\/2021\/wp-json\/wp\/v2\/posts\/72939","targetHints":{"allow":["GET"]}}],"collection":[{"href":"https:\/\/www.noticiasradioreflejos.com.ar\/2021\/wp-json\/wp\/v2\/posts"}],"about":[{"href":"https:\/\/www.noticiasradioreflejos.com.ar\/2021\/wp-json\/wp\/v2\/types\/post"}],"author":[{"embeddable":true,"href":"https:\/\/www.noticiasradioreflejos.com.ar\/2021\/wp-json\/wp\/v2\/users\/3"}],"replies":[{"embeddable":true,"href":"https:\/\/www.noticiasradioreflejos.com.ar\/2021\/wp-json\/wp\/v2\/comments?post=72939"}],"version-history":[{"count":1,"href":"https:\/\/www.noticiasradioreflejos.com.ar\/2021\/wp-json\/wp\/v2\/posts\/72939\/revisions"}],"predecessor-version":[{"id":72941,"href":"https:\/\/www.noticiasradioreflejos.com.ar\/2021\/wp-json\/wp\/v2\/posts\/72939\/revisions\/72941"}],"wp:attachment":[{"href":"https:\/\/www.noticiasradioreflejos.com.ar\/2021\/wp-json\/wp\/v2\/media?parent=72939"}],"wp:term":[{"taxonomy":"category","embeddable":true,"href":"https:\/\/www.noticiasradioreflejos.com.ar\/2021\/wp-json\/wp\/v2\/categories?post=72939"},{"taxonomy":"post_tag","embeddable":true,"href":"https:\/\/www.noticiasradioreflejos.com.ar\/2021\/wp-json\/wp\/v2\/tags?post=72939"}],"curies":[{"name":"wp","href":"https:\/\/api.w.org\/{rel}","templated":true}]}}