{"id":72930,"date":"2022-05-31T12:08:02","date_gmt":"2022-05-31T12:08:02","guid":{"rendered":"http:\/\/www.noticiasradioreflejos.com.ar\/2021\/?p=72930"},"modified":"2022-05-31T12:08:02","modified_gmt":"2022-05-31T12:08:02","slug":"ypf-una-historia-marcada-por-los-vaivenes-politicos-de-la-argentina","status":"publish","type":"post","link":"https:\/\/www.noticiasradioreflejos.com.ar\/2021\/ypf-una-historia-marcada-por-los-vaivenes-politicos-de-la-argentina\/","title":{"rendered":"YPF, una historia marcada por los vaivenes pol\u00edticos de la Argentina"},"content":{"rendered":"<div class=\"wrapper-header\">\n<div class=\"container-xl\">\n<div class=\"row\">\n<div class=\"col-12\">\n<div class=\"head-content mb-4\">\n<div class=\"volanta\">\n<div class=\"time\">El 3 de junio de 1922, durante la Presidencia de Hip\u00f3lito Yrigoyen se cre\u00f3 por Decreto la Direcci\u00f3n General de YPF, convirti\u00e9ndose en la primera petrolera estatal integrada verticalmente en todo el mundo.<\/div>\n<\/div>\n<\/div>\n<\/div>\n<\/div>\n<\/div>\n<\/div>\n<p><!--more--><\/p>\n<div class=\"wrapper-editable-content\">\n<div class=\"wrapper-info-note\">\n<div class=\"col-md-12\">\n<div class=\"wrapper-author-social\">\n<div class=\"author-box mb-4\">\n<div class=\"image\"><\/div>\n<div class=\"info\">\n<div class=\"name\">POR IGNACIO M\u00c9NDEZ<\/div>\n<div class=\"time\"><\/div>\n<\/div>\n<\/div>\n<\/div>\n<\/div>\n<\/div>\n<div>\n<div class=\"wrapper-editable-content\">\n<div>\n<div class=\"container-md\">\n<div class=\"row\">\n<div class=\"col-md-12 speak\">\n<div class=\"paragraph\">\n<figure class=\"mb-3\"><img decoding=\"async\" src=\"https:\/\/www.telam.com.ar\/thumbs\/bluesteel\/advf\/imagenes\/2022\/05\/629553f5d713d_900.jpg\" alt=\"Telam SE\" width=\"100%\" height=\"100%\" \/><\/p>\n<div class=\"media-icons\"><\/div><figcaption><\/figcaption><\/figure>\n<p>Yacimientos Petrol\u00edferos Fiscales (YPF) cumple el 3 de junio 100 a\u00f1os de su fundaci\u00f3n, cuando el Estado nacional cre\u00f3 la Direcci\u00f3n General de la compa\u00f1\u00eda, hito fundamental en la historia de la industria petrolera local, que marc\u00f3 no s\u00f3lo buena parte del desarrollo productivo del pa\u00eds sino que acompa\u00f1\u00f3 los vaivenes pol\u00edticos y sociales de la Argentina.<\/p>\n<p>Los antecedentes de YPF pueden encontrarse en el descubrimiento de petr\u00f3leo en Comodoro Rivadavia, provincia de Chubut, en 1907, por parte de un grupo de operarios que cavaba pozos en busca de agua y se encontraron con el \u00aboro negro\u00bb.<\/p>\n<p>En 1910, bajo la presidencia de Jos\u00e9 Figueroa Alcorta, se cre\u00f3 la Direcci\u00f3n General de Explotaci\u00f3n del Petr\u00f3leo, con el objetivo de regular la actividad de las compa\u00f1\u00edas extranjeras que comenzaban a establecerse en el pa\u00eds.<\/p>\n<p>Los cambios m\u00e1s significativos comenzaron a producirse a partir del\u00a0<strong>3 de junio de 1922, cuando el Estado nacional, durante el mandato de Hip\u00f3lito Yrigoyen, cre\u00f3 por Decreto la Direcci\u00f3n General de YPF, convirti\u00e9ndola en la primera petrolera estatal integrada verticalmente en todo el mundo.<\/strong><\/p>\n<p>En octubre de ese mismo a\u00f1o asumi\u00f3 la presidencia Marcelo Torcuato de\u00a0<strong>Alvear, quien nombr\u00f3 al general Enrique Mosconi como director general de YPF, cargo que ocupar\u00eda durante ocho a\u00f1os y que signific\u00f3 un impulso decisivo a la actividad y a la expansi\u00f3n del nacionalismo petrolero.<\/strong><\/p>\n<p>Debido su carrera militar,\u00a0<strong>Mosconi consideraba a YPF como un instrumento de patriotismo argentino a tal punto que la defensa de la empresa se transformaba en la defensa de la soberan\u00eda nacional,<\/strong>\u00a0al tiempo que valoraba las intervenciones empresariales en relaci\u00f3n a la vivienda obrera, a la asistencia educativa y sanitaria.<\/p>\n<p><strong>En 1930, Mosconi renuncia forzosamente y se exilia tras el golpe de Estado que encabez\u00f3 el general Jos\u00e9 F\u00e9lix Uriburu<\/strong>, lo que dio lugar a la llamada D\u00e9cada Infame, el puntapi\u00e9 inicial del avance del capital extranjero en la actividad petrolera.<\/p>\n<p><strong>Durante las primeras dos presidencias del general Juan Domingo Per\u00f3n, YPF fue una de las empresas estatales que contribuyeron al nacimiento de muchas localidades<\/strong>, colaborando en la construcci\u00f3n de infraestructura, asignando viviendas, promoviendo la creaci\u00f3n de escuelas y hospitales para sus empleados, sus familias y la comunidad.<\/p>\n<p>La producci\u00f3n de petr\u00f3leo pas\u00f3 de 2.300.000 toneladas en 1946 a 7.500.000 en 1955. YPF creci\u00f3 de modo significativo con el peronismo, siguiendo el horizonte de nacionalizaci\u00f3n de los recursos naturales que se plasm\u00f3 en la Constituci\u00f3n Nacional de 1949.<\/p>\n<p><strong>Ese mismo a\u00f1o se inaugur\u00f3 Gas del Estado y se tendi\u00f3 el gasoducto m\u00e1s largo del mundo financiado con capitales nacionales<\/strong>; en ese entonces, el 54% del petr\u00f3leo consumido era nacional, un ritmo de desarrollo estuvo nuevamente demorado con la irrupci\u00f3n de un nuevo golpe militar en 1955.<\/p>\n<figure class=\"mb-3\"><img decoding=\"async\" src=\"https:\/\/www.telam.com.ar\/thumbs\/bluesteel\/advf\/imagenes\/2022\/05\/62953bd7bec70_900.jpg\" alt=\"Ilustracin Pablo Blasberg\" width=\"100%\" height=\"100%\" \/><\/p>\n<div class=\"media-icons\"><\/div><figcaption>(Ilustraci\u00f3n Pablo Blasberg).<\/figcaption><\/figure>\n<p><strong>El autoabastecimiento se obtuvo por primera vez durante la presidencia de Arturo Frondizi,<\/strong>\u00a0en el marco de su \u00abbatalla\u00bb del petr\u00f3leo (15.600.000 toneladas), por la cual, adem\u00e1s, Argentina estuvo en condiciones de exportar petr\u00f3leo por primera vez en su historia.<\/p>\n<p>Tras el Golpe militar de 1962, asumi\u00f3<strong>\u00a0en 1963 Arturo Illia, quien orden\u00f3 anular los contratos petroleros con compa\u00f1\u00edas extranjeras<\/strong>\u00a0firmados por Frondizi; lo cual llev\u00f3 a YPF a una p\u00e9rdida del autoabastecimiento, de la producci\u00f3n petrolera y de la perforaci\u00f3n de nuevos pozos.<\/p>\n<p>Con la llegada del presidente de facto Juan Carlos<strong>\u00a0Ongan\u00eda, YPF perdi\u00f3 el monopolio ya que esa administraci\u00f3n abri\u00f3 las puertas a nuevas concesiones.<\/strong><\/p>\n<p>En 1976, lleg\u00f3 una nueva dictadura c\u00edvico militar -la autodenominada Proceso de Reorganizaci\u00f3n Nacional- y en este contexto se design\u00f3 como interventor de YPF al General de Brigada Juan Carlos Reyes.<\/p>\n<p>Durante ese ciclo, la pol\u00edtica petrolera consisti\u00f3 en la intervenci\u00f3n ascendente de las empresas privadas en detrimento de la firma estatal: se desfinanci\u00f3 la compa\u00f1\u00eda ya que el Ministerio de Econom\u00eda reten\u00eda una parte del precio de la nafta en el surtidor; se alcanz\u00f3 una deuda de 1.613% hasta llegar a los US$ 6.000 millones y se despidieron a 13.000 empleados; mientras que hasta el momento se tiene conocimiento sobre otros 30 detenidos desaparecidos.<\/p>\n<p><strong>Con la llegada a la presidencia de Carlos Sa\u00fal Menem, YPF comenz\u00f3 su proceso de privatizaci\u00f3n: entre 1991 y 1992 dej\u00f3 de ser una Sociedad del Estado y se convirti\u00f3 en una Sociedad An\u00f3nima.<\/strong><\/p>\n<p><strong>En 1999 fue vendida a la firma espa\u00f1ola Repsol<\/strong>, que adquiri\u00f3 el 14,99% de las acciones en aproximadamente 13.500 millones de euros, pero la experiencia privada r\u00e1pidamente reflej\u00f3 una ca\u00edda de inversi\u00f3n, la consecuente merma de producci\u00f3n y a la falta de proyectos de exploraci\u00f3n el agotamiento de los yacimientos maduros.<\/p>\n<p><strong>El 16 de abril de 2012, la por entonces presidenta Cristina Fern\u00e1ndez de Kirchner, motivada por la disminuci\u00f3n de las reservas de petr\u00f3leo y la voluntad de retomar el control estatal de la petrolera, present\u00f3 el proyecto \u00abSoberan\u00eda hidrocarbur\u00edfera de la Rep\u00fablica Argentina\u00bb para que el Estado Nacional recupere la propiedad de YPF<\/strong>\u00a0y asegurar el autoabastecimiento energ\u00e9tico del pa\u00eds.<\/p>\n<p>En su discurso, Cristina Fern\u00e1ndez remarc\u00f3 que el modelo elegido no era de estatizaci\u00f3n sino de \u00abrecuperaci\u00f3n de la soberan\u00eda y del control de un instrumento fundamental\u00bb, lo cual alejaba a YPF del modelo del nacionalismo petrolero del siglo pasado.<\/p>\n<p>As\u00ed,\u00a0<strong>el Estado nacional declar\u00f3 el 51% del patrimonio de YPF de utilidad p\u00fablica y sujeto a expropiaci\u00f3n; de ese 51% expropiado a Repsol y a la familia Ezkenazi, un 49% ir\u00eda a las provincias y el 51% restante al propio Estado.<\/strong><\/p>\n<p>Con lo cual, adem\u00e1s de su centenario,\u00a0<strong>YPF tambi\u00e9n celebra los 10 a\u00f1os de su expropiaci\u00f3n, con grandes desaf\u00edos a mediano plazo para incrementar su producci\u00f3n con el incremento de infraestructura de transporte, como la construcci\u00f3n del gasoducto N\u00e9stor Kirchner en Vaca Muerta, anunciado en abril \u00faltimo por el presidente Alberto Fern\u00e1ndez.<\/strong><\/p>\n<p>El nuevo gasoducto conectar\u00e1 el parque industrial Tratayen (Neuqu\u00e9n) con la ciudad bonaerense de Salliquel\u00f3 (558 kil\u00f3metros) y se estima que est\u00e9 finalizado para el invierno de 2024, lo que promete abrir una nueva etapa para Vaca Muerta y para la petrolera nacional, en particular.<\/p><\/div>\n<\/div>\n<\/div>\n<\/div>\n<\/div>\n<\/div>\n<\/div>\n<\/div>\n","protected":false},"excerpt":{"rendered":"<p>El 3 de junio de 1922, durante la Presidencia de Hip\u00f3lito Yrigoyen se cre\u00f3 por Decreto la Direcci\u00f3n General de YPF, convirti\u00e9ndose en la primera petrolera estatal integrada verticalmente en todo el mundo.<\/p>\n","protected":false},"author":3,"featured_media":0,"comment_status":"closed","ping_status":"closed","sticky":false,"template":"","format":"standard","meta":{"footnotes":""},"categories":[26],"tags":[],"class_list":["post-72930","post","type-post","status-publish","format-standard","hentry","category-sociedad"],"yoast_head":"<!-- This site is optimized with the Yoast SEO plugin v25.9 - https:\/\/yoast.com\/wordpress\/plugins\/seo\/ -->\n<title>YPF, una historia marcada por los vaivenes pol\u00edticos de la Argentina - Noticias Radio Reflejos<\/title>\n<meta name=\"robots\" content=\"index, follow, max-snippet:-1, max-image-preview:large, max-video-preview:-1\" \/>\n<link rel=\"canonical\" href=\"https:\/\/www.noticiasradioreflejos.com.ar\/2021\/ypf-una-historia-marcada-por-los-vaivenes-politicos-de-la-argentina\/\" \/>\n<meta property=\"og:locale\" content=\"es_ES\" \/>\n<meta property=\"og:type\" content=\"article\" \/>\n<meta property=\"og:title\" content=\"YPF, una historia marcada por los vaivenes pol\u00edticos de la Argentina - Noticias Radio Reflejos\" \/>\n<meta property=\"og:description\" content=\"El 3 de junio de 1922, durante la Presidencia de Hip\u00f3lito Yrigoyen se cre\u00f3 por Decreto la Direcci\u00f3n General de YPF, convirti\u00e9ndose en la primera petrolera estatal integrada verticalmente en todo el mundo.\" \/>\n<meta property=\"og:url\" content=\"https:\/\/www.noticiasradioreflejos.com.ar\/2021\/ypf-una-historia-marcada-por-los-vaivenes-politicos-de-la-argentina\/\" \/>\n<meta property=\"og:site_name\" content=\"Noticias Radio Reflejos\" \/>\n<meta property=\"article:published_time\" content=\"2022-05-31T12:08:02+00:00\" \/>\n<meta property=\"og:image\" content=\"https:\/\/www.telam.com.ar\/thumbs\/bluesteel\/advf\/imagenes\/2022\/05\/629553f5d713d_900.jpg\" \/>\n<meta name=\"author\" content=\"Arnaldo Botto\" \/>\n<meta name=\"twitter:card\" content=\"summary_large_image\" \/>\n<script type=\"application\/ld+json\" class=\"yoast-schema-graph\">{\"@context\":\"https:\/\/schema.org\",\"@graph\":[{\"@type\":\"WebPage\",\"@id\":\"https:\/\/www.noticiasradioreflejos.com.ar\/2021\/ypf-una-historia-marcada-por-los-vaivenes-politicos-de-la-argentina\/\",\"url\":\"https:\/\/www.noticiasradioreflejos.com.ar\/2021\/ypf-una-historia-marcada-por-los-vaivenes-politicos-de-la-argentina\/\",\"name\":\"YPF, una historia marcada por los vaivenes pol\u00edticos de la Argentina - Noticias Radio Reflejos\",\"isPartOf\":{\"@id\":\"https:\/\/www.noticiasradioreflejos.com.ar\/2021\/#website\"},\"primaryImageOfPage\":{\"@id\":\"https:\/\/www.noticiasradioreflejos.com.ar\/2021\/ypf-una-historia-marcada-por-los-vaivenes-politicos-de-la-argentina\/#primaryimage\"},\"image\":{\"@id\":\"https:\/\/www.noticiasradioreflejos.com.ar\/2021\/ypf-una-historia-marcada-por-los-vaivenes-politicos-de-la-argentina\/#primaryimage\"},\"thumbnailUrl\":\"https:\/\/www.telam.com.ar\/thumbs\/bluesteel\/advf\/imagenes\/2022\/05\/629553f5d713d_900.jpg\",\"datePublished\":\"2022-05-31T12:08:02+00:00\",\"author\":{\"@id\":\"https:\/\/www.noticiasradioreflejos.com.ar\/2021\/#\/schema\/person\/ad82545263dcc5ec0996818884fd5fb1\"},\"breadcrumb\":{\"@id\":\"https:\/\/www.noticiasradioreflejos.com.ar\/2021\/ypf-una-historia-marcada-por-los-vaivenes-politicos-de-la-argentina\/#breadcrumb\"},\"inLanguage\":\"es\",\"potentialAction\":[{\"@type\":\"ReadAction\",\"target\":[\"https:\/\/www.noticiasradioreflejos.com.ar\/2021\/ypf-una-historia-marcada-por-los-vaivenes-politicos-de-la-argentina\/\"]}]},{\"@type\":\"ImageObject\",\"inLanguage\":\"es\",\"@id\":\"https:\/\/www.noticiasradioreflejos.com.ar\/2021\/ypf-una-historia-marcada-por-los-vaivenes-politicos-de-la-argentina\/#primaryimage\",\"url\":\"https:\/\/www.telam.com.ar\/thumbs\/bluesteel\/advf\/imagenes\/2022\/05\/629553f5d713d_900.jpg\",\"contentUrl\":\"https:\/\/www.telam.com.ar\/thumbs\/bluesteel\/advf\/imagenes\/2022\/05\/629553f5d713d_900.jpg\"},{\"@type\":\"BreadcrumbList\",\"@id\":\"https:\/\/www.noticiasradioreflejos.com.ar\/2021\/ypf-una-historia-marcada-por-los-vaivenes-politicos-de-la-argentina\/#breadcrumb\",\"itemListElement\":[{\"@type\":\"ListItem\",\"position\":1,\"name\":\"Portada\",\"item\":\"https:\/\/www.noticiasradioreflejos.com.ar\/2021\/\"},{\"@type\":\"ListItem\",\"position\":2,\"name\":\"YPF, una historia marcada por los vaivenes pol\u00edticos de la Argentina\"}]},{\"@type\":\"WebSite\",\"@id\":\"https:\/\/www.noticiasradioreflejos.com.ar\/2021\/#website\",\"url\":\"https:\/\/www.noticiasradioreflejos.com.ar\/2021\/\",\"name\":\"Noticias Radio Reflejos\",\"description\":\"Las noticias de mi comarca\",\"potentialAction\":[{\"@type\":\"SearchAction\",\"target\":{\"@type\":\"EntryPoint\",\"urlTemplate\":\"https:\/\/www.noticiasradioreflejos.com.ar\/2021\/?s={search_term_string}\"},\"query-input\":{\"@type\":\"PropertyValueSpecification\",\"valueRequired\":true,\"valueName\":\"search_term_string\"}}],\"inLanguage\":\"es\"},{\"@type\":\"Person\",\"@id\":\"https:\/\/www.noticiasradioreflejos.com.ar\/2021\/#\/schema\/person\/ad82545263dcc5ec0996818884fd5fb1\",\"name\":\"Arnaldo Botto\",\"image\":{\"@type\":\"ImageObject\",\"inLanguage\":\"es\",\"@id\":\"https:\/\/www.noticiasradioreflejos.com.ar\/2021\/#\/schema\/person\/image\/\",\"url\":\"https:\/\/secure.gravatar.com\/avatar\/55cb5e37c1efa326397366e6974cb338056df65cb50e7d64d1cf314e87504837?s=96&d=mm&r=g\",\"contentUrl\":\"https:\/\/secure.gravatar.com\/avatar\/55cb5e37c1efa326397366e6974cb338056df65cb50e7d64d1cf314e87504837?s=96&d=mm&r=g\",\"caption\":\"Arnaldo Botto\"},\"url\":\"https:\/\/www.noticiasradioreflejos.com.ar\/2021\/author\/arnaldo\/\"}]}<\/script>\n<!-- \/ Yoast SEO plugin. -->","yoast_head_json":{"title":"YPF, una historia marcada por los vaivenes pol\u00edticos de la Argentina - Noticias Radio Reflejos","robots":{"index":"index","follow":"follow","max-snippet":"max-snippet:-1","max-image-preview":"max-image-preview:large","max-video-preview":"max-video-preview:-1"},"canonical":"https:\/\/www.noticiasradioreflejos.com.ar\/2021\/ypf-una-historia-marcada-por-los-vaivenes-politicos-de-la-argentina\/","og_locale":"es_ES","og_type":"article","og_title":"YPF, una historia marcada por los vaivenes pol\u00edticos de la Argentina - Noticias Radio Reflejos","og_description":"El 3 de junio de 1922, durante la Presidencia de Hip\u00f3lito Yrigoyen se cre\u00f3 por Decreto la Direcci\u00f3n General de YPF, convirti\u00e9ndose en la primera petrolera estatal integrada verticalmente en todo el mundo.","og_url":"https:\/\/www.noticiasradioreflejos.com.ar\/2021\/ypf-una-historia-marcada-por-los-vaivenes-politicos-de-la-argentina\/","og_site_name":"Noticias Radio Reflejos","article_published_time":"2022-05-31T12:08:02+00:00","og_image":[{"url":"https:\/\/www.telam.com.ar\/thumbs\/bluesteel\/advf\/imagenes\/2022\/05\/629553f5d713d_900.jpg","type":"","width":"","height":""}],"author":"Arnaldo Botto","twitter_card":"summary_large_image","schema":{"@context":"https:\/\/schema.org","@graph":[{"@type":"WebPage","@id":"https:\/\/www.noticiasradioreflejos.com.ar\/2021\/ypf-una-historia-marcada-por-los-vaivenes-politicos-de-la-argentina\/","url":"https:\/\/www.noticiasradioreflejos.com.ar\/2021\/ypf-una-historia-marcada-por-los-vaivenes-politicos-de-la-argentina\/","name":"YPF, una historia marcada por los vaivenes pol\u00edticos de la Argentina - Noticias Radio Reflejos","isPartOf":{"@id":"https:\/\/www.noticiasradioreflejos.com.ar\/2021\/#website"},"primaryImageOfPage":{"@id":"https:\/\/www.noticiasradioreflejos.com.ar\/2021\/ypf-una-historia-marcada-por-los-vaivenes-politicos-de-la-argentina\/#primaryimage"},"image":{"@id":"https:\/\/www.noticiasradioreflejos.com.ar\/2021\/ypf-una-historia-marcada-por-los-vaivenes-politicos-de-la-argentina\/#primaryimage"},"thumbnailUrl":"https:\/\/www.telam.com.ar\/thumbs\/bluesteel\/advf\/imagenes\/2022\/05\/629553f5d713d_900.jpg","datePublished":"2022-05-31T12:08:02+00:00","author":{"@id":"https:\/\/www.noticiasradioreflejos.com.ar\/2021\/#\/schema\/person\/ad82545263dcc5ec0996818884fd5fb1"},"breadcrumb":{"@id":"https:\/\/www.noticiasradioreflejos.com.ar\/2021\/ypf-una-historia-marcada-por-los-vaivenes-politicos-de-la-argentina\/#breadcrumb"},"inLanguage":"es","potentialAction":[{"@type":"ReadAction","target":["https:\/\/www.noticiasradioreflejos.com.ar\/2021\/ypf-una-historia-marcada-por-los-vaivenes-politicos-de-la-argentina\/"]}]},{"@type":"ImageObject","inLanguage":"es","@id":"https:\/\/www.noticiasradioreflejos.com.ar\/2021\/ypf-una-historia-marcada-por-los-vaivenes-politicos-de-la-argentina\/#primaryimage","url":"https:\/\/www.telam.com.ar\/thumbs\/bluesteel\/advf\/imagenes\/2022\/05\/629553f5d713d_900.jpg","contentUrl":"https:\/\/www.telam.com.ar\/thumbs\/bluesteel\/advf\/imagenes\/2022\/05\/629553f5d713d_900.jpg"},{"@type":"BreadcrumbList","@id":"https:\/\/www.noticiasradioreflejos.com.ar\/2021\/ypf-una-historia-marcada-por-los-vaivenes-politicos-de-la-argentina\/#breadcrumb","itemListElement":[{"@type":"ListItem","position":1,"name":"Portada","item":"https:\/\/www.noticiasradioreflejos.com.ar\/2021\/"},{"@type":"ListItem","position":2,"name":"YPF, una historia marcada por los vaivenes pol\u00edticos de la Argentina"}]},{"@type":"WebSite","@id":"https:\/\/www.noticiasradioreflejos.com.ar\/2021\/#website","url":"https:\/\/www.noticiasradioreflejos.com.ar\/2021\/","name":"Noticias Radio Reflejos","description":"Las noticias de mi comarca","potentialAction":[{"@type":"SearchAction","target":{"@type":"EntryPoint","urlTemplate":"https:\/\/www.noticiasradioreflejos.com.ar\/2021\/?s={search_term_string}"},"query-input":{"@type":"PropertyValueSpecification","valueRequired":true,"valueName":"search_term_string"}}],"inLanguage":"es"},{"@type":"Person","@id":"https:\/\/www.noticiasradioreflejos.com.ar\/2021\/#\/schema\/person\/ad82545263dcc5ec0996818884fd5fb1","name":"Arnaldo Botto","image":{"@type":"ImageObject","inLanguage":"es","@id":"https:\/\/www.noticiasradioreflejos.com.ar\/2021\/#\/schema\/person\/image\/","url":"https:\/\/secure.gravatar.com\/avatar\/55cb5e37c1efa326397366e6974cb338056df65cb50e7d64d1cf314e87504837?s=96&d=mm&r=g","contentUrl":"https:\/\/secure.gravatar.com\/avatar\/55cb5e37c1efa326397366e6974cb338056df65cb50e7d64d1cf314e87504837?s=96&d=mm&r=g","caption":"Arnaldo Botto"},"url":"https:\/\/www.noticiasradioreflejos.com.ar\/2021\/author\/arnaldo\/"}]}},"_links":{"self":[{"href":"https:\/\/www.noticiasradioreflejos.com.ar\/2021\/wp-json\/wp\/v2\/posts\/72930","targetHints":{"allow":["GET"]}}],"collection":[{"href":"https:\/\/www.noticiasradioreflejos.com.ar\/2021\/wp-json\/wp\/v2\/posts"}],"about":[{"href":"https:\/\/www.noticiasradioreflejos.com.ar\/2021\/wp-json\/wp\/v2\/types\/post"}],"author":[{"embeddable":true,"href":"https:\/\/www.noticiasradioreflejos.com.ar\/2021\/wp-json\/wp\/v2\/users\/3"}],"replies":[{"embeddable":true,"href":"https:\/\/www.noticiasradioreflejos.com.ar\/2021\/wp-json\/wp\/v2\/comments?post=72930"}],"version-history":[{"count":1,"href":"https:\/\/www.noticiasradioreflejos.com.ar\/2021\/wp-json\/wp\/v2\/posts\/72930\/revisions"}],"predecessor-version":[{"id":72932,"href":"https:\/\/www.noticiasradioreflejos.com.ar\/2021\/wp-json\/wp\/v2\/posts\/72930\/revisions\/72932"}],"wp:attachment":[{"href":"https:\/\/www.noticiasradioreflejos.com.ar\/2021\/wp-json\/wp\/v2\/media?parent=72930"}],"wp:term":[{"taxonomy":"category","embeddable":true,"href":"https:\/\/www.noticiasradioreflejos.com.ar\/2021\/wp-json\/wp\/v2\/categories?post=72930"},{"taxonomy":"post_tag","embeddable":true,"href":"https:\/\/www.noticiasradioreflejos.com.ar\/2021\/wp-json\/wp\/v2\/tags?post=72930"}],"curies":[{"name":"wp","href":"https:\/\/api.w.org\/{rel}","templated":true}]}}