{"id":72926,"date":"2022-05-31T11:49:07","date_gmt":"2022-05-31T11:49:07","guid":{"rendered":"http:\/\/www.noticiasradioreflejos.com.ar\/2021\/?p=72926"},"modified":"2022-05-31T11:49:07","modified_gmt":"2022-05-31T11:49:07","slug":"el-consejo-escolar-de-tornquist-informa-obras-realizadas-durante-el-mes-de-mayo","status":"publish","type":"post","link":"https:\/\/www.noticiasradioreflejos.com.ar\/2021\/el-consejo-escolar-de-tornquist-informa-obras-realizadas-durante-el-mes-de-mayo\/","title":{"rendered":"El Consejo Escolar de Tornquist informa obras realizadas durante el mes de mayo."},"content":{"rendered":"<p>Las mismas son realizadas con Fondos Presupuestario, Educativo, Compensador y PEED (Programa de Emergencia Educativa), en los siguientes establecimientos educativos:<!--more--><\/p>\n<p><a title=\"EP 13\" href=\"https:\/\/www.flickr.com\/photos\/182279889@N02\/52112341694\/in\/dateposted-public\/\" data-flickr-embed=\"true\"><img loading=\"lazy\" decoding=\"async\" src=\"https:\/\/live.staticflickr.com\/65535\/52112341694_a025f4173d_z.jpg\" alt=\"EP 13\" width=\"640\" height=\"480\" \/><\/a><script async src=\"\/\/embedr.flickr.com\/assets\/client-code.js\" charset=\"utf-8\"><\/script><\/p>\n<p><strong>ES N\u00ba5\/EP N\u00ba21 Villa Ventana: <\/strong>Se construy\u00f3 el bajo mesada en la cocina y en el laboratorio de las instituciones. Se realiz\u00f3 el cerco perimetral.<\/p>\n<p><strong>ES N\u00ba2 Sierra de la Ventana: <\/strong>se realiz\u00f3 la losa de hormig\u00f3n armado en los ba\u00f1os y la cocina del nuevo SUM.<\/p>\n<p><strong>EP N\u00ba3\/JI N\u00ba909 Tres picos: <\/strong>Se comenz\u00f3 con el cambio de lugar del zepel\u00edn, por cuestiones de seguridad. Se puso en valor la puerta de entrada de la EP N\u00b03.<\/p>\n<p><strong>CEPT N\u00b012 Villa Ventana: <\/strong>Se compr\u00f3 un frezer nuevo.<\/p>\n<p><strong>ES N\u00b06 Chasic\u00f3: <\/strong>Se realiz\u00f3 el recambio de luminarias. El recambio de puertas de ingreso al establecimiento y de salida al patio, por puertas de emergencias.<\/p>\n<p><strong>JI N\u00b0907 Tornquist: <\/strong>Se extendi\u00f3 el patio sobre terreno de la Direcci\u00f3n General de Cultura y Educaci\u00f3n.<\/p>\n<p><a title=\"EP 1.\" href=\"https:\/\/www.flickr.com\/photos\/182279889@N02\/52112605805\/in\/dateposted-public\/\" data-flickr-embed=\"true\"><img loading=\"lazy\" decoding=\"async\" src=\"https:\/\/live.staticflickr.com\/65535\/52112605805_5da0588498_z.jpg\" alt=\"EP 1.\" width=\"640\" height=\"360\" \/><\/a><script async src=\"\/\/embedr.flickr.com\/assets\/client-code.js\" charset=\"utf-8\"><\/script><\/p>\n<p><strong>ES N\u00b03\/EP N\u00b028 Tornquist: <\/strong>Reparaci\u00f3n del techo en la sala de profesores y del Equipo de Orientaci\u00f3n Escolar. Colocaci\u00f3n de capa aisladora en la cocina y de membrana en el techo de la sala de computaci\u00f3n.<\/p>\n<p><strong>EP N\u00b017 Fort\u00edn Chaco: <\/strong>Se pidi\u00f3 subsidio por Fondo Educativo para reparaci\u00f3n y pintura del aula y para la compra de pizarras.<\/p>\n<p><strong>EP N\u00ba24 Chasic\u00f3: <\/strong>Se comenz\u00f3 con la reparaci\u00f3n del techo.<\/p>\n<p><strong>JI N\u00b0904 Chasic\u00f3: <\/strong>Se pidi\u00f3 presupuesto y subsidio por Fondo Educativo para la construcci\u00f3n de un dep\u00f3sito para el guardado de elementos pedag\u00f3gicos.<\/p>\n<p><strong>CEF N\u00b09 Sede Villa ventana: <\/strong>Se comenz\u00f3 con la puesta en valor del edificio, solicitando presupuesto para arreglo del techo y cambio de vidrios.<\/p>\n<p><a title=\"ES 5 Y EP 21\" href=\"https:\/\/www.flickr.com\/photos\/182279889@N02\/52111070542\/in\/dateposted-public\/\" data-flickr-embed=\"true\"><img loading=\"lazy\" decoding=\"async\" src=\"https:\/\/live.staticflickr.com\/65535\/52111070542_3b4ab92101_z.jpg\" alt=\"ES 5 Y EP 21\" width=\"640\" height=\"360\" \/><\/a><script async src=\"\/\/embedr.flickr.com\/assets\/client-code.js\" charset=\"utf-8\"><\/script><\/p>\n<p><strong>CATDI Tornquist: <\/strong>Se solicit\u00f3 subsidio por Fondo Educativo para la realizaci\u00f3n de un alero en la entrada del establecimiento<\/p>\n<p><strong>EST N\u00b01 Tornquist: <\/strong>se comenz\u00f3 con el pedido de presupuesto y subsidio por Fondo Educativo para la colocaci\u00f3n de un transformador independiente de la Huerta Municipal.<\/p>\n<p><strong>JI N\u00b0901 Y 905; ES N\u00b01; EP N\u00b02, 9 Y 10; ESA N\u00b01 Y EEE N\u00b0501: <\/strong>Se comenz\u00f3 con la compra de nuevos calefactores para el recambio de aquellos que se encuentran en malas condiciones.<\/p>\n<p><a title=\"ES 6.\" href=\"https:\/\/www.flickr.com\/photos\/182279889@N02\/52112101461\/in\/dateposted-public\/\" data-flickr-embed=\"true\"><img loading=\"lazy\" decoding=\"async\" src=\"https:\/\/live.staticflickr.com\/65535\/52112101461_4c7feae6fe_z.jpg\" alt=\"ES 6.\" width=\"640\" height=\"480\" \/><\/a><script async src=\"\/\/embedr.flickr.com\/assets\/client-code.js\" charset=\"utf-8\"><\/script><\/p>\n","protected":false},"excerpt":{"rendered":"<p>Las mismas son realizadas con Fondos Presupuestario, Educativo, Compensador y PEED (Programa de Emergencia Educativa), en los siguientes establecimientos educativos:<\/p>\n","protected":false},"author":3,"featured_media":0,"comment_status":"closed","ping_status":"closed","sticky":false,"template":"","format":"standard","meta":{"footnotes":""},"categories":[34,58],"tags":[],"class_list":["post-72926","post","type-post","status-publish","format-standard","hentry","category-educacion","category-gobierno"],"yoast_head":"<!-- This site is optimized with the Yoast SEO plugin v25.9 - https:\/\/yoast.com\/wordpress\/plugins\/seo\/ -->\n<title>El Consejo Escolar de Tornquist informa obras realizadas durante el mes de mayo. - Noticias Radio Reflejos<\/title>\n<meta name=\"robots\" content=\"index, follow, max-snippet:-1, max-image-preview:large, max-video-preview:-1\" \/>\n<link rel=\"canonical\" href=\"https:\/\/www.noticiasradioreflejos.com.ar\/2021\/el-consejo-escolar-de-tornquist-informa-obras-realizadas-durante-el-mes-de-mayo\/\" \/>\n<meta property=\"og:locale\" content=\"es_ES\" \/>\n<meta property=\"og:type\" content=\"article\" \/>\n<meta property=\"og:title\" content=\"El Consejo Escolar de Tornquist informa obras realizadas durante el mes de mayo. - Noticias Radio Reflejos\" \/>\n<meta property=\"og:description\" content=\"Las mismas son realizadas con Fondos Presupuestario, Educativo, Compensador y PEED (Programa de Emergencia Educativa), en los siguientes establecimientos educativos:\" \/>\n<meta property=\"og:url\" content=\"https:\/\/www.noticiasradioreflejos.com.ar\/2021\/el-consejo-escolar-de-tornquist-informa-obras-realizadas-durante-el-mes-de-mayo\/\" \/>\n<meta property=\"og:site_name\" content=\"Noticias Radio Reflejos\" \/>\n<meta property=\"article:published_time\" content=\"2022-05-31T11:49:07+00:00\" \/>\n<meta property=\"og:image\" content=\"https:\/\/live.staticflickr.com\/65535\/52112341694_a025f4173d_z.jpg\" \/>\n<meta name=\"author\" content=\"Arnaldo Botto\" \/>\n<meta name=\"twitter:card\" content=\"summary_large_image\" \/>\n<script type=\"application\/ld+json\" class=\"yoast-schema-graph\">{\"@context\":\"https:\/\/schema.org\",\"@graph\":[{\"@type\":\"WebPage\",\"@id\":\"https:\/\/www.noticiasradioreflejos.com.ar\/2021\/el-consejo-escolar-de-tornquist-informa-obras-realizadas-durante-el-mes-de-mayo\/\",\"url\":\"https:\/\/www.noticiasradioreflejos.com.ar\/2021\/el-consejo-escolar-de-tornquist-informa-obras-realizadas-durante-el-mes-de-mayo\/\",\"name\":\"El Consejo Escolar de Tornquist informa obras realizadas durante el mes de mayo. - Noticias Radio Reflejos\",\"isPartOf\":{\"@id\":\"https:\/\/www.noticiasradioreflejos.com.ar\/2021\/#website\"},\"primaryImageOfPage\":{\"@id\":\"https:\/\/www.noticiasradioreflejos.com.ar\/2021\/el-consejo-escolar-de-tornquist-informa-obras-realizadas-durante-el-mes-de-mayo\/#primaryimage\"},\"image\":{\"@id\":\"https:\/\/www.noticiasradioreflejos.com.ar\/2021\/el-consejo-escolar-de-tornquist-informa-obras-realizadas-durante-el-mes-de-mayo\/#primaryimage\"},\"thumbnailUrl\":\"https:\/\/live.staticflickr.com\/65535\/52112341694_a025f4173d_z.jpg\",\"datePublished\":\"2022-05-31T11:49:07+00:00\",\"author\":{\"@id\":\"https:\/\/www.noticiasradioreflejos.com.ar\/2021\/#\/schema\/person\/ad82545263dcc5ec0996818884fd5fb1\"},\"breadcrumb\":{\"@id\":\"https:\/\/www.noticiasradioreflejos.com.ar\/2021\/el-consejo-escolar-de-tornquist-informa-obras-realizadas-durante-el-mes-de-mayo\/#breadcrumb\"},\"inLanguage\":\"es\",\"potentialAction\":[{\"@type\":\"ReadAction\",\"target\":[\"https:\/\/www.noticiasradioreflejos.com.ar\/2021\/el-consejo-escolar-de-tornquist-informa-obras-realizadas-durante-el-mes-de-mayo\/\"]}]},{\"@type\":\"ImageObject\",\"inLanguage\":\"es\",\"@id\":\"https:\/\/www.noticiasradioreflejos.com.ar\/2021\/el-consejo-escolar-de-tornquist-informa-obras-realizadas-durante-el-mes-de-mayo\/#primaryimage\",\"url\":\"https:\/\/live.staticflickr.com\/65535\/52112341694_a025f4173d_z.jpg\",\"contentUrl\":\"https:\/\/live.staticflickr.com\/65535\/52112341694_a025f4173d_z.jpg\"},{\"@type\":\"BreadcrumbList\",\"@id\":\"https:\/\/www.noticiasradioreflejos.com.ar\/2021\/el-consejo-escolar-de-tornquist-informa-obras-realizadas-durante-el-mes-de-mayo\/#breadcrumb\",\"itemListElement\":[{\"@type\":\"ListItem\",\"position\":1,\"name\":\"Portada\",\"item\":\"https:\/\/www.noticiasradioreflejos.com.ar\/2021\/\"},{\"@type\":\"ListItem\",\"position\":2,\"name\":\"El Consejo Escolar de Tornquist informa obras realizadas durante el mes de mayo.\"}]},{\"@type\":\"WebSite\",\"@id\":\"https:\/\/www.noticiasradioreflejos.com.ar\/2021\/#website\",\"url\":\"https:\/\/www.noticiasradioreflejos.com.ar\/2021\/\",\"name\":\"Noticias Radio Reflejos\",\"description\":\"Las noticias de mi comarca\",\"potentialAction\":[{\"@type\":\"SearchAction\",\"target\":{\"@type\":\"EntryPoint\",\"urlTemplate\":\"https:\/\/www.noticiasradioreflejos.com.ar\/2021\/?s={search_term_string}\"},\"query-input\":{\"@type\":\"PropertyValueSpecification\",\"valueRequired\":true,\"valueName\":\"search_term_string\"}}],\"inLanguage\":\"es\"},{\"@type\":\"Person\",\"@id\":\"https:\/\/www.noticiasradioreflejos.com.ar\/2021\/#\/schema\/person\/ad82545263dcc5ec0996818884fd5fb1\",\"name\":\"Arnaldo Botto\",\"image\":{\"@type\":\"ImageObject\",\"inLanguage\":\"es\",\"@id\":\"https:\/\/www.noticiasradioreflejos.com.ar\/2021\/#\/schema\/person\/image\/\",\"url\":\"https:\/\/secure.gravatar.com\/avatar\/55cb5e37c1efa326397366e6974cb338056df65cb50e7d64d1cf314e87504837?s=96&d=mm&r=g\",\"contentUrl\":\"https:\/\/secure.gravatar.com\/avatar\/55cb5e37c1efa326397366e6974cb338056df65cb50e7d64d1cf314e87504837?s=96&d=mm&r=g\",\"caption\":\"Arnaldo Botto\"},\"url\":\"https:\/\/www.noticiasradioreflejos.com.ar\/2021\/author\/arnaldo\/\"}]}<\/script>\n<!-- \/ Yoast SEO plugin. -->","yoast_head_json":{"title":"El Consejo Escolar de Tornquist informa obras realizadas durante el mes de mayo. - Noticias Radio Reflejos","robots":{"index":"index","follow":"follow","max-snippet":"max-snippet:-1","max-image-preview":"max-image-preview:large","max-video-preview":"max-video-preview:-1"},"canonical":"https:\/\/www.noticiasradioreflejos.com.ar\/2021\/el-consejo-escolar-de-tornquist-informa-obras-realizadas-durante-el-mes-de-mayo\/","og_locale":"es_ES","og_type":"article","og_title":"El Consejo Escolar de Tornquist informa obras realizadas durante el mes de mayo. - Noticias Radio Reflejos","og_description":"Las mismas son realizadas con Fondos Presupuestario, Educativo, Compensador y PEED (Programa de Emergencia Educativa), en los siguientes establecimientos educativos:","og_url":"https:\/\/www.noticiasradioreflejos.com.ar\/2021\/el-consejo-escolar-de-tornquist-informa-obras-realizadas-durante-el-mes-de-mayo\/","og_site_name":"Noticias Radio Reflejos","article_published_time":"2022-05-31T11:49:07+00:00","og_image":[{"url":"https:\/\/live.staticflickr.com\/65535\/52112341694_a025f4173d_z.jpg","type":"","width":"","height":""}],"author":"Arnaldo Botto","twitter_card":"summary_large_image","schema":{"@context":"https:\/\/schema.org","@graph":[{"@type":"WebPage","@id":"https:\/\/www.noticiasradioreflejos.com.ar\/2021\/el-consejo-escolar-de-tornquist-informa-obras-realizadas-durante-el-mes-de-mayo\/","url":"https:\/\/www.noticiasradioreflejos.com.ar\/2021\/el-consejo-escolar-de-tornquist-informa-obras-realizadas-durante-el-mes-de-mayo\/","name":"El Consejo Escolar de Tornquist informa obras realizadas durante el mes de mayo. - Noticias Radio Reflejos","isPartOf":{"@id":"https:\/\/www.noticiasradioreflejos.com.ar\/2021\/#website"},"primaryImageOfPage":{"@id":"https:\/\/www.noticiasradioreflejos.com.ar\/2021\/el-consejo-escolar-de-tornquist-informa-obras-realizadas-durante-el-mes-de-mayo\/#primaryimage"},"image":{"@id":"https:\/\/www.noticiasradioreflejos.com.ar\/2021\/el-consejo-escolar-de-tornquist-informa-obras-realizadas-durante-el-mes-de-mayo\/#primaryimage"},"thumbnailUrl":"https:\/\/live.staticflickr.com\/65535\/52112341694_a025f4173d_z.jpg","datePublished":"2022-05-31T11:49:07+00:00","author":{"@id":"https:\/\/www.noticiasradioreflejos.com.ar\/2021\/#\/schema\/person\/ad82545263dcc5ec0996818884fd5fb1"},"breadcrumb":{"@id":"https:\/\/www.noticiasradioreflejos.com.ar\/2021\/el-consejo-escolar-de-tornquist-informa-obras-realizadas-durante-el-mes-de-mayo\/#breadcrumb"},"inLanguage":"es","potentialAction":[{"@type":"ReadAction","target":["https:\/\/www.noticiasradioreflejos.com.ar\/2021\/el-consejo-escolar-de-tornquist-informa-obras-realizadas-durante-el-mes-de-mayo\/"]}]},{"@type":"ImageObject","inLanguage":"es","@id":"https:\/\/www.noticiasradioreflejos.com.ar\/2021\/el-consejo-escolar-de-tornquist-informa-obras-realizadas-durante-el-mes-de-mayo\/#primaryimage","url":"https:\/\/live.staticflickr.com\/65535\/52112341694_a025f4173d_z.jpg","contentUrl":"https:\/\/live.staticflickr.com\/65535\/52112341694_a025f4173d_z.jpg"},{"@type":"BreadcrumbList","@id":"https:\/\/www.noticiasradioreflejos.com.ar\/2021\/el-consejo-escolar-de-tornquist-informa-obras-realizadas-durante-el-mes-de-mayo\/#breadcrumb","itemListElement":[{"@type":"ListItem","position":1,"name":"Portada","item":"https:\/\/www.noticiasradioreflejos.com.ar\/2021\/"},{"@type":"ListItem","position":2,"name":"El Consejo Escolar de Tornquist informa obras realizadas durante el mes de mayo."}]},{"@type":"WebSite","@id":"https:\/\/www.noticiasradioreflejos.com.ar\/2021\/#website","url":"https:\/\/www.noticiasradioreflejos.com.ar\/2021\/","name":"Noticias Radio Reflejos","description":"Las noticias de mi comarca","potentialAction":[{"@type":"SearchAction","target":{"@type":"EntryPoint","urlTemplate":"https:\/\/www.noticiasradioreflejos.com.ar\/2021\/?s={search_term_string}"},"query-input":{"@type":"PropertyValueSpecification","valueRequired":true,"valueName":"search_term_string"}}],"inLanguage":"es"},{"@type":"Person","@id":"https:\/\/www.noticiasradioreflejos.com.ar\/2021\/#\/schema\/person\/ad82545263dcc5ec0996818884fd5fb1","name":"Arnaldo Botto","image":{"@type":"ImageObject","inLanguage":"es","@id":"https:\/\/www.noticiasradioreflejos.com.ar\/2021\/#\/schema\/person\/image\/","url":"https:\/\/secure.gravatar.com\/avatar\/55cb5e37c1efa326397366e6974cb338056df65cb50e7d64d1cf314e87504837?s=96&d=mm&r=g","contentUrl":"https:\/\/secure.gravatar.com\/avatar\/55cb5e37c1efa326397366e6974cb338056df65cb50e7d64d1cf314e87504837?s=96&d=mm&r=g","caption":"Arnaldo Botto"},"url":"https:\/\/www.noticiasradioreflejos.com.ar\/2021\/author\/arnaldo\/"}]}},"_links":{"self":[{"href":"https:\/\/www.noticiasradioreflejos.com.ar\/2021\/wp-json\/wp\/v2\/posts\/72926","targetHints":{"allow":["GET"]}}],"collection":[{"href":"https:\/\/www.noticiasradioreflejos.com.ar\/2021\/wp-json\/wp\/v2\/posts"}],"about":[{"href":"https:\/\/www.noticiasradioreflejos.com.ar\/2021\/wp-json\/wp\/v2\/types\/post"}],"author":[{"embeddable":true,"href":"https:\/\/www.noticiasradioreflejos.com.ar\/2021\/wp-json\/wp\/v2\/users\/3"}],"replies":[{"embeddable":true,"href":"https:\/\/www.noticiasradioreflejos.com.ar\/2021\/wp-json\/wp\/v2\/comments?post=72926"}],"version-history":[{"count":1,"href":"https:\/\/www.noticiasradioreflejos.com.ar\/2021\/wp-json\/wp\/v2\/posts\/72926\/revisions"}],"predecessor-version":[{"id":72928,"href":"https:\/\/www.noticiasradioreflejos.com.ar\/2021\/wp-json\/wp\/v2\/posts\/72926\/revisions\/72928"}],"wp:attachment":[{"href":"https:\/\/www.noticiasradioreflejos.com.ar\/2021\/wp-json\/wp\/v2\/media?parent=72926"}],"wp:term":[{"taxonomy":"category","embeddable":true,"href":"https:\/\/www.noticiasradioreflejos.com.ar\/2021\/wp-json\/wp\/v2\/categories?post=72926"},{"taxonomy":"post_tag","embeddable":true,"href":"https:\/\/www.noticiasradioreflejos.com.ar\/2021\/wp-json\/wp\/v2\/tags?post=72926"}],"curies":[{"name":"wp","href":"https:\/\/api.w.org\/{rel}","templated":true}]}}