{"id":72922,"date":"2022-05-31T11:44:01","date_gmt":"2022-05-31T11:44:01","guid":{"rendered":"http:\/\/www.noticiasradioreflejos.com.ar\/2021\/?p=72922"},"modified":"2022-05-31T11:50:51","modified_gmt":"2022-05-31T11:50:51","slug":"sierra-de-la-ventana-en-paisaje-que-parece-nevado-la-minima-llega-a-2","status":"publish","type":"post","link":"https:\/\/www.noticiasradioreflejos.com.ar\/2021\/sierra-de-la-ventana-en-paisaje-que-parece-nevado-la-minima-llega-a-2\/","title":{"rendered":"Sierra de la Ventana: En paisaje que parece nevado, la m\u00ednima llega a -2\u00b0"},"content":{"rendered":"<p>En la zona urbana la ST estuvo en 3,8\u00b0 bajo cero a las 8,30 de este martes 31. La masa de aire fr\u00edo de origen polar que desde la madrugada del lunes avanza sobre el territorio argentino dej\u00f3 marcas t\u00e9rmicas por debajo de los 0 grados en gran parte del pa\u00eds.<!--more-->El paisaje se complementa con una pincelada blanca del humo que generan las chimeneas de hogares y salamandras encendidas. Sin vientos de superficie, la sensaci\u00f3n t\u00e9rmica se ubica muy cerca de la temperatura de term\u00f3metro.<\/p>\n<p>Las temperaturas que alcanzaron los -5,8 en Marcos Ju\u00e1rez, provincia de C\u00f3rdoba, en donde se alcanz\u00f3 la m\u00ednima m\u00e1s baja para mayo, desde que se tienen registros en 1951, asegur\u00f3 el Servicio Meteorol\u00f3gico Nacional (SMN) que advirti\u00f3 este lunes que esta situaci\u00f3n meteorol\u00f3gica continuar\u00e1 por lo menos hasta el jueves pr\u00f3ximo.<\/p>\n<p>La ciudad chubutense de\u00a0<strong>Esquel era este martes por la ma\u00f1ana el lugar m\u00e1s fr\u00edo del pa\u00eds<\/strong>, con una temperatura de -8,3 grados,\u00a0<strong>seguido por Malarg\u00fce, en Mendoza<\/strong>, con una temperatura de -5,8 grados pero una sensaci\u00f3n t\u00e9rmica de -8,5 grados, seg\u00fan el registro del Servicio Meteorol\u00f3gico Nacional (SMN) actualizado a las 7.<br \/>\n<strong>En un marco de bajas temperaturas en todo el pa\u00eds<\/strong>, con una masa de aire fr\u00edo de origen polar, Santa Rosa, la capital de La Pampa, registraba -4.9 grados, en tanto que las ciudades bonaerenses de San Carlos de Bol\u00edvar ten\u00eda -4.2\u00ba grados y Azul -3.2\u00baC.<\/p>\n<p>Otras ciudades con marcas bajo cero eran Venado Tuerto, en Santa Fe, con -2.9 grados; Olavarr\u00eda y Tandil, en Buenos Aires, con -2.8 y -2,6 grados; Rosario, en Santa Fe, con -2.1 grados; y en el conurbano bonaerense Ezeiza con -1.3 grados, San Fernando con -1 grados y Merlo con -0.6\u00ba grados.<\/p>\n<p>El pron\u00f3stico nos anticipa para hoy una m\u00e1xima de 7\u00b0 con cientos en calma y cielos despejados. Para ma\u00f1ana y el jueves se repetir\u00e1n las condiciones de\u00a0 m\u00ednimas de hasta -3\u00b0 y m\u00e1ximas de 9\u00b0 con vientos muy suaves de direcciones variables.<\/p>\n","protected":false},"excerpt":{"rendered":"<p>En la zona urbana la ST estuvo en 3,8\u00b0 bajo cero a las 8,30 de este martes 31. La masa de aire fr\u00edo de origen polar que desde la madrugada del lunes avanza sobre el territorio argentino dej\u00f3 marcas t\u00e9rmicas por debajo de los 0 grados en gran parte del pa\u00eds.<\/p>\n","protected":false},"author":3,"featured_media":72924,"comment_status":"closed","ping_status":"closed","sticky":false,"template":"","format":"standard","meta":{"footnotes":""},"categories":[26],"tags":[48],"class_list":["post-72922","post","type-post","status-publish","format-standard","has-post-thumbnail","hentry","category-sociedad","tag-destacada"],"yoast_head":"<!-- This site is optimized with the Yoast SEO plugin v25.9 - https:\/\/yoast.com\/wordpress\/plugins\/seo\/ -->\n<title>Sierra de la Ventana: En paisaje que parece nevado, la m\u00ednima llega a -2\u00b0 - Noticias Radio Reflejos<\/title>\n<meta name=\"robots\" content=\"index, follow, max-snippet:-1, max-image-preview:large, max-video-preview:-1\" \/>\n<link rel=\"canonical\" href=\"https:\/\/www.noticiasradioreflejos.com.ar\/2021\/sierra-de-la-ventana-en-paisaje-que-parece-nevado-la-minima-llega-a-2\/\" \/>\n<meta property=\"og:locale\" content=\"es_ES\" \/>\n<meta property=\"og:type\" content=\"article\" \/>\n<meta property=\"og:title\" content=\"Sierra de la Ventana: En paisaje que parece nevado, la m\u00ednima llega a -2\u00b0 - Noticias Radio Reflejos\" \/>\n<meta property=\"og:description\" content=\"En la zona urbana la ST estuvo en 3,8\u00b0 bajo cero a las 8,30 de este martes 31. La masa de aire fr\u00edo de origen polar que desde la madrugada del lunes avanza sobre el territorio argentino dej\u00f3 marcas t\u00e9rmicas por debajo de los 0 grados en gran parte del pa\u00eds.\" \/>\n<meta property=\"og:url\" content=\"https:\/\/www.noticiasradioreflejos.com.ar\/2021\/sierra-de-la-ventana-en-paisaje-que-parece-nevado-la-minima-llega-a-2\/\" \/>\n<meta property=\"og:site_name\" content=\"Noticias Radio Reflejos\" \/>\n<meta property=\"article:published_time\" content=\"2022-05-31T11:44:01+00:00\" \/>\n<meta property=\"article:modified_time\" content=\"2022-05-31T11:50:51+00:00\" \/>\n<meta property=\"og:image\" content=\"https:\/\/www.noticiasradioreflejos.com.ar\/2021\/wp-content\/uploads\/2022\/05\/Helada-en-sierra.jpeg\" \/>\n\t<meta property=\"og:image:width\" content=\"1600\" \/>\n\t<meta property=\"og:image:height\" content=\"720\" \/>\n\t<meta property=\"og:image:type\" content=\"image\/jpeg\" \/>\n<meta name=\"author\" content=\"Arnaldo Botto\" \/>\n<meta name=\"twitter:card\" content=\"summary_large_image\" \/>\n<script type=\"application\/ld+json\" class=\"yoast-schema-graph\">{\"@context\":\"https:\/\/schema.org\",\"@graph\":[{\"@type\":\"WebPage\",\"@id\":\"https:\/\/www.noticiasradioreflejos.com.ar\/2021\/sierra-de-la-ventana-en-paisaje-que-parece-nevado-la-minima-llega-a-2\/\",\"url\":\"https:\/\/www.noticiasradioreflejos.com.ar\/2021\/sierra-de-la-ventana-en-paisaje-que-parece-nevado-la-minima-llega-a-2\/\",\"name\":\"Sierra de la Ventana: En paisaje que parece nevado, la m\u00ednima llega a -2\u00b0 - Noticias Radio Reflejos\",\"isPartOf\":{\"@id\":\"https:\/\/www.noticiasradioreflejos.com.ar\/2021\/#website\"},\"primaryImageOfPage\":{\"@id\":\"https:\/\/www.noticiasradioreflejos.com.ar\/2021\/sierra-de-la-ventana-en-paisaje-que-parece-nevado-la-minima-llega-a-2\/#primaryimage\"},\"image\":{\"@id\":\"https:\/\/www.noticiasradioreflejos.com.ar\/2021\/sierra-de-la-ventana-en-paisaje-que-parece-nevado-la-minima-llega-a-2\/#primaryimage\"},\"thumbnailUrl\":\"https:\/\/www.noticiasradioreflejos.com.ar\/2021\/wp-content\/uploads\/2022\/05\/Helada-en-sierra.jpeg\",\"datePublished\":\"2022-05-31T11:44:01+00:00\",\"dateModified\":\"2022-05-31T11:50:51+00:00\",\"author\":{\"@id\":\"https:\/\/www.noticiasradioreflejos.com.ar\/2021\/#\/schema\/person\/ad82545263dcc5ec0996818884fd5fb1\"},\"breadcrumb\":{\"@id\":\"https:\/\/www.noticiasradioreflejos.com.ar\/2021\/sierra-de-la-ventana-en-paisaje-que-parece-nevado-la-minima-llega-a-2\/#breadcrumb\"},\"inLanguage\":\"es\",\"potentialAction\":[{\"@type\":\"ReadAction\",\"target\":[\"https:\/\/www.noticiasradioreflejos.com.ar\/2021\/sierra-de-la-ventana-en-paisaje-que-parece-nevado-la-minima-llega-a-2\/\"]}]},{\"@type\":\"ImageObject\",\"inLanguage\":\"es\",\"@id\":\"https:\/\/www.noticiasradioreflejos.com.ar\/2021\/sierra-de-la-ventana-en-paisaje-que-parece-nevado-la-minima-llega-a-2\/#primaryimage\",\"url\":\"https:\/\/www.noticiasradioreflejos.com.ar\/2021\/wp-content\/uploads\/2022\/05\/Helada-en-sierra.jpeg\",\"contentUrl\":\"https:\/\/www.noticiasradioreflejos.com.ar\/2021\/wp-content\/uploads\/2022\/05\/Helada-en-sierra.jpeg\",\"width\":1600,\"height\":720},{\"@type\":\"BreadcrumbList\",\"@id\":\"https:\/\/www.noticiasradioreflejos.com.ar\/2021\/sierra-de-la-ventana-en-paisaje-que-parece-nevado-la-minima-llega-a-2\/#breadcrumb\",\"itemListElement\":[{\"@type\":\"ListItem\",\"position\":1,\"name\":\"Portada\",\"item\":\"https:\/\/www.noticiasradioreflejos.com.ar\/2021\/\"},{\"@type\":\"ListItem\",\"position\":2,\"name\":\"Sierra de la Ventana: En paisaje que parece nevado, la m\u00ednima llega a -2\u00b0\"}]},{\"@type\":\"WebSite\",\"@id\":\"https:\/\/www.noticiasradioreflejos.com.ar\/2021\/#website\",\"url\":\"https:\/\/www.noticiasradioreflejos.com.ar\/2021\/\",\"name\":\"Noticias Radio Reflejos\",\"description\":\"Las noticias de mi comarca\",\"potentialAction\":[{\"@type\":\"SearchAction\",\"target\":{\"@type\":\"EntryPoint\",\"urlTemplate\":\"https:\/\/www.noticiasradioreflejos.com.ar\/2021\/?s={search_term_string}\"},\"query-input\":{\"@type\":\"PropertyValueSpecification\",\"valueRequired\":true,\"valueName\":\"search_term_string\"}}],\"inLanguage\":\"es\"},{\"@type\":\"Person\",\"@id\":\"https:\/\/www.noticiasradioreflejos.com.ar\/2021\/#\/schema\/person\/ad82545263dcc5ec0996818884fd5fb1\",\"name\":\"Arnaldo Botto\",\"image\":{\"@type\":\"ImageObject\",\"inLanguage\":\"es\",\"@id\":\"https:\/\/www.noticiasradioreflejos.com.ar\/2021\/#\/schema\/person\/image\/\",\"url\":\"https:\/\/secure.gravatar.com\/avatar\/55cb5e37c1efa326397366e6974cb338056df65cb50e7d64d1cf314e87504837?s=96&d=mm&r=g\",\"contentUrl\":\"https:\/\/secure.gravatar.com\/avatar\/55cb5e37c1efa326397366e6974cb338056df65cb50e7d64d1cf314e87504837?s=96&d=mm&r=g\",\"caption\":\"Arnaldo Botto\"},\"url\":\"https:\/\/www.noticiasradioreflejos.com.ar\/2021\/author\/arnaldo\/\"}]}<\/script>\n<!-- \/ Yoast SEO plugin. -->","yoast_head_json":{"title":"Sierra de la Ventana: En paisaje que parece nevado, la m\u00ednima llega a -2\u00b0 - Noticias Radio Reflejos","robots":{"index":"index","follow":"follow","max-snippet":"max-snippet:-1","max-image-preview":"max-image-preview:large","max-video-preview":"max-video-preview:-1"},"canonical":"https:\/\/www.noticiasradioreflejos.com.ar\/2021\/sierra-de-la-ventana-en-paisaje-que-parece-nevado-la-minima-llega-a-2\/","og_locale":"es_ES","og_type":"article","og_title":"Sierra de la Ventana: En paisaje que parece nevado, la m\u00ednima llega a -2\u00b0 - Noticias Radio Reflejos","og_description":"En la zona urbana la ST estuvo en 3,8\u00b0 bajo cero a las 8,30 de este martes 31. La masa de aire fr\u00edo de origen polar que desde la madrugada del lunes avanza sobre el territorio argentino dej\u00f3 marcas t\u00e9rmicas por debajo de los 0 grados en gran parte del pa\u00eds.","og_url":"https:\/\/www.noticiasradioreflejos.com.ar\/2021\/sierra-de-la-ventana-en-paisaje-que-parece-nevado-la-minima-llega-a-2\/","og_site_name":"Noticias Radio Reflejos","article_published_time":"2022-05-31T11:44:01+00:00","article_modified_time":"2022-05-31T11:50:51+00:00","og_image":[{"width":1600,"height":720,"url":"https:\/\/www.noticiasradioreflejos.com.ar\/2021\/wp-content\/uploads\/2022\/05\/Helada-en-sierra.jpeg","type":"image\/jpeg"}],"author":"Arnaldo Botto","twitter_card":"summary_large_image","schema":{"@context":"https:\/\/schema.org","@graph":[{"@type":"WebPage","@id":"https:\/\/www.noticiasradioreflejos.com.ar\/2021\/sierra-de-la-ventana-en-paisaje-que-parece-nevado-la-minima-llega-a-2\/","url":"https:\/\/www.noticiasradioreflejos.com.ar\/2021\/sierra-de-la-ventana-en-paisaje-que-parece-nevado-la-minima-llega-a-2\/","name":"Sierra de la Ventana: En paisaje que parece nevado, la m\u00ednima llega a -2\u00b0 - Noticias Radio Reflejos","isPartOf":{"@id":"https:\/\/www.noticiasradioreflejos.com.ar\/2021\/#website"},"primaryImageOfPage":{"@id":"https:\/\/www.noticiasradioreflejos.com.ar\/2021\/sierra-de-la-ventana-en-paisaje-que-parece-nevado-la-minima-llega-a-2\/#primaryimage"},"image":{"@id":"https:\/\/www.noticiasradioreflejos.com.ar\/2021\/sierra-de-la-ventana-en-paisaje-que-parece-nevado-la-minima-llega-a-2\/#primaryimage"},"thumbnailUrl":"https:\/\/www.noticiasradioreflejos.com.ar\/2021\/wp-content\/uploads\/2022\/05\/Helada-en-sierra.jpeg","datePublished":"2022-05-31T11:44:01+00:00","dateModified":"2022-05-31T11:50:51+00:00","author":{"@id":"https:\/\/www.noticiasradioreflejos.com.ar\/2021\/#\/schema\/person\/ad82545263dcc5ec0996818884fd5fb1"},"breadcrumb":{"@id":"https:\/\/www.noticiasradioreflejos.com.ar\/2021\/sierra-de-la-ventana-en-paisaje-que-parece-nevado-la-minima-llega-a-2\/#breadcrumb"},"inLanguage":"es","potentialAction":[{"@type":"ReadAction","target":["https:\/\/www.noticiasradioreflejos.com.ar\/2021\/sierra-de-la-ventana-en-paisaje-que-parece-nevado-la-minima-llega-a-2\/"]}]},{"@type":"ImageObject","inLanguage":"es","@id":"https:\/\/www.noticiasradioreflejos.com.ar\/2021\/sierra-de-la-ventana-en-paisaje-que-parece-nevado-la-minima-llega-a-2\/#primaryimage","url":"https:\/\/www.noticiasradioreflejos.com.ar\/2021\/wp-content\/uploads\/2022\/05\/Helada-en-sierra.jpeg","contentUrl":"https:\/\/www.noticiasradioreflejos.com.ar\/2021\/wp-content\/uploads\/2022\/05\/Helada-en-sierra.jpeg","width":1600,"height":720},{"@type":"BreadcrumbList","@id":"https:\/\/www.noticiasradioreflejos.com.ar\/2021\/sierra-de-la-ventana-en-paisaje-que-parece-nevado-la-minima-llega-a-2\/#breadcrumb","itemListElement":[{"@type":"ListItem","position":1,"name":"Portada","item":"https:\/\/www.noticiasradioreflejos.com.ar\/2021\/"},{"@type":"ListItem","position":2,"name":"Sierra de la Ventana: En paisaje que parece nevado, la m\u00ednima llega a -2\u00b0"}]},{"@type":"WebSite","@id":"https:\/\/www.noticiasradioreflejos.com.ar\/2021\/#website","url":"https:\/\/www.noticiasradioreflejos.com.ar\/2021\/","name":"Noticias Radio Reflejos","description":"Las noticias de mi comarca","potentialAction":[{"@type":"SearchAction","target":{"@type":"EntryPoint","urlTemplate":"https:\/\/www.noticiasradioreflejos.com.ar\/2021\/?s={search_term_string}"},"query-input":{"@type":"PropertyValueSpecification","valueRequired":true,"valueName":"search_term_string"}}],"inLanguage":"es"},{"@type":"Person","@id":"https:\/\/www.noticiasradioreflejos.com.ar\/2021\/#\/schema\/person\/ad82545263dcc5ec0996818884fd5fb1","name":"Arnaldo Botto","image":{"@type":"ImageObject","inLanguage":"es","@id":"https:\/\/www.noticiasradioreflejos.com.ar\/2021\/#\/schema\/person\/image\/","url":"https:\/\/secure.gravatar.com\/avatar\/55cb5e37c1efa326397366e6974cb338056df65cb50e7d64d1cf314e87504837?s=96&d=mm&r=g","contentUrl":"https:\/\/secure.gravatar.com\/avatar\/55cb5e37c1efa326397366e6974cb338056df65cb50e7d64d1cf314e87504837?s=96&d=mm&r=g","caption":"Arnaldo Botto"},"url":"https:\/\/www.noticiasradioreflejos.com.ar\/2021\/author\/arnaldo\/"}]}},"_links":{"self":[{"href":"https:\/\/www.noticiasradioreflejos.com.ar\/2021\/wp-json\/wp\/v2\/posts\/72922","targetHints":{"allow":["GET"]}}],"collection":[{"href":"https:\/\/www.noticiasradioreflejos.com.ar\/2021\/wp-json\/wp\/v2\/posts"}],"about":[{"href":"https:\/\/www.noticiasradioreflejos.com.ar\/2021\/wp-json\/wp\/v2\/types\/post"}],"author":[{"embeddable":true,"href":"https:\/\/www.noticiasradioreflejos.com.ar\/2021\/wp-json\/wp\/v2\/users\/3"}],"replies":[{"embeddable":true,"href":"https:\/\/www.noticiasradioreflejos.com.ar\/2021\/wp-json\/wp\/v2\/comments?post=72922"}],"version-history":[{"count":2,"href":"https:\/\/www.noticiasradioreflejos.com.ar\/2021\/wp-json\/wp\/v2\/posts\/72922\/revisions"}],"predecessor-version":[{"id":72929,"href":"https:\/\/www.noticiasradioreflejos.com.ar\/2021\/wp-json\/wp\/v2\/posts\/72922\/revisions\/72929"}],"wp:featuredmedia":[{"embeddable":true,"href":"https:\/\/www.noticiasradioreflejos.com.ar\/2021\/wp-json\/wp\/v2\/media\/72924"}],"wp:attachment":[{"href":"https:\/\/www.noticiasradioreflejos.com.ar\/2021\/wp-json\/wp\/v2\/media?parent=72922"}],"wp:term":[{"taxonomy":"category","embeddable":true,"href":"https:\/\/www.noticiasradioreflejos.com.ar\/2021\/wp-json\/wp\/v2\/categories?post=72922"},{"taxonomy":"post_tag","embeddable":true,"href":"https:\/\/www.noticiasradioreflejos.com.ar\/2021\/wp-json\/wp\/v2\/tags?post=72922"}],"curies":[{"name":"wp","href":"https:\/\/api.w.org\/{rel}","templated":true}]}}