{"id":72913,"date":"2022-05-31T10:50:54","date_gmt":"2022-05-31T10:50:54","guid":{"rendered":"http:\/\/www.noticiasradioreflejos.com.ar\/2021\/?p=72913"},"modified":"2022-05-31T10:50:54","modified_gmt":"2022-05-31T10:50:54","slug":"ya-salio-el-album-de-figuritas-de-automoto","status":"publish","type":"post","link":"https:\/\/www.noticiasradioreflejos.com.ar\/2021\/ya-salio-el-album-de-figuritas-de-automoto\/","title":{"rendered":"Ya sali\u00f3 el \u00e1lbum de figuritas de Automoto"},"content":{"rendered":"<p>Una novedosa apuesta sali\u00f3 a la luz: ya se puede conseguir el \u00e1lbum de figuritas del Automoto Club Deportivo.<!--more--><\/p>\n<p>La iniciativa cuenta con 256 figuritas, con las im\u00e1genes de los jugadores de los planteles de Primera e Inferiores, m\u00e1s algunos chicos integrantes de la Escuelita Azulgrana y fotos hist\u00f3ricas de la instituci\u00f3n.<\/p>\n<p>El \u00e1lbum tiene un costo de 800 pesos y los paquetes, que contienen cuatro figuritas, 100 pesos cada uno. Todo se encuentra a la venta \u00fanicamente en Helader\u00eda Alfa, que funciona en el complejo deportivo del club.<\/p>\n<p>Los chicos de Escuelita que participan (que no son todos, por falta de espacio) son: Mateo Garc\u00eda, Uriam Di\u00f3cares, Fausto Egoburo, Francesco Spialtini, Sim\u00f3n Tobares, Juani Ant\u00f3n, Mateo Abalos, Santino\u00a0 Longo, Sim\u00f3n Pastori, Juan Buitrago, Juan Bonzini, Miqueas Mart\u00ednez, Facundo Torsani, Valent\u00edn Mato, Mateo Hansel, Alan Ib\u00e1\u00f1ez, Enzo Lucas Acevedo, Benicio Ant\u00f3n, Thiago Sonda y Valentino Sandoval.<\/p>\n<p>Las primeras tres personas en completar el \u00e1lbum se llevar\u00e1n un premio. Quienes logren pegar todas las figuritas deber\u00e1n comunicarse con el n\u00famero 291 5011215 (Nicol\u00e1s Roque).<\/p>\n<p>&nbsp;<\/p>\n<p><a title=\"Album figuritas 1\" href=\"https:\/\/www.flickr.com\/photos\/182279889@N02\/52112048513\/in\/dateposted-public\/\" data-flickr-embed=\"true\"><img loading=\"lazy\" decoding=\"async\" src=\"https:\/\/live.staticflickr.com\/65535\/52112048513_5be736025a_z.jpg\" alt=\"Album figuritas 1\" width=\"453\" height=\"640\" \/><\/a><script async src=\"\/\/embedr.flickr.com\/assets\/client-code.js\" charset=\"utf-8\"><\/script><\/p>\n<p>Departamento de Prensa \u2013 Automoto Club Deportivo<\/p>\n<p>www.clubautomotopasion.com.ar<\/p>\n<p>Facebook: \/automototornquist<\/p>\n<p>Twitter: @ClubAutomoto<\/p>\n<p>YouTube: acdtvideos<\/p>\n","protected":false},"excerpt":{"rendered":"<p>Una novedosa apuesta sali\u00f3 a la luz: ya se puede conseguir el \u00e1lbum de figuritas del Automoto Club Deportivo.<\/p>\n","protected":false},"author":3,"featured_media":0,"comment_status":"closed","ping_status":"closed","sticky":false,"template":"","format":"standard","meta":{"footnotes":""},"categories":[26],"tags":[],"class_list":["post-72913","post","type-post","status-publish","format-standard","hentry","category-sociedad"],"yoast_head":"<!-- This site is optimized with the Yoast SEO plugin v25.9 - https:\/\/yoast.com\/wordpress\/plugins\/seo\/ -->\n<title>Ya sali\u00f3 el \u00e1lbum de figuritas de Automoto - Noticias Radio Reflejos<\/title>\n<meta name=\"robots\" content=\"index, follow, max-snippet:-1, max-image-preview:large, max-video-preview:-1\" \/>\n<link rel=\"canonical\" href=\"https:\/\/www.noticiasradioreflejos.com.ar\/2021\/ya-salio-el-album-de-figuritas-de-automoto\/\" \/>\n<meta property=\"og:locale\" content=\"es_ES\" \/>\n<meta property=\"og:type\" content=\"article\" \/>\n<meta property=\"og:title\" content=\"Ya sali\u00f3 el \u00e1lbum de figuritas de Automoto - Noticias Radio Reflejos\" \/>\n<meta property=\"og:description\" content=\"Una novedosa apuesta sali\u00f3 a la luz: ya se puede conseguir el \u00e1lbum de figuritas del Automoto Club Deportivo.\" \/>\n<meta property=\"og:url\" content=\"https:\/\/www.noticiasradioreflejos.com.ar\/2021\/ya-salio-el-album-de-figuritas-de-automoto\/\" \/>\n<meta property=\"og:site_name\" content=\"Noticias Radio Reflejos\" \/>\n<meta property=\"article:published_time\" content=\"2022-05-31T10:50:54+00:00\" \/>\n<meta property=\"og:image\" content=\"https:\/\/live.staticflickr.com\/65535\/52112048513_5be736025a_z.jpg\" \/>\n<meta name=\"author\" content=\"Arnaldo Botto\" \/>\n<meta name=\"twitter:card\" content=\"summary_large_image\" \/>\n<script type=\"application\/ld+json\" class=\"yoast-schema-graph\">{\"@context\":\"https:\/\/schema.org\",\"@graph\":[{\"@type\":\"WebPage\",\"@id\":\"https:\/\/www.noticiasradioreflejos.com.ar\/2021\/ya-salio-el-album-de-figuritas-de-automoto\/\",\"url\":\"https:\/\/www.noticiasradioreflejos.com.ar\/2021\/ya-salio-el-album-de-figuritas-de-automoto\/\",\"name\":\"Ya sali\u00f3 el \u00e1lbum de figuritas de Automoto - Noticias Radio Reflejos\",\"isPartOf\":{\"@id\":\"https:\/\/www.noticiasradioreflejos.com.ar\/2021\/#website\"},\"primaryImageOfPage\":{\"@id\":\"https:\/\/www.noticiasradioreflejos.com.ar\/2021\/ya-salio-el-album-de-figuritas-de-automoto\/#primaryimage\"},\"image\":{\"@id\":\"https:\/\/www.noticiasradioreflejos.com.ar\/2021\/ya-salio-el-album-de-figuritas-de-automoto\/#primaryimage\"},\"thumbnailUrl\":\"https:\/\/live.staticflickr.com\/65535\/52112048513_5be736025a_z.jpg\",\"datePublished\":\"2022-05-31T10:50:54+00:00\",\"author\":{\"@id\":\"https:\/\/www.noticiasradioreflejos.com.ar\/2021\/#\/schema\/person\/ad82545263dcc5ec0996818884fd5fb1\"},\"breadcrumb\":{\"@id\":\"https:\/\/www.noticiasradioreflejos.com.ar\/2021\/ya-salio-el-album-de-figuritas-de-automoto\/#breadcrumb\"},\"inLanguage\":\"es\",\"potentialAction\":[{\"@type\":\"ReadAction\",\"target\":[\"https:\/\/www.noticiasradioreflejos.com.ar\/2021\/ya-salio-el-album-de-figuritas-de-automoto\/\"]}]},{\"@type\":\"ImageObject\",\"inLanguage\":\"es\",\"@id\":\"https:\/\/www.noticiasradioreflejos.com.ar\/2021\/ya-salio-el-album-de-figuritas-de-automoto\/#primaryimage\",\"url\":\"https:\/\/live.staticflickr.com\/65535\/52112048513_5be736025a_z.jpg\",\"contentUrl\":\"https:\/\/live.staticflickr.com\/65535\/52112048513_5be736025a_z.jpg\"},{\"@type\":\"BreadcrumbList\",\"@id\":\"https:\/\/www.noticiasradioreflejos.com.ar\/2021\/ya-salio-el-album-de-figuritas-de-automoto\/#breadcrumb\",\"itemListElement\":[{\"@type\":\"ListItem\",\"position\":1,\"name\":\"Portada\",\"item\":\"https:\/\/www.noticiasradioreflejos.com.ar\/2021\/\"},{\"@type\":\"ListItem\",\"position\":2,\"name\":\"Ya sali\u00f3 el \u00e1lbum de figuritas de Automoto\"}]},{\"@type\":\"WebSite\",\"@id\":\"https:\/\/www.noticiasradioreflejos.com.ar\/2021\/#website\",\"url\":\"https:\/\/www.noticiasradioreflejos.com.ar\/2021\/\",\"name\":\"Noticias Radio Reflejos\",\"description\":\"Las noticias de mi comarca\",\"potentialAction\":[{\"@type\":\"SearchAction\",\"target\":{\"@type\":\"EntryPoint\",\"urlTemplate\":\"https:\/\/www.noticiasradioreflejos.com.ar\/2021\/?s={search_term_string}\"},\"query-input\":{\"@type\":\"PropertyValueSpecification\",\"valueRequired\":true,\"valueName\":\"search_term_string\"}}],\"inLanguage\":\"es\"},{\"@type\":\"Person\",\"@id\":\"https:\/\/www.noticiasradioreflejos.com.ar\/2021\/#\/schema\/person\/ad82545263dcc5ec0996818884fd5fb1\",\"name\":\"Arnaldo Botto\",\"image\":{\"@type\":\"ImageObject\",\"inLanguage\":\"es\",\"@id\":\"https:\/\/www.noticiasradioreflejos.com.ar\/2021\/#\/schema\/person\/image\/\",\"url\":\"https:\/\/secure.gravatar.com\/avatar\/55cb5e37c1efa326397366e6974cb338056df65cb50e7d64d1cf314e87504837?s=96&d=mm&r=g\",\"contentUrl\":\"https:\/\/secure.gravatar.com\/avatar\/55cb5e37c1efa326397366e6974cb338056df65cb50e7d64d1cf314e87504837?s=96&d=mm&r=g\",\"caption\":\"Arnaldo Botto\"},\"url\":\"https:\/\/www.noticiasradioreflejos.com.ar\/2021\/author\/arnaldo\/\"}]}<\/script>\n<!-- \/ Yoast SEO plugin. -->","yoast_head_json":{"title":"Ya sali\u00f3 el \u00e1lbum de figuritas de Automoto - Noticias Radio Reflejos","robots":{"index":"index","follow":"follow","max-snippet":"max-snippet:-1","max-image-preview":"max-image-preview:large","max-video-preview":"max-video-preview:-1"},"canonical":"https:\/\/www.noticiasradioreflejos.com.ar\/2021\/ya-salio-el-album-de-figuritas-de-automoto\/","og_locale":"es_ES","og_type":"article","og_title":"Ya sali\u00f3 el \u00e1lbum de figuritas de Automoto - Noticias Radio Reflejos","og_description":"Una novedosa apuesta sali\u00f3 a la luz: ya se puede conseguir el \u00e1lbum de figuritas del Automoto Club Deportivo.","og_url":"https:\/\/www.noticiasradioreflejos.com.ar\/2021\/ya-salio-el-album-de-figuritas-de-automoto\/","og_site_name":"Noticias Radio Reflejos","article_published_time":"2022-05-31T10:50:54+00:00","og_image":[{"url":"https:\/\/live.staticflickr.com\/65535\/52112048513_5be736025a_z.jpg","type":"","width":"","height":""}],"author":"Arnaldo Botto","twitter_card":"summary_large_image","schema":{"@context":"https:\/\/schema.org","@graph":[{"@type":"WebPage","@id":"https:\/\/www.noticiasradioreflejos.com.ar\/2021\/ya-salio-el-album-de-figuritas-de-automoto\/","url":"https:\/\/www.noticiasradioreflejos.com.ar\/2021\/ya-salio-el-album-de-figuritas-de-automoto\/","name":"Ya sali\u00f3 el \u00e1lbum de figuritas de Automoto - Noticias Radio Reflejos","isPartOf":{"@id":"https:\/\/www.noticiasradioreflejos.com.ar\/2021\/#website"},"primaryImageOfPage":{"@id":"https:\/\/www.noticiasradioreflejos.com.ar\/2021\/ya-salio-el-album-de-figuritas-de-automoto\/#primaryimage"},"image":{"@id":"https:\/\/www.noticiasradioreflejos.com.ar\/2021\/ya-salio-el-album-de-figuritas-de-automoto\/#primaryimage"},"thumbnailUrl":"https:\/\/live.staticflickr.com\/65535\/52112048513_5be736025a_z.jpg","datePublished":"2022-05-31T10:50:54+00:00","author":{"@id":"https:\/\/www.noticiasradioreflejos.com.ar\/2021\/#\/schema\/person\/ad82545263dcc5ec0996818884fd5fb1"},"breadcrumb":{"@id":"https:\/\/www.noticiasradioreflejos.com.ar\/2021\/ya-salio-el-album-de-figuritas-de-automoto\/#breadcrumb"},"inLanguage":"es","potentialAction":[{"@type":"ReadAction","target":["https:\/\/www.noticiasradioreflejos.com.ar\/2021\/ya-salio-el-album-de-figuritas-de-automoto\/"]}]},{"@type":"ImageObject","inLanguage":"es","@id":"https:\/\/www.noticiasradioreflejos.com.ar\/2021\/ya-salio-el-album-de-figuritas-de-automoto\/#primaryimage","url":"https:\/\/live.staticflickr.com\/65535\/52112048513_5be736025a_z.jpg","contentUrl":"https:\/\/live.staticflickr.com\/65535\/52112048513_5be736025a_z.jpg"},{"@type":"BreadcrumbList","@id":"https:\/\/www.noticiasradioreflejos.com.ar\/2021\/ya-salio-el-album-de-figuritas-de-automoto\/#breadcrumb","itemListElement":[{"@type":"ListItem","position":1,"name":"Portada","item":"https:\/\/www.noticiasradioreflejos.com.ar\/2021\/"},{"@type":"ListItem","position":2,"name":"Ya sali\u00f3 el \u00e1lbum de figuritas de Automoto"}]},{"@type":"WebSite","@id":"https:\/\/www.noticiasradioreflejos.com.ar\/2021\/#website","url":"https:\/\/www.noticiasradioreflejos.com.ar\/2021\/","name":"Noticias Radio Reflejos","description":"Las noticias de mi comarca","potentialAction":[{"@type":"SearchAction","target":{"@type":"EntryPoint","urlTemplate":"https:\/\/www.noticiasradioreflejos.com.ar\/2021\/?s={search_term_string}"},"query-input":{"@type":"PropertyValueSpecification","valueRequired":true,"valueName":"search_term_string"}}],"inLanguage":"es"},{"@type":"Person","@id":"https:\/\/www.noticiasradioreflejos.com.ar\/2021\/#\/schema\/person\/ad82545263dcc5ec0996818884fd5fb1","name":"Arnaldo Botto","image":{"@type":"ImageObject","inLanguage":"es","@id":"https:\/\/www.noticiasradioreflejos.com.ar\/2021\/#\/schema\/person\/image\/","url":"https:\/\/secure.gravatar.com\/avatar\/55cb5e37c1efa326397366e6974cb338056df65cb50e7d64d1cf314e87504837?s=96&d=mm&r=g","contentUrl":"https:\/\/secure.gravatar.com\/avatar\/55cb5e37c1efa326397366e6974cb338056df65cb50e7d64d1cf314e87504837?s=96&d=mm&r=g","caption":"Arnaldo Botto"},"url":"https:\/\/www.noticiasradioreflejos.com.ar\/2021\/author\/arnaldo\/"}]}},"_links":{"self":[{"href":"https:\/\/www.noticiasradioreflejos.com.ar\/2021\/wp-json\/wp\/v2\/posts\/72913","targetHints":{"allow":["GET"]}}],"collection":[{"href":"https:\/\/www.noticiasradioreflejos.com.ar\/2021\/wp-json\/wp\/v2\/posts"}],"about":[{"href":"https:\/\/www.noticiasradioreflejos.com.ar\/2021\/wp-json\/wp\/v2\/types\/post"}],"author":[{"embeddable":true,"href":"https:\/\/www.noticiasradioreflejos.com.ar\/2021\/wp-json\/wp\/v2\/users\/3"}],"replies":[{"embeddable":true,"href":"https:\/\/www.noticiasradioreflejos.com.ar\/2021\/wp-json\/wp\/v2\/comments?post=72913"}],"version-history":[{"count":1,"href":"https:\/\/www.noticiasradioreflejos.com.ar\/2021\/wp-json\/wp\/v2\/posts\/72913\/revisions"}],"predecessor-version":[{"id":72915,"href":"https:\/\/www.noticiasradioreflejos.com.ar\/2021\/wp-json\/wp\/v2\/posts\/72913\/revisions\/72915"}],"wp:attachment":[{"href":"https:\/\/www.noticiasradioreflejos.com.ar\/2021\/wp-json\/wp\/v2\/media?parent=72913"}],"wp:term":[{"taxonomy":"category","embeddable":true,"href":"https:\/\/www.noticiasradioreflejos.com.ar\/2021\/wp-json\/wp\/v2\/categories?post=72913"},{"taxonomy":"post_tag","embeddable":true,"href":"https:\/\/www.noticiasradioreflejos.com.ar\/2021\/wp-json\/wp\/v2\/tags?post=72913"}],"curies":[{"name":"wp","href":"https:\/\/api.w.org\/{rel}","templated":true}]}}