{"id":72910,"date":"2022-05-30T23:38:19","date_gmt":"2022-05-30T23:38:19","guid":{"rendered":"http:\/\/www.noticiasradioreflejos.com.ar\/2021\/?p=72910"},"modified":"2022-05-30T23:38:19","modified_gmt":"2022-05-30T23:38:19","slug":"el-14-de-las-muertes-en-nuestro-pais-son-atribuibles-al-tabaco","status":"publish","type":"post","link":"https:\/\/www.noticiasradioreflejos.com.ar\/2021\/el-14-de-las-muertes-en-nuestro-pais-son-atribuibles-al-tabaco\/","title":{"rendered":"El 14% de las muertes en nuestro pa\u00eds son atribuibles al tabaco"},"content":{"rendered":"<p>\u201cSon cifras del Instituto de Efectividad Cl\u00ednica y Sanitaria (IECS), que se suman a otras estad\u00edsticas preocupantes sobre el consumo del tabaco\u201d, asegura el Dr. Alejandro Videla, docente de la Facultad de Ciencias Biom\u00e9dicas de la Universidad Austral y Jefe del servicio de Neumonolog\u00eda del Hospital Universitario Austral, quien presenta un dosier con algunos datos clave sobre el tabaquismo.<!--more--><\/p>\n<p>Seg\u00fan las \u00faltimas cifras, aportadas por el Instituto de Efectividad Cl\u00ednica y Sanitaria (IECS), el 14% de las muertes en nuestro pa\u00eds son atribuibles al tabaco. Es tambi\u00e9n preocupante que el 18% de los adolescentes de entre 13 y 15 a\u00f1os fumen diariamente, lo cual, como se\u00f1ala la Encuesta Mundial de Tabaquismo en J\u00f3venes, podr\u00eda ser atribuible a la acci\u00f3n de la publicidad encubierta de la industria tabacalera.<\/p>\n<p>\u201cA pesar de que, entre 2005 y 2018, se registr\u00f3 en la \u00faltima Encuesta Nacional de Factores de Riesgo una disminuci\u00f3n del 25% en la cantidad de personas que fuman, a\u00fan contamos con un 22,5% de adultos que contin\u00faan haci\u00e9ndolo. Adem\u00e1s, uno de cada cuatro no fumadores refiere haber sido expuesto al humo de tabaco de otras personas en el hogar\u201d, asegura el Dr. Alejandro Videla, docente de la Facultad de Ciencias Biom\u00e9dicas de la Universidad Austral.<\/p>\n<p>El Dr. Videla, quien adem\u00e1s es presidente de la Asociaci\u00f3n Argentina de Medicina Respiratoria, explica no son s\u00f3lo los fumadores quienes est\u00e1n expuestos al humo del cigarrillo, sino tambi\u00e9n aquellas personas que comparten un ambiente: \u201cA nuestro alrededor se encuentra presente el humo de tabaco de segunda mano, antes llamado tabaquismo pasivo, que se genera por la inhalaci\u00f3n de sustancias t\u00f3xicas que sufre una persona al compartir un ambiente cerrado con un fumador. Adem\u00e1s, tambi\u00e9n existe el humo de tercera mano, el cual se refiere a las part\u00edculas t\u00f3xicas que se depositan en lugares donde alguien fum\u00f3 y que pueden causar da\u00f1o a la salud horas o d\u00edas despu\u00e9s de que impregnaron el ambiente\u201d.<\/p>\n<p>El Jefe del servicio de Neumonolog\u00eda del Hospital Universitario Austral indica que el aislamiento y la preocupaci\u00f3n por el contagio del covid-19 durante la pandemia impuls\u00f3 a muchos fumadores livianos y j\u00f3venes a dejar atr\u00e1s este h\u00e1bito. \u201cSin embargo, la disrupci\u00f3n en el acceso a los sistemas de salud, la ansiedad y el nerviosismo generados por la pandemia tambi\u00e9n llevaron a que muchos fumadores aumentaran el consumo de cigarrillo o no lograran dejarlo, a pesar de los intentos\u201d, lament\u00f3.<\/p>\n<p>Este a\u00f1o, bajo el lema \u201cEl tabaco envenena nuestro planeta\u201d, la Organizaci\u00f3n Mundial de la Salud (OMS) ha elegido poner el acento en el da\u00f1o que la industria tabacalera y el consumo de tabaco producen en el medio ambiente para conmemorar el D\u00eda Mundial Sin Humo, que se celebra todos los 31 de mayo. En su p\u00e1gina web, report\u00f3 que 600 millones de \u00e1rboles fueron talados para permitir el cultivo de tabaco y 84 millones de toneladas m\u00e9tricas de CO2 fueron emitidas a la atm\u00f3sfera, lo que ha llevado a aumentar la temperatura global. Tambi\u00e9n asegura que se han utilizado 22 mil millones de litros de agua para la fabricaci\u00f3n de cigarrillos.<\/p>\n<p>Como asegura la Encuesta Nacional de Factores de Riesgo, el 70% de las personas que fuman buscan dejar de fumar, son conscientes del da\u00f1o que genera, pero son v\u00edctimas de la adicci\u00f3n. \u201cPero s\u00ed aprendimos que nuestros cambios de conducta pueden protegernos de un contagio infeccioso, lo mismo puede aplicarse al tabaquismo. Los intentos de dejar de fumar son exitosos si se realizan con apoyo de modificaci\u00f3n conductual y de farmacoterapia adecuada\u201d, agrega el Dr. Videla.<\/p>\n<p>Finalmente, el docente de la Facultad de Ciencias Biom\u00e9dicas de la Universidad Austral recuerda que los beneficios al dejar el cigarrillo pueden verse inmediatamente: \u201cDisminuye la presi\u00f3n arterial, mejoran la funci\u00f3n respiratoria y el olfato, aumenta la capacidad de concentraci\u00f3n, disminuye la cefalea por la ma\u00f1ana. Adem\u00e1s, los riesgos cardiovasculares disminuyen significativamente ya en los primeros d\u00edas que la persona deja atr\u00e1s este h\u00e1bito\u201d.<\/p>\n<p style=\"margin: 12px auto 6px auto; font-family: Helvetica,Arial,Sans-serif; font-style: normal; font-variant: normal; font-weight: normal; font-size: 14px; line-height: normal; font-size-adjust: none; font-stretch: normal; -x-system-font: none; display: block;\"><a style=\"text-decoration: underline;\" title=\"View Dosier Dia Mundial Sin Humo 2022 on Scribd\" href=\"https:\/\/www.scribd.com\/document\/576391953\/Dosier-Dia-Mundial-Sin-Humo-2022#from_embed\">Dosier Dia Mundial Sin Humo 2022<\/a> by <a style=\"text-decoration: underline;\" title=\"View FM Reflejos Sierra de la Ventana's profile on Scribd\" href=\"https:\/\/es.scribd.com\/user\/128459674\/FM-Reflejos-Sierra-de-la-Ventana#from_embed\">FM Reflejos Sierra de la Ventana<\/a> on Scribd<\/p>\n<p><iframe loading=\"lazy\" id=\"doc_76326\" class=\"scribd_iframe_embed\" title=\"Dosier Dia Mundial Sin Humo 2022\" src=\"https:\/\/es.scribd.com\/embeds\/576391953\/content?start_page=1&amp;view_mode=scroll&amp;access_key=key-NaxTBEuxu3qvrrh4Jaqb\" width=\"100%\" height=\"600\" frameborder=\"0\" scrolling=\"no\" data-auto-height=\"false\" data-aspect-ratio=\"0.75\"><\/iframe><\/p>\n","protected":false},"excerpt":{"rendered":"<p>\u201cSon cifras del Instituto de Efectividad Cl\u00ednica y Sanitaria (IECS), que se suman a otras estad\u00edsticas preocupantes sobre el consumo del tabaco\u201d, asegura el Dr. Alejandro Videla, docente de la Facultad de Ciencias Biom\u00e9dicas de la Universidad Austral y Jefe del servicio de Neumonolog\u00eda del Hospital Universitario Austral, quien presenta un dosier con algunos datos [&hellip;]<\/p>\n","protected":false},"author":3,"featured_media":0,"comment_status":"closed","ping_status":"closed","sticky":false,"template":"","format":"standard","meta":{"footnotes":""},"categories":[1],"tags":[],"class_list":["post-72910","post","type-post","status-publish","format-standard","hentry","category-sin-categoria"],"yoast_head":"<!-- This site is optimized with the Yoast SEO plugin v25.9 - https:\/\/yoast.com\/wordpress\/plugins\/seo\/ -->\n<title>El 14% de las muertes en nuestro pa\u00eds son atribuibles al tabaco - Noticias Radio Reflejos<\/title>\n<meta name=\"robots\" content=\"index, follow, max-snippet:-1, max-image-preview:large, max-video-preview:-1\" \/>\n<link rel=\"canonical\" href=\"https:\/\/www.noticiasradioreflejos.com.ar\/2021\/el-14-de-las-muertes-en-nuestro-pais-son-atribuibles-al-tabaco\/\" \/>\n<meta property=\"og:locale\" content=\"es_ES\" \/>\n<meta property=\"og:type\" content=\"article\" \/>\n<meta property=\"og:title\" content=\"El 14% de las muertes en nuestro pa\u00eds son atribuibles al tabaco - Noticias Radio Reflejos\" \/>\n<meta property=\"og:description\" content=\"\u201cSon cifras del Instituto de Efectividad Cl\u00ednica y Sanitaria (IECS), que se suman a otras estad\u00edsticas preocupantes sobre el consumo del tabaco\u201d, asegura el Dr. Alejandro Videla, docente de la Facultad de Ciencias Biom\u00e9dicas de la Universidad Austral y Jefe del servicio de Neumonolog\u00eda del Hospital Universitario Austral, quien presenta un dosier con algunos datos [&hellip;]\" \/>\n<meta property=\"og:url\" content=\"https:\/\/www.noticiasradioreflejos.com.ar\/2021\/el-14-de-las-muertes-en-nuestro-pais-son-atribuibles-al-tabaco\/\" \/>\n<meta property=\"og:site_name\" content=\"Noticias Radio Reflejos\" \/>\n<meta property=\"article:published_time\" content=\"2022-05-30T23:38:19+00:00\" \/>\n<meta property=\"og:image\" content=\"https:\/\/www.noticiasradioreflejos.com.ar\/2021\/wp-content\/uploads\/2021\/07\/logosol300x200.png\" \/>\n\t<meta property=\"og:image:width\" content=\"300\" \/>\n\t<meta property=\"og:image:height\" content=\"200\" \/>\n\t<meta property=\"og:image:type\" content=\"image\/png\" \/>\n<meta name=\"author\" content=\"Arnaldo Botto\" \/>\n<meta name=\"twitter:card\" content=\"summary_large_image\" \/>\n<script type=\"application\/ld+json\" class=\"yoast-schema-graph\">{\"@context\":\"https:\/\/schema.org\",\"@graph\":[{\"@type\":\"WebPage\",\"@id\":\"https:\/\/www.noticiasradioreflejos.com.ar\/2021\/el-14-de-las-muertes-en-nuestro-pais-son-atribuibles-al-tabaco\/\",\"url\":\"https:\/\/www.noticiasradioreflejos.com.ar\/2021\/el-14-de-las-muertes-en-nuestro-pais-son-atribuibles-al-tabaco\/\",\"name\":\"El 14% de las muertes en nuestro pa\u00eds son atribuibles al tabaco - Noticias Radio Reflejos\",\"isPartOf\":{\"@id\":\"https:\/\/www.noticiasradioreflejos.com.ar\/2021\/#website\"},\"datePublished\":\"2022-05-30T23:38:19+00:00\",\"author\":{\"@id\":\"https:\/\/www.noticiasradioreflejos.com.ar\/2021\/#\/schema\/person\/ad82545263dcc5ec0996818884fd5fb1\"},\"breadcrumb\":{\"@id\":\"https:\/\/www.noticiasradioreflejos.com.ar\/2021\/el-14-de-las-muertes-en-nuestro-pais-son-atribuibles-al-tabaco\/#breadcrumb\"},\"inLanguage\":\"es\",\"potentialAction\":[{\"@type\":\"ReadAction\",\"target\":[\"https:\/\/www.noticiasradioreflejos.com.ar\/2021\/el-14-de-las-muertes-en-nuestro-pais-son-atribuibles-al-tabaco\/\"]}]},{\"@type\":\"BreadcrumbList\",\"@id\":\"https:\/\/www.noticiasradioreflejos.com.ar\/2021\/el-14-de-las-muertes-en-nuestro-pais-son-atribuibles-al-tabaco\/#breadcrumb\",\"itemListElement\":[{\"@type\":\"ListItem\",\"position\":1,\"name\":\"Portada\",\"item\":\"https:\/\/www.noticiasradioreflejos.com.ar\/2021\/\"},{\"@type\":\"ListItem\",\"position\":2,\"name\":\"El 14% de las muertes en nuestro pa\u00eds son atribuibles al tabaco\"}]},{\"@type\":\"WebSite\",\"@id\":\"https:\/\/www.noticiasradioreflejos.com.ar\/2021\/#website\",\"url\":\"https:\/\/www.noticiasradioreflejos.com.ar\/2021\/\",\"name\":\"Noticias Radio Reflejos\",\"description\":\"Las noticias de mi comarca\",\"potentialAction\":[{\"@type\":\"SearchAction\",\"target\":{\"@type\":\"EntryPoint\",\"urlTemplate\":\"https:\/\/www.noticiasradioreflejos.com.ar\/2021\/?s={search_term_string}\"},\"query-input\":{\"@type\":\"PropertyValueSpecification\",\"valueRequired\":true,\"valueName\":\"search_term_string\"}}],\"inLanguage\":\"es\"},{\"@type\":\"Person\",\"@id\":\"https:\/\/www.noticiasradioreflejos.com.ar\/2021\/#\/schema\/person\/ad82545263dcc5ec0996818884fd5fb1\",\"name\":\"Arnaldo Botto\",\"image\":{\"@type\":\"ImageObject\",\"inLanguage\":\"es\",\"@id\":\"https:\/\/www.noticiasradioreflejos.com.ar\/2021\/#\/schema\/person\/image\/\",\"url\":\"https:\/\/secure.gravatar.com\/avatar\/55cb5e37c1efa326397366e6974cb338056df65cb50e7d64d1cf314e87504837?s=96&d=mm&r=g\",\"contentUrl\":\"https:\/\/secure.gravatar.com\/avatar\/55cb5e37c1efa326397366e6974cb338056df65cb50e7d64d1cf314e87504837?s=96&d=mm&r=g\",\"caption\":\"Arnaldo Botto\"},\"url\":\"https:\/\/www.noticiasradioreflejos.com.ar\/2021\/author\/arnaldo\/\"}]}<\/script>\n<!-- \/ Yoast SEO plugin. -->","yoast_head_json":{"title":"El 14% de las muertes en nuestro pa\u00eds son atribuibles al tabaco - Noticias Radio Reflejos","robots":{"index":"index","follow":"follow","max-snippet":"max-snippet:-1","max-image-preview":"max-image-preview:large","max-video-preview":"max-video-preview:-1"},"canonical":"https:\/\/www.noticiasradioreflejos.com.ar\/2021\/el-14-de-las-muertes-en-nuestro-pais-son-atribuibles-al-tabaco\/","og_locale":"es_ES","og_type":"article","og_title":"El 14% de las muertes en nuestro pa\u00eds son atribuibles al tabaco - Noticias Radio Reflejos","og_description":"\u201cSon cifras del Instituto de Efectividad Cl\u00ednica y Sanitaria (IECS), que se suman a otras estad\u00edsticas preocupantes sobre el consumo del tabaco\u201d, asegura el Dr. Alejandro Videla, docente de la Facultad de Ciencias Biom\u00e9dicas de la Universidad Austral y Jefe del servicio de Neumonolog\u00eda del Hospital Universitario Austral, quien presenta un dosier con algunos datos [&hellip;]","og_url":"https:\/\/www.noticiasradioreflejos.com.ar\/2021\/el-14-de-las-muertes-en-nuestro-pais-son-atribuibles-al-tabaco\/","og_site_name":"Noticias Radio Reflejos","article_published_time":"2022-05-30T23:38:19+00:00","og_image":[{"width":300,"height":200,"url":"https:\/\/www.noticiasradioreflejos.com.ar\/2021\/wp-content\/uploads\/2021\/07\/logosol300x200.png","type":"image\/png"}],"author":"Arnaldo Botto","twitter_card":"summary_large_image","schema":{"@context":"https:\/\/schema.org","@graph":[{"@type":"WebPage","@id":"https:\/\/www.noticiasradioreflejos.com.ar\/2021\/el-14-de-las-muertes-en-nuestro-pais-son-atribuibles-al-tabaco\/","url":"https:\/\/www.noticiasradioreflejos.com.ar\/2021\/el-14-de-las-muertes-en-nuestro-pais-son-atribuibles-al-tabaco\/","name":"El 14% de las muertes en nuestro pa\u00eds son atribuibles al tabaco - Noticias Radio Reflejos","isPartOf":{"@id":"https:\/\/www.noticiasradioreflejos.com.ar\/2021\/#website"},"datePublished":"2022-05-30T23:38:19+00:00","author":{"@id":"https:\/\/www.noticiasradioreflejos.com.ar\/2021\/#\/schema\/person\/ad82545263dcc5ec0996818884fd5fb1"},"breadcrumb":{"@id":"https:\/\/www.noticiasradioreflejos.com.ar\/2021\/el-14-de-las-muertes-en-nuestro-pais-son-atribuibles-al-tabaco\/#breadcrumb"},"inLanguage":"es","potentialAction":[{"@type":"ReadAction","target":["https:\/\/www.noticiasradioreflejos.com.ar\/2021\/el-14-de-las-muertes-en-nuestro-pais-son-atribuibles-al-tabaco\/"]}]},{"@type":"BreadcrumbList","@id":"https:\/\/www.noticiasradioreflejos.com.ar\/2021\/el-14-de-las-muertes-en-nuestro-pais-son-atribuibles-al-tabaco\/#breadcrumb","itemListElement":[{"@type":"ListItem","position":1,"name":"Portada","item":"https:\/\/www.noticiasradioreflejos.com.ar\/2021\/"},{"@type":"ListItem","position":2,"name":"El 14% de las muertes en nuestro pa\u00eds son atribuibles al tabaco"}]},{"@type":"WebSite","@id":"https:\/\/www.noticiasradioreflejos.com.ar\/2021\/#website","url":"https:\/\/www.noticiasradioreflejos.com.ar\/2021\/","name":"Noticias Radio Reflejos","description":"Las noticias de mi comarca","potentialAction":[{"@type":"SearchAction","target":{"@type":"EntryPoint","urlTemplate":"https:\/\/www.noticiasradioreflejos.com.ar\/2021\/?s={search_term_string}"},"query-input":{"@type":"PropertyValueSpecification","valueRequired":true,"valueName":"search_term_string"}}],"inLanguage":"es"},{"@type":"Person","@id":"https:\/\/www.noticiasradioreflejos.com.ar\/2021\/#\/schema\/person\/ad82545263dcc5ec0996818884fd5fb1","name":"Arnaldo Botto","image":{"@type":"ImageObject","inLanguage":"es","@id":"https:\/\/www.noticiasradioreflejos.com.ar\/2021\/#\/schema\/person\/image\/","url":"https:\/\/secure.gravatar.com\/avatar\/55cb5e37c1efa326397366e6974cb338056df65cb50e7d64d1cf314e87504837?s=96&d=mm&r=g","contentUrl":"https:\/\/secure.gravatar.com\/avatar\/55cb5e37c1efa326397366e6974cb338056df65cb50e7d64d1cf314e87504837?s=96&d=mm&r=g","caption":"Arnaldo Botto"},"url":"https:\/\/www.noticiasradioreflejos.com.ar\/2021\/author\/arnaldo\/"}]}},"_links":{"self":[{"href":"https:\/\/www.noticiasradioreflejos.com.ar\/2021\/wp-json\/wp\/v2\/posts\/72910","targetHints":{"allow":["GET"]}}],"collection":[{"href":"https:\/\/www.noticiasradioreflejos.com.ar\/2021\/wp-json\/wp\/v2\/posts"}],"about":[{"href":"https:\/\/www.noticiasradioreflejos.com.ar\/2021\/wp-json\/wp\/v2\/types\/post"}],"author":[{"embeddable":true,"href":"https:\/\/www.noticiasradioreflejos.com.ar\/2021\/wp-json\/wp\/v2\/users\/3"}],"replies":[{"embeddable":true,"href":"https:\/\/www.noticiasradioreflejos.com.ar\/2021\/wp-json\/wp\/v2\/comments?post=72910"}],"version-history":[{"count":1,"href":"https:\/\/www.noticiasradioreflejos.com.ar\/2021\/wp-json\/wp\/v2\/posts\/72910\/revisions"}],"predecessor-version":[{"id":72912,"href":"https:\/\/www.noticiasradioreflejos.com.ar\/2021\/wp-json\/wp\/v2\/posts\/72910\/revisions\/72912"}],"wp:attachment":[{"href":"https:\/\/www.noticiasradioreflejos.com.ar\/2021\/wp-json\/wp\/v2\/media?parent=72910"}],"wp:term":[{"taxonomy":"category","embeddable":true,"href":"https:\/\/www.noticiasradioreflejos.com.ar\/2021\/wp-json\/wp\/v2\/categories?post=72910"},{"taxonomy":"post_tag","embeddable":true,"href":"https:\/\/www.noticiasradioreflejos.com.ar\/2021\/wp-json\/wp\/v2\/tags?post=72910"}],"curies":[{"name":"wp","href":"https:\/\/api.w.org\/{rel}","templated":true}]}}