{"id":72905,"date":"2022-05-30T22:51:34","date_gmt":"2022-05-30T22:51:34","guid":{"rendered":"http:\/\/www.noticiasradioreflejos.com.ar\/2021\/?p=72905"},"modified":"2022-05-30T22:51:34","modified_gmt":"2022-05-30T22:51:34","slug":"destacados-desempenos-de-integrantes-de-tornquist-running-en-la-maraton-m42","status":"publish","type":"post","link":"https:\/\/www.noticiasradioreflejos.com.ar\/2021\/destacados-desempenos-de-integrantes-de-tornquist-running-en-la-maraton-m42\/","title":{"rendered":"Destacados desempe\u00f1os de integrantes de Tornquist Running en la Marat\u00f3n M42"},"content":{"rendered":"<p>La Marat\u00f3n de Monta\u00f1a M42, desarrollada este domingo en la Estancia Las Vertientes, tuvo la participaci\u00f3n, con importantes marcas, de 30 integrantes de Tornquist Running, de la Subsecretar\u00eda de Deportes de Tornquist Municipio.<!--more--><\/p>\n<p><a title=\"Maraton M42 (2)\" href=\"https:\/\/www.flickr.com\/photos\/182279889@N02\/52109936422\/in\/dateposted-public\/\" data-flickr-embed=\"true\"><img loading=\"lazy\" decoding=\"async\" src=\"https:\/\/live.staticflickr.com\/65535\/52109936422_05457981bf_c.jpg\" alt=\"Maraton M42 (2)\" width=\"800\" height=\"600\" \/><\/a><script async src=\"\/\/embedr.flickr.com\/assets\/client-code.js\" charset=\"utf-8\"><\/script><\/p>\n<p>Entre ellos, se destacaron Jonathan Alchao, Juan Gisler y Daniel Alchao, 2\u00b0, 4\u00b0 y 8\u00b0, respectivamente, en los 42 K masculino; Daiana Lopez, 1\u00b0 en 42K femenino; Sof\u00eda Esp\u00edndola, 3\u00b0 en 10K en la categor\u00eda 26-35 a\u00f1os; y Mabel Garc\u00eda, 7\u00b0 en 25K +56.<\/p>\n<p>Adem\u00e1s, en 10K femenino participaron Yanina Mu\u00f1oz (50\u00b0 en 26-35), Gisela Mu\u00f1oz (37\u00b0 en 36-45), Analia Zotelo (45\u00b0 en 36-45), Gabriela Nu\u00f1ez (171\u00b0 en 36-45), Mariana Lopez (175\u00b0 en 36-45), Anabel Picciani (43\u00b0 en 46-55), Graciela Hern\u00e1ndez (75\u00b0 en 46-55), Jovita Sambueza (83\u00b0 en 46-55), Carla Bernardini (109\u00b0 en 46-55), Roxana Lopez (67\u00b0 en 46-55), Susana Aburto (110\u00b0 en 46-55), Iara Maldonado (65\u00b0 en 26-35), y Florencia Blanco (40\u00b0 en 26-35).<\/p>\n<p>En tanto, en 10K masculino lo hicieron Pablo Perez (12\u00b0 en 26-35), Ricardo Schwindt (46\u00b0 en 36-45), Emanuel Liedos (61\u00b0 en 36-45), y Cristian Belachur (40\u00b0 en 46-55).<\/p>\n<p>En 25K femenino tambi\u00e9n compitieron Maria Ines P\u00e9rez (15\u00b0 en 26-35), Julieta \u00c1balos (18\u00b0 en 26-35) y Cinthia Mu\u00f1oz (19\u00b0 en 26-35); y en masculino participaron Mariano Spialtini (100\u00b0 en 36-45), Sergio Rossini (76\u00b0 en 46-55), Diego Catani (98\u00b0 en 46-55) y Cristian D\u00edaz (18\u00b0 en 26-35).<\/p>\n<p>&nbsp;<\/p>\n<p><a title=\"Maraton M42 (4)\" href=\"https:\/\/www.flickr.com\/photos\/182279889@N02\/52111211354\/in\/dateposted-public\/\" data-flickr-embed=\"true\"><img loading=\"lazy\" decoding=\"async\" src=\"https:\/\/live.staticflickr.com\/65535\/52111211354_0f6e3909d4_c.jpg\" alt=\"Maraton M42 (4)\" width=\"800\" height=\"529\" \/><\/a><script async src=\"\/\/embedr.flickr.com\/assets\/client-code.js\" charset=\"utf-8\"><\/script><\/p>\n<p><a title=\"Maraton M42 (1)\" href=\"https:\/\/www.flickr.com\/photos\/182279889@N02\/52111475290\/in\/dateposted-public\/\" data-flickr-embed=\"true\"><img loading=\"lazy\" decoding=\"async\" src=\"https:\/\/live.staticflickr.com\/65535\/52111475290_3ee31ab4c5_c.jpg\" alt=\"Maraton M42 (1)\" width=\"800\" height=\"628\" \/><\/a><script async src=\"\/\/embedr.flickr.com\/assets\/client-code.js\" charset=\"utf-8\"><\/script><\/p>\n","protected":false},"excerpt":{"rendered":"<p>La Marat\u00f3n de Monta\u00f1a M42, desarrollada este domingo en la Estancia Las Vertientes, tuvo la participaci\u00f3n, con importantes marcas, de 30 integrantes de Tornquist Running, de la Subsecretar\u00eda de Deportes de Tornquist Municipio.<\/p>\n","protected":false},"author":3,"featured_media":0,"comment_status":"closed","ping_status":"closed","sticky":false,"template":"","format":"standard","meta":{"footnotes":""},"categories":[27],"tags":[],"class_list":["post-72905","post","type-post","status-publish","format-standard","hentry","category-deportes"],"yoast_head":"<!-- This site is optimized with the Yoast SEO plugin v25.9 - https:\/\/yoast.com\/wordpress\/plugins\/seo\/ -->\n<title>Destacados desempe\u00f1os de integrantes de Tornquist Running en la Marat\u00f3n M42 - Noticias Radio Reflejos<\/title>\n<meta name=\"robots\" content=\"index, follow, max-snippet:-1, max-image-preview:large, max-video-preview:-1\" \/>\n<link rel=\"canonical\" href=\"https:\/\/www.noticiasradioreflejos.com.ar\/2021\/destacados-desempenos-de-integrantes-de-tornquist-running-en-la-maraton-m42\/\" \/>\n<meta property=\"og:locale\" content=\"es_ES\" \/>\n<meta property=\"og:type\" content=\"article\" \/>\n<meta property=\"og:title\" content=\"Destacados desempe\u00f1os de integrantes de Tornquist Running en la Marat\u00f3n M42 - Noticias Radio Reflejos\" \/>\n<meta property=\"og:description\" content=\"La Marat\u00f3n de Monta\u00f1a M42, desarrollada este domingo en la Estancia Las Vertientes, tuvo la participaci\u00f3n, con importantes marcas, de 30 integrantes de Tornquist Running, de la Subsecretar\u00eda de Deportes de Tornquist Municipio.\" \/>\n<meta property=\"og:url\" content=\"https:\/\/www.noticiasradioreflejos.com.ar\/2021\/destacados-desempenos-de-integrantes-de-tornquist-running-en-la-maraton-m42\/\" \/>\n<meta property=\"og:site_name\" content=\"Noticias Radio Reflejos\" \/>\n<meta property=\"article:published_time\" content=\"2022-05-30T22:51:34+00:00\" \/>\n<meta property=\"og:image\" content=\"https:\/\/live.staticflickr.com\/65535\/52109936422_05457981bf_c.jpg\" \/>\n<meta name=\"author\" content=\"Arnaldo Botto\" \/>\n<meta name=\"twitter:card\" content=\"summary_large_image\" \/>\n<script type=\"application\/ld+json\" class=\"yoast-schema-graph\">{\"@context\":\"https:\/\/schema.org\",\"@graph\":[{\"@type\":\"WebPage\",\"@id\":\"https:\/\/www.noticiasradioreflejos.com.ar\/2021\/destacados-desempenos-de-integrantes-de-tornquist-running-en-la-maraton-m42\/\",\"url\":\"https:\/\/www.noticiasradioreflejos.com.ar\/2021\/destacados-desempenos-de-integrantes-de-tornquist-running-en-la-maraton-m42\/\",\"name\":\"Destacados desempe\u00f1os de integrantes de Tornquist Running en la Marat\u00f3n M42 - Noticias Radio Reflejos\",\"isPartOf\":{\"@id\":\"https:\/\/www.noticiasradioreflejos.com.ar\/2021\/#website\"},\"primaryImageOfPage\":{\"@id\":\"https:\/\/www.noticiasradioreflejos.com.ar\/2021\/destacados-desempenos-de-integrantes-de-tornquist-running-en-la-maraton-m42\/#primaryimage\"},\"image\":{\"@id\":\"https:\/\/www.noticiasradioreflejos.com.ar\/2021\/destacados-desempenos-de-integrantes-de-tornquist-running-en-la-maraton-m42\/#primaryimage\"},\"thumbnailUrl\":\"https:\/\/live.staticflickr.com\/65535\/52109936422_05457981bf_c.jpg\",\"datePublished\":\"2022-05-30T22:51:34+00:00\",\"author\":{\"@id\":\"https:\/\/www.noticiasradioreflejos.com.ar\/2021\/#\/schema\/person\/ad82545263dcc5ec0996818884fd5fb1\"},\"breadcrumb\":{\"@id\":\"https:\/\/www.noticiasradioreflejos.com.ar\/2021\/destacados-desempenos-de-integrantes-de-tornquist-running-en-la-maraton-m42\/#breadcrumb\"},\"inLanguage\":\"es\",\"potentialAction\":[{\"@type\":\"ReadAction\",\"target\":[\"https:\/\/www.noticiasradioreflejos.com.ar\/2021\/destacados-desempenos-de-integrantes-de-tornquist-running-en-la-maraton-m42\/\"]}]},{\"@type\":\"ImageObject\",\"inLanguage\":\"es\",\"@id\":\"https:\/\/www.noticiasradioreflejos.com.ar\/2021\/destacados-desempenos-de-integrantes-de-tornquist-running-en-la-maraton-m42\/#primaryimage\",\"url\":\"https:\/\/live.staticflickr.com\/65535\/52109936422_05457981bf_c.jpg\",\"contentUrl\":\"https:\/\/live.staticflickr.com\/65535\/52109936422_05457981bf_c.jpg\"},{\"@type\":\"BreadcrumbList\",\"@id\":\"https:\/\/www.noticiasradioreflejos.com.ar\/2021\/destacados-desempenos-de-integrantes-de-tornquist-running-en-la-maraton-m42\/#breadcrumb\",\"itemListElement\":[{\"@type\":\"ListItem\",\"position\":1,\"name\":\"Portada\",\"item\":\"https:\/\/www.noticiasradioreflejos.com.ar\/2021\/\"},{\"@type\":\"ListItem\",\"position\":2,\"name\":\"Destacados desempe\u00f1os de integrantes de Tornquist Running en la Marat\u00f3n M42\"}]},{\"@type\":\"WebSite\",\"@id\":\"https:\/\/www.noticiasradioreflejos.com.ar\/2021\/#website\",\"url\":\"https:\/\/www.noticiasradioreflejos.com.ar\/2021\/\",\"name\":\"Noticias Radio Reflejos\",\"description\":\"Las noticias de mi comarca\",\"potentialAction\":[{\"@type\":\"SearchAction\",\"target\":{\"@type\":\"EntryPoint\",\"urlTemplate\":\"https:\/\/www.noticiasradioreflejos.com.ar\/2021\/?s={search_term_string}\"},\"query-input\":{\"@type\":\"PropertyValueSpecification\",\"valueRequired\":true,\"valueName\":\"search_term_string\"}}],\"inLanguage\":\"es\"},{\"@type\":\"Person\",\"@id\":\"https:\/\/www.noticiasradioreflejos.com.ar\/2021\/#\/schema\/person\/ad82545263dcc5ec0996818884fd5fb1\",\"name\":\"Arnaldo Botto\",\"image\":{\"@type\":\"ImageObject\",\"inLanguage\":\"es\",\"@id\":\"https:\/\/www.noticiasradioreflejos.com.ar\/2021\/#\/schema\/person\/image\/\",\"url\":\"https:\/\/secure.gravatar.com\/avatar\/55cb5e37c1efa326397366e6974cb338056df65cb50e7d64d1cf314e87504837?s=96&d=mm&r=g\",\"contentUrl\":\"https:\/\/secure.gravatar.com\/avatar\/55cb5e37c1efa326397366e6974cb338056df65cb50e7d64d1cf314e87504837?s=96&d=mm&r=g\",\"caption\":\"Arnaldo Botto\"},\"url\":\"https:\/\/www.noticiasradioreflejos.com.ar\/2021\/author\/arnaldo\/\"}]}<\/script>\n<!-- \/ Yoast SEO plugin. -->","yoast_head_json":{"title":"Destacados desempe\u00f1os de integrantes de Tornquist Running en la Marat\u00f3n M42 - Noticias Radio Reflejos","robots":{"index":"index","follow":"follow","max-snippet":"max-snippet:-1","max-image-preview":"max-image-preview:large","max-video-preview":"max-video-preview:-1"},"canonical":"https:\/\/www.noticiasradioreflejos.com.ar\/2021\/destacados-desempenos-de-integrantes-de-tornquist-running-en-la-maraton-m42\/","og_locale":"es_ES","og_type":"article","og_title":"Destacados desempe\u00f1os de integrantes de Tornquist Running en la Marat\u00f3n M42 - Noticias Radio Reflejos","og_description":"La Marat\u00f3n de Monta\u00f1a M42, desarrollada este domingo en la Estancia Las Vertientes, tuvo la participaci\u00f3n, con importantes marcas, de 30 integrantes de Tornquist Running, de la Subsecretar\u00eda de Deportes de Tornquist Municipio.","og_url":"https:\/\/www.noticiasradioreflejos.com.ar\/2021\/destacados-desempenos-de-integrantes-de-tornquist-running-en-la-maraton-m42\/","og_site_name":"Noticias Radio Reflejos","article_published_time":"2022-05-30T22:51:34+00:00","og_image":[{"url":"https:\/\/live.staticflickr.com\/65535\/52109936422_05457981bf_c.jpg","type":"","width":"","height":""}],"author":"Arnaldo Botto","twitter_card":"summary_large_image","schema":{"@context":"https:\/\/schema.org","@graph":[{"@type":"WebPage","@id":"https:\/\/www.noticiasradioreflejos.com.ar\/2021\/destacados-desempenos-de-integrantes-de-tornquist-running-en-la-maraton-m42\/","url":"https:\/\/www.noticiasradioreflejos.com.ar\/2021\/destacados-desempenos-de-integrantes-de-tornquist-running-en-la-maraton-m42\/","name":"Destacados desempe\u00f1os de integrantes de Tornquist Running en la Marat\u00f3n M42 - Noticias Radio Reflejos","isPartOf":{"@id":"https:\/\/www.noticiasradioreflejos.com.ar\/2021\/#website"},"primaryImageOfPage":{"@id":"https:\/\/www.noticiasradioreflejos.com.ar\/2021\/destacados-desempenos-de-integrantes-de-tornquist-running-en-la-maraton-m42\/#primaryimage"},"image":{"@id":"https:\/\/www.noticiasradioreflejos.com.ar\/2021\/destacados-desempenos-de-integrantes-de-tornquist-running-en-la-maraton-m42\/#primaryimage"},"thumbnailUrl":"https:\/\/live.staticflickr.com\/65535\/52109936422_05457981bf_c.jpg","datePublished":"2022-05-30T22:51:34+00:00","author":{"@id":"https:\/\/www.noticiasradioreflejos.com.ar\/2021\/#\/schema\/person\/ad82545263dcc5ec0996818884fd5fb1"},"breadcrumb":{"@id":"https:\/\/www.noticiasradioreflejos.com.ar\/2021\/destacados-desempenos-de-integrantes-de-tornquist-running-en-la-maraton-m42\/#breadcrumb"},"inLanguage":"es","potentialAction":[{"@type":"ReadAction","target":["https:\/\/www.noticiasradioreflejos.com.ar\/2021\/destacados-desempenos-de-integrantes-de-tornquist-running-en-la-maraton-m42\/"]}]},{"@type":"ImageObject","inLanguage":"es","@id":"https:\/\/www.noticiasradioreflejos.com.ar\/2021\/destacados-desempenos-de-integrantes-de-tornquist-running-en-la-maraton-m42\/#primaryimage","url":"https:\/\/live.staticflickr.com\/65535\/52109936422_05457981bf_c.jpg","contentUrl":"https:\/\/live.staticflickr.com\/65535\/52109936422_05457981bf_c.jpg"},{"@type":"BreadcrumbList","@id":"https:\/\/www.noticiasradioreflejos.com.ar\/2021\/destacados-desempenos-de-integrantes-de-tornquist-running-en-la-maraton-m42\/#breadcrumb","itemListElement":[{"@type":"ListItem","position":1,"name":"Portada","item":"https:\/\/www.noticiasradioreflejos.com.ar\/2021\/"},{"@type":"ListItem","position":2,"name":"Destacados desempe\u00f1os de integrantes de Tornquist Running en la Marat\u00f3n M42"}]},{"@type":"WebSite","@id":"https:\/\/www.noticiasradioreflejos.com.ar\/2021\/#website","url":"https:\/\/www.noticiasradioreflejos.com.ar\/2021\/","name":"Noticias Radio Reflejos","description":"Las noticias de mi comarca","potentialAction":[{"@type":"SearchAction","target":{"@type":"EntryPoint","urlTemplate":"https:\/\/www.noticiasradioreflejos.com.ar\/2021\/?s={search_term_string}"},"query-input":{"@type":"PropertyValueSpecification","valueRequired":true,"valueName":"search_term_string"}}],"inLanguage":"es"},{"@type":"Person","@id":"https:\/\/www.noticiasradioreflejos.com.ar\/2021\/#\/schema\/person\/ad82545263dcc5ec0996818884fd5fb1","name":"Arnaldo Botto","image":{"@type":"ImageObject","inLanguage":"es","@id":"https:\/\/www.noticiasradioreflejos.com.ar\/2021\/#\/schema\/person\/image\/","url":"https:\/\/secure.gravatar.com\/avatar\/55cb5e37c1efa326397366e6974cb338056df65cb50e7d64d1cf314e87504837?s=96&d=mm&r=g","contentUrl":"https:\/\/secure.gravatar.com\/avatar\/55cb5e37c1efa326397366e6974cb338056df65cb50e7d64d1cf314e87504837?s=96&d=mm&r=g","caption":"Arnaldo Botto"},"url":"https:\/\/www.noticiasradioreflejos.com.ar\/2021\/author\/arnaldo\/"}]}},"_links":{"self":[{"href":"https:\/\/www.noticiasradioreflejos.com.ar\/2021\/wp-json\/wp\/v2\/posts\/72905","targetHints":{"allow":["GET"]}}],"collection":[{"href":"https:\/\/www.noticiasradioreflejos.com.ar\/2021\/wp-json\/wp\/v2\/posts"}],"about":[{"href":"https:\/\/www.noticiasradioreflejos.com.ar\/2021\/wp-json\/wp\/v2\/types\/post"}],"author":[{"embeddable":true,"href":"https:\/\/www.noticiasradioreflejos.com.ar\/2021\/wp-json\/wp\/v2\/users\/3"}],"replies":[{"embeddable":true,"href":"https:\/\/www.noticiasradioreflejos.com.ar\/2021\/wp-json\/wp\/v2\/comments?post=72905"}],"version-history":[{"count":1,"href":"https:\/\/www.noticiasradioreflejos.com.ar\/2021\/wp-json\/wp\/v2\/posts\/72905\/revisions"}],"predecessor-version":[{"id":72907,"href":"https:\/\/www.noticiasradioreflejos.com.ar\/2021\/wp-json\/wp\/v2\/posts\/72905\/revisions\/72907"}],"wp:attachment":[{"href":"https:\/\/www.noticiasradioreflejos.com.ar\/2021\/wp-json\/wp\/v2\/media?parent=72905"}],"wp:term":[{"taxonomy":"category","embeddable":true,"href":"https:\/\/www.noticiasradioreflejos.com.ar\/2021\/wp-json\/wp\/v2\/categories?post=72905"},{"taxonomy":"post_tag","embeddable":true,"href":"https:\/\/www.noticiasradioreflejos.com.ar\/2021\/wp-json\/wp\/v2\/tags?post=72905"}],"curies":[{"name":"wp","href":"https:\/\/api.w.org\/{rel}","templated":true}]}}