{"id":72902,"date":"2022-05-30T22:47:20","date_gmt":"2022-05-30T22:47:20","guid":{"rendered":"http:\/\/www.noticiasradioreflejos.com.ar\/2021\/?p=72902"},"modified":"2022-05-31T17:45:13","modified_gmt":"2022-05-31T17:45:13","slug":"el-intenso-frio-seguira-por-lo-menos-hasta-el-jueves","status":"publish","type":"post","link":"https:\/\/www.noticiasradioreflejos.com.ar\/2021\/el-intenso-frio-seguira-por-lo-menos-hasta-el-jueves\/","title":{"rendered":"El intenso fr\u00edo seguir\u00e1 por lo menos hasta el jueves"},"content":{"rendered":"<p>Una masa de aire fr\u00edo de origen polar dej\u00f3 marcas baj\u00edsimas en algunos puntos del pa\u00eds. El term\u00f3metro marc\u00f3 -10 en Chapelco, Neuqu\u00e9n; -9 en Maquinchao, R\u00edo Negro; -8,4 en Esquel, Chubut; -8,2 en Bariloche; -6,6 en El Bols\u00f3n, -5,6 en Marcos Ju\u00e1rez, C\u00f3rdoba; -4,5 grados en La Pampa y Santa Fe; -1,4 en San Luis y en la localidad bonaerense de Jun\u00edn, -1,2 en Ezeiza y 0,8 en Entre R\u00edos.<!--more--><\/p>\n<div class=\"wrapper-editable-content\">\n<div>\n<div class=\"wrapper-editable-content\">\n<div>\n<div class=\"container-md\">\n<div class=\"row\">\n<div class=\"col-md-12 speak\">\n<div class=\"paragraph\">\n<figure class=\"mb-3\"><img decoding=\"async\" src=\"https:\/\/www.telam.com.ar\/thumbs\/bluesteel\/advf\/imagenes\/2022\/05\/628fea8a6ea41_900.jpg\" alt=\"Foto Maxi Jons\" width=\"100%\" height=\"100%\" \/><\/figure>\n<\/div>\n<\/div>\n<\/div>\n<\/div>\n<\/div>\n<\/div>\n<\/div>\n<\/div>\n<div class=\"media-icons\"><\/div>\n<p>(Foto: Maxi Jon\u00e1s).<\/p>\n<p>La masa de aire fr\u00edo de origen polar que desde la madrugada del lunes avanza sobre el territorio argentino dej\u00f3 marcas t\u00e9rmicas por debajo de los 0 grados en gran parte del pa\u00eds, con temperaturas que alcanzaron los -5,8 en Marcos Ju\u00e1rez, provincia de C\u00f3rdoba, en donde se alcanz\u00f3 la m\u00ednima m\u00e1s baja para mayo, desde que se tienen registros en 1951, asegur\u00f3 el Servicio Meteorol\u00f3gico Nacional (SMN) que advirti\u00f3 este lunes que esta situaci\u00f3n meteorol\u00f3gica continuar\u00e1 por lo menos hasta el jueves pr\u00f3ximo.<\/p>\n<p>Una masa de aire fr\u00edo que desde la semana pasada afecta a toda la Patagonia argentina irrumpi\u00f3 en la regi\u00f3n central del pa\u00eds en la madrugada del domingo provocando un descenso en las marcas t\u00e9rmicas m\u00ednimas en la regi\u00f3n, en tanto, un segundo sistema de aire fr\u00edo, esta vez de origen polar, ingres\u00f3 sobre la regi\u00f3n en la noche del domingo reforzando las condiciones para generar temperaturas a\u00fan m\u00e1s bajas.<\/p>\n<figure class=\"mb-3\"><img decoding=\"async\" src=\"https:\/\/www.telam.com.ar\/thumbs\/bluesteel\/advf\/imagenes\/2022\/05\/628fbc8657b65_900.jpg\" alt=\"Foto Cristian Urrutia\" width=\"100%\" height=\"100%\" \/><\/p>\n<div class=\"media-icons\"><\/div><figcaption>(Foto: Cristian Urrutia).<\/figcaption><\/figure>\n<p>\u00abUna segunda masa de aire fr\u00edo ingres\u00f3 anoche en la regi\u00f3n central del pa\u00eds y continuar\u00e1 avanzando por lo menos hasta el fin de semana\u00bb, apunt\u00f3 en di\u00e1logo con T\u00e9lam Cindy Fern\u00e1ndez, meteor\u00f3loga del organismo, y explic\u00f3 que este nuevo sistema es \u00abde origen polar, porque se genera en latitudes polares\u00bb.<\/p>\n<p>\u00abEsta masa se gener\u00f3 a la altura del Pasaje de Drake, cerca de Tierra del Fuego\u00bb, apunt\u00f3 la especialista, y remarc\u00f3 que \u00abexiste una masa de aire a\u00fan m\u00e1s fr\u00eda que es la que se genera en la Ant\u00e1rtida, pero no suele llegar a Argentina\u00bb.<\/p>\n<p>En este escenario, la semana comenz\u00f3 con marcas t\u00e9rmicas por debajo de los cero grados en toda la Patagonia y parte de la regi\u00f3n central del pa\u00eds, si bien en el norte argentino las temperaturas fueron inferiores a las habituales para esta \u00e9poca del a\u00f1o no cruzaron la barrera de los cero grado y se ubicaron entre los 6 y 10 grados.<\/p>\n<figure class=\"mb-3\"><img decoding=\"async\" src=\"https:\/\/www.telam.com.ar\/thumbs\/bluesteel\/advf\/imagenes\/2022\/05\/629526a26e42b_900.jpg\" alt=\"Foto Victoria Egurza\" width=\"100%\" height=\"100%\" \/><\/p>\n<div class=\"media-icons\"><\/div><figcaption>(Foto: Victoria Egurza).<\/figcaption><\/figure>\n<p><strong>El avance de este frente dej\u00f3 marcas t\u00e9rmicas m\u00ednimas de entre 8 y 10 grados bajo cero en la Patagonia, con temperaturas m\u00ednimas de -10 en Chapelco, Neuqu\u00e9n; -9 en Maquinchao, R\u00edo Negro; -8,4 en Esquel, Chubut , -8,2 en Bariloche; -7,8 en Uspallata; -7,1 en Victorica y -6,6 en El Bols\u00f3n.<\/strong><\/p>\n<p>En tanto, el centro del pa\u00eds tambi\u00e9n se vio afectado por este avance con temperaturas m\u00ednimas que alcanzaron los -4,5 grados en La Pampa y Santa Fe; -1,4 en San Luis y en la localidad bonaerense de Jun\u00edn y -1,2 en Ezeiza y 0,8 en Entre R\u00edos.<\/p>\n<p>En tanto, la ciudad de Marcos Ju\u00e1rez, en C\u00f3rdoba, bati\u00f3 el r\u00e9cord de temperatura m\u00ednima m\u00e1s baja para el mes de mayo desde que se tienen registros meteorol\u00f3gicos (1961), adem\u00e1s distintas localidades de la provincia tuvieron temperaturas por debajo de los cero grados como Laboulaye y Villa Mar\u00eda.<\/p>\n<figure class=\"mb-3\"><img decoding=\"async\" src=\"https:\/\/www.telam.com.ar\/thumbs\/bluesteel\/advf\/imagenes\/2022\/05\/628fbc864486a_900.jpg\" alt=\"Foto Cristian Urrutia\" width=\"100%\" height=\"100%\" \/><\/p>\n<div class=\"media-icons\"><\/div><figcaption>(Foto: Cristian Urrutia).<\/figcaption><\/figure>\n<p>\u00abAyer (domingo) se registraron nevadas por momentos intensas en localidades de las sierras de C\u00f3rdoba\u00bb, expres\u00f3 Fern\u00e1ndez, y destac\u00f3 que \u00absi bien est\u00e1n pronosticadas bajas temperaturas, la probabilidad de que en los pr\u00f3ximos d\u00edas ocurran nuevas nevadas es muy escasa\u00bb.<\/p>\n<p>La especialista asegur\u00f3 que<strong>\u00a0\u00abel sistema de aire fr\u00edo continuar\u00e1 afectando a la regi\u00f3n central del pa\u00eds hasta el mi\u00e9rcoles que el viento rotar\u00e1 hacia el norte y noreste, situaci\u00f3n que ayudar\u00e1 a repuntar levemente las marcas t\u00e9rmicas m\u00ednimas\u00bb<\/strong>.<\/p>\n<p>En la ciudad de Buenos Aires y alrededores se espera una m\u00ednima de 2 grados para ma\u00f1ana, con una m\u00e1xima de 12, mientras que el mi\u00e9rcoles la temperatura oscilar\u00e1 entre los 5 y los 13 y el jueves entre los 5 y los 14.<\/p>\n<figure class=\"mb-3\"><img decoding=\"async\" src=\"https:\/\/www.telam.com.ar\/thumbs\/bluesteel\/advf\/imagenes\/2022\/04\/626bc0d6f2650_900.jpg\" alt=\"Foto Carlos Brigo\" width=\"100%\" height=\"100%\" \/><\/p>\n<div class=\"media-icons\"><\/div><figcaption>(Foto: Carlos Brigo).<\/figcaption><\/figure>\n<p>\u00abA partir del mi\u00e9rcoles tambi\u00e9n se incrementar\u00e1n las condiciones de nubosidad y de a poco, hacia el fin de semana podr\u00e1 advertirse que las marcas t\u00e9rmicas no ser\u00e1n tan bajas\u00bb, asegur\u00f3 la meteor\u00f3loga.<\/p>\n<p>En este sentido, agreg\u00f3 que desde el domingo las temperaturas m\u00ednimas en la regi\u00f3n central del pa\u00eds rondar\u00e1n los 10 grados, con m\u00e1ximas que se ubicar\u00e1n entre los 18 y 20.<\/p>\n<figure class=\"mb-3\"><img decoding=\"async\" src=\"https:\/\/www.telam.com.ar\/thumbs\/bluesteel\/advf\/imagenes\/2022\/05\/629535b686dd1_900.jpg\" alt=\"Foto Victoria Egurza\" width=\"100%\" height=\"100%\" \/><\/p>\n<div class=\"media-icons\"><\/div><figcaption>(Foto: Victoria Egurza).<\/figcaption><\/figure>\n<p>En tanto, el SMN emiti\u00f3 este lunes un alerta de nivel amarillo para el este de Jujuy, de Salta y de Catamarca por viento zonda\u00a0<strong>\u00abcon intensidades que oscilar\u00e1n entre 40 y 55 kil\u00f3metros por hora y r\u00e1fagas que podr\u00edan superar los 80<\/strong>\u00ab.<\/p>\n<p>Seg\u00fan el organismo \u00abeste fen\u00f3meno puede provocar reducci\u00f3n de la visibilidad, un repentino aumento de temperaturas y condiciones de baja humedad relativa\u00bb.<\/p>\n","protected":false},"excerpt":{"rendered":"<p>Una masa de aire fr\u00edo de origen polar dej\u00f3 marcas baj\u00edsimas en algunos puntos del pa\u00eds. El term\u00f3metro marc\u00f3 -10 en Chapelco, Neuqu\u00e9n; -9 en Maquinchao, R\u00edo Negro; -8,4 en Esquel, Chubut; -8,2 en Bariloche; -6,6 en El Bols\u00f3n, -5,6 en Marcos Ju\u00e1rez, C\u00f3rdoba; -4,5 grados en La Pampa y Santa Fe; -1,4 en San [&hellip;]<\/p>\n","protected":false},"author":3,"featured_media":72903,"comment_status":"closed","ping_status":"closed","sticky":false,"template":"","format":"standard","meta":{"footnotes":""},"categories":[46,26],"tags":[],"class_list":["post-72902","post","type-post","status-publish","format-standard","has-post-thumbnail","hentry","category-ciencia-y-tecnologia","category-sociedad"],"yoast_head":"<!-- This site is optimized with the Yoast SEO plugin v25.9 - https:\/\/yoast.com\/wordpress\/plugins\/seo\/ -->\n<title>El intenso fr\u00edo seguir\u00e1 por lo menos hasta el jueves - Noticias Radio Reflejos<\/title>\n<meta name=\"robots\" content=\"index, follow, max-snippet:-1, max-image-preview:large, max-video-preview:-1\" \/>\n<link rel=\"canonical\" href=\"https:\/\/www.noticiasradioreflejos.com.ar\/2021\/el-intenso-frio-seguira-por-lo-menos-hasta-el-jueves\/\" \/>\n<meta property=\"og:locale\" content=\"es_ES\" \/>\n<meta property=\"og:type\" content=\"article\" \/>\n<meta property=\"og:title\" content=\"El intenso fr\u00edo seguir\u00e1 por lo menos hasta el jueves - Noticias Radio Reflejos\" \/>\n<meta property=\"og:description\" content=\"Una masa de aire fr\u00edo de origen polar dej\u00f3 marcas baj\u00edsimas en algunos puntos del pa\u00eds. El term\u00f3metro marc\u00f3 -10 en Chapelco, Neuqu\u00e9n; -9 en Maquinchao, R\u00edo Negro; -8,4 en Esquel, Chubut; -8,2 en Bariloche; -6,6 en El Bols\u00f3n, -5,6 en Marcos Ju\u00e1rez, C\u00f3rdoba; -4,5 grados en La Pampa y Santa Fe; -1,4 en San [&hellip;]\" \/>\n<meta property=\"og:url\" content=\"https:\/\/www.noticiasradioreflejos.com.ar\/2021\/el-intenso-frio-seguira-por-lo-menos-hasta-el-jueves\/\" \/>\n<meta property=\"og:site_name\" content=\"Noticias Radio Reflejos\" \/>\n<meta property=\"article:published_time\" content=\"2022-05-30T22:47:20+00:00\" \/>\n<meta property=\"article:modified_time\" content=\"2022-05-31T17:45:13+00:00\" \/>\n<meta property=\"og:image\" content=\"https:\/\/www.noticiasradioreflejos.com.ar\/2021\/wp-content\/uploads\/2022\/05\/Sierra-Helada.jpeg\" \/>\n\t<meta property=\"og:image:width\" content=\"1600\" \/>\n\t<meta property=\"og:image:height\" content=\"720\" \/>\n\t<meta property=\"og:image:type\" content=\"image\/jpeg\" \/>\n<meta name=\"author\" content=\"Arnaldo Botto\" \/>\n<meta name=\"twitter:card\" content=\"summary_large_image\" \/>\n<script type=\"application\/ld+json\" class=\"yoast-schema-graph\">{\"@context\":\"https:\/\/schema.org\",\"@graph\":[{\"@type\":\"WebPage\",\"@id\":\"https:\/\/www.noticiasradioreflejos.com.ar\/2021\/el-intenso-frio-seguira-por-lo-menos-hasta-el-jueves\/\",\"url\":\"https:\/\/www.noticiasradioreflejos.com.ar\/2021\/el-intenso-frio-seguira-por-lo-menos-hasta-el-jueves\/\",\"name\":\"El intenso fr\u00edo seguir\u00e1 por lo menos hasta el jueves - Noticias Radio Reflejos\",\"isPartOf\":{\"@id\":\"https:\/\/www.noticiasradioreflejos.com.ar\/2021\/#website\"},\"primaryImageOfPage\":{\"@id\":\"https:\/\/www.noticiasradioreflejos.com.ar\/2021\/el-intenso-frio-seguira-por-lo-menos-hasta-el-jueves\/#primaryimage\"},\"image\":{\"@id\":\"https:\/\/www.noticiasradioreflejos.com.ar\/2021\/el-intenso-frio-seguira-por-lo-menos-hasta-el-jueves\/#primaryimage\"},\"thumbnailUrl\":\"https:\/\/www.noticiasradioreflejos.com.ar\/2021\/wp-content\/uploads\/2022\/05\/Sierra-Helada.jpeg\",\"datePublished\":\"2022-05-30T22:47:20+00:00\",\"dateModified\":\"2022-05-31T17:45:13+00:00\",\"author\":{\"@id\":\"https:\/\/www.noticiasradioreflejos.com.ar\/2021\/#\/schema\/person\/ad82545263dcc5ec0996818884fd5fb1\"},\"breadcrumb\":{\"@id\":\"https:\/\/www.noticiasradioreflejos.com.ar\/2021\/el-intenso-frio-seguira-por-lo-menos-hasta-el-jueves\/#breadcrumb\"},\"inLanguage\":\"es\",\"potentialAction\":[{\"@type\":\"ReadAction\",\"target\":[\"https:\/\/www.noticiasradioreflejos.com.ar\/2021\/el-intenso-frio-seguira-por-lo-menos-hasta-el-jueves\/\"]}]},{\"@type\":\"ImageObject\",\"inLanguage\":\"es\",\"@id\":\"https:\/\/www.noticiasradioreflejos.com.ar\/2021\/el-intenso-frio-seguira-por-lo-menos-hasta-el-jueves\/#primaryimage\",\"url\":\"https:\/\/www.noticiasradioreflejos.com.ar\/2021\/wp-content\/uploads\/2022\/05\/Sierra-Helada.jpeg\",\"contentUrl\":\"https:\/\/www.noticiasradioreflejos.com.ar\/2021\/wp-content\/uploads\/2022\/05\/Sierra-Helada.jpeg\",\"width\":1600,\"height\":720},{\"@type\":\"BreadcrumbList\",\"@id\":\"https:\/\/www.noticiasradioreflejos.com.ar\/2021\/el-intenso-frio-seguira-por-lo-menos-hasta-el-jueves\/#breadcrumb\",\"itemListElement\":[{\"@type\":\"ListItem\",\"position\":1,\"name\":\"Portada\",\"item\":\"https:\/\/www.noticiasradioreflejos.com.ar\/2021\/\"},{\"@type\":\"ListItem\",\"position\":2,\"name\":\"El intenso fr\u00edo seguir\u00e1 por lo menos hasta el jueves\"}]},{\"@type\":\"WebSite\",\"@id\":\"https:\/\/www.noticiasradioreflejos.com.ar\/2021\/#website\",\"url\":\"https:\/\/www.noticiasradioreflejos.com.ar\/2021\/\",\"name\":\"Noticias Radio Reflejos\",\"description\":\"Las noticias de mi comarca\",\"potentialAction\":[{\"@type\":\"SearchAction\",\"target\":{\"@type\":\"EntryPoint\",\"urlTemplate\":\"https:\/\/www.noticiasradioreflejos.com.ar\/2021\/?s={search_term_string}\"},\"query-input\":{\"@type\":\"PropertyValueSpecification\",\"valueRequired\":true,\"valueName\":\"search_term_string\"}}],\"inLanguage\":\"es\"},{\"@type\":\"Person\",\"@id\":\"https:\/\/www.noticiasradioreflejos.com.ar\/2021\/#\/schema\/person\/ad82545263dcc5ec0996818884fd5fb1\",\"name\":\"Arnaldo Botto\",\"image\":{\"@type\":\"ImageObject\",\"inLanguage\":\"es\",\"@id\":\"https:\/\/www.noticiasradioreflejos.com.ar\/2021\/#\/schema\/person\/image\/\",\"url\":\"https:\/\/secure.gravatar.com\/avatar\/55cb5e37c1efa326397366e6974cb338056df65cb50e7d64d1cf314e87504837?s=96&d=mm&r=g\",\"contentUrl\":\"https:\/\/secure.gravatar.com\/avatar\/55cb5e37c1efa326397366e6974cb338056df65cb50e7d64d1cf314e87504837?s=96&d=mm&r=g\",\"caption\":\"Arnaldo Botto\"},\"url\":\"https:\/\/www.noticiasradioreflejos.com.ar\/2021\/author\/arnaldo\/\"}]}<\/script>\n<!-- \/ Yoast SEO plugin. -->","yoast_head_json":{"title":"El intenso fr\u00edo seguir\u00e1 por lo menos hasta el jueves - Noticias Radio Reflejos","robots":{"index":"index","follow":"follow","max-snippet":"max-snippet:-1","max-image-preview":"max-image-preview:large","max-video-preview":"max-video-preview:-1"},"canonical":"https:\/\/www.noticiasradioreflejos.com.ar\/2021\/el-intenso-frio-seguira-por-lo-menos-hasta-el-jueves\/","og_locale":"es_ES","og_type":"article","og_title":"El intenso fr\u00edo seguir\u00e1 por lo menos hasta el jueves - Noticias Radio Reflejos","og_description":"Una masa de aire fr\u00edo de origen polar dej\u00f3 marcas baj\u00edsimas en algunos puntos del pa\u00eds. El term\u00f3metro marc\u00f3 -10 en Chapelco, Neuqu\u00e9n; -9 en Maquinchao, R\u00edo Negro; -8,4 en Esquel, Chubut; -8,2 en Bariloche; -6,6 en El Bols\u00f3n, -5,6 en Marcos Ju\u00e1rez, C\u00f3rdoba; -4,5 grados en La Pampa y Santa Fe; -1,4 en San [&hellip;]","og_url":"https:\/\/www.noticiasradioreflejos.com.ar\/2021\/el-intenso-frio-seguira-por-lo-menos-hasta-el-jueves\/","og_site_name":"Noticias Radio Reflejos","article_published_time":"2022-05-30T22:47:20+00:00","article_modified_time":"2022-05-31T17:45:13+00:00","og_image":[{"width":1600,"height":720,"url":"https:\/\/www.noticiasradioreflejos.com.ar\/2021\/wp-content\/uploads\/2022\/05\/Sierra-Helada.jpeg","type":"image\/jpeg"}],"author":"Arnaldo Botto","twitter_card":"summary_large_image","schema":{"@context":"https:\/\/schema.org","@graph":[{"@type":"WebPage","@id":"https:\/\/www.noticiasradioreflejos.com.ar\/2021\/el-intenso-frio-seguira-por-lo-menos-hasta-el-jueves\/","url":"https:\/\/www.noticiasradioreflejos.com.ar\/2021\/el-intenso-frio-seguira-por-lo-menos-hasta-el-jueves\/","name":"El intenso fr\u00edo seguir\u00e1 por lo menos hasta el jueves - Noticias Radio Reflejos","isPartOf":{"@id":"https:\/\/www.noticiasradioreflejos.com.ar\/2021\/#website"},"primaryImageOfPage":{"@id":"https:\/\/www.noticiasradioreflejos.com.ar\/2021\/el-intenso-frio-seguira-por-lo-menos-hasta-el-jueves\/#primaryimage"},"image":{"@id":"https:\/\/www.noticiasradioreflejos.com.ar\/2021\/el-intenso-frio-seguira-por-lo-menos-hasta-el-jueves\/#primaryimage"},"thumbnailUrl":"https:\/\/www.noticiasradioreflejos.com.ar\/2021\/wp-content\/uploads\/2022\/05\/Sierra-Helada.jpeg","datePublished":"2022-05-30T22:47:20+00:00","dateModified":"2022-05-31T17:45:13+00:00","author":{"@id":"https:\/\/www.noticiasradioreflejos.com.ar\/2021\/#\/schema\/person\/ad82545263dcc5ec0996818884fd5fb1"},"breadcrumb":{"@id":"https:\/\/www.noticiasradioreflejos.com.ar\/2021\/el-intenso-frio-seguira-por-lo-menos-hasta-el-jueves\/#breadcrumb"},"inLanguage":"es","potentialAction":[{"@type":"ReadAction","target":["https:\/\/www.noticiasradioreflejos.com.ar\/2021\/el-intenso-frio-seguira-por-lo-menos-hasta-el-jueves\/"]}]},{"@type":"ImageObject","inLanguage":"es","@id":"https:\/\/www.noticiasradioreflejos.com.ar\/2021\/el-intenso-frio-seguira-por-lo-menos-hasta-el-jueves\/#primaryimage","url":"https:\/\/www.noticiasradioreflejos.com.ar\/2021\/wp-content\/uploads\/2022\/05\/Sierra-Helada.jpeg","contentUrl":"https:\/\/www.noticiasradioreflejos.com.ar\/2021\/wp-content\/uploads\/2022\/05\/Sierra-Helada.jpeg","width":1600,"height":720},{"@type":"BreadcrumbList","@id":"https:\/\/www.noticiasradioreflejos.com.ar\/2021\/el-intenso-frio-seguira-por-lo-menos-hasta-el-jueves\/#breadcrumb","itemListElement":[{"@type":"ListItem","position":1,"name":"Portada","item":"https:\/\/www.noticiasradioreflejos.com.ar\/2021\/"},{"@type":"ListItem","position":2,"name":"El intenso fr\u00edo seguir\u00e1 por lo menos hasta el jueves"}]},{"@type":"WebSite","@id":"https:\/\/www.noticiasradioreflejos.com.ar\/2021\/#website","url":"https:\/\/www.noticiasradioreflejos.com.ar\/2021\/","name":"Noticias Radio Reflejos","description":"Las noticias de mi comarca","potentialAction":[{"@type":"SearchAction","target":{"@type":"EntryPoint","urlTemplate":"https:\/\/www.noticiasradioreflejos.com.ar\/2021\/?s={search_term_string}"},"query-input":{"@type":"PropertyValueSpecification","valueRequired":true,"valueName":"search_term_string"}}],"inLanguage":"es"},{"@type":"Person","@id":"https:\/\/www.noticiasradioreflejos.com.ar\/2021\/#\/schema\/person\/ad82545263dcc5ec0996818884fd5fb1","name":"Arnaldo Botto","image":{"@type":"ImageObject","inLanguage":"es","@id":"https:\/\/www.noticiasradioreflejos.com.ar\/2021\/#\/schema\/person\/image\/","url":"https:\/\/secure.gravatar.com\/avatar\/55cb5e37c1efa326397366e6974cb338056df65cb50e7d64d1cf314e87504837?s=96&d=mm&r=g","contentUrl":"https:\/\/secure.gravatar.com\/avatar\/55cb5e37c1efa326397366e6974cb338056df65cb50e7d64d1cf314e87504837?s=96&d=mm&r=g","caption":"Arnaldo Botto"},"url":"https:\/\/www.noticiasradioreflejos.com.ar\/2021\/author\/arnaldo\/"}]}},"_links":{"self":[{"href":"https:\/\/www.noticiasradioreflejos.com.ar\/2021\/wp-json\/wp\/v2\/posts\/72902","targetHints":{"allow":["GET"]}}],"collection":[{"href":"https:\/\/www.noticiasradioreflejos.com.ar\/2021\/wp-json\/wp\/v2\/posts"}],"about":[{"href":"https:\/\/www.noticiasradioreflejos.com.ar\/2021\/wp-json\/wp\/v2\/types\/post"}],"author":[{"embeddable":true,"href":"https:\/\/www.noticiasradioreflejos.com.ar\/2021\/wp-json\/wp\/v2\/users\/3"}],"replies":[{"embeddable":true,"href":"https:\/\/www.noticiasradioreflejos.com.ar\/2021\/wp-json\/wp\/v2\/comments?post=72902"}],"version-history":[{"count":1,"href":"https:\/\/www.noticiasradioreflejos.com.ar\/2021\/wp-json\/wp\/v2\/posts\/72902\/revisions"}],"predecessor-version":[{"id":72904,"href":"https:\/\/www.noticiasradioreflejos.com.ar\/2021\/wp-json\/wp\/v2\/posts\/72902\/revisions\/72904"}],"wp:featuredmedia":[{"embeddable":true,"href":"https:\/\/www.noticiasradioreflejos.com.ar\/2021\/wp-json\/wp\/v2\/media\/72903"}],"wp:attachment":[{"href":"https:\/\/www.noticiasradioreflejos.com.ar\/2021\/wp-json\/wp\/v2\/media?parent=72902"}],"wp:term":[{"taxonomy":"category","embeddable":true,"href":"https:\/\/www.noticiasradioreflejos.com.ar\/2021\/wp-json\/wp\/v2\/categories?post=72902"},{"taxonomy":"post_tag","embeddable":true,"href":"https:\/\/www.noticiasradioreflejos.com.ar\/2021\/wp-json\/wp\/v2\/tags?post=72902"}],"curies":[{"name":"wp","href":"https:\/\/api.w.org\/{rel}","templated":true}]}}