{"id":72899,"date":"2022-05-30T20:44:38","date_gmt":"2022-05-30T20:44:38","guid":{"rendered":"http:\/\/www.noticiasradioreflejos.com.ar\/2021\/?p=72899"},"modified":"2022-05-30T20:44:38","modified_gmt":"2022-05-30T20:44:38","slug":"gaston-manes-que-me-disculpe-macri-pero-la-ucr-tiene-los-mejores-candidatos","status":"publish","type":"post","link":"https:\/\/www.noticiasradioreflejos.com.ar\/2021\/gaston-manes-que-me-disculpe-macri-pero-la-ucr-tiene-los-mejores-candidatos\/","title":{"rendered":"Gast\u00f3n Manes: \u00abQue me disculpe Macri, pero la UCR tiene los mejores candidatos\u00bb"},"content":{"rendered":"<p>El titular de la Convenci\u00f3n Nacional de la Uni\u00f3n C\u00edvica Radical habl\u00f3 de una posible coalici\u00f3n que intentar\u00e1 \u00abarmar un programa de Gobierno y un acuerdo program\u00e1tico\u00bb para cuando se definan las pol\u00edticas de alianzas.<!--more--><\/p>\n<figure class=\"mb-3\"><img decoding=\"async\" src=\"https:\/\/www.telam.com.ar\/thumbs\/bluesteel\/advf\/imagenes\/2022\/05\/62913f5eb715c_900.jpg\" alt=\"Gastn Manes sostuvo que ese partido tiene los mejores candidatos para las elecciones presidenciales de 2023\" width=\"100%\" height=\"100%\" \/><\/p>\n<div class=\"media-icons\"><\/div><figcaption>Gast\u00f3n Manes, sostuvo que ese partido tiene \u00ablos mejores candidatos\u00bb para las elecciones presidenciales de 2023.<\/figcaption><\/figure>\n<p>El titular de la Convenci\u00f3n Nacional de la Uni\u00f3n C\u00edvica Radical (UCR), Gast\u00f3n Manes, sostuvo este lunes que ese partido tiene \u00ablos mejores candidatos\u00bb para las elecciones presidenciales de 2023 y consider\u00f3 que esa fuerza definir\u00e1 su pol\u00edtica de alianzas \u00absobre la base de un programa y no por nombres, marketing o encuestas\u00bb.<\/p>\n<p>Manes, quien el viernes pasado\u00a0<a href=\"https:\/\/www.telam.com.ar\/notas\/202205\/593810-ucr--gaston-manes-titular-convencion.html\" target=\"_blank\" rel=\"noopener\">fue consagrado al frente de la Convenci\u00f3n Nacional del radicalismo<\/a>, uno de los dos \u00f3rganos de conducci\u00f3n partidaria adem\u00e1s del Comit\u00e9 Nacional, dijo tambi\u00e9n que no cree que sea posible confluir con los libertarios de Javier Milei porque\u00a0<strong>ve \u00abdif\u00edcil\u00bb<\/strong>\u00a0que \u00abalguien que tenga posiciones extremas coincida con las posiciones del radicalismo\u00bb.<\/p>\n<p>Gast\u00f3n Manes, hermano del diputado nacional y potencial candidato presidencial Facundo Manes, afirm\u00f3 al hablar con radio La Red que, tras la convenci\u00f3n, el radicalismo se abocar\u00e1 a \u00abarmar un programa de Gobierno y un acuerdo program\u00e1tico, para que cuando el a\u00f1o que viene se definan las pol\u00edticas de alianzas sea en base a ese acuerdo program\u00e1tico y no por personas, encuestas o marketing\u00bb.<\/p>\n<figure class=\"mb-3\"><img decoding=\"async\" src=\"https:\/\/www.telam.com.ar\/thumbs\/bluesteel\/advf\/imagenes\/2022\/05\/62913f29d06c7_900.jpg\" alt=\"Manes dijo que el radicalismo se abocar a armar un programa de Gobierno y un acuerdo programtico\" width=\"100%\" height=\"100%\" \/><\/p>\n<div class=\"media-icons\"><\/div><figcaption>Manes dijo que el radicalismo se abocar\u00e1 a \u00abarmar un programa de Gobierno y un acuerdo program\u00e1tico\u00bb.<\/figcaption><\/figure>\n<p>Luego de afirmar que el Gobierno de Alberto Fern\u00e1ndez \u00abest\u00e1 muy deteriorado\u00bb, Manes evalu\u00f3 que\u00a0<strong>es \u00abobligaci\u00f3n\u00bb de su espacio \u00abofrecerle al electorado una oferta basada en las ideas y no en las personas\u00bb.<\/strong><\/p>\n<p>En este sentido, ante una consulta\u00a0<strong>sobre qui\u00e9n ser\u00eda el candidato a gobernador del radicalismo para la provincia de Buenos Aires<\/strong>, se\u00f1al\u00f3 que \u00abla UCR cuenta con 32 intendentes (en ese distrito) y de arranque tiene potencialmente a 32\u00bb postulantes.<\/p>\n<p><strong>\u00abLa UCR va a presentar un candidato en todos los distritos y categor\u00edas\u00bb<\/strong>, indic\u00f3 el nuevo presidente de la Convenci\u00f3n, y se mostr\u00f3 convencido de que \u00ablos mejores\u00bb aspirantes est\u00e1n en la UCR.<\/p>\n<p>\u00abQue me disculpe el ingeniero (Mauricio) Macri, pero los mejores candidatos est\u00e1n en la UCR. El radicalismo ha demostrado que se ha abierto, incorpor\u00f3 nuevas figuras y es el espacio que mostr\u00f3 m\u00e1s apertura y m\u00e1s cambio\u00bb, argument\u00f3.<\/p>\n<p>Hasta el momento, en la pelea por la candidatura presidencial de la UCR, est\u00e1n anotados Facundo Manes y el gobernador de Jujuy y titular de la UCR, Gerardo Morales.<\/p>\n","protected":false},"excerpt":{"rendered":"<p>El titular de la Convenci\u00f3n Nacional de la Uni\u00f3n C\u00edvica Radical habl\u00f3 de una posible coalici\u00f3n que intentar\u00e1 \u00abarmar un programa de Gobierno y un acuerdo program\u00e1tico\u00bb para cuando se definan las pol\u00edticas de alianzas.<\/p>\n","protected":false},"author":3,"featured_media":0,"comment_status":"closed","ping_status":"closed","sticky":false,"template":"","format":"standard","meta":{"footnotes":""},"categories":[24],"tags":[],"class_list":["post-72899","post","type-post","status-publish","format-standard","hentry","category-politica"],"yoast_head":"<!-- This site is optimized with the Yoast SEO plugin v25.9 - https:\/\/yoast.com\/wordpress\/plugins\/seo\/ -->\n<title>Gast\u00f3n Manes: &quot;Que me disculpe Macri, pero la UCR tiene los mejores candidatos&quot; - Noticias Radio Reflejos<\/title>\n<meta name=\"robots\" content=\"index, follow, max-snippet:-1, max-image-preview:large, max-video-preview:-1\" \/>\n<link rel=\"canonical\" href=\"https:\/\/www.noticiasradioreflejos.com.ar\/2021\/gaston-manes-que-me-disculpe-macri-pero-la-ucr-tiene-los-mejores-candidatos\/\" \/>\n<meta property=\"og:locale\" content=\"es_ES\" \/>\n<meta property=\"og:type\" content=\"article\" \/>\n<meta property=\"og:title\" content=\"Gast\u00f3n Manes: &quot;Que me disculpe Macri, pero la UCR tiene los mejores candidatos&quot; - Noticias Radio Reflejos\" \/>\n<meta property=\"og:description\" content=\"El titular de la Convenci\u00f3n Nacional de la Uni\u00f3n C\u00edvica Radical habl\u00f3 de una posible coalici\u00f3n que intentar\u00e1 \u00abarmar un programa de Gobierno y un acuerdo program\u00e1tico\u00bb para cuando se definan las pol\u00edticas de alianzas.\" \/>\n<meta property=\"og:url\" content=\"https:\/\/www.noticiasradioreflejos.com.ar\/2021\/gaston-manes-que-me-disculpe-macri-pero-la-ucr-tiene-los-mejores-candidatos\/\" \/>\n<meta property=\"og:site_name\" content=\"Noticias Radio Reflejos\" \/>\n<meta property=\"article:published_time\" content=\"2022-05-30T20:44:38+00:00\" \/>\n<meta property=\"og:image\" content=\"https:\/\/www.telam.com.ar\/thumbs\/bluesteel\/advf\/imagenes\/2022\/05\/62913f5eb715c_900.jpg\" \/>\n<meta name=\"author\" content=\"Arnaldo Botto\" \/>\n<meta name=\"twitter:card\" content=\"summary_large_image\" \/>\n<script type=\"application\/ld+json\" class=\"yoast-schema-graph\">{\"@context\":\"https:\/\/schema.org\",\"@graph\":[{\"@type\":\"WebPage\",\"@id\":\"https:\/\/www.noticiasradioreflejos.com.ar\/2021\/gaston-manes-que-me-disculpe-macri-pero-la-ucr-tiene-los-mejores-candidatos\/\",\"url\":\"https:\/\/www.noticiasradioreflejos.com.ar\/2021\/gaston-manes-que-me-disculpe-macri-pero-la-ucr-tiene-los-mejores-candidatos\/\",\"name\":\"Gast\u00f3n Manes: \\\"Que me disculpe Macri, pero la UCR tiene los mejores candidatos\\\" - Noticias Radio Reflejos\",\"isPartOf\":{\"@id\":\"https:\/\/www.noticiasradioreflejos.com.ar\/2021\/#website\"},\"primaryImageOfPage\":{\"@id\":\"https:\/\/www.noticiasradioreflejos.com.ar\/2021\/gaston-manes-que-me-disculpe-macri-pero-la-ucr-tiene-los-mejores-candidatos\/#primaryimage\"},\"image\":{\"@id\":\"https:\/\/www.noticiasradioreflejos.com.ar\/2021\/gaston-manes-que-me-disculpe-macri-pero-la-ucr-tiene-los-mejores-candidatos\/#primaryimage\"},\"thumbnailUrl\":\"https:\/\/www.telam.com.ar\/thumbs\/bluesteel\/advf\/imagenes\/2022\/05\/62913f5eb715c_900.jpg\",\"datePublished\":\"2022-05-30T20:44:38+00:00\",\"author\":{\"@id\":\"https:\/\/www.noticiasradioreflejos.com.ar\/2021\/#\/schema\/person\/ad82545263dcc5ec0996818884fd5fb1\"},\"breadcrumb\":{\"@id\":\"https:\/\/www.noticiasradioreflejos.com.ar\/2021\/gaston-manes-que-me-disculpe-macri-pero-la-ucr-tiene-los-mejores-candidatos\/#breadcrumb\"},\"inLanguage\":\"es\",\"potentialAction\":[{\"@type\":\"ReadAction\",\"target\":[\"https:\/\/www.noticiasradioreflejos.com.ar\/2021\/gaston-manes-que-me-disculpe-macri-pero-la-ucr-tiene-los-mejores-candidatos\/\"]}]},{\"@type\":\"ImageObject\",\"inLanguage\":\"es\",\"@id\":\"https:\/\/www.noticiasradioreflejos.com.ar\/2021\/gaston-manes-que-me-disculpe-macri-pero-la-ucr-tiene-los-mejores-candidatos\/#primaryimage\",\"url\":\"https:\/\/www.telam.com.ar\/thumbs\/bluesteel\/advf\/imagenes\/2022\/05\/62913f5eb715c_900.jpg\",\"contentUrl\":\"https:\/\/www.telam.com.ar\/thumbs\/bluesteel\/advf\/imagenes\/2022\/05\/62913f5eb715c_900.jpg\"},{\"@type\":\"BreadcrumbList\",\"@id\":\"https:\/\/www.noticiasradioreflejos.com.ar\/2021\/gaston-manes-que-me-disculpe-macri-pero-la-ucr-tiene-los-mejores-candidatos\/#breadcrumb\",\"itemListElement\":[{\"@type\":\"ListItem\",\"position\":1,\"name\":\"Portada\",\"item\":\"https:\/\/www.noticiasradioreflejos.com.ar\/2021\/\"},{\"@type\":\"ListItem\",\"position\":2,\"name\":\"Gast\u00f3n Manes: \u00abQue me disculpe Macri, pero la UCR tiene los mejores candidatos\u00bb\"}]},{\"@type\":\"WebSite\",\"@id\":\"https:\/\/www.noticiasradioreflejos.com.ar\/2021\/#website\",\"url\":\"https:\/\/www.noticiasradioreflejos.com.ar\/2021\/\",\"name\":\"Noticias Radio Reflejos\",\"description\":\"Las noticias de mi comarca\",\"potentialAction\":[{\"@type\":\"SearchAction\",\"target\":{\"@type\":\"EntryPoint\",\"urlTemplate\":\"https:\/\/www.noticiasradioreflejos.com.ar\/2021\/?s={search_term_string}\"},\"query-input\":{\"@type\":\"PropertyValueSpecification\",\"valueRequired\":true,\"valueName\":\"search_term_string\"}}],\"inLanguage\":\"es\"},{\"@type\":\"Person\",\"@id\":\"https:\/\/www.noticiasradioreflejos.com.ar\/2021\/#\/schema\/person\/ad82545263dcc5ec0996818884fd5fb1\",\"name\":\"Arnaldo Botto\",\"image\":{\"@type\":\"ImageObject\",\"inLanguage\":\"es\",\"@id\":\"https:\/\/www.noticiasradioreflejos.com.ar\/2021\/#\/schema\/person\/image\/\",\"url\":\"https:\/\/secure.gravatar.com\/avatar\/55cb5e37c1efa326397366e6974cb338056df65cb50e7d64d1cf314e87504837?s=96&d=mm&r=g\",\"contentUrl\":\"https:\/\/secure.gravatar.com\/avatar\/55cb5e37c1efa326397366e6974cb338056df65cb50e7d64d1cf314e87504837?s=96&d=mm&r=g\",\"caption\":\"Arnaldo Botto\"},\"url\":\"https:\/\/www.noticiasradioreflejos.com.ar\/2021\/author\/arnaldo\/\"}]}<\/script>\n<!-- \/ Yoast SEO plugin. -->","yoast_head_json":{"title":"Gast\u00f3n Manes: \"Que me disculpe Macri, pero la UCR tiene los mejores candidatos\" - Noticias Radio Reflejos","robots":{"index":"index","follow":"follow","max-snippet":"max-snippet:-1","max-image-preview":"max-image-preview:large","max-video-preview":"max-video-preview:-1"},"canonical":"https:\/\/www.noticiasradioreflejos.com.ar\/2021\/gaston-manes-que-me-disculpe-macri-pero-la-ucr-tiene-los-mejores-candidatos\/","og_locale":"es_ES","og_type":"article","og_title":"Gast\u00f3n Manes: \"Que me disculpe Macri, pero la UCR tiene los mejores candidatos\" - Noticias Radio Reflejos","og_description":"El titular de la Convenci\u00f3n Nacional de la Uni\u00f3n C\u00edvica Radical habl\u00f3 de una posible coalici\u00f3n que intentar\u00e1 \u00abarmar un programa de Gobierno y un acuerdo program\u00e1tico\u00bb para cuando se definan las pol\u00edticas de alianzas.","og_url":"https:\/\/www.noticiasradioreflejos.com.ar\/2021\/gaston-manes-que-me-disculpe-macri-pero-la-ucr-tiene-los-mejores-candidatos\/","og_site_name":"Noticias Radio Reflejos","article_published_time":"2022-05-30T20:44:38+00:00","og_image":[{"url":"https:\/\/www.telam.com.ar\/thumbs\/bluesteel\/advf\/imagenes\/2022\/05\/62913f5eb715c_900.jpg","type":"","width":"","height":""}],"author":"Arnaldo Botto","twitter_card":"summary_large_image","schema":{"@context":"https:\/\/schema.org","@graph":[{"@type":"WebPage","@id":"https:\/\/www.noticiasradioreflejos.com.ar\/2021\/gaston-manes-que-me-disculpe-macri-pero-la-ucr-tiene-los-mejores-candidatos\/","url":"https:\/\/www.noticiasradioreflejos.com.ar\/2021\/gaston-manes-que-me-disculpe-macri-pero-la-ucr-tiene-los-mejores-candidatos\/","name":"Gast\u00f3n Manes: \"Que me disculpe Macri, pero la UCR tiene los mejores candidatos\" - Noticias Radio Reflejos","isPartOf":{"@id":"https:\/\/www.noticiasradioreflejos.com.ar\/2021\/#website"},"primaryImageOfPage":{"@id":"https:\/\/www.noticiasradioreflejos.com.ar\/2021\/gaston-manes-que-me-disculpe-macri-pero-la-ucr-tiene-los-mejores-candidatos\/#primaryimage"},"image":{"@id":"https:\/\/www.noticiasradioreflejos.com.ar\/2021\/gaston-manes-que-me-disculpe-macri-pero-la-ucr-tiene-los-mejores-candidatos\/#primaryimage"},"thumbnailUrl":"https:\/\/www.telam.com.ar\/thumbs\/bluesteel\/advf\/imagenes\/2022\/05\/62913f5eb715c_900.jpg","datePublished":"2022-05-30T20:44:38+00:00","author":{"@id":"https:\/\/www.noticiasradioreflejos.com.ar\/2021\/#\/schema\/person\/ad82545263dcc5ec0996818884fd5fb1"},"breadcrumb":{"@id":"https:\/\/www.noticiasradioreflejos.com.ar\/2021\/gaston-manes-que-me-disculpe-macri-pero-la-ucr-tiene-los-mejores-candidatos\/#breadcrumb"},"inLanguage":"es","potentialAction":[{"@type":"ReadAction","target":["https:\/\/www.noticiasradioreflejos.com.ar\/2021\/gaston-manes-que-me-disculpe-macri-pero-la-ucr-tiene-los-mejores-candidatos\/"]}]},{"@type":"ImageObject","inLanguage":"es","@id":"https:\/\/www.noticiasradioreflejos.com.ar\/2021\/gaston-manes-que-me-disculpe-macri-pero-la-ucr-tiene-los-mejores-candidatos\/#primaryimage","url":"https:\/\/www.telam.com.ar\/thumbs\/bluesteel\/advf\/imagenes\/2022\/05\/62913f5eb715c_900.jpg","contentUrl":"https:\/\/www.telam.com.ar\/thumbs\/bluesteel\/advf\/imagenes\/2022\/05\/62913f5eb715c_900.jpg"},{"@type":"BreadcrumbList","@id":"https:\/\/www.noticiasradioreflejos.com.ar\/2021\/gaston-manes-que-me-disculpe-macri-pero-la-ucr-tiene-los-mejores-candidatos\/#breadcrumb","itemListElement":[{"@type":"ListItem","position":1,"name":"Portada","item":"https:\/\/www.noticiasradioreflejos.com.ar\/2021\/"},{"@type":"ListItem","position":2,"name":"Gast\u00f3n Manes: \u00abQue me disculpe Macri, pero la UCR tiene los mejores candidatos\u00bb"}]},{"@type":"WebSite","@id":"https:\/\/www.noticiasradioreflejos.com.ar\/2021\/#website","url":"https:\/\/www.noticiasradioreflejos.com.ar\/2021\/","name":"Noticias Radio Reflejos","description":"Las noticias de mi comarca","potentialAction":[{"@type":"SearchAction","target":{"@type":"EntryPoint","urlTemplate":"https:\/\/www.noticiasradioreflejos.com.ar\/2021\/?s={search_term_string}"},"query-input":{"@type":"PropertyValueSpecification","valueRequired":true,"valueName":"search_term_string"}}],"inLanguage":"es"},{"@type":"Person","@id":"https:\/\/www.noticiasradioreflejos.com.ar\/2021\/#\/schema\/person\/ad82545263dcc5ec0996818884fd5fb1","name":"Arnaldo Botto","image":{"@type":"ImageObject","inLanguage":"es","@id":"https:\/\/www.noticiasradioreflejos.com.ar\/2021\/#\/schema\/person\/image\/","url":"https:\/\/secure.gravatar.com\/avatar\/55cb5e37c1efa326397366e6974cb338056df65cb50e7d64d1cf314e87504837?s=96&d=mm&r=g","contentUrl":"https:\/\/secure.gravatar.com\/avatar\/55cb5e37c1efa326397366e6974cb338056df65cb50e7d64d1cf314e87504837?s=96&d=mm&r=g","caption":"Arnaldo Botto"},"url":"https:\/\/www.noticiasradioreflejos.com.ar\/2021\/author\/arnaldo\/"}]}},"_links":{"self":[{"href":"https:\/\/www.noticiasradioreflejos.com.ar\/2021\/wp-json\/wp\/v2\/posts\/72899","targetHints":{"allow":["GET"]}}],"collection":[{"href":"https:\/\/www.noticiasradioreflejos.com.ar\/2021\/wp-json\/wp\/v2\/posts"}],"about":[{"href":"https:\/\/www.noticiasradioreflejos.com.ar\/2021\/wp-json\/wp\/v2\/types\/post"}],"author":[{"embeddable":true,"href":"https:\/\/www.noticiasradioreflejos.com.ar\/2021\/wp-json\/wp\/v2\/users\/3"}],"replies":[{"embeddable":true,"href":"https:\/\/www.noticiasradioreflejos.com.ar\/2021\/wp-json\/wp\/v2\/comments?post=72899"}],"version-history":[{"count":1,"href":"https:\/\/www.noticiasradioreflejos.com.ar\/2021\/wp-json\/wp\/v2\/posts\/72899\/revisions"}],"predecessor-version":[{"id":72901,"href":"https:\/\/www.noticiasradioreflejos.com.ar\/2021\/wp-json\/wp\/v2\/posts\/72899\/revisions\/72901"}],"wp:attachment":[{"href":"https:\/\/www.noticiasradioreflejos.com.ar\/2021\/wp-json\/wp\/v2\/media?parent=72899"}],"wp:term":[{"taxonomy":"category","embeddable":true,"href":"https:\/\/www.noticiasradioreflejos.com.ar\/2021\/wp-json\/wp\/v2\/categories?post=72899"},{"taxonomy":"post_tag","embeddable":true,"href":"https:\/\/www.noticiasradioreflejos.com.ar\/2021\/wp-json\/wp\/v2\/tags?post=72899"}],"curies":[{"name":"wp","href":"https:\/\/api.w.org\/{rel}","templated":true}]}}