{"id":72885,"date":"2022-05-30T20:06:10","date_gmt":"2022-05-30T20:06:10","guid":{"rendered":"http:\/\/www.noticiasradioreflejos.com.ar\/2021\/?p=72885"},"modified":"2022-05-30T20:06:10","modified_gmt":"2022-05-30T20:06:10","slug":"se-llevo-a-cabo-la-muestra-de-material-adquirido-por-la-macedonio-fernandez-luego-de-la-feria-del-libro","status":"publish","type":"post","link":"https:\/\/www.noticiasradioreflejos.com.ar\/2021\/se-llevo-a-cabo-la-muestra-de-material-adquirido-por-la-macedonio-fernandez-luego-de-la-feria-del-libro\/","title":{"rendered":"Se llev\u00f3 a cabo la muestra de material adquirido por la Macedonio Fern\u00e1ndez luego de la Feria del Libro"},"content":{"rendered":"<p>La Biblioteca Macedonio Fern\u00e1ndez agradece la participaci\u00f3n de toda la comunidad a la muestra de todo el material adquirido luego de la Feria del Libro en Buenos Aires.<!--more--><\/p>\n<p><a data-flickr-embed=\"true\" href=\"https:\/\/www.flickr.com\/photos\/182279889@N02\/52110870279\/in\/dateposted-public\/\" title=\"283730160_5201941766552725_6434086896210579290_n\"><img loading=\"lazy\" decoding=\"async\" src=\"https:\/\/live.staticflickr.com\/65535\/52110870279_f48de81d3f.jpg\" width=\"500\" height=\"184\" alt=\"283730160_5201941766552725_6434086896210579290_n\"><\/a><script async src=\"\/\/embedr.flickr.com\/assets\/client-code.js\" charset=\"utf-8\"><\/script><\/p>\n<p>Con gran afluencia de gente se llev\u00f3 a cabo este s\u00e1bado pasado la muestra del material adquirido a trav\u00e9s del Programa Libro % de la Conabip en la 46\u00b0 Feria del Libro.<\/p>\n<p>Gracias a Marta Gonz\u00e1lez que nos acompa\u00f1\u00f3 durante los tres d\u00edas de compra!!! Gracias a Delfina y Carmina que el domingo nos energizaron con su ayuda amorosa para encontrar algunos encargues dif\u00edciles de conseguir y a Rober por la paciencia en las interminables filas de algunas editoriales!!<\/p>\n<p>Gracias a Cultura Municipal por su colaboraci\u00f3n en vi\u00e1ticos.<\/p>\n<p>Ayer te mostramos todo el material nuevo. Quienes asistieron pudieron anotar sus libros preferidos para comenzar a retirarlos y disfrutar de su lectura a partir de esta semana pr\u00f3xima.  *Seguiremos subiendo fotos con m\u00e1s detalle de los libros.<\/p>\n","protected":false},"excerpt":{"rendered":"<p>La Biblioteca Macedonio Fern\u00e1ndez agradece la participaci\u00f3n de toda la comunidad a la muestra de todo el material adquirido luego de la Feria del Libro en Buenos Aires.<\/p>\n","protected":false},"author":3,"featured_media":0,"comment_status":"closed","ping_status":"closed","sticky":false,"template":"","format":"standard","meta":{"footnotes":""},"categories":[35],"tags":[],"class_list":["post-72885","post","type-post","status-publish","format-standard","hentry","category-cultura"],"yoast_head":"<!-- This site is optimized with the Yoast SEO plugin v25.9 - https:\/\/yoast.com\/wordpress\/plugins\/seo\/ -->\n<title>Se llev\u00f3 a cabo la muestra de material adquirido por la Macedonio Fern\u00e1ndez luego de la Feria del Libro - Noticias Radio Reflejos<\/title>\n<meta name=\"robots\" content=\"index, follow, max-snippet:-1, max-image-preview:large, max-video-preview:-1\" \/>\n<link rel=\"canonical\" href=\"https:\/\/www.noticiasradioreflejos.com.ar\/2021\/se-llevo-a-cabo-la-muestra-de-material-adquirido-por-la-macedonio-fernandez-luego-de-la-feria-del-libro\/\" \/>\n<meta property=\"og:locale\" content=\"es_ES\" \/>\n<meta property=\"og:type\" content=\"article\" \/>\n<meta property=\"og:title\" content=\"Se llev\u00f3 a cabo la muestra de material adquirido por la Macedonio Fern\u00e1ndez luego de la Feria del Libro - Noticias Radio Reflejos\" \/>\n<meta property=\"og:description\" content=\"La Biblioteca Macedonio Fern\u00e1ndez agradece la participaci\u00f3n de toda la comunidad a la muestra de todo el material adquirido luego de la Feria del Libro en Buenos Aires.\" \/>\n<meta property=\"og:url\" content=\"https:\/\/www.noticiasradioreflejos.com.ar\/2021\/se-llevo-a-cabo-la-muestra-de-material-adquirido-por-la-macedonio-fernandez-luego-de-la-feria-del-libro\/\" \/>\n<meta property=\"og:site_name\" content=\"Noticias Radio Reflejos\" \/>\n<meta property=\"article:published_time\" content=\"2022-05-30T20:06:10+00:00\" \/>\n<meta property=\"og:image\" content=\"https:\/\/live.staticflickr.com\/65535\/52110870279_f48de81d3f.jpg\" \/>\n<meta name=\"author\" content=\"Arnaldo Botto\" \/>\n<meta name=\"twitter:card\" content=\"summary_large_image\" \/>\n<script type=\"application\/ld+json\" class=\"yoast-schema-graph\">{\"@context\":\"https:\/\/schema.org\",\"@graph\":[{\"@type\":\"WebPage\",\"@id\":\"https:\/\/www.noticiasradioreflejos.com.ar\/2021\/se-llevo-a-cabo-la-muestra-de-material-adquirido-por-la-macedonio-fernandez-luego-de-la-feria-del-libro\/\",\"url\":\"https:\/\/www.noticiasradioreflejos.com.ar\/2021\/se-llevo-a-cabo-la-muestra-de-material-adquirido-por-la-macedonio-fernandez-luego-de-la-feria-del-libro\/\",\"name\":\"Se llev\u00f3 a cabo la muestra de material adquirido por la Macedonio Fern\u00e1ndez luego de la Feria del Libro - Noticias Radio Reflejos\",\"isPartOf\":{\"@id\":\"https:\/\/www.noticiasradioreflejos.com.ar\/2021\/#website\"},\"primaryImageOfPage\":{\"@id\":\"https:\/\/www.noticiasradioreflejos.com.ar\/2021\/se-llevo-a-cabo-la-muestra-de-material-adquirido-por-la-macedonio-fernandez-luego-de-la-feria-del-libro\/#primaryimage\"},\"image\":{\"@id\":\"https:\/\/www.noticiasradioreflejos.com.ar\/2021\/se-llevo-a-cabo-la-muestra-de-material-adquirido-por-la-macedonio-fernandez-luego-de-la-feria-del-libro\/#primaryimage\"},\"thumbnailUrl\":\"https:\/\/live.staticflickr.com\/65535\/52110870279_f48de81d3f.jpg\",\"datePublished\":\"2022-05-30T20:06:10+00:00\",\"author\":{\"@id\":\"https:\/\/www.noticiasradioreflejos.com.ar\/2021\/#\/schema\/person\/ad82545263dcc5ec0996818884fd5fb1\"},\"breadcrumb\":{\"@id\":\"https:\/\/www.noticiasradioreflejos.com.ar\/2021\/se-llevo-a-cabo-la-muestra-de-material-adquirido-por-la-macedonio-fernandez-luego-de-la-feria-del-libro\/#breadcrumb\"},\"inLanguage\":\"es\",\"potentialAction\":[{\"@type\":\"ReadAction\",\"target\":[\"https:\/\/www.noticiasradioreflejos.com.ar\/2021\/se-llevo-a-cabo-la-muestra-de-material-adquirido-por-la-macedonio-fernandez-luego-de-la-feria-del-libro\/\"]}]},{\"@type\":\"ImageObject\",\"inLanguage\":\"es\",\"@id\":\"https:\/\/www.noticiasradioreflejos.com.ar\/2021\/se-llevo-a-cabo-la-muestra-de-material-adquirido-por-la-macedonio-fernandez-luego-de-la-feria-del-libro\/#primaryimage\",\"url\":\"https:\/\/live.staticflickr.com\/65535\/52110870279_f48de81d3f.jpg\",\"contentUrl\":\"https:\/\/live.staticflickr.com\/65535\/52110870279_f48de81d3f.jpg\"},{\"@type\":\"BreadcrumbList\",\"@id\":\"https:\/\/www.noticiasradioreflejos.com.ar\/2021\/se-llevo-a-cabo-la-muestra-de-material-adquirido-por-la-macedonio-fernandez-luego-de-la-feria-del-libro\/#breadcrumb\",\"itemListElement\":[{\"@type\":\"ListItem\",\"position\":1,\"name\":\"Portada\",\"item\":\"https:\/\/www.noticiasradioreflejos.com.ar\/2021\/\"},{\"@type\":\"ListItem\",\"position\":2,\"name\":\"Se llev\u00f3 a cabo la muestra de material adquirido por la Macedonio Fern\u00e1ndez luego de la Feria del Libro\"}]},{\"@type\":\"WebSite\",\"@id\":\"https:\/\/www.noticiasradioreflejos.com.ar\/2021\/#website\",\"url\":\"https:\/\/www.noticiasradioreflejos.com.ar\/2021\/\",\"name\":\"Noticias Radio Reflejos\",\"description\":\"Las noticias de mi comarca\",\"potentialAction\":[{\"@type\":\"SearchAction\",\"target\":{\"@type\":\"EntryPoint\",\"urlTemplate\":\"https:\/\/www.noticiasradioreflejos.com.ar\/2021\/?s={search_term_string}\"},\"query-input\":{\"@type\":\"PropertyValueSpecification\",\"valueRequired\":true,\"valueName\":\"search_term_string\"}}],\"inLanguage\":\"es\"},{\"@type\":\"Person\",\"@id\":\"https:\/\/www.noticiasradioreflejos.com.ar\/2021\/#\/schema\/person\/ad82545263dcc5ec0996818884fd5fb1\",\"name\":\"Arnaldo Botto\",\"image\":{\"@type\":\"ImageObject\",\"inLanguage\":\"es\",\"@id\":\"https:\/\/www.noticiasradioreflejos.com.ar\/2021\/#\/schema\/person\/image\/\",\"url\":\"https:\/\/secure.gravatar.com\/avatar\/55cb5e37c1efa326397366e6974cb338056df65cb50e7d64d1cf314e87504837?s=96&d=mm&r=g\",\"contentUrl\":\"https:\/\/secure.gravatar.com\/avatar\/55cb5e37c1efa326397366e6974cb338056df65cb50e7d64d1cf314e87504837?s=96&d=mm&r=g\",\"caption\":\"Arnaldo Botto\"},\"url\":\"https:\/\/www.noticiasradioreflejos.com.ar\/2021\/author\/arnaldo\/\"}]}<\/script>\n<!-- \/ Yoast SEO plugin. -->","yoast_head_json":{"title":"Se llev\u00f3 a cabo la muestra de material adquirido por la Macedonio Fern\u00e1ndez luego de la Feria del Libro - Noticias Radio Reflejos","robots":{"index":"index","follow":"follow","max-snippet":"max-snippet:-1","max-image-preview":"max-image-preview:large","max-video-preview":"max-video-preview:-1"},"canonical":"https:\/\/www.noticiasradioreflejos.com.ar\/2021\/se-llevo-a-cabo-la-muestra-de-material-adquirido-por-la-macedonio-fernandez-luego-de-la-feria-del-libro\/","og_locale":"es_ES","og_type":"article","og_title":"Se llev\u00f3 a cabo la muestra de material adquirido por la Macedonio Fern\u00e1ndez luego de la Feria del Libro - Noticias Radio Reflejos","og_description":"La Biblioteca Macedonio Fern\u00e1ndez agradece la participaci\u00f3n de toda la comunidad a la muestra de todo el material adquirido luego de la Feria del Libro en Buenos Aires.","og_url":"https:\/\/www.noticiasradioreflejos.com.ar\/2021\/se-llevo-a-cabo-la-muestra-de-material-adquirido-por-la-macedonio-fernandez-luego-de-la-feria-del-libro\/","og_site_name":"Noticias Radio Reflejos","article_published_time":"2022-05-30T20:06:10+00:00","og_image":[{"url":"https:\/\/live.staticflickr.com\/65535\/52110870279_f48de81d3f.jpg","type":"","width":"","height":""}],"author":"Arnaldo Botto","twitter_card":"summary_large_image","schema":{"@context":"https:\/\/schema.org","@graph":[{"@type":"WebPage","@id":"https:\/\/www.noticiasradioreflejos.com.ar\/2021\/se-llevo-a-cabo-la-muestra-de-material-adquirido-por-la-macedonio-fernandez-luego-de-la-feria-del-libro\/","url":"https:\/\/www.noticiasradioreflejos.com.ar\/2021\/se-llevo-a-cabo-la-muestra-de-material-adquirido-por-la-macedonio-fernandez-luego-de-la-feria-del-libro\/","name":"Se llev\u00f3 a cabo la muestra de material adquirido por la Macedonio Fern\u00e1ndez luego de la Feria del Libro - Noticias Radio Reflejos","isPartOf":{"@id":"https:\/\/www.noticiasradioreflejos.com.ar\/2021\/#website"},"primaryImageOfPage":{"@id":"https:\/\/www.noticiasradioreflejos.com.ar\/2021\/se-llevo-a-cabo-la-muestra-de-material-adquirido-por-la-macedonio-fernandez-luego-de-la-feria-del-libro\/#primaryimage"},"image":{"@id":"https:\/\/www.noticiasradioreflejos.com.ar\/2021\/se-llevo-a-cabo-la-muestra-de-material-adquirido-por-la-macedonio-fernandez-luego-de-la-feria-del-libro\/#primaryimage"},"thumbnailUrl":"https:\/\/live.staticflickr.com\/65535\/52110870279_f48de81d3f.jpg","datePublished":"2022-05-30T20:06:10+00:00","author":{"@id":"https:\/\/www.noticiasradioreflejos.com.ar\/2021\/#\/schema\/person\/ad82545263dcc5ec0996818884fd5fb1"},"breadcrumb":{"@id":"https:\/\/www.noticiasradioreflejos.com.ar\/2021\/se-llevo-a-cabo-la-muestra-de-material-adquirido-por-la-macedonio-fernandez-luego-de-la-feria-del-libro\/#breadcrumb"},"inLanguage":"es","potentialAction":[{"@type":"ReadAction","target":["https:\/\/www.noticiasradioreflejos.com.ar\/2021\/se-llevo-a-cabo-la-muestra-de-material-adquirido-por-la-macedonio-fernandez-luego-de-la-feria-del-libro\/"]}]},{"@type":"ImageObject","inLanguage":"es","@id":"https:\/\/www.noticiasradioreflejos.com.ar\/2021\/se-llevo-a-cabo-la-muestra-de-material-adquirido-por-la-macedonio-fernandez-luego-de-la-feria-del-libro\/#primaryimage","url":"https:\/\/live.staticflickr.com\/65535\/52110870279_f48de81d3f.jpg","contentUrl":"https:\/\/live.staticflickr.com\/65535\/52110870279_f48de81d3f.jpg"},{"@type":"BreadcrumbList","@id":"https:\/\/www.noticiasradioreflejos.com.ar\/2021\/se-llevo-a-cabo-la-muestra-de-material-adquirido-por-la-macedonio-fernandez-luego-de-la-feria-del-libro\/#breadcrumb","itemListElement":[{"@type":"ListItem","position":1,"name":"Portada","item":"https:\/\/www.noticiasradioreflejos.com.ar\/2021\/"},{"@type":"ListItem","position":2,"name":"Se llev\u00f3 a cabo la muestra de material adquirido por la Macedonio Fern\u00e1ndez luego de la Feria del Libro"}]},{"@type":"WebSite","@id":"https:\/\/www.noticiasradioreflejos.com.ar\/2021\/#website","url":"https:\/\/www.noticiasradioreflejos.com.ar\/2021\/","name":"Noticias Radio Reflejos","description":"Las noticias de mi comarca","potentialAction":[{"@type":"SearchAction","target":{"@type":"EntryPoint","urlTemplate":"https:\/\/www.noticiasradioreflejos.com.ar\/2021\/?s={search_term_string}"},"query-input":{"@type":"PropertyValueSpecification","valueRequired":true,"valueName":"search_term_string"}}],"inLanguage":"es"},{"@type":"Person","@id":"https:\/\/www.noticiasradioreflejos.com.ar\/2021\/#\/schema\/person\/ad82545263dcc5ec0996818884fd5fb1","name":"Arnaldo Botto","image":{"@type":"ImageObject","inLanguage":"es","@id":"https:\/\/www.noticiasradioreflejos.com.ar\/2021\/#\/schema\/person\/image\/","url":"https:\/\/secure.gravatar.com\/avatar\/55cb5e37c1efa326397366e6974cb338056df65cb50e7d64d1cf314e87504837?s=96&d=mm&r=g","contentUrl":"https:\/\/secure.gravatar.com\/avatar\/55cb5e37c1efa326397366e6974cb338056df65cb50e7d64d1cf314e87504837?s=96&d=mm&r=g","caption":"Arnaldo Botto"},"url":"https:\/\/www.noticiasradioreflejos.com.ar\/2021\/author\/arnaldo\/"}]}},"_links":{"self":[{"href":"https:\/\/www.noticiasradioreflejos.com.ar\/2021\/wp-json\/wp\/v2\/posts\/72885","targetHints":{"allow":["GET"]}}],"collection":[{"href":"https:\/\/www.noticiasradioreflejos.com.ar\/2021\/wp-json\/wp\/v2\/posts"}],"about":[{"href":"https:\/\/www.noticiasradioreflejos.com.ar\/2021\/wp-json\/wp\/v2\/types\/post"}],"author":[{"embeddable":true,"href":"https:\/\/www.noticiasradioreflejos.com.ar\/2021\/wp-json\/wp\/v2\/users\/3"}],"replies":[{"embeddable":true,"href":"https:\/\/www.noticiasradioreflejos.com.ar\/2021\/wp-json\/wp\/v2\/comments?post=72885"}],"version-history":[{"count":2,"href":"https:\/\/www.noticiasradioreflejos.com.ar\/2021\/wp-json\/wp\/v2\/posts\/72885\/revisions"}],"predecessor-version":[{"id":72888,"href":"https:\/\/www.noticiasradioreflejos.com.ar\/2021\/wp-json\/wp\/v2\/posts\/72885\/revisions\/72888"}],"wp:attachment":[{"href":"https:\/\/www.noticiasradioreflejos.com.ar\/2021\/wp-json\/wp\/v2\/media?parent=72885"}],"wp:term":[{"taxonomy":"category","embeddable":true,"href":"https:\/\/www.noticiasradioreflejos.com.ar\/2021\/wp-json\/wp\/v2\/categories?post=72885"},{"taxonomy":"post_tag","embeddable":true,"href":"https:\/\/www.noticiasradioreflejos.com.ar\/2021\/wp-json\/wp\/v2\/tags?post=72885"}],"curies":[{"name":"wp","href":"https:\/\/api.w.org\/{rel}","templated":true}]}}