{"id":72882,"date":"2022-05-30T20:02:04","date_gmt":"2022-05-30T20:02:04","guid":{"rendered":"http:\/\/www.noticiasradioreflejos.com.ar\/2021\/?p=72882"},"modified":"2022-05-30T20:02:04","modified_gmt":"2022-05-30T20:02:04","slug":"salud-integral-de-la-mujer-un-derecho-humano-esencial-2","status":"publish","type":"post","link":"https:\/\/www.noticiasradioreflejos.com.ar\/2021\/salud-integral-de-la-mujer-un-derecho-humano-esencial-2\/","title":{"rendered":"Salud integral de la mujer, un derecho humano esencial"},"content":{"rendered":"<p>El s\u00e1bado 28 de mayo, organizada por el Consejo de las Mujeres de Tornquist y la Biblioteca Popular Mariano Moreno, se llev\u00f3 a cabo la JORNADA DE ACCI\u00d3N PARA LA SALUD DE LAS MUJERES,  cuyo eje principal estuvo centrado en  la salud comprendida no solamente como la ausencia de enfermedad, sino  como el derecho colectivo, p\u00fablico y social -corolario del derecho a la vida, a la integridad psicof\u00edsica, al bienestar  y a la libertad-,  tal como est\u00e1 contemplado tanto en la Constituci\u00f3n Nacional como en las constituciones provinciales.<!--more--><\/p>\n<p>La JORNADA POR EL DIA INTERNACIONAL DE ACCION POR LA SALUD DE LAS MUJERES ha sido declarada de Inter\u00e9s Municipal por Resoluci\u00f3n N\u00ba 31\/22 del Honorable Concejo Deliberante del distrito de Tornquist. <\/p>\n<p>Las mujeres asistentes participaron activamente de los talleres que, con gran solvencia, desarrollaron las profesionales a cargo y contamos con la presencia de la presidenta del HCD, Sandra Kiffer; la subsecretaria de Juventudes, Pol\u00edticas de Genero y Diversidades,  Daniela Aguilar y la Directora Regional del Ministerio de las MPGyDS de la  PBA, Silvia Zaballa.<\/p>\n<p>Con el compromiso de seguir reivindicando  el derecho de todas las  mujeres a una vida digna, saludable  y de  seguir trabajando para que se implementen pol\u00edticas p\u00fablicas con perspectiva de g\u00e9nero referidas  no s\u00f3lo a las violencias sino tambi\u00e9n, al logro de la equidad y la inclusi\u00f3n de las mujeres y disidencias, una vez m\u00e1s y a viva voz el 3 de junio volveremos a exigir NI UNA MENOS.<\/p>\n","protected":false},"excerpt":{"rendered":"<p>El s\u00e1bado 28 de mayo, organizada por el Consejo de las Mujeres de Tornquist y la Biblioteca Popular Mariano Moreno, se llev\u00f3 a cabo la JORNADA DE ACCI\u00d3N PARA LA SALUD DE LAS MUJERES, cuyo eje principal estuvo centrado en la salud comprendida no solamente como la ausencia de enfermedad, sino como el derecho colectivo, [&hellip;]<\/p>\n","protected":false},"author":3,"featured_media":0,"comment_status":"closed","ping_status":"closed","sticky":false,"template":"","format":"standard","meta":{"footnotes":""},"categories":[26],"tags":[],"class_list":["post-72882","post","type-post","status-publish","format-standard","hentry","category-sociedad"],"yoast_head":"<!-- This site is optimized with the Yoast SEO plugin v25.9 - https:\/\/yoast.com\/wordpress\/plugins\/seo\/ -->\n<title>Salud integral de la mujer, un derecho humano esencial - Noticias Radio Reflejos<\/title>\n<meta name=\"robots\" content=\"index, follow, max-snippet:-1, max-image-preview:large, max-video-preview:-1\" \/>\n<link rel=\"canonical\" href=\"https:\/\/www.noticiasradioreflejos.com.ar\/2021\/salud-integral-de-la-mujer-un-derecho-humano-esencial-2\/\" \/>\n<meta property=\"og:locale\" content=\"es_ES\" \/>\n<meta property=\"og:type\" content=\"article\" \/>\n<meta property=\"og:title\" content=\"Salud integral de la mujer, un derecho humano esencial - Noticias Radio Reflejos\" \/>\n<meta property=\"og:description\" content=\"El s\u00e1bado 28 de mayo, organizada por el Consejo de las Mujeres de Tornquist y la Biblioteca Popular Mariano Moreno, se llev\u00f3 a cabo la JORNADA DE ACCI\u00d3N PARA LA SALUD DE LAS MUJERES, cuyo eje principal estuvo centrado en la salud comprendida no solamente como la ausencia de enfermedad, sino como el derecho colectivo, [&hellip;]\" \/>\n<meta property=\"og:url\" content=\"https:\/\/www.noticiasradioreflejos.com.ar\/2021\/salud-integral-de-la-mujer-un-derecho-humano-esencial-2\/\" \/>\n<meta property=\"og:site_name\" content=\"Noticias Radio Reflejos\" \/>\n<meta property=\"article:published_time\" content=\"2022-05-30T20:02:04+00:00\" \/>\n<meta property=\"og:image\" content=\"https:\/\/www.noticiasradioreflejos.com.ar\/2021\/wp-content\/uploads\/2021\/07\/logosol300x200.png\" \/>\n\t<meta property=\"og:image:width\" content=\"300\" \/>\n\t<meta property=\"og:image:height\" content=\"200\" \/>\n\t<meta property=\"og:image:type\" content=\"image\/png\" \/>\n<meta name=\"author\" content=\"Arnaldo Botto\" \/>\n<meta name=\"twitter:card\" content=\"summary_large_image\" \/>\n<script type=\"application\/ld+json\" class=\"yoast-schema-graph\">{\"@context\":\"https:\/\/schema.org\",\"@graph\":[{\"@type\":\"WebPage\",\"@id\":\"https:\/\/www.noticiasradioreflejos.com.ar\/2021\/salud-integral-de-la-mujer-un-derecho-humano-esencial-2\/\",\"url\":\"https:\/\/www.noticiasradioreflejos.com.ar\/2021\/salud-integral-de-la-mujer-un-derecho-humano-esencial-2\/\",\"name\":\"Salud integral de la mujer, un derecho humano esencial - Noticias Radio Reflejos\",\"isPartOf\":{\"@id\":\"https:\/\/www.noticiasradioreflejos.com.ar\/2021\/#website\"},\"datePublished\":\"2022-05-30T20:02:04+00:00\",\"author\":{\"@id\":\"https:\/\/www.noticiasradioreflejos.com.ar\/2021\/#\/schema\/person\/ad82545263dcc5ec0996818884fd5fb1\"},\"breadcrumb\":{\"@id\":\"https:\/\/www.noticiasradioreflejos.com.ar\/2021\/salud-integral-de-la-mujer-un-derecho-humano-esencial-2\/#breadcrumb\"},\"inLanguage\":\"es\",\"potentialAction\":[{\"@type\":\"ReadAction\",\"target\":[\"https:\/\/www.noticiasradioreflejos.com.ar\/2021\/salud-integral-de-la-mujer-un-derecho-humano-esencial-2\/\"]}]},{\"@type\":\"BreadcrumbList\",\"@id\":\"https:\/\/www.noticiasradioreflejos.com.ar\/2021\/salud-integral-de-la-mujer-un-derecho-humano-esencial-2\/#breadcrumb\",\"itemListElement\":[{\"@type\":\"ListItem\",\"position\":1,\"name\":\"Portada\",\"item\":\"https:\/\/www.noticiasradioreflejos.com.ar\/2021\/\"},{\"@type\":\"ListItem\",\"position\":2,\"name\":\"Salud integral de la mujer, un derecho humano esencial\"}]},{\"@type\":\"WebSite\",\"@id\":\"https:\/\/www.noticiasradioreflejos.com.ar\/2021\/#website\",\"url\":\"https:\/\/www.noticiasradioreflejos.com.ar\/2021\/\",\"name\":\"Noticias Radio Reflejos\",\"description\":\"Las noticias de mi comarca\",\"potentialAction\":[{\"@type\":\"SearchAction\",\"target\":{\"@type\":\"EntryPoint\",\"urlTemplate\":\"https:\/\/www.noticiasradioreflejos.com.ar\/2021\/?s={search_term_string}\"},\"query-input\":{\"@type\":\"PropertyValueSpecification\",\"valueRequired\":true,\"valueName\":\"search_term_string\"}}],\"inLanguage\":\"es\"},{\"@type\":\"Person\",\"@id\":\"https:\/\/www.noticiasradioreflejos.com.ar\/2021\/#\/schema\/person\/ad82545263dcc5ec0996818884fd5fb1\",\"name\":\"Arnaldo Botto\",\"image\":{\"@type\":\"ImageObject\",\"inLanguage\":\"es\",\"@id\":\"https:\/\/www.noticiasradioreflejos.com.ar\/2021\/#\/schema\/person\/image\/\",\"url\":\"https:\/\/secure.gravatar.com\/avatar\/55cb5e37c1efa326397366e6974cb338056df65cb50e7d64d1cf314e87504837?s=96&d=mm&r=g\",\"contentUrl\":\"https:\/\/secure.gravatar.com\/avatar\/55cb5e37c1efa326397366e6974cb338056df65cb50e7d64d1cf314e87504837?s=96&d=mm&r=g\",\"caption\":\"Arnaldo Botto\"},\"url\":\"https:\/\/www.noticiasradioreflejos.com.ar\/2021\/author\/arnaldo\/\"}]}<\/script>\n<!-- \/ Yoast SEO plugin. -->","yoast_head_json":{"title":"Salud integral de la mujer, un derecho humano esencial - Noticias Radio Reflejos","robots":{"index":"index","follow":"follow","max-snippet":"max-snippet:-1","max-image-preview":"max-image-preview:large","max-video-preview":"max-video-preview:-1"},"canonical":"https:\/\/www.noticiasradioreflejos.com.ar\/2021\/salud-integral-de-la-mujer-un-derecho-humano-esencial-2\/","og_locale":"es_ES","og_type":"article","og_title":"Salud integral de la mujer, un derecho humano esencial - Noticias Radio Reflejos","og_description":"El s\u00e1bado 28 de mayo, organizada por el Consejo de las Mujeres de Tornquist y la Biblioteca Popular Mariano Moreno, se llev\u00f3 a cabo la JORNADA DE ACCI\u00d3N PARA LA SALUD DE LAS MUJERES, cuyo eje principal estuvo centrado en la salud comprendida no solamente como la ausencia de enfermedad, sino como el derecho colectivo, [&hellip;]","og_url":"https:\/\/www.noticiasradioreflejos.com.ar\/2021\/salud-integral-de-la-mujer-un-derecho-humano-esencial-2\/","og_site_name":"Noticias Radio Reflejos","article_published_time":"2022-05-30T20:02:04+00:00","og_image":[{"width":300,"height":200,"url":"https:\/\/www.noticiasradioreflejos.com.ar\/2021\/wp-content\/uploads\/2021\/07\/logosol300x200.png","type":"image\/png"}],"author":"Arnaldo Botto","twitter_card":"summary_large_image","schema":{"@context":"https:\/\/schema.org","@graph":[{"@type":"WebPage","@id":"https:\/\/www.noticiasradioreflejos.com.ar\/2021\/salud-integral-de-la-mujer-un-derecho-humano-esencial-2\/","url":"https:\/\/www.noticiasradioreflejos.com.ar\/2021\/salud-integral-de-la-mujer-un-derecho-humano-esencial-2\/","name":"Salud integral de la mujer, un derecho humano esencial - Noticias Radio Reflejos","isPartOf":{"@id":"https:\/\/www.noticiasradioreflejos.com.ar\/2021\/#website"},"datePublished":"2022-05-30T20:02:04+00:00","author":{"@id":"https:\/\/www.noticiasradioreflejos.com.ar\/2021\/#\/schema\/person\/ad82545263dcc5ec0996818884fd5fb1"},"breadcrumb":{"@id":"https:\/\/www.noticiasradioreflejos.com.ar\/2021\/salud-integral-de-la-mujer-un-derecho-humano-esencial-2\/#breadcrumb"},"inLanguage":"es","potentialAction":[{"@type":"ReadAction","target":["https:\/\/www.noticiasradioreflejos.com.ar\/2021\/salud-integral-de-la-mujer-un-derecho-humano-esencial-2\/"]}]},{"@type":"BreadcrumbList","@id":"https:\/\/www.noticiasradioreflejos.com.ar\/2021\/salud-integral-de-la-mujer-un-derecho-humano-esencial-2\/#breadcrumb","itemListElement":[{"@type":"ListItem","position":1,"name":"Portada","item":"https:\/\/www.noticiasradioreflejos.com.ar\/2021\/"},{"@type":"ListItem","position":2,"name":"Salud integral de la mujer, un derecho humano esencial"}]},{"@type":"WebSite","@id":"https:\/\/www.noticiasradioreflejos.com.ar\/2021\/#website","url":"https:\/\/www.noticiasradioreflejos.com.ar\/2021\/","name":"Noticias Radio Reflejos","description":"Las noticias de mi comarca","potentialAction":[{"@type":"SearchAction","target":{"@type":"EntryPoint","urlTemplate":"https:\/\/www.noticiasradioreflejos.com.ar\/2021\/?s={search_term_string}"},"query-input":{"@type":"PropertyValueSpecification","valueRequired":true,"valueName":"search_term_string"}}],"inLanguage":"es"},{"@type":"Person","@id":"https:\/\/www.noticiasradioreflejos.com.ar\/2021\/#\/schema\/person\/ad82545263dcc5ec0996818884fd5fb1","name":"Arnaldo Botto","image":{"@type":"ImageObject","inLanguage":"es","@id":"https:\/\/www.noticiasradioreflejos.com.ar\/2021\/#\/schema\/person\/image\/","url":"https:\/\/secure.gravatar.com\/avatar\/55cb5e37c1efa326397366e6974cb338056df65cb50e7d64d1cf314e87504837?s=96&d=mm&r=g","contentUrl":"https:\/\/secure.gravatar.com\/avatar\/55cb5e37c1efa326397366e6974cb338056df65cb50e7d64d1cf314e87504837?s=96&d=mm&r=g","caption":"Arnaldo Botto"},"url":"https:\/\/www.noticiasradioreflejos.com.ar\/2021\/author\/arnaldo\/"}]}},"_links":{"self":[{"href":"https:\/\/www.noticiasradioreflejos.com.ar\/2021\/wp-json\/wp\/v2\/posts\/72882","targetHints":{"allow":["GET"]}}],"collection":[{"href":"https:\/\/www.noticiasradioreflejos.com.ar\/2021\/wp-json\/wp\/v2\/posts"}],"about":[{"href":"https:\/\/www.noticiasradioreflejos.com.ar\/2021\/wp-json\/wp\/v2\/types\/post"}],"author":[{"embeddable":true,"href":"https:\/\/www.noticiasradioreflejos.com.ar\/2021\/wp-json\/wp\/v2\/users\/3"}],"replies":[{"embeddable":true,"href":"https:\/\/www.noticiasradioreflejos.com.ar\/2021\/wp-json\/wp\/v2\/comments?post=72882"}],"version-history":[{"count":1,"href":"https:\/\/www.noticiasradioreflejos.com.ar\/2021\/wp-json\/wp\/v2\/posts\/72882\/revisions"}],"predecessor-version":[{"id":72884,"href":"https:\/\/www.noticiasradioreflejos.com.ar\/2021\/wp-json\/wp\/v2\/posts\/72882\/revisions\/72884"}],"wp:attachment":[{"href":"https:\/\/www.noticiasradioreflejos.com.ar\/2021\/wp-json\/wp\/v2\/media?parent=72882"}],"wp:term":[{"taxonomy":"category","embeddable":true,"href":"https:\/\/www.noticiasradioreflejos.com.ar\/2021\/wp-json\/wp\/v2\/categories?post=72882"},{"taxonomy":"post_tag","embeddable":true,"href":"https:\/\/www.noticiasradioreflejos.com.ar\/2021\/wp-json\/wp\/v2\/tags?post=72882"}],"curies":[{"name":"wp","href":"https:\/\/api.w.org\/{rel}","templated":true}]}}