{"id":72865,"date":"2022-05-30T17:35:43","date_gmt":"2022-05-30T17:35:43","guid":{"rendered":"http:\/\/www.noticiasradioreflejos.com.ar\/2021\/?p=72865"},"modified":"2022-05-30T17:35:43","modified_gmt":"2022-05-30T17:35:43","slug":"el-gobierno-busca-fortalecer-areas-protegidas-con-45-millones-us-del-birf","status":"publish","type":"post","link":"https:\/\/www.noticiasradioreflejos.com.ar\/2021\/el-gobierno-busca-fortalecer-areas-protegidas-con-45-millones-us-del-birf\/","title":{"rendered":"El Gobierno busca fortalecer \u00e1reas protegidas con 45 millones US$ del BIRF"},"content":{"rendered":"<p>El Programa gubernamental prev\u00e9 capacitaciones a la poblaci\u00f3n local para fortalecer las capacidades y el acceso al empleo verde, adem\u00e1s de desarrollar alternativas de medios de vida para las comunidades locales a trav\u00e9s de la producci\u00f3n, agregado de valor y comercializaci\u00f3n sustentables de productos de los ecosistemas.<!--more--><\/p>\n<div class=\"wrapper-editable-content\">\n<div>\n<div class=\"wrapper-editable-content\">\n<div>\n<div class=\"container-md\">\n<div class=\"row\">\n<div class=\"col-md-12 speak\">\n<div class=\"paragraph\">\n<figure class=\"mb-3\"><img decoding=\"async\" src=\"https:\/\/www.telam.com.ar\/thumbs\/bluesteel\/advf\/imagenes\/2022\/05\/6282dcb041998_900.jpg\" alt=\"Destinan una inversin para el Proyecto de Recuperacin Sustentable de Paisajes y Medios de Vida de la Administracin de Parques Nacionales Foto Prensa\" width=\"100%\" height=\"100%\" \/><\/figure>\n<\/div>\n<\/div>\n<\/div>\n<\/div>\n<\/div>\n<\/div>\n<\/div>\n<\/div>\n<div class=\"media-icons\"><\/div>\n<p>Destinan una inversi\u00f3n para el Proyecto de Recuperaci\u00f3n Sustentable de Paisajes y Medios de Vida de la Administraci\u00f3n de Parques Nacionales. Foto: Prensa.<\/p>\n<p>Con el objetivo de mejorar la gesti\u00f3n y la resiliencia de los ecosistemas, as\u00ed como los medios de vida relacionados con las comunidades locales en paisajes terrestres y marinos de conservaci\u00f3n y producci\u00f3n, el Gobierno solicit\u00f3 un pr\u00e9stamo de 45 millones de d\u00f3lares al Banco Internacional de Reconstrucci\u00f3n y Fomento (BIRF).<\/p>\n<p>La iniciativa,\u00a0que ser\u00e1 ejecutado por Parques Nacionales,\u00a0se llevar\u00e1 adelante en los paisajes de las Yungas, Transici\u00f3n Monte y Prepuna, Aconquija, Monte de Sierras y Bolsones, Corredor Chaco \u00c1rido, Andino Norpatag\u00f3nico, Patagonia Azul, Glaciares, Oc\u00e9anos Australes, el Delta del R\u00edo Paran\u00e1, y los corredores del Chaco Seco y Selva Paranaense.<\/p>\n<p>En esos lugares se buscar\u00e1 asegurar la conectividad para la movilidad de la fauna, la diseminaci\u00f3n de las plantas aut\u00f3ctonas y el fortalecimiento de las redes productivas y comerciales con un manejo sustentable de sus actividades, seg\u00fan surge del decreto 278\/2022, publicado este lunes en el Bolet\u00edn Oficial.<\/p>\n<p>En esa norma se detalla que el Gobierno aprob\u00f3 el Modelo de Convenio de Pr\u00e9stamo a celebrarse con BIRF por US$ 45 millones,\u00a0<strong>destinado a financiar el Proyecto de Recuperaci\u00f3n Sustentable de Paisajes y Medios de Vida de la Administraci\u00f3n de Parques Nacionales (APN)<\/strong>.<\/p>\n<p>Tambi\u00e9n indica que US$ 3 millones ser\u00e1n aportados por recursos locales y US$ 12 millones provendr\u00e1n de una donaci\u00f3n del el Programa Progreen del Banco Mundial, un fondo fiduciario centrado en la gesti\u00f3n de bosques y la promoci\u00f3n de la agricultura sustentable, y financiado principalmente por Alemania.<\/p>\n<figure class=\"mb-3\"><img decoding=\"async\" src=\"https:\/\/www.telam.com.ar\/thumbs\/bluesteel\/advf\/imagenes\/2022\/02\/61fad22796080_900.jpg\" alt=\"El proyecto busca mejorar la gestin y la resiliencia de los ecosistemas\" width=\"100%\" height=\"100%\" \/><\/p>\n<div class=\"media-icons\"><\/div><figcaption>El proyecto busca mejorar la gesti\u00f3n y la resiliencia de los ecosistemas.<\/figcaption><\/figure>\n<h2 class=\"\">El Proyecto<\/h2>\n<p>En concreto,\u00a0<strong>se brindar\u00e1 capacitaci\u00f3n a la poblaci\u00f3n local para fortalecer las capacidades<\/strong>\u00a0y el acceso al empleo verde, adem\u00e1s de desarrollar alternativas de medios de vida para las comunidades locales a trav\u00e9s de la producci\u00f3n, agregado de valor y comercializaci\u00f3n sustentables de productos de los ecosistemas.<\/p>\n<p>Del mismo modo, se fortalecer\u00e1 el conocimiento y las capacidades t\u00e9cnicas de los funcionarios de Parques Nacionales\u00a0<strong>mediante becas de especializaci\u00f3n y maestr\u00eda<\/strong>, y financiamiento para \u2013al menos- 15 proyectos de investigaci\u00f3n, adem\u00e1s de la construcci\u00f3n de infraestructura de bajo impacto para el turismo basado en la naturaleza.<\/p>\n<p>Se estima que el proyecto\u00a0<strong>beneficie de manera directa a 5.515.394 personas<\/strong>\u00a0\u2013incluyendo a las comunidades locales ind\u00edgenas y productores locales junto con los visitantes de las \u00e1reas protegidas<strong>&#8211; y de forma indirecta a otras 300.000 personas<\/strong>, mediante la promoci\u00f3n y dinamizaci\u00f3n de la actividad econ\u00f3mica en las zonas de influencia.<\/p>\n<p>Asimismo, se proyecta que la efectividad de la gesti\u00f3n de las \u00e1reas protegidas mejore en un 65% mediante la promoci\u00f3n del conocimiento cient\u00edfico, el dise\u00f1o participativo y la provisi\u00f3n de infraestructura resiliente al clima y en\u00e9rgicamente eficiente.<\/p>\n","protected":false},"excerpt":{"rendered":"<p>El Programa gubernamental prev\u00e9 capacitaciones a la poblaci\u00f3n local para fortalecer las capacidades y el acceso al empleo verde, adem\u00e1s de desarrollar alternativas de medios de vida para las comunidades locales a trav\u00e9s de la producci\u00f3n, agregado de valor y comercializaci\u00f3n sustentables de productos de los ecosistemas.<\/p>\n","protected":false},"author":3,"featured_media":0,"comment_status":"closed","ping_status":"closed","sticky":false,"template":"","format":"standard","meta":{"footnotes":""},"categories":[58,24],"tags":[],"class_list":["post-72865","post","type-post","status-publish","format-standard","hentry","category-gobierno","category-politica"],"yoast_head":"<!-- This site is optimized with the Yoast SEO plugin v25.9 - https:\/\/yoast.com\/wordpress\/plugins\/seo\/ -->\n<title>El Gobierno busca fortalecer \u00e1reas protegidas con 45 millones US$ del BIRF - Noticias Radio Reflejos<\/title>\n<meta name=\"robots\" content=\"index, follow, max-snippet:-1, max-image-preview:large, max-video-preview:-1\" \/>\n<link rel=\"canonical\" href=\"https:\/\/www.noticiasradioreflejos.com.ar\/2021\/el-gobierno-busca-fortalecer-areas-protegidas-con-45-millones-us-del-birf\/\" \/>\n<meta property=\"og:locale\" content=\"es_ES\" \/>\n<meta property=\"og:type\" content=\"article\" \/>\n<meta property=\"og:title\" content=\"El Gobierno busca fortalecer \u00e1reas protegidas con 45 millones US$ del BIRF - Noticias Radio Reflejos\" \/>\n<meta property=\"og:description\" content=\"El Programa gubernamental prev\u00e9 capacitaciones a la poblaci\u00f3n local para fortalecer las capacidades y el acceso al empleo verde, adem\u00e1s de desarrollar alternativas de medios de vida para las comunidades locales a trav\u00e9s de la producci\u00f3n, agregado de valor y comercializaci\u00f3n sustentables de productos de los ecosistemas.\" \/>\n<meta property=\"og:url\" content=\"https:\/\/www.noticiasradioreflejos.com.ar\/2021\/el-gobierno-busca-fortalecer-areas-protegidas-con-45-millones-us-del-birf\/\" \/>\n<meta property=\"og:site_name\" content=\"Noticias Radio Reflejos\" \/>\n<meta property=\"article:published_time\" content=\"2022-05-30T17:35:43+00:00\" \/>\n<meta property=\"og:image\" content=\"https:\/\/www.telam.com.ar\/thumbs\/bluesteel\/advf\/imagenes\/2022\/05\/6282dcb041998_900.jpg\" \/>\n<meta name=\"author\" content=\"Arnaldo Botto\" \/>\n<meta name=\"twitter:card\" content=\"summary_large_image\" \/>\n<script type=\"application\/ld+json\" class=\"yoast-schema-graph\">{\"@context\":\"https:\/\/schema.org\",\"@graph\":[{\"@type\":\"WebPage\",\"@id\":\"https:\/\/www.noticiasradioreflejos.com.ar\/2021\/el-gobierno-busca-fortalecer-areas-protegidas-con-45-millones-us-del-birf\/\",\"url\":\"https:\/\/www.noticiasradioreflejos.com.ar\/2021\/el-gobierno-busca-fortalecer-areas-protegidas-con-45-millones-us-del-birf\/\",\"name\":\"El Gobierno busca fortalecer \u00e1reas protegidas con 45 millones US$ del BIRF - Noticias Radio Reflejos\",\"isPartOf\":{\"@id\":\"https:\/\/www.noticiasradioreflejos.com.ar\/2021\/#website\"},\"primaryImageOfPage\":{\"@id\":\"https:\/\/www.noticiasradioreflejos.com.ar\/2021\/el-gobierno-busca-fortalecer-areas-protegidas-con-45-millones-us-del-birf\/#primaryimage\"},\"image\":{\"@id\":\"https:\/\/www.noticiasradioreflejos.com.ar\/2021\/el-gobierno-busca-fortalecer-areas-protegidas-con-45-millones-us-del-birf\/#primaryimage\"},\"thumbnailUrl\":\"https:\/\/www.telam.com.ar\/thumbs\/bluesteel\/advf\/imagenes\/2022\/05\/6282dcb041998_900.jpg\",\"datePublished\":\"2022-05-30T17:35:43+00:00\",\"author\":{\"@id\":\"https:\/\/www.noticiasradioreflejos.com.ar\/2021\/#\/schema\/person\/ad82545263dcc5ec0996818884fd5fb1\"},\"breadcrumb\":{\"@id\":\"https:\/\/www.noticiasradioreflejos.com.ar\/2021\/el-gobierno-busca-fortalecer-areas-protegidas-con-45-millones-us-del-birf\/#breadcrumb\"},\"inLanguage\":\"es\",\"potentialAction\":[{\"@type\":\"ReadAction\",\"target\":[\"https:\/\/www.noticiasradioreflejos.com.ar\/2021\/el-gobierno-busca-fortalecer-areas-protegidas-con-45-millones-us-del-birf\/\"]}]},{\"@type\":\"ImageObject\",\"inLanguage\":\"es\",\"@id\":\"https:\/\/www.noticiasradioreflejos.com.ar\/2021\/el-gobierno-busca-fortalecer-areas-protegidas-con-45-millones-us-del-birf\/#primaryimage\",\"url\":\"https:\/\/www.telam.com.ar\/thumbs\/bluesteel\/advf\/imagenes\/2022\/05\/6282dcb041998_900.jpg\",\"contentUrl\":\"https:\/\/www.telam.com.ar\/thumbs\/bluesteel\/advf\/imagenes\/2022\/05\/6282dcb041998_900.jpg\"},{\"@type\":\"BreadcrumbList\",\"@id\":\"https:\/\/www.noticiasradioreflejos.com.ar\/2021\/el-gobierno-busca-fortalecer-areas-protegidas-con-45-millones-us-del-birf\/#breadcrumb\",\"itemListElement\":[{\"@type\":\"ListItem\",\"position\":1,\"name\":\"Portada\",\"item\":\"https:\/\/www.noticiasradioreflejos.com.ar\/2021\/\"},{\"@type\":\"ListItem\",\"position\":2,\"name\":\"El Gobierno busca fortalecer \u00e1reas protegidas con 45 millones US$ del BIRF\"}]},{\"@type\":\"WebSite\",\"@id\":\"https:\/\/www.noticiasradioreflejos.com.ar\/2021\/#website\",\"url\":\"https:\/\/www.noticiasradioreflejos.com.ar\/2021\/\",\"name\":\"Noticias Radio Reflejos\",\"description\":\"Las noticias de mi comarca\",\"potentialAction\":[{\"@type\":\"SearchAction\",\"target\":{\"@type\":\"EntryPoint\",\"urlTemplate\":\"https:\/\/www.noticiasradioreflejos.com.ar\/2021\/?s={search_term_string}\"},\"query-input\":{\"@type\":\"PropertyValueSpecification\",\"valueRequired\":true,\"valueName\":\"search_term_string\"}}],\"inLanguage\":\"es\"},{\"@type\":\"Person\",\"@id\":\"https:\/\/www.noticiasradioreflejos.com.ar\/2021\/#\/schema\/person\/ad82545263dcc5ec0996818884fd5fb1\",\"name\":\"Arnaldo Botto\",\"image\":{\"@type\":\"ImageObject\",\"inLanguage\":\"es\",\"@id\":\"https:\/\/www.noticiasradioreflejos.com.ar\/2021\/#\/schema\/person\/image\/\",\"url\":\"https:\/\/secure.gravatar.com\/avatar\/55cb5e37c1efa326397366e6974cb338056df65cb50e7d64d1cf314e87504837?s=96&d=mm&r=g\",\"contentUrl\":\"https:\/\/secure.gravatar.com\/avatar\/55cb5e37c1efa326397366e6974cb338056df65cb50e7d64d1cf314e87504837?s=96&d=mm&r=g\",\"caption\":\"Arnaldo Botto\"},\"url\":\"https:\/\/www.noticiasradioreflejos.com.ar\/2021\/author\/arnaldo\/\"}]}<\/script>\n<!-- \/ Yoast SEO plugin. -->","yoast_head_json":{"title":"El Gobierno busca fortalecer \u00e1reas protegidas con 45 millones US$ del BIRF - Noticias Radio Reflejos","robots":{"index":"index","follow":"follow","max-snippet":"max-snippet:-1","max-image-preview":"max-image-preview:large","max-video-preview":"max-video-preview:-1"},"canonical":"https:\/\/www.noticiasradioreflejos.com.ar\/2021\/el-gobierno-busca-fortalecer-areas-protegidas-con-45-millones-us-del-birf\/","og_locale":"es_ES","og_type":"article","og_title":"El Gobierno busca fortalecer \u00e1reas protegidas con 45 millones US$ del BIRF - Noticias Radio Reflejos","og_description":"El Programa gubernamental prev\u00e9 capacitaciones a la poblaci\u00f3n local para fortalecer las capacidades y el acceso al empleo verde, adem\u00e1s de desarrollar alternativas de medios de vida para las comunidades locales a trav\u00e9s de la producci\u00f3n, agregado de valor y comercializaci\u00f3n sustentables de productos de los ecosistemas.","og_url":"https:\/\/www.noticiasradioreflejos.com.ar\/2021\/el-gobierno-busca-fortalecer-areas-protegidas-con-45-millones-us-del-birf\/","og_site_name":"Noticias Radio Reflejos","article_published_time":"2022-05-30T17:35:43+00:00","og_image":[{"url":"https:\/\/www.telam.com.ar\/thumbs\/bluesteel\/advf\/imagenes\/2022\/05\/6282dcb041998_900.jpg","type":"","width":"","height":""}],"author":"Arnaldo Botto","twitter_card":"summary_large_image","schema":{"@context":"https:\/\/schema.org","@graph":[{"@type":"WebPage","@id":"https:\/\/www.noticiasradioreflejos.com.ar\/2021\/el-gobierno-busca-fortalecer-areas-protegidas-con-45-millones-us-del-birf\/","url":"https:\/\/www.noticiasradioreflejos.com.ar\/2021\/el-gobierno-busca-fortalecer-areas-protegidas-con-45-millones-us-del-birf\/","name":"El Gobierno busca fortalecer \u00e1reas protegidas con 45 millones US$ del BIRF - Noticias Radio Reflejos","isPartOf":{"@id":"https:\/\/www.noticiasradioreflejos.com.ar\/2021\/#website"},"primaryImageOfPage":{"@id":"https:\/\/www.noticiasradioreflejos.com.ar\/2021\/el-gobierno-busca-fortalecer-areas-protegidas-con-45-millones-us-del-birf\/#primaryimage"},"image":{"@id":"https:\/\/www.noticiasradioreflejos.com.ar\/2021\/el-gobierno-busca-fortalecer-areas-protegidas-con-45-millones-us-del-birf\/#primaryimage"},"thumbnailUrl":"https:\/\/www.telam.com.ar\/thumbs\/bluesteel\/advf\/imagenes\/2022\/05\/6282dcb041998_900.jpg","datePublished":"2022-05-30T17:35:43+00:00","author":{"@id":"https:\/\/www.noticiasradioreflejos.com.ar\/2021\/#\/schema\/person\/ad82545263dcc5ec0996818884fd5fb1"},"breadcrumb":{"@id":"https:\/\/www.noticiasradioreflejos.com.ar\/2021\/el-gobierno-busca-fortalecer-areas-protegidas-con-45-millones-us-del-birf\/#breadcrumb"},"inLanguage":"es","potentialAction":[{"@type":"ReadAction","target":["https:\/\/www.noticiasradioreflejos.com.ar\/2021\/el-gobierno-busca-fortalecer-areas-protegidas-con-45-millones-us-del-birf\/"]}]},{"@type":"ImageObject","inLanguage":"es","@id":"https:\/\/www.noticiasradioreflejos.com.ar\/2021\/el-gobierno-busca-fortalecer-areas-protegidas-con-45-millones-us-del-birf\/#primaryimage","url":"https:\/\/www.telam.com.ar\/thumbs\/bluesteel\/advf\/imagenes\/2022\/05\/6282dcb041998_900.jpg","contentUrl":"https:\/\/www.telam.com.ar\/thumbs\/bluesteel\/advf\/imagenes\/2022\/05\/6282dcb041998_900.jpg"},{"@type":"BreadcrumbList","@id":"https:\/\/www.noticiasradioreflejos.com.ar\/2021\/el-gobierno-busca-fortalecer-areas-protegidas-con-45-millones-us-del-birf\/#breadcrumb","itemListElement":[{"@type":"ListItem","position":1,"name":"Portada","item":"https:\/\/www.noticiasradioreflejos.com.ar\/2021\/"},{"@type":"ListItem","position":2,"name":"El Gobierno busca fortalecer \u00e1reas protegidas con 45 millones US$ del BIRF"}]},{"@type":"WebSite","@id":"https:\/\/www.noticiasradioreflejos.com.ar\/2021\/#website","url":"https:\/\/www.noticiasradioreflejos.com.ar\/2021\/","name":"Noticias Radio Reflejos","description":"Las noticias de mi comarca","potentialAction":[{"@type":"SearchAction","target":{"@type":"EntryPoint","urlTemplate":"https:\/\/www.noticiasradioreflejos.com.ar\/2021\/?s={search_term_string}"},"query-input":{"@type":"PropertyValueSpecification","valueRequired":true,"valueName":"search_term_string"}}],"inLanguage":"es"},{"@type":"Person","@id":"https:\/\/www.noticiasradioreflejos.com.ar\/2021\/#\/schema\/person\/ad82545263dcc5ec0996818884fd5fb1","name":"Arnaldo Botto","image":{"@type":"ImageObject","inLanguage":"es","@id":"https:\/\/www.noticiasradioreflejos.com.ar\/2021\/#\/schema\/person\/image\/","url":"https:\/\/secure.gravatar.com\/avatar\/55cb5e37c1efa326397366e6974cb338056df65cb50e7d64d1cf314e87504837?s=96&d=mm&r=g","contentUrl":"https:\/\/secure.gravatar.com\/avatar\/55cb5e37c1efa326397366e6974cb338056df65cb50e7d64d1cf314e87504837?s=96&d=mm&r=g","caption":"Arnaldo Botto"},"url":"https:\/\/www.noticiasradioreflejos.com.ar\/2021\/author\/arnaldo\/"}]}},"_links":{"self":[{"href":"https:\/\/www.noticiasradioreflejos.com.ar\/2021\/wp-json\/wp\/v2\/posts\/72865","targetHints":{"allow":["GET"]}}],"collection":[{"href":"https:\/\/www.noticiasradioreflejos.com.ar\/2021\/wp-json\/wp\/v2\/posts"}],"about":[{"href":"https:\/\/www.noticiasradioreflejos.com.ar\/2021\/wp-json\/wp\/v2\/types\/post"}],"author":[{"embeddable":true,"href":"https:\/\/www.noticiasradioreflejos.com.ar\/2021\/wp-json\/wp\/v2\/users\/3"}],"replies":[{"embeddable":true,"href":"https:\/\/www.noticiasradioreflejos.com.ar\/2021\/wp-json\/wp\/v2\/comments?post=72865"}],"version-history":[{"count":1,"href":"https:\/\/www.noticiasradioreflejos.com.ar\/2021\/wp-json\/wp\/v2\/posts\/72865\/revisions"}],"predecessor-version":[{"id":72867,"href":"https:\/\/www.noticiasradioreflejos.com.ar\/2021\/wp-json\/wp\/v2\/posts\/72865\/revisions\/72867"}],"wp:attachment":[{"href":"https:\/\/www.noticiasradioreflejos.com.ar\/2021\/wp-json\/wp\/v2\/media?parent=72865"}],"wp:term":[{"taxonomy":"category","embeddable":true,"href":"https:\/\/www.noticiasradioreflejos.com.ar\/2021\/wp-json\/wp\/v2\/categories?post=72865"},{"taxonomy":"post_tag","embeddable":true,"href":"https:\/\/www.noticiasradioreflejos.com.ar\/2021\/wp-json\/wp\/v2\/tags?post=72865"}],"curies":[{"name":"wp","href":"https:\/\/api.w.org\/{rel}","templated":true}]}}