{"id":72858,"date":"2022-05-30T16:14:45","date_gmt":"2022-05-30T16:14:45","guid":{"rendered":"http:\/\/www.noticiasradioreflejos.com.ar\/2021\/?p=72858"},"modified":"2022-05-30T16:14:45","modified_gmt":"2022-05-30T16:14:45","slug":"alivio-fiscal-el-oficialismo-busca-la-actualizacion-en-escalas-y-topes-de-facturacion","status":"publish","type":"post","link":"https:\/\/www.noticiasradioreflejos.com.ar\/2021\/alivio-fiscal-el-oficialismo-busca-la-actualizacion-en-escalas-y-topes-de-facturacion\/","title":{"rendered":"Alivio fiscal: el oficialismo busca la actualizaci\u00f3n en escalas y topes de facturaci\u00f3n"},"content":{"rendered":"<p>Tras la actualizaci\u00f3n del Impuesto a las Ganancias, ahora el presidente de la C\u00e1mara de Diputados, Sergio Massa, y otros legisladores oficialistas trabajan para \u00abuna propuesta que alivie la situaci\u00f3n de aut\u00f3nomos y monotributistas\u00bb.<br \/>\n<!--more-->El presidente de la C\u00e1mara de Diputados de la Naci\u00f3n, Sergio Massa, y otros legisladores oficialistas presentar\u00e1n esta semana un proyecto para <strong>generar alivio fiscal a los trabajadores aut\u00f3nomos y adelantar la actualizaci\u00f3n de las escalas del Monotributo<\/strong>, informaron este domingo fuentes legislativas.<\/p>\n<p><a href=\"https:\/\/www.telam.com.ar\/notas\/202205\/593786-impuesto-a-las-ganancias-nuevo-minimo-no-imponible.html\" target=\"_blank\" rel=\"noopener\">La iniciativa se produce despu\u00e9s de los cambios en el Impuesto a las Ganancias anunciados el viernes pasado por el Gobierno nacional tras gestiones realizadas por el propio Massa<\/a>.<\/p>\n<p>El presidente de la C\u00e1mara Baja destac\u00f3 estos d\u00edas ante la prensa que la elevaci\u00f3n del piso del monto salarial para la deducci\u00f3n de Ganancias -algo m\u00e1s de $280 mil mensuales- busca \u00abdefender el poder de compra de los salarios\u00bb.<\/p>\n<p>Y adelant\u00f3 que se est\u00e1 trabajando \u00aben una propuesta que alivie la situaci\u00f3n de aut\u00f3nomos y monotributistas\u00bb.<\/p>\n<p>Por ello, esta semana, posiblemente en los primeros d\u00edas,\u00a0<strong>se dar\u00e1 a conocer una propuesta que aborde los reg\u00edmenes de aut\u00f3nomos y del monotributo para que los ingresos de los contribuyentes de esos sistemas \u00abno pierdan contra la inflaci\u00f3n\u00bb, dijo Mass<\/strong>a.<\/p>\n<p>La iniciativa tendr\u00e1 la forma de un proyecto que se presentar\u00e1 en el Congreso para ser debatido por los legisladores.<\/p>\n<p>El propio Massa trabaja en el proyecto acompa\u00f1ado por sus colegas Leandro Santoro y M\u00f3nica Litza y contempla adelantar a julio parte de la actualizaci\u00f3n anual del monotributo, que suele hacerse desde el 1\u00b0 de enero de cada a\u00f1o por la f\u00f3rmula de movilidad jubilatoria, dijeron las fuentes parlamentarias.<\/p>\n<p>En el primer semestre de este a\u00f1o, las jubilaciones y dem\u00e1s prestaciones que paga la ANSES acumulan una suba de 29,1% (por los aumentos de marzo y junio), resaltaron.<\/p>\n<figure class=\"mb-3\"><img decoding=\"async\" src=\"https:\/\/www.telam.com.ar\/thumbs\/bluesteel\/advf\/imagenes\/2022\/05\/62747fea538d4_900.jpg\" alt=\"Foto Archivo Alejandro Santa Cruz\" width=\"100%\" height=\"100%\" \/><\/p>\n<div class=\"media-icons\"><\/div><figcaption>Foto: Archivo Alejandro Santa Cruz.<\/figcaption><\/figure>\n<p>Los portavoces se\u00f1alaron que<strong>\u00a0\u00abla iniciativa elaborada por Massa y su equipo t\u00e9cnico apunta a que ese porcentaje se utilice para actualizar las escalas de facturaci\u00f3n de las distintas categor\u00edas del Monotributo desde el 1\u00b0 de julio de 2022\u00bb<\/strong>.<\/p>\n<p>Adem\u00e1s, no incluir\u00eda aumento en las cuotas mensuales a pagar, sino que \u00abs\u00f3lo se busca una actualizaci\u00f3n de los topes m\u00e1ximos de facturaci\u00f3n para que los 4,5 millones de monotributistas no tengan que saltar hacia una escala mayor, o quedar afuera del R\u00e9gimen Simplificado, si su facturaci\u00f3n creci\u00f3 en t\u00e9rminos nominales por efecto de la inflaci\u00f3n\u00bb.<\/p>\n<p>La propuesta apunta a que \u00abest\u00e9 en marcha en julio cuando los monotributistas deben hacer la segunda recategorizaci\u00f3n obligatoria del a\u00f1o\u00bb, destacaron.<\/p>\n<p><a href=\"https:\/\/www.telam.com.ar\/notas\/202205\/593861-sergio-massa-autonomos-monotributistas-ganancias.html\" target=\"_blank\" rel=\"noopener\">\u00abBuscamos generar un alivio en el bolsillo de los peque\u00f1os contribuyentes con una medida simple, efectiva y pr\u00e1ctica: subir los topes m\u00e1ximos de facturaci\u00f3n desde julio sin modificar la cuota que pagan los monotributistas\u00bb, hab\u00eda dicho Massa<\/a>.<\/p>\n<figure class=\"mb-3\"><img decoding=\"async\" src=\"https:\/\/www.telam.com.ar\/thumbs\/bluesteel\/advf\/imagenes\/2021\/08\/6127c26801924_900.jpg\" alt=\"Sergio Massa destac que se busca defender el poder de compra de los salarios\" width=\"100%\" height=\"100%\" \/><\/p>\n<div class=\"media-icons\"><\/div><figcaption>Sergio Massa destac\u00f3 que se busca \u00abdefender el poder de compra de los salarios\u00bb.<\/figcaption><\/figure>\n<p>Sobre los aut\u00f3nomos alcanzados por el Impuesto a las Ganancias -unos 140 mil-, la soluci\u00f3n que se eval\u00faa est\u00e1 centrada en incrementar las deducciones para que el m\u00ednimo no imponible quede \u00abm\u00e1s equitativo o cercano al que aplican los empleados en relaci\u00f3n de dependencia\u00bb, se adelant\u00f3.<\/p>\n<p>Se busca equiparar las deducciones de los aut\u00f3nomos con las de los empleados en relaci\u00f3n de dependencia, pero -aclararon las fuentes- \u00absin perder de vista que la mayor\u00eda de estos trabajadores independientes, fundamentalmente profesionales, pueden efectuar otras deducciones que la ley no le permite a los empleados en relaci\u00f3n de dependencia\u00bb.<\/p>\n<p>Asimismo, se analiza como siguiente paso disponer \u00abun mecanismo de ajuste que sea por la evoluci\u00f3n salarial o la f\u00f3rmula de movilidad que hasta ahora determina los montos que estos contribuyentes deben pagar mensualmente como aporte jubilatorio\u00bb.<\/p>\n","protected":false},"excerpt":{"rendered":"<p>Tras la actualizaci\u00f3n del Impuesto a las Ganancias, ahora el presidente de la C\u00e1mara de Diputados, Sergio Massa, y otros legisladores oficialistas trabajan para \u00abuna propuesta que alivie la situaci\u00f3n de aut\u00f3nomos y monotributistas\u00bb.<\/p>\n","protected":false},"author":3,"featured_media":0,"comment_status":"closed","ping_status":"closed","sticky":false,"template":"","format":"standard","meta":{"footnotes":""},"categories":[36],"tags":[],"class_list":["post-72858","post","type-post","status-publish","format-standard","hentry","category-economia"],"yoast_head":"<!-- This site is optimized with the Yoast SEO plugin v25.9 - https:\/\/yoast.com\/wordpress\/plugins\/seo\/ -->\n<title>Alivio fiscal: el oficialismo busca la actualizaci\u00f3n en escalas y topes de facturaci\u00f3n - Noticias Radio Reflejos<\/title>\n<meta name=\"robots\" content=\"index, follow, max-snippet:-1, max-image-preview:large, max-video-preview:-1\" \/>\n<link rel=\"canonical\" href=\"https:\/\/www.noticiasradioreflejos.com.ar\/2021\/alivio-fiscal-el-oficialismo-busca-la-actualizacion-en-escalas-y-topes-de-facturacion\/\" \/>\n<meta property=\"og:locale\" content=\"es_ES\" \/>\n<meta property=\"og:type\" content=\"article\" \/>\n<meta property=\"og:title\" content=\"Alivio fiscal: el oficialismo busca la actualizaci\u00f3n en escalas y topes de facturaci\u00f3n - Noticias Radio Reflejos\" \/>\n<meta property=\"og:description\" content=\"Tras la actualizaci\u00f3n del Impuesto a las Ganancias, ahora el presidente de la C\u00e1mara de Diputados, Sergio Massa, y otros legisladores oficialistas trabajan para \u00abuna propuesta que alivie la situaci\u00f3n de aut\u00f3nomos y monotributistas\u00bb.\" \/>\n<meta property=\"og:url\" content=\"https:\/\/www.noticiasradioreflejos.com.ar\/2021\/alivio-fiscal-el-oficialismo-busca-la-actualizacion-en-escalas-y-topes-de-facturacion\/\" \/>\n<meta property=\"og:site_name\" content=\"Noticias Radio Reflejos\" \/>\n<meta property=\"article:published_time\" content=\"2022-05-30T16:14:45+00:00\" \/>\n<meta property=\"og:image\" content=\"https:\/\/www.telam.com.ar\/thumbs\/bluesteel\/advf\/imagenes\/2022\/05\/62747fea538d4_900.jpg\" \/>\n<meta name=\"author\" content=\"Arnaldo Botto\" \/>\n<meta name=\"twitter:card\" content=\"summary_large_image\" \/>\n<script type=\"application\/ld+json\" class=\"yoast-schema-graph\">{\"@context\":\"https:\/\/schema.org\",\"@graph\":[{\"@type\":\"WebPage\",\"@id\":\"https:\/\/www.noticiasradioreflejos.com.ar\/2021\/alivio-fiscal-el-oficialismo-busca-la-actualizacion-en-escalas-y-topes-de-facturacion\/\",\"url\":\"https:\/\/www.noticiasradioreflejos.com.ar\/2021\/alivio-fiscal-el-oficialismo-busca-la-actualizacion-en-escalas-y-topes-de-facturacion\/\",\"name\":\"Alivio fiscal: el oficialismo busca la actualizaci\u00f3n en escalas y topes de facturaci\u00f3n - Noticias Radio Reflejos\",\"isPartOf\":{\"@id\":\"https:\/\/www.noticiasradioreflejos.com.ar\/2021\/#website\"},\"primaryImageOfPage\":{\"@id\":\"https:\/\/www.noticiasradioreflejos.com.ar\/2021\/alivio-fiscal-el-oficialismo-busca-la-actualizacion-en-escalas-y-topes-de-facturacion\/#primaryimage\"},\"image\":{\"@id\":\"https:\/\/www.noticiasradioreflejos.com.ar\/2021\/alivio-fiscal-el-oficialismo-busca-la-actualizacion-en-escalas-y-topes-de-facturacion\/#primaryimage\"},\"thumbnailUrl\":\"https:\/\/www.telam.com.ar\/thumbs\/bluesteel\/advf\/imagenes\/2022\/05\/62747fea538d4_900.jpg\",\"datePublished\":\"2022-05-30T16:14:45+00:00\",\"author\":{\"@id\":\"https:\/\/www.noticiasradioreflejos.com.ar\/2021\/#\/schema\/person\/ad82545263dcc5ec0996818884fd5fb1\"},\"breadcrumb\":{\"@id\":\"https:\/\/www.noticiasradioreflejos.com.ar\/2021\/alivio-fiscal-el-oficialismo-busca-la-actualizacion-en-escalas-y-topes-de-facturacion\/#breadcrumb\"},\"inLanguage\":\"es\",\"potentialAction\":[{\"@type\":\"ReadAction\",\"target\":[\"https:\/\/www.noticiasradioreflejos.com.ar\/2021\/alivio-fiscal-el-oficialismo-busca-la-actualizacion-en-escalas-y-topes-de-facturacion\/\"]}]},{\"@type\":\"ImageObject\",\"inLanguage\":\"es\",\"@id\":\"https:\/\/www.noticiasradioreflejos.com.ar\/2021\/alivio-fiscal-el-oficialismo-busca-la-actualizacion-en-escalas-y-topes-de-facturacion\/#primaryimage\",\"url\":\"https:\/\/www.telam.com.ar\/thumbs\/bluesteel\/advf\/imagenes\/2022\/05\/62747fea538d4_900.jpg\",\"contentUrl\":\"https:\/\/www.telam.com.ar\/thumbs\/bluesteel\/advf\/imagenes\/2022\/05\/62747fea538d4_900.jpg\"},{\"@type\":\"BreadcrumbList\",\"@id\":\"https:\/\/www.noticiasradioreflejos.com.ar\/2021\/alivio-fiscal-el-oficialismo-busca-la-actualizacion-en-escalas-y-topes-de-facturacion\/#breadcrumb\",\"itemListElement\":[{\"@type\":\"ListItem\",\"position\":1,\"name\":\"Portada\",\"item\":\"https:\/\/www.noticiasradioreflejos.com.ar\/2021\/\"},{\"@type\":\"ListItem\",\"position\":2,\"name\":\"Alivio fiscal: el oficialismo busca la actualizaci\u00f3n en escalas y topes de facturaci\u00f3n\"}]},{\"@type\":\"WebSite\",\"@id\":\"https:\/\/www.noticiasradioreflejos.com.ar\/2021\/#website\",\"url\":\"https:\/\/www.noticiasradioreflejos.com.ar\/2021\/\",\"name\":\"Noticias Radio Reflejos\",\"description\":\"Las noticias de mi comarca\",\"potentialAction\":[{\"@type\":\"SearchAction\",\"target\":{\"@type\":\"EntryPoint\",\"urlTemplate\":\"https:\/\/www.noticiasradioreflejos.com.ar\/2021\/?s={search_term_string}\"},\"query-input\":{\"@type\":\"PropertyValueSpecification\",\"valueRequired\":true,\"valueName\":\"search_term_string\"}}],\"inLanguage\":\"es\"},{\"@type\":\"Person\",\"@id\":\"https:\/\/www.noticiasradioreflejos.com.ar\/2021\/#\/schema\/person\/ad82545263dcc5ec0996818884fd5fb1\",\"name\":\"Arnaldo Botto\",\"image\":{\"@type\":\"ImageObject\",\"inLanguage\":\"es\",\"@id\":\"https:\/\/www.noticiasradioreflejos.com.ar\/2021\/#\/schema\/person\/image\/\",\"url\":\"https:\/\/secure.gravatar.com\/avatar\/55cb5e37c1efa326397366e6974cb338056df65cb50e7d64d1cf314e87504837?s=96&d=mm&r=g\",\"contentUrl\":\"https:\/\/secure.gravatar.com\/avatar\/55cb5e37c1efa326397366e6974cb338056df65cb50e7d64d1cf314e87504837?s=96&d=mm&r=g\",\"caption\":\"Arnaldo Botto\"},\"url\":\"https:\/\/www.noticiasradioreflejos.com.ar\/2021\/author\/arnaldo\/\"}]}<\/script>\n<!-- \/ Yoast SEO plugin. -->","yoast_head_json":{"title":"Alivio fiscal: el oficialismo busca la actualizaci\u00f3n en escalas y topes de facturaci\u00f3n - Noticias Radio Reflejos","robots":{"index":"index","follow":"follow","max-snippet":"max-snippet:-1","max-image-preview":"max-image-preview:large","max-video-preview":"max-video-preview:-1"},"canonical":"https:\/\/www.noticiasradioreflejos.com.ar\/2021\/alivio-fiscal-el-oficialismo-busca-la-actualizacion-en-escalas-y-topes-de-facturacion\/","og_locale":"es_ES","og_type":"article","og_title":"Alivio fiscal: el oficialismo busca la actualizaci\u00f3n en escalas y topes de facturaci\u00f3n - Noticias Radio Reflejos","og_description":"Tras la actualizaci\u00f3n del Impuesto a las Ganancias, ahora el presidente de la C\u00e1mara de Diputados, Sergio Massa, y otros legisladores oficialistas trabajan para \u00abuna propuesta que alivie la situaci\u00f3n de aut\u00f3nomos y monotributistas\u00bb.","og_url":"https:\/\/www.noticiasradioreflejos.com.ar\/2021\/alivio-fiscal-el-oficialismo-busca-la-actualizacion-en-escalas-y-topes-de-facturacion\/","og_site_name":"Noticias Radio Reflejos","article_published_time":"2022-05-30T16:14:45+00:00","og_image":[{"url":"https:\/\/www.telam.com.ar\/thumbs\/bluesteel\/advf\/imagenes\/2022\/05\/62747fea538d4_900.jpg","type":"","width":"","height":""}],"author":"Arnaldo Botto","twitter_card":"summary_large_image","schema":{"@context":"https:\/\/schema.org","@graph":[{"@type":"WebPage","@id":"https:\/\/www.noticiasradioreflejos.com.ar\/2021\/alivio-fiscal-el-oficialismo-busca-la-actualizacion-en-escalas-y-topes-de-facturacion\/","url":"https:\/\/www.noticiasradioreflejos.com.ar\/2021\/alivio-fiscal-el-oficialismo-busca-la-actualizacion-en-escalas-y-topes-de-facturacion\/","name":"Alivio fiscal: el oficialismo busca la actualizaci\u00f3n en escalas y topes de facturaci\u00f3n - Noticias Radio Reflejos","isPartOf":{"@id":"https:\/\/www.noticiasradioreflejos.com.ar\/2021\/#website"},"primaryImageOfPage":{"@id":"https:\/\/www.noticiasradioreflejos.com.ar\/2021\/alivio-fiscal-el-oficialismo-busca-la-actualizacion-en-escalas-y-topes-de-facturacion\/#primaryimage"},"image":{"@id":"https:\/\/www.noticiasradioreflejos.com.ar\/2021\/alivio-fiscal-el-oficialismo-busca-la-actualizacion-en-escalas-y-topes-de-facturacion\/#primaryimage"},"thumbnailUrl":"https:\/\/www.telam.com.ar\/thumbs\/bluesteel\/advf\/imagenes\/2022\/05\/62747fea538d4_900.jpg","datePublished":"2022-05-30T16:14:45+00:00","author":{"@id":"https:\/\/www.noticiasradioreflejos.com.ar\/2021\/#\/schema\/person\/ad82545263dcc5ec0996818884fd5fb1"},"breadcrumb":{"@id":"https:\/\/www.noticiasradioreflejos.com.ar\/2021\/alivio-fiscal-el-oficialismo-busca-la-actualizacion-en-escalas-y-topes-de-facturacion\/#breadcrumb"},"inLanguage":"es","potentialAction":[{"@type":"ReadAction","target":["https:\/\/www.noticiasradioreflejos.com.ar\/2021\/alivio-fiscal-el-oficialismo-busca-la-actualizacion-en-escalas-y-topes-de-facturacion\/"]}]},{"@type":"ImageObject","inLanguage":"es","@id":"https:\/\/www.noticiasradioreflejos.com.ar\/2021\/alivio-fiscal-el-oficialismo-busca-la-actualizacion-en-escalas-y-topes-de-facturacion\/#primaryimage","url":"https:\/\/www.telam.com.ar\/thumbs\/bluesteel\/advf\/imagenes\/2022\/05\/62747fea538d4_900.jpg","contentUrl":"https:\/\/www.telam.com.ar\/thumbs\/bluesteel\/advf\/imagenes\/2022\/05\/62747fea538d4_900.jpg"},{"@type":"BreadcrumbList","@id":"https:\/\/www.noticiasradioreflejos.com.ar\/2021\/alivio-fiscal-el-oficialismo-busca-la-actualizacion-en-escalas-y-topes-de-facturacion\/#breadcrumb","itemListElement":[{"@type":"ListItem","position":1,"name":"Portada","item":"https:\/\/www.noticiasradioreflejos.com.ar\/2021\/"},{"@type":"ListItem","position":2,"name":"Alivio fiscal: el oficialismo busca la actualizaci\u00f3n en escalas y topes de facturaci\u00f3n"}]},{"@type":"WebSite","@id":"https:\/\/www.noticiasradioreflejos.com.ar\/2021\/#website","url":"https:\/\/www.noticiasradioreflejos.com.ar\/2021\/","name":"Noticias Radio Reflejos","description":"Las noticias de mi comarca","potentialAction":[{"@type":"SearchAction","target":{"@type":"EntryPoint","urlTemplate":"https:\/\/www.noticiasradioreflejos.com.ar\/2021\/?s={search_term_string}"},"query-input":{"@type":"PropertyValueSpecification","valueRequired":true,"valueName":"search_term_string"}}],"inLanguage":"es"},{"@type":"Person","@id":"https:\/\/www.noticiasradioreflejos.com.ar\/2021\/#\/schema\/person\/ad82545263dcc5ec0996818884fd5fb1","name":"Arnaldo Botto","image":{"@type":"ImageObject","inLanguage":"es","@id":"https:\/\/www.noticiasradioreflejos.com.ar\/2021\/#\/schema\/person\/image\/","url":"https:\/\/secure.gravatar.com\/avatar\/55cb5e37c1efa326397366e6974cb338056df65cb50e7d64d1cf314e87504837?s=96&d=mm&r=g","contentUrl":"https:\/\/secure.gravatar.com\/avatar\/55cb5e37c1efa326397366e6974cb338056df65cb50e7d64d1cf314e87504837?s=96&d=mm&r=g","caption":"Arnaldo Botto"},"url":"https:\/\/www.noticiasradioreflejos.com.ar\/2021\/author\/arnaldo\/"}]}},"_links":{"self":[{"href":"https:\/\/www.noticiasradioreflejos.com.ar\/2021\/wp-json\/wp\/v2\/posts\/72858","targetHints":{"allow":["GET"]}}],"collection":[{"href":"https:\/\/www.noticiasradioreflejos.com.ar\/2021\/wp-json\/wp\/v2\/posts"}],"about":[{"href":"https:\/\/www.noticiasradioreflejos.com.ar\/2021\/wp-json\/wp\/v2\/types\/post"}],"author":[{"embeddable":true,"href":"https:\/\/www.noticiasradioreflejos.com.ar\/2021\/wp-json\/wp\/v2\/users\/3"}],"replies":[{"embeddable":true,"href":"https:\/\/www.noticiasradioreflejos.com.ar\/2021\/wp-json\/wp\/v2\/comments?post=72858"}],"version-history":[{"count":1,"href":"https:\/\/www.noticiasradioreflejos.com.ar\/2021\/wp-json\/wp\/v2\/posts\/72858\/revisions"}],"predecessor-version":[{"id":72860,"href":"https:\/\/www.noticiasradioreflejos.com.ar\/2021\/wp-json\/wp\/v2\/posts\/72858\/revisions\/72860"}],"wp:attachment":[{"href":"https:\/\/www.noticiasradioreflejos.com.ar\/2021\/wp-json\/wp\/v2\/media?parent=72858"}],"wp:term":[{"taxonomy":"category","embeddable":true,"href":"https:\/\/www.noticiasradioreflejos.com.ar\/2021\/wp-json\/wp\/v2\/categories?post=72858"},{"taxonomy":"post_tag","embeddable":true,"href":"https:\/\/www.noticiasradioreflejos.com.ar\/2021\/wp-json\/wp\/v2\/tags?post=72858"}],"curies":[{"name":"wp","href":"https:\/\/api.w.org\/{rel}","templated":true}]}}