{"id":72855,"date":"2022-05-30T16:08:22","date_gmt":"2022-05-30T16:08:22","guid":{"rendered":"http:\/\/www.noticiasradioreflejos.com.ar\/2021\/?p=72855"},"modified":"2022-05-30T16:08:22","modified_gmt":"2022-05-30T16:08:22","slug":"la-bicameral-de-inteligencia-cito-al-expresidente-del-bapro","status":"publish","type":"post","link":"https:\/\/www.noticiasradioreflejos.com.ar\/2021\/la-bicameral-de-inteligencia-cito-al-expresidente-del-bapro\/","title":{"rendered":"La Bicameral de Inteligencia cit\u00f3 al expresidente del Bapro"},"content":{"rendered":"<div class=\"section-2-col article-header\">\n<div class=\"col 2-col\">\n<p>Juan Curutchet fue citado para el mi\u00e9rcoles pr\u00f3ximo. Los integrantes de la Bicameral creen que podr\u00eda aportar informaci\u00f3n valiosa para terminar de entender qui\u00e9n arm\u00f3 la reuni\u00f3n para coordinar la persecuci\u00f3n sobre Juan Pablo \u00abEl Pata\u00bb Medina. \u00bfFue iniciativa del gobierno de Vidal o estaban siguiendo \u00f3rdenes de Macri?<\/p>\n<div class=\"author\">\n<div class=\"author-inner\">\n<div class=\"author-thumbnail\"><\/div>\n<\/div>\n<\/div>\n<\/div>\n<\/div>\n<p><!--more--><\/p>\n<div class=\"section-2-col article-main-content\">\n<div class=\"col 2-col\">\n<div class=\"article-main-content article-text \">\n<p>La<b>\u00a0Comisi\u00f3n Bicameral de Inteligencia (CBI)\u00a0<\/b>cit\u00f3 para el\u00a0<b>pr\u00f3ximo mi\u00e9rcoles al anfitri\u00f3n de la reuni\u00f3n de la \u201cGestapo\u201d antisindical: el expresidente del Banco Provincia Juan Curutchet.\u00a0<\/b>El organismo que preside el diputado del Frente de Todos\u00a0<b>Leopoldo Moreau<\/b>\u00a0ya hab\u00eda anunciado que\u00a0<b>convocar\u00eda a exfuncionarios de Cambiemos en un intento de terminar de cerrar el c\u00edrculo de lo que fue un armado que combin\u00f3 la persecuci\u00f3n penal y la inteligencia ilegal sobre referentes sindicales.<\/b><\/p>\n<p>El viernes, la CBI le comunic\u00f3 a Curutchet que lo esperaba el mi\u00e9rcoles pr\u00f3ximo para declarar en la investigaci\u00f3n que se abri\u00f3 en diciembre pasado, despu\u00e9s de que apareciera\u00a0<b>un video en el que se ve\u00eda a jerarcas de la Agencia Federal de Inteligencia (AFI), ministros de Mar\u00eda Eugenia Vidal, el intendente Julio Garro y empresarios combinando c\u00f3mo impulsar causas contra Juan Pablo \u201cPata\u201d Medina<\/b>, el l\u00edder de la Uni\u00f3n Obrera de la Construcci\u00f3n de la Rep\u00fablica Argentina (UOCRA) platense, a quien el macrismo catalogaba como parte de la \u201cmafia\u201d sindical.<\/p>\n<div id=\"talkFireEvent\"><\/div>\n<p>Curutchet\u00a0<b>no est\u00e1 obligado a concurrir<\/b>: s\u00f3lo lo est\u00e1n quienes fueron integrantes de los servicios de inteligencia. \u00c9l, como exfuncionario, podr\u00eda excusarse o hacer un descargo por escrito. Por el momento, Curutchet no se deshizo en explicaciones por la reuni\u00f3n que se hizo en el Banco que presid\u00eda y en el que la AFI mont\u00f3 un circuito de c\u00e1maras para quedarse con un registro del encuentro. El abogado le dijo al periodista de\u00a0<i>\u00c1mbito Financiero<\/i>\u00a0Mariano Mart\u00edn que \u00e9l no estaba al tanto de c\u00f3mo se asignaban las salas de reuniones y que era com\u00fan que el gobierno provincial hiciera uso de los espacios.<\/p>\n<p>El<b>\u00a0Sal\u00f3n de Usos M\u00faltiples (SUM) del Bapro de la calle San Mart\u00edn al 137 estaba reservado para dos reuniones el 15 de junio de 2017<\/b>. Sin embargo, lleg\u00f3 un pedido que hizo que esas reservas se cayeran.\u00a0<b>Fue un pedido de la Gobernaci\u00f3n<\/b>, seg\u00fan surgi\u00f3 en la investigaci\u00f3n que lleva adelante el juez federal Ernesto Kreplak en La Plata.<\/p>\n<p>La encargada de dar los detalles de c\u00f3mo deb\u00eda prepararse el lugar fue Emilia Jaime, una asesora de la Presidencia del Bapro y se\u00f1alada como una persona de confianza de Curutchet. Seg\u00fan surge de los mensajes que intercambi\u00f3 con un empleado de la entidad \u2013Guillermo Squillari\u2013, Jaime recibi\u00f3 un\u00a0<b>pedido de Soledad Borsani para preparar el lugar<\/b>.\u00a0<a href=\"https:\/\/www.pagina12.com.ar\/405844-gestapo-macrista-la-sala-donde-se-hizo-la-reunion-fue-gestio\">Borsani no es un nombre m\u00e1s: era la coordinadora general de la Unidad Gobernador. M\u00e1s que eso, Borsani era la\u00a0<b>amiga de la infancia de la gobernadora Vidal.<\/b><\/a><\/p>\n<p>A Borsani no solo la invoc\u00f3 Jaime cuando hablaba con su compa\u00f1ero de trabajo, sino tambi\u00e9n otra empleada del Banco \u2013Patricia Bencivengo\u2013 cuando intercambi\u00f3 mensajes con\u00a0<b>Diego Dalmau Pereyra, el entonces director operacional de Contrainteligencia de la AFI que estuvo a cargo de instalar \u2013junto con hombres de la Direcci\u00f3n de Operaciones Electr\u00f3nicas\u2013 las c\u00e1maras con las que iban a registrar la reuni\u00f3n.<\/b><\/p>\n<p>La reuni\u00f3n no s\u00f3lo fue filmada, sino que quienes participaron de ella no se registraron al momento de entrar al Banco, como indican los usos y costumbres. De hecho, Jaime le dijo a su compa\u00f1ero de trabajo que se requer\u00eda<b>\u00a0total reserva y discreci\u00f3n.<\/b><\/p>\n<p>Sobre esos puntos, la CBI querr\u00e1 interrogar a Curutchet. Para los integrantes de la comisi\u00f3n, el expresidente del Bapro podr\u00eda aportar informaci\u00f3n valiosa para\u00a0<b>terminar de entender qui\u00e9n arm\u00f3 la reuni\u00f3n: \u00bffue una iniciativa del gobierno de Vidal o estaban siguiendo las \u00f3rdenes del gobierno de Mauricio Macri?<\/b><\/p>\n<p><a href=\"https:\/\/www.pagina12.com.ar\/422954-gestapo-antisindical-la-comision-bicameral-de-inteligencia-v\">La decisi\u00f3n de avanzar con la convocatoria de funcionarios macristas se tom\u00f3 despu\u00e9s del plenario del 19 de mayo pasado<\/a>. All\u00ed, se acord\u00f3 que la CBI se centrar\u00eda en lo que podr\u00eda haber sido el\u00a0<b>huevo de la serpiente de la \u201cGestapo\u201d antisindical:\u00a0<a href=\"https:\/\/www.pagina12.com.ar\/392277-gestapo-macrista-marcelo-villegas-estuvo-en-la-casa-rosada-a\">la reuni\u00f3n del 4 de mayo de 2017<\/a><\/b>\u00a0en la\u00a0<b>Casa Rosada en la que Macri y su gabinete escucharon al entonces ministro de Trabajo bonaerense, Marcelo Villegas, hablar del \u201cPata\u201d Medina<\/b>. Entre los asistentes a ese c\u00f3nclave estuvo el entonces director general de la AFI, Gustavo Arribas.\u00a0<a href=\"https:\/\/www.pagina12.com.ar\/402710-el-dia-d-de-la-gestapo-macrista\">Despu\u00e9s de esa reuni\u00f3n, Dalmau Pereyra mand\u00f3 a los S\u00faper Mario Bros a espiar al \u201cPata\u201d.<\/a><\/p>\n<p>La Bicameral ya convoc\u00f3 tanto a exagentes como al propio Arribas. Los exagentes confirmaron que espiaron a Medina e incluso hablaron de tareas de inteligencia ilegal en el\u00a0<a href=\"https:\/\/www.pagina12.com.ar\/420937-espionaje-se-abre-el-capitulo-sobre-el-posadas\">Hospital Posadas<\/a>\u00a0o reconocieron\u00a0<a href=\"https:\/\/www.pagina12.com.ar\/413603-espionaje-ilegal-un-agente-de-los-super-mario-bros-admitio-h\">seguimientos al juez Luis Carzoglio<\/a>, el mismo que recibi\u00f3 la visita de dos jerarcas de la AFI para que detuviera a Hugo y Pablo Moyano. Dalmau Pereyra \u2013que ten\u00eda un lugar clave en la estructura de la exSIDE\u2013 reconoci\u00f3 que las tareas en el Bapro se hicieron por pedido de las m\u00e1ximas autoridades de la AFI.<\/p>\n<p><b>La Bicameral debe decidir si avanza en la producci\u00f3n de un nuevo informe sobre el espionaje durante el macrismo<\/b>\u00a0mientras\u00a0<a href=\"https:\/\/www.pagina12.com.ar\/421799-moreau-acuso-al-macrismo-de-preparar-un-operativo-venganza-c\">su titular, Moreau, denunci\u00f3 que hab\u00eda una avanzada para poner en tela de juicio el trabajo hecho por el cuerpo legislativo<\/a>. D\u00edas atr\u00e1s, se conoci\u00f3 que el fiscal Carlos Stornelli pidi\u00f3 investigar a Moreau en una denuncia que present\u00f3 Florencia Arietto por haber pedido informes a la justicia de San Nicol\u00e1s en una causa en la que est\u00e1n involucrados integrantes del gremio de Camioneros y en la que se sospecha que podr\u00edan haber intervenido agentes de inteligencia.<\/p>\n<p>La paradoja es que Stornelli \u2013procesado en la causa de espionaje de Dolores\u2013 ahora pretende investigar al presidente del organismo que investiga el espionaje. Seg\u00fan pudo saber\u00a0<b>P\u00e1gina\/12<\/b>, la denuncia que estaba en manos de Stornelli fue enviada a otro juzgado por Daniel Rafecas. Ser\u00e1 ahora el juez Ariel Lijo quien tendr\u00e1 que resolver si se queda con el expediente y si le da entidad a las denuncias que presentaron Arietto, un abogado con v\u00ednculos con el macrismo y legisladores de la Coalici\u00f3n C\u00edvica.<\/p>\n<\/div>\n<\/div>\n<\/div>\n<p>&nbsp;<\/p>\n<div class=\"author-thumbnail\">\n<figure><img decoding=\"async\" class=\" \" src=\"https:\/\/images.pagina12.com.ar\/styles\/thumbnail\/public\/media\/users\/2510\/luciana-20bertoia.png?itok=5u0DYM__\" alt=\"Luciana Bertoia\" \/><\/figure>\n<\/div>\n<div class=\"author-name\">Por Luciana Bertoia<\/div>\n","protected":false},"excerpt":{"rendered":"<p>Juan Curutchet fue citado para el mi\u00e9rcoles pr\u00f3ximo. Los integrantes de la Bicameral creen que podr\u00eda aportar informaci\u00f3n valiosa para terminar de entender qui\u00e9n arm\u00f3 la reuni\u00f3n para coordinar la persecuci\u00f3n sobre Juan Pablo \u00abEl Pata\u00bb Medina. \u00bfFue iniciativa del gobierno de Vidal o estaban siguiendo \u00f3rdenes de Macri?<\/p>\n","protected":false},"author":3,"featured_media":0,"comment_status":"closed","ping_status":"closed","sticky":false,"template":"","format":"standard","meta":{"footnotes":""},"categories":[57,24],"tags":[],"class_list":["post-72855","post","type-post","status-publish","format-standard","hentry","category-judiciales","category-politica"],"yoast_head":"<!-- This site is optimized with the Yoast SEO plugin v25.9 - https:\/\/yoast.com\/wordpress\/plugins\/seo\/ -->\n<title>La Bicameral de Inteligencia cit\u00f3 al expresidente del Bapro - Noticias Radio Reflejos<\/title>\n<meta name=\"robots\" content=\"index, follow, max-snippet:-1, max-image-preview:large, max-video-preview:-1\" \/>\n<link rel=\"canonical\" href=\"https:\/\/www.noticiasradioreflejos.com.ar\/2021\/la-bicameral-de-inteligencia-cito-al-expresidente-del-bapro\/\" \/>\n<meta property=\"og:locale\" content=\"es_ES\" \/>\n<meta property=\"og:type\" content=\"article\" \/>\n<meta property=\"og:title\" content=\"La Bicameral de Inteligencia cit\u00f3 al expresidente del Bapro - Noticias Radio Reflejos\" \/>\n<meta property=\"og:description\" content=\"Juan Curutchet fue citado para el mi\u00e9rcoles pr\u00f3ximo. Los integrantes de la Bicameral creen que podr\u00eda aportar informaci\u00f3n valiosa para terminar de entender qui\u00e9n arm\u00f3 la reuni\u00f3n para coordinar la persecuci\u00f3n sobre Juan Pablo \u00abEl Pata\u00bb Medina. \u00bfFue iniciativa del gobierno de Vidal o estaban siguiendo \u00f3rdenes de Macri?\" \/>\n<meta property=\"og:url\" content=\"https:\/\/www.noticiasradioreflejos.com.ar\/2021\/la-bicameral-de-inteligencia-cito-al-expresidente-del-bapro\/\" \/>\n<meta property=\"og:site_name\" content=\"Noticias Radio Reflejos\" \/>\n<meta property=\"article:published_time\" content=\"2022-05-30T16:08:22+00:00\" \/>\n<meta property=\"og:image\" content=\"https:\/\/images.pagina12.com.ar\/styles\/thumbnail\/public\/media\/users\/2510\/luciana-20bertoia.png?itok=5u0DYM__\" \/>\n<meta name=\"author\" content=\"Arnaldo Botto\" \/>\n<meta name=\"twitter:card\" content=\"summary_large_image\" \/>\n<script type=\"application\/ld+json\" class=\"yoast-schema-graph\">{\"@context\":\"https:\/\/schema.org\",\"@graph\":[{\"@type\":\"WebPage\",\"@id\":\"https:\/\/www.noticiasradioreflejos.com.ar\/2021\/la-bicameral-de-inteligencia-cito-al-expresidente-del-bapro\/\",\"url\":\"https:\/\/www.noticiasradioreflejos.com.ar\/2021\/la-bicameral-de-inteligencia-cito-al-expresidente-del-bapro\/\",\"name\":\"La Bicameral de Inteligencia cit\u00f3 al expresidente del Bapro - Noticias Radio Reflejos\",\"isPartOf\":{\"@id\":\"https:\/\/www.noticiasradioreflejos.com.ar\/2021\/#website\"},\"primaryImageOfPage\":{\"@id\":\"https:\/\/www.noticiasradioreflejos.com.ar\/2021\/la-bicameral-de-inteligencia-cito-al-expresidente-del-bapro\/#primaryimage\"},\"image\":{\"@id\":\"https:\/\/www.noticiasradioreflejos.com.ar\/2021\/la-bicameral-de-inteligencia-cito-al-expresidente-del-bapro\/#primaryimage\"},\"thumbnailUrl\":\"https:\/\/images.pagina12.com.ar\/styles\/thumbnail\/public\/media\/users\/2510\/luciana-20bertoia.png?itok=5u0DYM__\",\"datePublished\":\"2022-05-30T16:08:22+00:00\",\"author\":{\"@id\":\"https:\/\/www.noticiasradioreflejos.com.ar\/2021\/#\/schema\/person\/ad82545263dcc5ec0996818884fd5fb1\"},\"breadcrumb\":{\"@id\":\"https:\/\/www.noticiasradioreflejos.com.ar\/2021\/la-bicameral-de-inteligencia-cito-al-expresidente-del-bapro\/#breadcrumb\"},\"inLanguage\":\"es\",\"potentialAction\":[{\"@type\":\"ReadAction\",\"target\":[\"https:\/\/www.noticiasradioreflejos.com.ar\/2021\/la-bicameral-de-inteligencia-cito-al-expresidente-del-bapro\/\"]}]},{\"@type\":\"ImageObject\",\"inLanguage\":\"es\",\"@id\":\"https:\/\/www.noticiasradioreflejos.com.ar\/2021\/la-bicameral-de-inteligencia-cito-al-expresidente-del-bapro\/#primaryimage\",\"url\":\"https:\/\/images.pagina12.com.ar\/styles\/thumbnail\/public\/media\/users\/2510\/luciana-20bertoia.png?itok=5u0DYM__\",\"contentUrl\":\"https:\/\/images.pagina12.com.ar\/styles\/thumbnail\/public\/media\/users\/2510\/luciana-20bertoia.png?itok=5u0DYM__\"},{\"@type\":\"BreadcrumbList\",\"@id\":\"https:\/\/www.noticiasradioreflejos.com.ar\/2021\/la-bicameral-de-inteligencia-cito-al-expresidente-del-bapro\/#breadcrumb\",\"itemListElement\":[{\"@type\":\"ListItem\",\"position\":1,\"name\":\"Portada\",\"item\":\"https:\/\/www.noticiasradioreflejos.com.ar\/2021\/\"},{\"@type\":\"ListItem\",\"position\":2,\"name\":\"La Bicameral de Inteligencia cit\u00f3 al expresidente del Bapro\"}]},{\"@type\":\"WebSite\",\"@id\":\"https:\/\/www.noticiasradioreflejos.com.ar\/2021\/#website\",\"url\":\"https:\/\/www.noticiasradioreflejos.com.ar\/2021\/\",\"name\":\"Noticias Radio Reflejos\",\"description\":\"Las noticias de mi comarca\",\"potentialAction\":[{\"@type\":\"SearchAction\",\"target\":{\"@type\":\"EntryPoint\",\"urlTemplate\":\"https:\/\/www.noticiasradioreflejos.com.ar\/2021\/?s={search_term_string}\"},\"query-input\":{\"@type\":\"PropertyValueSpecification\",\"valueRequired\":true,\"valueName\":\"search_term_string\"}}],\"inLanguage\":\"es\"},{\"@type\":\"Person\",\"@id\":\"https:\/\/www.noticiasradioreflejos.com.ar\/2021\/#\/schema\/person\/ad82545263dcc5ec0996818884fd5fb1\",\"name\":\"Arnaldo Botto\",\"image\":{\"@type\":\"ImageObject\",\"inLanguage\":\"es\",\"@id\":\"https:\/\/www.noticiasradioreflejos.com.ar\/2021\/#\/schema\/person\/image\/\",\"url\":\"https:\/\/secure.gravatar.com\/avatar\/55cb5e37c1efa326397366e6974cb338056df65cb50e7d64d1cf314e87504837?s=96&d=mm&r=g\",\"contentUrl\":\"https:\/\/secure.gravatar.com\/avatar\/55cb5e37c1efa326397366e6974cb338056df65cb50e7d64d1cf314e87504837?s=96&d=mm&r=g\",\"caption\":\"Arnaldo Botto\"},\"url\":\"https:\/\/www.noticiasradioreflejos.com.ar\/2021\/author\/arnaldo\/\"}]}<\/script>\n<!-- \/ Yoast SEO plugin. -->","yoast_head_json":{"title":"La Bicameral de Inteligencia cit\u00f3 al expresidente del Bapro - Noticias Radio Reflejos","robots":{"index":"index","follow":"follow","max-snippet":"max-snippet:-1","max-image-preview":"max-image-preview:large","max-video-preview":"max-video-preview:-1"},"canonical":"https:\/\/www.noticiasradioreflejos.com.ar\/2021\/la-bicameral-de-inteligencia-cito-al-expresidente-del-bapro\/","og_locale":"es_ES","og_type":"article","og_title":"La Bicameral de Inteligencia cit\u00f3 al expresidente del Bapro - Noticias Radio Reflejos","og_description":"Juan Curutchet fue citado para el mi\u00e9rcoles pr\u00f3ximo. Los integrantes de la Bicameral creen que podr\u00eda aportar informaci\u00f3n valiosa para terminar de entender qui\u00e9n arm\u00f3 la reuni\u00f3n para coordinar la persecuci\u00f3n sobre Juan Pablo \u00abEl Pata\u00bb Medina. \u00bfFue iniciativa del gobierno de Vidal o estaban siguiendo \u00f3rdenes de Macri?","og_url":"https:\/\/www.noticiasradioreflejos.com.ar\/2021\/la-bicameral-de-inteligencia-cito-al-expresidente-del-bapro\/","og_site_name":"Noticias Radio Reflejos","article_published_time":"2022-05-30T16:08:22+00:00","og_image":[{"url":"https:\/\/images.pagina12.com.ar\/styles\/thumbnail\/public\/media\/users\/2510\/luciana-20bertoia.png?itok=5u0DYM__","type":"","width":"","height":""}],"author":"Arnaldo Botto","twitter_card":"summary_large_image","schema":{"@context":"https:\/\/schema.org","@graph":[{"@type":"WebPage","@id":"https:\/\/www.noticiasradioreflejos.com.ar\/2021\/la-bicameral-de-inteligencia-cito-al-expresidente-del-bapro\/","url":"https:\/\/www.noticiasradioreflejos.com.ar\/2021\/la-bicameral-de-inteligencia-cito-al-expresidente-del-bapro\/","name":"La Bicameral de Inteligencia cit\u00f3 al expresidente del Bapro - Noticias Radio Reflejos","isPartOf":{"@id":"https:\/\/www.noticiasradioreflejos.com.ar\/2021\/#website"},"primaryImageOfPage":{"@id":"https:\/\/www.noticiasradioreflejos.com.ar\/2021\/la-bicameral-de-inteligencia-cito-al-expresidente-del-bapro\/#primaryimage"},"image":{"@id":"https:\/\/www.noticiasradioreflejos.com.ar\/2021\/la-bicameral-de-inteligencia-cito-al-expresidente-del-bapro\/#primaryimage"},"thumbnailUrl":"https:\/\/images.pagina12.com.ar\/styles\/thumbnail\/public\/media\/users\/2510\/luciana-20bertoia.png?itok=5u0DYM__","datePublished":"2022-05-30T16:08:22+00:00","author":{"@id":"https:\/\/www.noticiasradioreflejos.com.ar\/2021\/#\/schema\/person\/ad82545263dcc5ec0996818884fd5fb1"},"breadcrumb":{"@id":"https:\/\/www.noticiasradioreflejos.com.ar\/2021\/la-bicameral-de-inteligencia-cito-al-expresidente-del-bapro\/#breadcrumb"},"inLanguage":"es","potentialAction":[{"@type":"ReadAction","target":["https:\/\/www.noticiasradioreflejos.com.ar\/2021\/la-bicameral-de-inteligencia-cito-al-expresidente-del-bapro\/"]}]},{"@type":"ImageObject","inLanguage":"es","@id":"https:\/\/www.noticiasradioreflejos.com.ar\/2021\/la-bicameral-de-inteligencia-cito-al-expresidente-del-bapro\/#primaryimage","url":"https:\/\/images.pagina12.com.ar\/styles\/thumbnail\/public\/media\/users\/2510\/luciana-20bertoia.png?itok=5u0DYM__","contentUrl":"https:\/\/images.pagina12.com.ar\/styles\/thumbnail\/public\/media\/users\/2510\/luciana-20bertoia.png?itok=5u0DYM__"},{"@type":"BreadcrumbList","@id":"https:\/\/www.noticiasradioreflejos.com.ar\/2021\/la-bicameral-de-inteligencia-cito-al-expresidente-del-bapro\/#breadcrumb","itemListElement":[{"@type":"ListItem","position":1,"name":"Portada","item":"https:\/\/www.noticiasradioreflejos.com.ar\/2021\/"},{"@type":"ListItem","position":2,"name":"La Bicameral de Inteligencia cit\u00f3 al expresidente del Bapro"}]},{"@type":"WebSite","@id":"https:\/\/www.noticiasradioreflejos.com.ar\/2021\/#website","url":"https:\/\/www.noticiasradioreflejos.com.ar\/2021\/","name":"Noticias Radio Reflejos","description":"Las noticias de mi comarca","potentialAction":[{"@type":"SearchAction","target":{"@type":"EntryPoint","urlTemplate":"https:\/\/www.noticiasradioreflejos.com.ar\/2021\/?s={search_term_string}"},"query-input":{"@type":"PropertyValueSpecification","valueRequired":true,"valueName":"search_term_string"}}],"inLanguage":"es"},{"@type":"Person","@id":"https:\/\/www.noticiasradioreflejos.com.ar\/2021\/#\/schema\/person\/ad82545263dcc5ec0996818884fd5fb1","name":"Arnaldo Botto","image":{"@type":"ImageObject","inLanguage":"es","@id":"https:\/\/www.noticiasradioreflejos.com.ar\/2021\/#\/schema\/person\/image\/","url":"https:\/\/secure.gravatar.com\/avatar\/55cb5e37c1efa326397366e6974cb338056df65cb50e7d64d1cf314e87504837?s=96&d=mm&r=g","contentUrl":"https:\/\/secure.gravatar.com\/avatar\/55cb5e37c1efa326397366e6974cb338056df65cb50e7d64d1cf314e87504837?s=96&d=mm&r=g","caption":"Arnaldo Botto"},"url":"https:\/\/www.noticiasradioreflejos.com.ar\/2021\/author\/arnaldo\/"}]}},"_links":{"self":[{"href":"https:\/\/www.noticiasradioreflejos.com.ar\/2021\/wp-json\/wp\/v2\/posts\/72855","targetHints":{"allow":["GET"]}}],"collection":[{"href":"https:\/\/www.noticiasradioreflejos.com.ar\/2021\/wp-json\/wp\/v2\/posts"}],"about":[{"href":"https:\/\/www.noticiasradioreflejos.com.ar\/2021\/wp-json\/wp\/v2\/types\/post"}],"author":[{"embeddable":true,"href":"https:\/\/www.noticiasradioreflejos.com.ar\/2021\/wp-json\/wp\/v2\/users\/3"}],"replies":[{"embeddable":true,"href":"https:\/\/www.noticiasradioreflejos.com.ar\/2021\/wp-json\/wp\/v2\/comments?post=72855"}],"version-history":[{"count":1,"href":"https:\/\/www.noticiasradioreflejos.com.ar\/2021\/wp-json\/wp\/v2\/posts\/72855\/revisions"}],"predecessor-version":[{"id":72857,"href":"https:\/\/www.noticiasradioreflejos.com.ar\/2021\/wp-json\/wp\/v2\/posts\/72855\/revisions\/72857"}],"wp:attachment":[{"href":"https:\/\/www.noticiasradioreflejos.com.ar\/2021\/wp-json\/wp\/v2\/media?parent=72855"}],"wp:term":[{"taxonomy":"category","embeddable":true,"href":"https:\/\/www.noticiasradioreflejos.com.ar\/2021\/wp-json\/wp\/v2\/categories?post=72855"},{"taxonomy":"post_tag","embeddable":true,"href":"https:\/\/www.noticiasradioreflejos.com.ar\/2021\/wp-json\/wp\/v2\/tags?post=72855"}],"curies":[{"name":"wp","href":"https:\/\/api.w.org\/{rel}","templated":true}]}}