{"id":72832,"date":"2022-05-30T01:11:06","date_gmt":"2022-05-30T01:11:06","guid":{"rendered":"http:\/\/www.noticiasradioreflejos.com.ar\/2021\/?p=72832"},"modified":"2022-05-30T01:11:06","modified_gmt":"2022-05-30T01:11:06","slug":"atacaron-a-la-gioconda-un-visitante-le-arrojo-un-trozo-de-torta-a-la-obra-mas-famosa-del-mundo","status":"publish","type":"post","link":"https:\/\/www.noticiasradioreflejos.com.ar\/2021\/atacaron-a-la-gioconda-un-visitante-le-arrojo-un-trozo-de-torta-a-la-obra-mas-famosa-del-mundo\/","title":{"rendered":"Atacaron a \u00abLa Gioconda\u00bb: un visitante le arroj\u00f3 un trozo de torta a la obra m\u00e1s famosa del mundo"},"content":{"rendered":"<div class=\"wrapper-header\">\n<div class=\"container-xl\">\n<div class=\"row\">\n<div class=\"col-12\">\n<div class=\"head-content mb-4\">\n<div class=\"volanta\">\n<div class=\"time\"><\/div>\n<\/div>\n<div class=\"my-3\">\n<div class=\"social mt-3\">Un hombre, con una peluca y fingiendo necesitar una silla de ruedas, vandaliz\u00f3 la obra m\u00e1s famosa del mundo en un descuido de la seguridad del Museo de Par\u00eds. \u00abHay gente que est\u00e1 destruyendo la tierra. Todos los artistas piensen en la tierra\u00bb, grit\u00f3 el agresor.<\/div>\n<\/div>\n<\/div>\n<\/div>\n<\/div>\n<\/div>\n<\/div>\n<p><!--more--><\/p>\n<div class=\"wrapper-editable-content\">\n<div>\n<div class=\"wrapper-editable-content\">\n<div>\n<div class=\"container-md\">\n<div class=\"row\">\n<div class=\"col-md-12 speak\">\n<div class=\"paragraph\">\n<figure class=\"mb-3\"><img decoding=\"async\" src=\"https:\/\/www.telam.com.ar\/thumbs\/bluesteel\/advf\/imagenes\/2022\/05\/62940aacd929e_900.jpg\" alt=\"La obra y la mancha contra el vidrio Foto Twitter\" width=\"100%\" height=\"100%\" \/><\/p>\n<div class=\"media-icons\"><\/div><figcaption>La obra y la mancha contra el vidrio (Foto: Twitter).<\/figcaption><\/figure>\n<p>\u00abLa Gioconda\u00bb -la obra de arte m\u00e1s famosa del mundo, \u00abtambi\u00e9n conocida como Mona Lisa- fue atacada este domingo en el Museo de Louvre de Par\u00eds por un hombre que arroj\u00f3 una torta a la pintura, un acto que se suma a los anteriores actos de vandalismo que sufridos por el cuadro pero que en esta ocasi\u00f3n no gener\u00f3 da\u00f1os y fue r\u00e1pidamente sofocado por el personal de seguridad.<\/p>\n<p>De acuerdo a descripciones de los testigos,\u00a0<strong>un joven en silla de ruedas y con peluca, fue el autor del atentado contra la obra<\/strong>. Primero habr\u00eda intentando romper el vidrio a prueba de balas, para luego untar pastel en el cristal. Los vigilantes del museo limpiaron r\u00e1pidamente el vidrio, momento que qued\u00f3 registrado en videos y fotos de las decenas visitantes que se encontraban en el lugar.<\/p>\n<p>En uno de los videos que se han viralizado, aparece el atacante, con peluca y gorra, lanzando proclamas a favor de la protecci\u00f3n del planeta, mientras que el personal de seguridad lo expulsa de la sala.\u00a0<strong>\u00abPiensen en la tierra, hay gente que est\u00e1 destruyendo la tierra. Todos los artistas piensen en la tierra. Por eso hice eso\u201d,<\/strong>\u00a0grita ante los visitantes el agresor.<\/p>\n<p><strong>La obra, una de las principales atracciones culturales y tur\u00edsticas del lugar, no ha sufrido da\u00f1os, ya que el pastel choc\u00f3 contra el cristal que protege el cuadro<\/strong>.<\/p>\n<blockquote class=\"twitter-tweet\" data-width=\"500\" data-dnt=\"true\">\n<p lang=\"es\" dir=\"ltr\">Bastante heavy haber presenciado esto <a href=\"https:\/\/t.co\/hnYW0scXZ8\">https:\/\/t.co\/hnYW0scXZ8<\/a> <a href=\"https:\/\/t.co\/DrfuqSo084\">pic.twitter.com\/DrfuqSo084<\/a><\/p>\n<p>&mdash; Lisa (@Lis_grimaldi) <a href=\"https:\/\/twitter.com\/Lis_grimaldi\/status\/1530906897389338624?ref_src=twsrc%5Etfw\">May 29, 2022<\/a><\/p><\/blockquote>\n<p><script async src=\"https:\/\/platform.twitter.com\/widgets.js\" charset=\"utf-8\"><\/script><\/p>\n<p>Los cristales en las obras de arte del Louvre comenzaron a aplicarse en 1907, luego de que una mujer acuchill\u00f3 un lienzo de Ingres en nombre del anarquismo. As\u00ed, desde entonces, las grandes piezas del espacio parisino son protegidos por \u201cvidrios de diamante\u201d de la casa Saint-Gobain, la misma que desarroll\u00f3 los cristales de la famosa pir\u00e1mide inaugurada en 1988.<\/p>\n<p>Sin embargo, la protecci\u00f3n del famoso cuadro de Leonardo Da Vinci es m\u00e1s bien reciente y en el pasado la obra de arte m\u00e1s cara del mundo -su cotizaci\u00f3n estimada ronda los USD 2.5 billones- ha sufrido varios actos vand\u00e1licos.<\/p>\n<h2 class=\"\">Otros Ataques<\/h2>\n<p>En agosto de 2009, una turista le lanz\u00f3 una taza de t\u00e9, que se hizo a\u00f1icos al chocar contra la vitrina que la protege. En 1974, mientras estaba expuesta en el Museo Nacional de Tokio, una mujer us\u00f3 un espray de color rojo para atacarlo, pero no lleg\u00f3 a da\u00f1ar el cuadro. En 1956 fueron dos los ataques que sufri\u00f3. En el primero, un hombre lanz\u00f3 \u00e1cido al cuadro, da\u00f1ando su parte inferior. A finales de ese a\u00f1o, un pintor boliviano tir\u00f3 una piedra contra el \u00f3leo, provocando un ligero da\u00f1o.<\/p>\n<p>A principios del XX, en 1911, el cuadro fue robado por un hombre llamado Vicenzo Peruggia y fueron necesarios dos a\u00f1os para recuperarlo: el ladr\u00f3n hab\u00eda escondido el cuadro en su apartamento hasta que se puso en contacto con la Galer\u00eda de los Uffizi de Florenzia para intentar venderlo. Tras el \u00abrobo del siglo\u00bb, se multiplicaron las visitas al Louvre y \u00abLa Gioconda\u00bb se convirti\u00f3 entonces en un icono popular.<\/p>\n<p>Se cree que Da Vinci trabaj\u00f3 en esta obra entre 1503 y 1517, cuando trabajaba en Florencia y luego en Francia. Pese al largo debate sobre la identidad de la Mona Lisa, durante siglos se ha cre\u00eddo que se trata de Lisa Gherardini, la mujer de un comerciante de seda florentino.<\/p>\n<\/div>\n<\/div>\n<\/div>\n<\/div>\n<\/div>\n<\/div>\n<\/div>\n<\/div>\n","protected":false},"excerpt":{"rendered":"<p>Un hombre, con una peluca y fingiendo necesitar una silla de ruedas, vandaliz\u00f3 la obra m\u00e1s famosa del mundo en un descuido de la seguridad del Museo de Par\u00eds. \u00abHay gente que est\u00e1 destruyendo la tierra. Todos los artistas piensen en la tierra\u00bb, grit\u00f3 el agresor.<\/p>\n","protected":false},"author":3,"featured_media":0,"comment_status":"closed","ping_status":"closed","sticky":false,"template":"","format":"standard","meta":{"footnotes":""},"categories":[35,26],"tags":[],"class_list":["post-72832","post","type-post","status-publish","format-standard","hentry","category-cultura","category-sociedad"],"yoast_head":"<!-- This site is optimized with the Yoast SEO plugin v25.9 - https:\/\/yoast.com\/wordpress\/plugins\/seo\/ -->\n<title>Atacaron a &quot;La Gioconda&quot;: un visitante le arroj\u00f3 un trozo de torta a la obra m\u00e1s famosa del mundo - Noticias Radio Reflejos<\/title>\n<meta name=\"robots\" content=\"index, follow, max-snippet:-1, max-image-preview:large, max-video-preview:-1\" \/>\n<link rel=\"canonical\" href=\"https:\/\/www.noticiasradioreflejos.com.ar\/2021\/atacaron-a-la-gioconda-un-visitante-le-arrojo-un-trozo-de-torta-a-la-obra-mas-famosa-del-mundo\/\" \/>\n<meta property=\"og:locale\" content=\"es_ES\" \/>\n<meta property=\"og:type\" content=\"article\" \/>\n<meta property=\"og:title\" content=\"Atacaron a &quot;La Gioconda&quot;: un visitante le arroj\u00f3 un trozo de torta a la obra m\u00e1s famosa del mundo - Noticias Radio Reflejos\" \/>\n<meta property=\"og:description\" content=\"Un hombre, con una peluca y fingiendo necesitar una silla de ruedas, vandaliz\u00f3 la obra m\u00e1s famosa del mundo en un descuido de la seguridad del Museo de Par\u00eds. \u00abHay gente que est\u00e1 destruyendo la tierra. Todos los artistas piensen en la tierra\u00bb, grit\u00f3 el agresor.\" \/>\n<meta property=\"og:url\" content=\"https:\/\/www.noticiasradioreflejos.com.ar\/2021\/atacaron-a-la-gioconda-un-visitante-le-arrojo-un-trozo-de-torta-a-la-obra-mas-famosa-del-mundo\/\" \/>\n<meta property=\"og:site_name\" content=\"Noticias Radio Reflejos\" \/>\n<meta property=\"article:published_time\" content=\"2022-05-30T01:11:06+00:00\" \/>\n<meta property=\"og:image\" content=\"https:\/\/www.telam.com.ar\/thumbs\/bluesteel\/advf\/imagenes\/2022\/05\/62940aacd929e_900.jpg\" \/>\n<meta name=\"author\" content=\"Arnaldo Botto\" \/>\n<meta name=\"twitter:card\" content=\"summary_large_image\" \/>\n<script type=\"application\/ld+json\" class=\"yoast-schema-graph\">{\"@context\":\"https:\/\/schema.org\",\"@graph\":[{\"@type\":\"WebPage\",\"@id\":\"https:\/\/www.noticiasradioreflejos.com.ar\/2021\/atacaron-a-la-gioconda-un-visitante-le-arrojo-un-trozo-de-torta-a-la-obra-mas-famosa-del-mundo\/\",\"url\":\"https:\/\/www.noticiasradioreflejos.com.ar\/2021\/atacaron-a-la-gioconda-un-visitante-le-arrojo-un-trozo-de-torta-a-la-obra-mas-famosa-del-mundo\/\",\"name\":\"Atacaron a \\\"La Gioconda\\\": un visitante le arroj\u00f3 un trozo de torta a la obra m\u00e1s famosa del mundo - Noticias Radio Reflejos\",\"isPartOf\":{\"@id\":\"https:\/\/www.noticiasradioreflejos.com.ar\/2021\/#website\"},\"primaryImageOfPage\":{\"@id\":\"https:\/\/www.noticiasradioreflejos.com.ar\/2021\/atacaron-a-la-gioconda-un-visitante-le-arrojo-un-trozo-de-torta-a-la-obra-mas-famosa-del-mundo\/#primaryimage\"},\"image\":{\"@id\":\"https:\/\/www.noticiasradioreflejos.com.ar\/2021\/atacaron-a-la-gioconda-un-visitante-le-arrojo-un-trozo-de-torta-a-la-obra-mas-famosa-del-mundo\/#primaryimage\"},\"thumbnailUrl\":\"https:\/\/www.telam.com.ar\/thumbs\/bluesteel\/advf\/imagenes\/2022\/05\/62940aacd929e_900.jpg\",\"datePublished\":\"2022-05-30T01:11:06+00:00\",\"author\":{\"@id\":\"https:\/\/www.noticiasradioreflejos.com.ar\/2021\/#\/schema\/person\/ad82545263dcc5ec0996818884fd5fb1\"},\"breadcrumb\":{\"@id\":\"https:\/\/www.noticiasradioreflejos.com.ar\/2021\/atacaron-a-la-gioconda-un-visitante-le-arrojo-un-trozo-de-torta-a-la-obra-mas-famosa-del-mundo\/#breadcrumb\"},\"inLanguage\":\"es\",\"potentialAction\":[{\"@type\":\"ReadAction\",\"target\":[\"https:\/\/www.noticiasradioreflejos.com.ar\/2021\/atacaron-a-la-gioconda-un-visitante-le-arrojo-un-trozo-de-torta-a-la-obra-mas-famosa-del-mundo\/\"]}]},{\"@type\":\"ImageObject\",\"inLanguage\":\"es\",\"@id\":\"https:\/\/www.noticiasradioreflejos.com.ar\/2021\/atacaron-a-la-gioconda-un-visitante-le-arrojo-un-trozo-de-torta-a-la-obra-mas-famosa-del-mundo\/#primaryimage\",\"url\":\"https:\/\/www.telam.com.ar\/thumbs\/bluesteel\/advf\/imagenes\/2022\/05\/62940aacd929e_900.jpg\",\"contentUrl\":\"https:\/\/www.telam.com.ar\/thumbs\/bluesteel\/advf\/imagenes\/2022\/05\/62940aacd929e_900.jpg\"},{\"@type\":\"BreadcrumbList\",\"@id\":\"https:\/\/www.noticiasradioreflejos.com.ar\/2021\/atacaron-a-la-gioconda-un-visitante-le-arrojo-un-trozo-de-torta-a-la-obra-mas-famosa-del-mundo\/#breadcrumb\",\"itemListElement\":[{\"@type\":\"ListItem\",\"position\":1,\"name\":\"Portada\",\"item\":\"https:\/\/www.noticiasradioreflejos.com.ar\/2021\/\"},{\"@type\":\"ListItem\",\"position\":2,\"name\":\"Atacaron a \u00abLa Gioconda\u00bb: un visitante le arroj\u00f3 un trozo de torta a la obra m\u00e1s famosa del mundo\"}]},{\"@type\":\"WebSite\",\"@id\":\"https:\/\/www.noticiasradioreflejos.com.ar\/2021\/#website\",\"url\":\"https:\/\/www.noticiasradioreflejos.com.ar\/2021\/\",\"name\":\"Noticias Radio Reflejos\",\"description\":\"Las noticias de mi comarca\",\"potentialAction\":[{\"@type\":\"SearchAction\",\"target\":{\"@type\":\"EntryPoint\",\"urlTemplate\":\"https:\/\/www.noticiasradioreflejos.com.ar\/2021\/?s={search_term_string}\"},\"query-input\":{\"@type\":\"PropertyValueSpecification\",\"valueRequired\":true,\"valueName\":\"search_term_string\"}}],\"inLanguage\":\"es\"},{\"@type\":\"Person\",\"@id\":\"https:\/\/www.noticiasradioreflejos.com.ar\/2021\/#\/schema\/person\/ad82545263dcc5ec0996818884fd5fb1\",\"name\":\"Arnaldo Botto\",\"image\":{\"@type\":\"ImageObject\",\"inLanguage\":\"es\",\"@id\":\"https:\/\/www.noticiasradioreflejos.com.ar\/2021\/#\/schema\/person\/image\/\",\"url\":\"https:\/\/secure.gravatar.com\/avatar\/55cb5e37c1efa326397366e6974cb338056df65cb50e7d64d1cf314e87504837?s=96&d=mm&r=g\",\"contentUrl\":\"https:\/\/secure.gravatar.com\/avatar\/55cb5e37c1efa326397366e6974cb338056df65cb50e7d64d1cf314e87504837?s=96&d=mm&r=g\",\"caption\":\"Arnaldo Botto\"},\"url\":\"https:\/\/www.noticiasradioreflejos.com.ar\/2021\/author\/arnaldo\/\"}]}<\/script>\n<!-- \/ Yoast SEO plugin. -->","yoast_head_json":{"title":"Atacaron a \"La Gioconda\": un visitante le arroj\u00f3 un trozo de torta a la obra m\u00e1s famosa del mundo - Noticias Radio Reflejos","robots":{"index":"index","follow":"follow","max-snippet":"max-snippet:-1","max-image-preview":"max-image-preview:large","max-video-preview":"max-video-preview:-1"},"canonical":"https:\/\/www.noticiasradioreflejos.com.ar\/2021\/atacaron-a-la-gioconda-un-visitante-le-arrojo-un-trozo-de-torta-a-la-obra-mas-famosa-del-mundo\/","og_locale":"es_ES","og_type":"article","og_title":"Atacaron a \"La Gioconda\": un visitante le arroj\u00f3 un trozo de torta a la obra m\u00e1s famosa del mundo - Noticias Radio Reflejos","og_description":"Un hombre, con una peluca y fingiendo necesitar una silla de ruedas, vandaliz\u00f3 la obra m\u00e1s famosa del mundo en un descuido de la seguridad del Museo de Par\u00eds. \u00abHay gente que est\u00e1 destruyendo la tierra. Todos los artistas piensen en la tierra\u00bb, grit\u00f3 el agresor.","og_url":"https:\/\/www.noticiasradioreflejos.com.ar\/2021\/atacaron-a-la-gioconda-un-visitante-le-arrojo-un-trozo-de-torta-a-la-obra-mas-famosa-del-mundo\/","og_site_name":"Noticias Radio Reflejos","article_published_time":"2022-05-30T01:11:06+00:00","og_image":[{"url":"https:\/\/www.telam.com.ar\/thumbs\/bluesteel\/advf\/imagenes\/2022\/05\/62940aacd929e_900.jpg","type":"","width":"","height":""}],"author":"Arnaldo Botto","twitter_card":"summary_large_image","schema":{"@context":"https:\/\/schema.org","@graph":[{"@type":"WebPage","@id":"https:\/\/www.noticiasradioreflejos.com.ar\/2021\/atacaron-a-la-gioconda-un-visitante-le-arrojo-un-trozo-de-torta-a-la-obra-mas-famosa-del-mundo\/","url":"https:\/\/www.noticiasradioreflejos.com.ar\/2021\/atacaron-a-la-gioconda-un-visitante-le-arrojo-un-trozo-de-torta-a-la-obra-mas-famosa-del-mundo\/","name":"Atacaron a \"La Gioconda\": un visitante le arroj\u00f3 un trozo de torta a la obra m\u00e1s famosa del mundo - Noticias Radio Reflejos","isPartOf":{"@id":"https:\/\/www.noticiasradioreflejos.com.ar\/2021\/#website"},"primaryImageOfPage":{"@id":"https:\/\/www.noticiasradioreflejos.com.ar\/2021\/atacaron-a-la-gioconda-un-visitante-le-arrojo-un-trozo-de-torta-a-la-obra-mas-famosa-del-mundo\/#primaryimage"},"image":{"@id":"https:\/\/www.noticiasradioreflejos.com.ar\/2021\/atacaron-a-la-gioconda-un-visitante-le-arrojo-un-trozo-de-torta-a-la-obra-mas-famosa-del-mundo\/#primaryimage"},"thumbnailUrl":"https:\/\/www.telam.com.ar\/thumbs\/bluesteel\/advf\/imagenes\/2022\/05\/62940aacd929e_900.jpg","datePublished":"2022-05-30T01:11:06+00:00","author":{"@id":"https:\/\/www.noticiasradioreflejos.com.ar\/2021\/#\/schema\/person\/ad82545263dcc5ec0996818884fd5fb1"},"breadcrumb":{"@id":"https:\/\/www.noticiasradioreflejos.com.ar\/2021\/atacaron-a-la-gioconda-un-visitante-le-arrojo-un-trozo-de-torta-a-la-obra-mas-famosa-del-mundo\/#breadcrumb"},"inLanguage":"es","potentialAction":[{"@type":"ReadAction","target":["https:\/\/www.noticiasradioreflejos.com.ar\/2021\/atacaron-a-la-gioconda-un-visitante-le-arrojo-un-trozo-de-torta-a-la-obra-mas-famosa-del-mundo\/"]}]},{"@type":"ImageObject","inLanguage":"es","@id":"https:\/\/www.noticiasradioreflejos.com.ar\/2021\/atacaron-a-la-gioconda-un-visitante-le-arrojo-un-trozo-de-torta-a-la-obra-mas-famosa-del-mundo\/#primaryimage","url":"https:\/\/www.telam.com.ar\/thumbs\/bluesteel\/advf\/imagenes\/2022\/05\/62940aacd929e_900.jpg","contentUrl":"https:\/\/www.telam.com.ar\/thumbs\/bluesteel\/advf\/imagenes\/2022\/05\/62940aacd929e_900.jpg"},{"@type":"BreadcrumbList","@id":"https:\/\/www.noticiasradioreflejos.com.ar\/2021\/atacaron-a-la-gioconda-un-visitante-le-arrojo-un-trozo-de-torta-a-la-obra-mas-famosa-del-mundo\/#breadcrumb","itemListElement":[{"@type":"ListItem","position":1,"name":"Portada","item":"https:\/\/www.noticiasradioreflejos.com.ar\/2021\/"},{"@type":"ListItem","position":2,"name":"Atacaron a \u00abLa Gioconda\u00bb: un visitante le arroj\u00f3 un trozo de torta a la obra m\u00e1s famosa del mundo"}]},{"@type":"WebSite","@id":"https:\/\/www.noticiasradioreflejos.com.ar\/2021\/#website","url":"https:\/\/www.noticiasradioreflejos.com.ar\/2021\/","name":"Noticias Radio Reflejos","description":"Las noticias de mi comarca","potentialAction":[{"@type":"SearchAction","target":{"@type":"EntryPoint","urlTemplate":"https:\/\/www.noticiasradioreflejos.com.ar\/2021\/?s={search_term_string}"},"query-input":{"@type":"PropertyValueSpecification","valueRequired":true,"valueName":"search_term_string"}}],"inLanguage":"es"},{"@type":"Person","@id":"https:\/\/www.noticiasradioreflejos.com.ar\/2021\/#\/schema\/person\/ad82545263dcc5ec0996818884fd5fb1","name":"Arnaldo Botto","image":{"@type":"ImageObject","inLanguage":"es","@id":"https:\/\/www.noticiasradioreflejos.com.ar\/2021\/#\/schema\/person\/image\/","url":"https:\/\/secure.gravatar.com\/avatar\/55cb5e37c1efa326397366e6974cb338056df65cb50e7d64d1cf314e87504837?s=96&d=mm&r=g","contentUrl":"https:\/\/secure.gravatar.com\/avatar\/55cb5e37c1efa326397366e6974cb338056df65cb50e7d64d1cf314e87504837?s=96&d=mm&r=g","caption":"Arnaldo Botto"},"url":"https:\/\/www.noticiasradioreflejos.com.ar\/2021\/author\/arnaldo\/"}]}},"_links":{"self":[{"href":"https:\/\/www.noticiasradioreflejos.com.ar\/2021\/wp-json\/wp\/v2\/posts\/72832","targetHints":{"allow":["GET"]}}],"collection":[{"href":"https:\/\/www.noticiasradioreflejos.com.ar\/2021\/wp-json\/wp\/v2\/posts"}],"about":[{"href":"https:\/\/www.noticiasradioreflejos.com.ar\/2021\/wp-json\/wp\/v2\/types\/post"}],"author":[{"embeddable":true,"href":"https:\/\/www.noticiasradioreflejos.com.ar\/2021\/wp-json\/wp\/v2\/users\/3"}],"replies":[{"embeddable":true,"href":"https:\/\/www.noticiasradioreflejos.com.ar\/2021\/wp-json\/wp\/v2\/comments?post=72832"}],"version-history":[{"count":1,"href":"https:\/\/www.noticiasradioreflejos.com.ar\/2021\/wp-json\/wp\/v2\/posts\/72832\/revisions"}],"predecessor-version":[{"id":72834,"href":"https:\/\/www.noticiasradioreflejos.com.ar\/2021\/wp-json\/wp\/v2\/posts\/72832\/revisions\/72834"}],"wp:attachment":[{"href":"https:\/\/www.noticiasradioreflejos.com.ar\/2021\/wp-json\/wp\/v2\/media?parent=72832"}],"wp:term":[{"taxonomy":"category","embeddable":true,"href":"https:\/\/www.noticiasradioreflejos.com.ar\/2021\/wp-json\/wp\/v2\/categories?post=72832"},{"taxonomy":"post_tag","embeddable":true,"href":"https:\/\/www.noticiasradioreflejos.com.ar\/2021\/wp-json\/wp\/v2\/tags?post=72832"}],"curies":[{"name":"wp","href":"https:\/\/api.w.org\/{rel}","templated":true}]}}