{"id":72828,"date":"2022-05-29T11:50:51","date_gmt":"2022-05-29T11:50:51","guid":{"rendered":"http:\/\/www.noticiasradioreflejos.com.ar\/2021\/?p=72828"},"modified":"2022-05-29T11:50:51","modified_gmt":"2022-05-29T11:50:51","slug":"sergio-massa-ahora-vamos-por-el-alivio-a-autonomos-y-monotributistas","status":"publish","type":"post","link":"https:\/\/www.noticiasradioreflejos.com.ar\/2021\/sergio-massa-ahora-vamos-por-el-alivio-a-autonomos-y-monotributistas\/","title":{"rendered":"Sergio Massa: \u00abAhora vamos por el alivio a aut\u00f3nomos y monotributistas\u00bb-"},"content":{"rendered":"<p>\u00abEmpezamos a trabajar para que la semana que viene podamos tener una propuesta que alivie su situaci\u00f3n\u00bb, dijo que presidente de la C\u00e1mara de Diputados, quien asegur\u00f3 que los cambios en Ganancias apuntan a \u201cdefender el poder de compra de los salarios\u201d.<!--more--><\/p>\n<figure class=\"mb-3\"><img decoding=\"async\" src=\"https:\/\/www.telam.com.ar\/thumbs\/bluesteel\/advf\/imagenes\/2022\/05\/6273e672eab38_900.jpg\" alt=\"Massa sostuvo que el aumento del mnimo no imponible apunta a defender el poder de compra\" width=\"100%\" height=\"100%\" \/><\/p>\n<div class=\"media-icons\"><\/div><figcaption>Massa sostuvo que el aumento del m\u00ednimo no imponible apunta a defender el poder de compra.<\/figcaption><\/figure>\n<p>El presidente de la C\u00e1mara de Diputados,\u00a0<strong>Sergio Massa, sostuvo este s\u00e1bado que el aumento del m\u00ednimo no imponible del Impuesto a las Ganancias -anunciado el viernes- apunta a \u201cdefender el poder de compra de los salarios\u201d<\/strong>\u00a0y adelant\u00f3 que ya empezaron a \u00abtrabajar en una propuesta que alivie la situaci\u00f3n de los aut\u00f3nomos y monotributistas\u00bb.<\/p>\n<p>\u00abEl desaf\u00edo que nos planteamos es el de mejorar el ingreso, las paritarias mejoran el salario, pero este a\u00f1o tenemos que tratar que el ingreso real mejore, y tiene que estar acompa\u00f1ado de una mejor distribuci\u00f3n del ingreso\u201d, sostuvo Massa en declaraciones para Radio Mitre que realiz\u00f3 esta ma\u00f1ana.<\/p>\n<blockquote class=\"\"><p>\u00abEl objetivo del Gobierno Nacional es que el salario de los trabajadores \u00abno se se pierda al momento de pagar los impuestos al Estado\u00bb<\/p><\/blockquote>\n<p>En tanto, anunci\u00f3:\u00a0<strong>\u00abEmpezamos a trabajar el tema de aut\u00f3nomos y monotributistas para que la semana que viene podamos tener una propuesta que alivie su situaci\u00f3n. Lo charl\u00e9 con el Presidente\u201d.<\/strong><\/p>\n<p>El viernes, el Gobierno anunci\u00f3 la actualizaci\u00f3n del m\u00ednimo no imponible del Impuesto a las Ganancias, que, a partir del 1 de junio ser\u00e1 de $ 280.792 -frente a los $ 225.000 actuales- y anticip\u00f3 que el medio aguinaldo que trabajadores y trabajadoras perciban junto al sueldo de junio pr\u00f3ximo no estar\u00e1 alcanzando por el tributo.<\/p>\n<p>El ministro de Econom\u00eda, Mart\u00edn Guzm\u00e1n, formul\u00f3 el anuncio el viernes por la tarde en la explanada de la Casa de Gobierno, acompa\u00f1ado por Massa, y el cosecretario de la CGT, Hector Daer, tras una reuni\u00f3n encabezada por el presidente Alberto Fern\u00e1ndez.<\/p>\n<p>Sobre la medida, Massa se\u00f1al\u00f3 que\u00a0<strong>con la actualizaci\u00f3n se apunta a \u00abdefender el poder de compra de los salarios\u00bb<\/strong>\u00a0y confirm\u00f3 que quedar\u00e1 excluido del pago del impuesto a las Ganancias el medio aguinaldo que se percibir\u00e1 junto al sueldo de junio pr\u00f3ximo.<\/p>\n<blockquote class=\"\"><p>\u201cEl objetivo es que sigamos en 800.000 trabajadores alcanzados por el impuesto a las ganancias, que son los de mayores ingresos\u201d<\/p><\/blockquote>\n<p>\u201cEl objetivo es que sigamos en 800.000 trabajadores alcanzados por el impuesto a las ganancias, que son los de mayores ingresos\u201d, indic\u00f3 el dirigente del Frente Renovador.<\/p>\n<p>Asimismo, remarc\u00f3 que\u00a0<strong>el objetivo del Gobierno Nacional es que el salario de los trabajadores \u00abno se se pierda al momento de pagar los impuestos al Estado\u00bb<\/strong>\u00a0y sostuvo que \u00abel esfuerzo del trabajador es una remuneraci\u00f3n, no una ganancia\u201d.<\/p>\n<p>Finalmente, Massa consider\u00f3 que con esta medida \u201cse us\u00f3 bien la ley para facilitar la realidad de los trabajadores\u201d.<\/p>\n<p>\u201cNosotros entendemos que el salario no es ganancia, es remuneraci\u00f3n, y tenemos que acompa\u00f1ar con esfuerzo del Estado el desaf\u00edo que genera ir mejorando el ingreso mes a mes\u201d, concluy\u00f3.<\/p>\n","protected":false},"excerpt":{"rendered":"<p>\u00abEmpezamos a trabajar para que la semana que viene podamos tener una propuesta que alivie su situaci\u00f3n\u00bb, dijo que presidente de la C\u00e1mara de Diputados, quien asegur\u00f3 que los cambios en Ganancias apuntan a \u201cdefender el poder de compra de los salarios\u201d.<\/p>\n","protected":false},"author":3,"featured_media":0,"comment_status":"closed","ping_status":"closed","sticky":false,"template":"","format":"standard","meta":{"footnotes":""},"categories":[34,58,24],"tags":[],"class_list":["post-72828","post","type-post","status-publish","format-standard","hentry","category-educacion","category-gobierno","category-politica"],"yoast_head":"<!-- This site is optimized with the Yoast SEO plugin v25.9 - https:\/\/yoast.com\/wordpress\/plugins\/seo\/ -->\n<title>Sergio Massa: &quot;Ahora vamos por el alivio a aut\u00f3nomos y monotributistas&quot;- Noticias Radio Reflejos<\/title>\n<meta name=\"robots\" content=\"index, follow, max-snippet:-1, max-image-preview:large, max-video-preview:-1\" \/>\n<link rel=\"canonical\" href=\"https:\/\/www.noticiasradioreflejos.com.ar\/2021\/sergio-massa-ahora-vamos-por-el-alivio-a-autonomos-y-monotributistas\/\" \/>\n<meta property=\"og:locale\" content=\"es_ES\" \/>\n<meta property=\"og:type\" content=\"article\" \/>\n<meta property=\"og:title\" content=\"Sergio Massa: &quot;Ahora vamos por el alivio a aut\u00f3nomos y monotributistas&quot;- Noticias Radio Reflejos\" \/>\n<meta property=\"og:description\" content=\"\u00abEmpezamos a trabajar para que la semana que viene podamos tener una propuesta que alivie su situaci\u00f3n\u00bb, dijo que presidente de la C\u00e1mara de Diputados, quien asegur\u00f3 que los cambios en Ganancias apuntan a \u201cdefender el poder de compra de los salarios\u201d.\" \/>\n<meta property=\"og:url\" content=\"https:\/\/www.noticiasradioreflejos.com.ar\/2021\/sergio-massa-ahora-vamos-por-el-alivio-a-autonomos-y-monotributistas\/\" \/>\n<meta property=\"og:site_name\" content=\"Noticias Radio Reflejos\" \/>\n<meta property=\"article:published_time\" content=\"2022-05-29T11:50:51+00:00\" \/>\n<meta property=\"og:image\" content=\"https:\/\/www.telam.com.ar\/thumbs\/bluesteel\/advf\/imagenes\/2022\/05\/6273e672eab38_900.jpg\" \/>\n<meta name=\"author\" content=\"Arnaldo Botto\" \/>\n<meta name=\"twitter:card\" content=\"summary_large_image\" \/>\n<script type=\"application\/ld+json\" class=\"yoast-schema-graph\">{\"@context\":\"https:\/\/schema.org\",\"@graph\":[{\"@type\":\"WebPage\",\"@id\":\"https:\/\/www.noticiasradioreflejos.com.ar\/2021\/sergio-massa-ahora-vamos-por-el-alivio-a-autonomos-y-monotributistas\/\",\"url\":\"https:\/\/www.noticiasradioreflejos.com.ar\/2021\/sergio-massa-ahora-vamos-por-el-alivio-a-autonomos-y-monotributistas\/\",\"name\":\"Sergio Massa: \\\"Ahora vamos por el alivio a aut\u00f3nomos y monotributistas\\\"- Noticias Radio Reflejos\",\"isPartOf\":{\"@id\":\"https:\/\/www.noticiasradioreflejos.com.ar\/2021\/#website\"},\"primaryImageOfPage\":{\"@id\":\"https:\/\/www.noticiasradioreflejos.com.ar\/2021\/sergio-massa-ahora-vamos-por-el-alivio-a-autonomos-y-monotributistas\/#primaryimage\"},\"image\":{\"@id\":\"https:\/\/www.noticiasradioreflejos.com.ar\/2021\/sergio-massa-ahora-vamos-por-el-alivio-a-autonomos-y-monotributistas\/#primaryimage\"},\"thumbnailUrl\":\"https:\/\/www.telam.com.ar\/thumbs\/bluesteel\/advf\/imagenes\/2022\/05\/6273e672eab38_900.jpg\",\"datePublished\":\"2022-05-29T11:50:51+00:00\",\"author\":{\"@id\":\"https:\/\/www.noticiasradioreflejos.com.ar\/2021\/#\/schema\/person\/ad82545263dcc5ec0996818884fd5fb1\"},\"breadcrumb\":{\"@id\":\"https:\/\/www.noticiasradioreflejos.com.ar\/2021\/sergio-massa-ahora-vamos-por-el-alivio-a-autonomos-y-monotributistas\/#breadcrumb\"},\"inLanguage\":\"es\",\"potentialAction\":[{\"@type\":\"ReadAction\",\"target\":[\"https:\/\/www.noticiasradioreflejos.com.ar\/2021\/sergio-massa-ahora-vamos-por-el-alivio-a-autonomos-y-monotributistas\/\"]}]},{\"@type\":\"ImageObject\",\"inLanguage\":\"es\",\"@id\":\"https:\/\/www.noticiasradioreflejos.com.ar\/2021\/sergio-massa-ahora-vamos-por-el-alivio-a-autonomos-y-monotributistas\/#primaryimage\",\"url\":\"https:\/\/www.telam.com.ar\/thumbs\/bluesteel\/advf\/imagenes\/2022\/05\/6273e672eab38_900.jpg\",\"contentUrl\":\"https:\/\/www.telam.com.ar\/thumbs\/bluesteel\/advf\/imagenes\/2022\/05\/6273e672eab38_900.jpg\"},{\"@type\":\"BreadcrumbList\",\"@id\":\"https:\/\/www.noticiasradioreflejos.com.ar\/2021\/sergio-massa-ahora-vamos-por-el-alivio-a-autonomos-y-monotributistas\/#breadcrumb\",\"itemListElement\":[{\"@type\":\"ListItem\",\"position\":1,\"name\":\"Portada\",\"item\":\"https:\/\/www.noticiasradioreflejos.com.ar\/2021\/\"},{\"@type\":\"ListItem\",\"position\":2,\"name\":\"Sergio Massa: \u00abAhora vamos por el alivio a aut\u00f3nomos y monotributistas\u00bb-\"}]},{\"@type\":\"WebSite\",\"@id\":\"https:\/\/www.noticiasradioreflejos.com.ar\/2021\/#website\",\"url\":\"https:\/\/www.noticiasradioreflejos.com.ar\/2021\/\",\"name\":\"Noticias Radio Reflejos\",\"description\":\"Las noticias de mi comarca\",\"potentialAction\":[{\"@type\":\"SearchAction\",\"target\":{\"@type\":\"EntryPoint\",\"urlTemplate\":\"https:\/\/www.noticiasradioreflejos.com.ar\/2021\/?s={search_term_string}\"},\"query-input\":{\"@type\":\"PropertyValueSpecification\",\"valueRequired\":true,\"valueName\":\"search_term_string\"}}],\"inLanguage\":\"es\"},{\"@type\":\"Person\",\"@id\":\"https:\/\/www.noticiasradioreflejos.com.ar\/2021\/#\/schema\/person\/ad82545263dcc5ec0996818884fd5fb1\",\"name\":\"Arnaldo Botto\",\"image\":{\"@type\":\"ImageObject\",\"inLanguage\":\"es\",\"@id\":\"https:\/\/www.noticiasradioreflejos.com.ar\/2021\/#\/schema\/person\/image\/\",\"url\":\"https:\/\/secure.gravatar.com\/avatar\/55cb5e37c1efa326397366e6974cb338056df65cb50e7d64d1cf314e87504837?s=96&d=mm&r=g\",\"contentUrl\":\"https:\/\/secure.gravatar.com\/avatar\/55cb5e37c1efa326397366e6974cb338056df65cb50e7d64d1cf314e87504837?s=96&d=mm&r=g\",\"caption\":\"Arnaldo Botto\"},\"url\":\"https:\/\/www.noticiasradioreflejos.com.ar\/2021\/author\/arnaldo\/\"}]}<\/script>\n<!-- \/ Yoast SEO plugin. -->","yoast_head_json":{"title":"Sergio Massa: \"Ahora vamos por el alivio a aut\u00f3nomos y monotributistas\"- Noticias Radio Reflejos","robots":{"index":"index","follow":"follow","max-snippet":"max-snippet:-1","max-image-preview":"max-image-preview:large","max-video-preview":"max-video-preview:-1"},"canonical":"https:\/\/www.noticiasradioreflejos.com.ar\/2021\/sergio-massa-ahora-vamos-por-el-alivio-a-autonomos-y-monotributistas\/","og_locale":"es_ES","og_type":"article","og_title":"Sergio Massa: \"Ahora vamos por el alivio a aut\u00f3nomos y monotributistas\"- Noticias Radio Reflejos","og_description":"\u00abEmpezamos a trabajar para que la semana que viene podamos tener una propuesta que alivie su situaci\u00f3n\u00bb, dijo que presidente de la C\u00e1mara de Diputados, quien asegur\u00f3 que los cambios en Ganancias apuntan a \u201cdefender el poder de compra de los salarios\u201d.","og_url":"https:\/\/www.noticiasradioreflejos.com.ar\/2021\/sergio-massa-ahora-vamos-por-el-alivio-a-autonomos-y-monotributistas\/","og_site_name":"Noticias Radio Reflejos","article_published_time":"2022-05-29T11:50:51+00:00","og_image":[{"url":"https:\/\/www.telam.com.ar\/thumbs\/bluesteel\/advf\/imagenes\/2022\/05\/6273e672eab38_900.jpg","type":"","width":"","height":""}],"author":"Arnaldo Botto","twitter_card":"summary_large_image","schema":{"@context":"https:\/\/schema.org","@graph":[{"@type":"WebPage","@id":"https:\/\/www.noticiasradioreflejos.com.ar\/2021\/sergio-massa-ahora-vamos-por-el-alivio-a-autonomos-y-monotributistas\/","url":"https:\/\/www.noticiasradioreflejos.com.ar\/2021\/sergio-massa-ahora-vamos-por-el-alivio-a-autonomos-y-monotributistas\/","name":"Sergio Massa: \"Ahora vamos por el alivio a aut\u00f3nomos y monotributistas\"- Noticias Radio Reflejos","isPartOf":{"@id":"https:\/\/www.noticiasradioreflejos.com.ar\/2021\/#website"},"primaryImageOfPage":{"@id":"https:\/\/www.noticiasradioreflejos.com.ar\/2021\/sergio-massa-ahora-vamos-por-el-alivio-a-autonomos-y-monotributistas\/#primaryimage"},"image":{"@id":"https:\/\/www.noticiasradioreflejos.com.ar\/2021\/sergio-massa-ahora-vamos-por-el-alivio-a-autonomos-y-monotributistas\/#primaryimage"},"thumbnailUrl":"https:\/\/www.telam.com.ar\/thumbs\/bluesteel\/advf\/imagenes\/2022\/05\/6273e672eab38_900.jpg","datePublished":"2022-05-29T11:50:51+00:00","author":{"@id":"https:\/\/www.noticiasradioreflejos.com.ar\/2021\/#\/schema\/person\/ad82545263dcc5ec0996818884fd5fb1"},"breadcrumb":{"@id":"https:\/\/www.noticiasradioreflejos.com.ar\/2021\/sergio-massa-ahora-vamos-por-el-alivio-a-autonomos-y-monotributistas\/#breadcrumb"},"inLanguage":"es","potentialAction":[{"@type":"ReadAction","target":["https:\/\/www.noticiasradioreflejos.com.ar\/2021\/sergio-massa-ahora-vamos-por-el-alivio-a-autonomos-y-monotributistas\/"]}]},{"@type":"ImageObject","inLanguage":"es","@id":"https:\/\/www.noticiasradioreflejos.com.ar\/2021\/sergio-massa-ahora-vamos-por-el-alivio-a-autonomos-y-monotributistas\/#primaryimage","url":"https:\/\/www.telam.com.ar\/thumbs\/bluesteel\/advf\/imagenes\/2022\/05\/6273e672eab38_900.jpg","contentUrl":"https:\/\/www.telam.com.ar\/thumbs\/bluesteel\/advf\/imagenes\/2022\/05\/6273e672eab38_900.jpg"},{"@type":"BreadcrumbList","@id":"https:\/\/www.noticiasradioreflejos.com.ar\/2021\/sergio-massa-ahora-vamos-por-el-alivio-a-autonomos-y-monotributistas\/#breadcrumb","itemListElement":[{"@type":"ListItem","position":1,"name":"Portada","item":"https:\/\/www.noticiasradioreflejos.com.ar\/2021\/"},{"@type":"ListItem","position":2,"name":"Sergio Massa: \u00abAhora vamos por el alivio a aut\u00f3nomos y monotributistas\u00bb-"}]},{"@type":"WebSite","@id":"https:\/\/www.noticiasradioreflejos.com.ar\/2021\/#website","url":"https:\/\/www.noticiasradioreflejos.com.ar\/2021\/","name":"Noticias Radio Reflejos","description":"Las noticias de mi comarca","potentialAction":[{"@type":"SearchAction","target":{"@type":"EntryPoint","urlTemplate":"https:\/\/www.noticiasradioreflejos.com.ar\/2021\/?s={search_term_string}"},"query-input":{"@type":"PropertyValueSpecification","valueRequired":true,"valueName":"search_term_string"}}],"inLanguage":"es"},{"@type":"Person","@id":"https:\/\/www.noticiasradioreflejos.com.ar\/2021\/#\/schema\/person\/ad82545263dcc5ec0996818884fd5fb1","name":"Arnaldo Botto","image":{"@type":"ImageObject","inLanguage":"es","@id":"https:\/\/www.noticiasradioreflejos.com.ar\/2021\/#\/schema\/person\/image\/","url":"https:\/\/secure.gravatar.com\/avatar\/55cb5e37c1efa326397366e6974cb338056df65cb50e7d64d1cf314e87504837?s=96&d=mm&r=g","contentUrl":"https:\/\/secure.gravatar.com\/avatar\/55cb5e37c1efa326397366e6974cb338056df65cb50e7d64d1cf314e87504837?s=96&d=mm&r=g","caption":"Arnaldo Botto"},"url":"https:\/\/www.noticiasradioreflejos.com.ar\/2021\/author\/arnaldo\/"}]}},"_links":{"self":[{"href":"https:\/\/www.noticiasradioreflejos.com.ar\/2021\/wp-json\/wp\/v2\/posts\/72828","targetHints":{"allow":["GET"]}}],"collection":[{"href":"https:\/\/www.noticiasradioreflejos.com.ar\/2021\/wp-json\/wp\/v2\/posts"}],"about":[{"href":"https:\/\/www.noticiasradioreflejos.com.ar\/2021\/wp-json\/wp\/v2\/types\/post"}],"author":[{"embeddable":true,"href":"https:\/\/www.noticiasradioreflejos.com.ar\/2021\/wp-json\/wp\/v2\/users\/3"}],"replies":[{"embeddable":true,"href":"https:\/\/www.noticiasradioreflejos.com.ar\/2021\/wp-json\/wp\/v2\/comments?post=72828"}],"version-history":[{"count":1,"href":"https:\/\/www.noticiasradioreflejos.com.ar\/2021\/wp-json\/wp\/v2\/posts\/72828\/revisions"}],"predecessor-version":[{"id":72830,"href":"https:\/\/www.noticiasradioreflejos.com.ar\/2021\/wp-json\/wp\/v2\/posts\/72828\/revisions\/72830"}],"wp:attachment":[{"href":"https:\/\/www.noticiasradioreflejos.com.ar\/2021\/wp-json\/wp\/v2\/media?parent=72828"}],"wp:term":[{"taxonomy":"category","embeddable":true,"href":"https:\/\/www.noticiasradioreflejos.com.ar\/2021\/wp-json\/wp\/v2\/categories?post=72828"},{"taxonomy":"post_tag","embeddable":true,"href":"https:\/\/www.noticiasradioreflejos.com.ar\/2021\/wp-json\/wp\/v2\/tags?post=72828"}],"curies":[{"name":"wp","href":"https:\/\/api.w.org\/{rel}","templated":true}]}}