{"id":72822,"date":"2022-05-29T11:43:56","date_gmt":"2022-05-29T11:43:56","guid":{"rendered":"http:\/\/www.noticiasradioreflejos.com.ar\/2021\/?p=72822"},"modified":"2022-05-29T11:43:56","modified_gmt":"2022-05-29T11:43:56","slug":"schwartzman-juega-contra-djovokic-por-los-octavos-de-final-de-roland-garros","status":"publish","type":"post","link":"https:\/\/www.noticiasradioreflejos.com.ar\/2021\/schwartzman-juega-contra-djovokic-por-los-octavos-de-final-de-roland-garros\/","title":{"rendered":"Schwartzman juega contra Djovokic por los octavos de final de Roland Garros"},"content":{"rendered":"<div class=\"wrapper-header\">\n<div class=\"container-xl\">\n<div class=\"row\">\n<div class=\"col-12\">\n<div class=\"head-content mb-4\">\n<p class=\" speak\">El partido entre el argentino y el serbio ser\u00e1 el segundo de la jornada que comenz\u00f3 a las 6 con el cruce entre la italiana Martina Trevisan (59) y la bielorrusa Aliaksandra Sasnovich (47).<\/p>\n<\/div>\n<\/div>\n<\/div>\n<\/div>\n<\/div>\n<p><!--more--><\/p>\n<div class=\"wrapper-editable-content\">\n<div class=\"wrapper-info-note\">\n<div class=\"col-md-12\">\n<div class=\"wrapper-author-social\">\n<div class=\"author-box mb-4\">\n<div class=\"info\">\n<div class=\"time\"><\/div>\n<\/div>\n<\/div>\n<\/div>\n<\/div>\n<\/div>\n<div>\n<div class=\"wrapper-editable-content\">\n<div>\n<div class=\"container-md\">\n<div class=\"row\">\n<div class=\"col-md-12 speak\">\n<div class=\"paragraph\">\n<figure class=\"mb-3\"><img decoding=\"async\" src=\"https:\/\/www.telam.com.ar\/thumbs\/bluesteel\/advf\/imagenes\/2022\/05\/629356e890773_900.jpg\" alt=\"El ganador del partido entre Schwartzman y Djokovic jugar en cuartos de final ante el espaol Rafael Nadal 5 o el canadiense Flix Auger Aliassime 9\" width=\"100%\" height=\"100%\" \/><\/p>\n<div class=\"media-icons\"><\/div><figcaption>El ganador del partido entre Schwartzman y Djokovic jugar\u00e1 en cuartos de final ante el espa\u00f1ol Rafael Nadal (5) o el canadiense F\u00e9lix Auger Aliassime (9).<\/figcaption><\/figure>\n<p>El tenista argentino Diego Schwartzman asumir\u00e1 este domingo un dificil\u00edsimo desaf\u00edo en Roland Garros cuando enfrente por los octavos de final al serbio Novak Djokovic, m\u00e1ximo favorito y actual campe\u00f3n del Grand Slam franc\u00e9s.<\/p>\n<p>El \u00abPeque\u00bb Schwartzman,\u00a0<strong>ubicado en el puesto 16 del ranking mundial\u00a0<\/strong>de la ATP, se medir\u00e1 con Djokovic (1) en la cancha Suzanne Lenglen del complejo parisino ubicado en Bois de Boulogne, en un partido que ser\u00e1 televisado por ESPN y la plataforma Star+.<\/p>\n<p>El partido entre el argentino y el serbio ser\u00e1 el segundo de la jornada que comenz\u00f3 a las 6 con el cruce entre la italiana Martina Trevisan (59) y la bielorrusa Aliaksandra Sasnovich (47).<\/p>\n<p><strong>El argentino, de 29 a\u00f1os, intentar\u00e1 ganarle por primera vez a un \u00abNole\u00bb que parece decidido a retener el t\u00edtulo<\/strong>\u00a0y alcanzar la cifra de 21 Grand Slam ganados, eso le permitir\u00eda igualar al due\u00f1o del r\u00e9cord, el espa\u00f1ol Rafael Nadal, y a su vez pasar al suizo Roger Federer, tambi\u00e9n con 20 \u00abMajors\u00bb en su colecci\u00f3n.<\/p>\n<p>Schwartzman protagoniza en Par\u00eds su cuarto acceso a los octavos de final de Roland Garros en los \u00faltimos cinco a\u00f1os, con los puntos altos de las semifinales de 2020 y los cuartos de final de 2021, en ambas ocasiones vencido por \u00abRafa\u00bb Nadal.<\/p>\n<p>En los antecedentes Djokovic lleva todas las de ganar, de hecho venci\u00f3 al argentino las seis veces que estuvieron frente a frente: US Open 2014, Roland Garros 2017, Roma 2019 y 2020 en la final, Australia 2020 y el mismo a\u00f1o en la fase de grupos del Masters jugado en Londres.<\/p>\n<p><strong>El ganador del partido entre Schwartzman y Djokovic jugar\u00e1 en cuartos de final ante el espa\u00f1ol Rafael Nadal (5) o el canadiense F\u00e9lix Auger Aliassime (9).<\/strong><\/p>\n<p>\u00abRafa\u00bb Nadal, 13 veces campe\u00f3n en Roland Garros, enfrentar\u00e1 al canadiense este domingo no antes de las 10 en el tercer turno de la programaci\u00f3n de la cancha central Philippe Chatrier.<\/p>\n<p>Otros partidos atractivos que propone el domingo en Par\u00eds son los que animar\u00e1n el espa\u00f1ol Carlos Alcaraz (6) con el ruso Karen Khachanov (25) y el alem\u00e1n Alexander Zverev (3) frente al sorprendente espa\u00f1ol Bernab\u00e9 Zapata Miralles (131), quien atraves\u00f3 la clasificaci\u00f3n y se dio el gusto de ganar tres partidos.<\/p><\/div>\n<\/div>\n<\/div>\n<\/div>\n<\/div>\n<\/div>\n<\/div>\n<\/div>\n","protected":false},"excerpt":{"rendered":"<p>El partido entre el argentino y el serbio ser\u00e1 el segundo de la jornada que comenz\u00f3 a las 6 con el cruce entre la italiana Martina Trevisan (59) y la bielorrusa Aliaksandra Sasnovich (47).<\/p>\n","protected":false},"author":3,"featured_media":0,"comment_status":"closed","ping_status":"closed","sticky":false,"template":"","format":"standard","meta":{"footnotes":""},"categories":[1],"tags":[],"class_list":["post-72822","post","type-post","status-publish","format-standard","hentry","category-sin-categoria"],"yoast_head":"<!-- This site is optimized with the Yoast SEO plugin v25.9 - https:\/\/yoast.com\/wordpress\/plugins\/seo\/ -->\n<title>Schwartzman juega contra Djovokic por los octavos de final de Roland Garros - Noticias Radio Reflejos<\/title>\n<meta name=\"robots\" content=\"index, follow, max-snippet:-1, max-image-preview:large, max-video-preview:-1\" \/>\n<link rel=\"canonical\" href=\"https:\/\/www.noticiasradioreflejos.com.ar\/2021\/schwartzman-juega-contra-djovokic-por-los-octavos-de-final-de-roland-garros\/\" \/>\n<meta property=\"og:locale\" content=\"es_ES\" \/>\n<meta property=\"og:type\" content=\"article\" \/>\n<meta property=\"og:title\" content=\"Schwartzman juega contra Djovokic por los octavos de final de Roland Garros - Noticias Radio Reflejos\" \/>\n<meta property=\"og:description\" content=\"El partido entre el argentino y el serbio ser\u00e1 el segundo de la jornada que comenz\u00f3 a las 6 con el cruce entre la italiana Martina Trevisan (59) y la bielorrusa Aliaksandra Sasnovich (47).\" \/>\n<meta property=\"og:url\" content=\"https:\/\/www.noticiasradioreflejos.com.ar\/2021\/schwartzman-juega-contra-djovokic-por-los-octavos-de-final-de-roland-garros\/\" \/>\n<meta property=\"og:site_name\" content=\"Noticias Radio Reflejos\" \/>\n<meta property=\"article:published_time\" content=\"2022-05-29T11:43:56+00:00\" \/>\n<meta property=\"og:image\" content=\"https:\/\/www.telam.com.ar\/thumbs\/bluesteel\/advf\/imagenes\/2022\/05\/629356e890773_900.jpg\" \/>\n<meta name=\"author\" content=\"Arnaldo Botto\" \/>\n<meta name=\"twitter:card\" content=\"summary_large_image\" \/>\n<script type=\"application\/ld+json\" class=\"yoast-schema-graph\">{\"@context\":\"https:\/\/schema.org\",\"@graph\":[{\"@type\":\"WebPage\",\"@id\":\"https:\/\/www.noticiasradioreflejos.com.ar\/2021\/schwartzman-juega-contra-djovokic-por-los-octavos-de-final-de-roland-garros\/\",\"url\":\"https:\/\/www.noticiasradioreflejos.com.ar\/2021\/schwartzman-juega-contra-djovokic-por-los-octavos-de-final-de-roland-garros\/\",\"name\":\"Schwartzman juega contra Djovokic por los octavos de final de Roland Garros - Noticias Radio Reflejos\",\"isPartOf\":{\"@id\":\"https:\/\/www.noticiasradioreflejos.com.ar\/2021\/#website\"},\"primaryImageOfPage\":{\"@id\":\"https:\/\/www.noticiasradioreflejos.com.ar\/2021\/schwartzman-juega-contra-djovokic-por-los-octavos-de-final-de-roland-garros\/#primaryimage\"},\"image\":{\"@id\":\"https:\/\/www.noticiasradioreflejos.com.ar\/2021\/schwartzman-juega-contra-djovokic-por-los-octavos-de-final-de-roland-garros\/#primaryimage\"},\"thumbnailUrl\":\"https:\/\/www.telam.com.ar\/thumbs\/bluesteel\/advf\/imagenes\/2022\/05\/629356e890773_900.jpg\",\"datePublished\":\"2022-05-29T11:43:56+00:00\",\"author\":{\"@id\":\"https:\/\/www.noticiasradioreflejos.com.ar\/2021\/#\/schema\/person\/ad82545263dcc5ec0996818884fd5fb1\"},\"breadcrumb\":{\"@id\":\"https:\/\/www.noticiasradioreflejos.com.ar\/2021\/schwartzman-juega-contra-djovokic-por-los-octavos-de-final-de-roland-garros\/#breadcrumb\"},\"inLanguage\":\"es\",\"potentialAction\":[{\"@type\":\"ReadAction\",\"target\":[\"https:\/\/www.noticiasradioreflejos.com.ar\/2021\/schwartzman-juega-contra-djovokic-por-los-octavos-de-final-de-roland-garros\/\"]}]},{\"@type\":\"ImageObject\",\"inLanguage\":\"es\",\"@id\":\"https:\/\/www.noticiasradioreflejos.com.ar\/2021\/schwartzman-juega-contra-djovokic-por-los-octavos-de-final-de-roland-garros\/#primaryimage\",\"url\":\"https:\/\/www.telam.com.ar\/thumbs\/bluesteel\/advf\/imagenes\/2022\/05\/629356e890773_900.jpg\",\"contentUrl\":\"https:\/\/www.telam.com.ar\/thumbs\/bluesteel\/advf\/imagenes\/2022\/05\/629356e890773_900.jpg\"},{\"@type\":\"BreadcrumbList\",\"@id\":\"https:\/\/www.noticiasradioreflejos.com.ar\/2021\/schwartzman-juega-contra-djovokic-por-los-octavos-de-final-de-roland-garros\/#breadcrumb\",\"itemListElement\":[{\"@type\":\"ListItem\",\"position\":1,\"name\":\"Portada\",\"item\":\"https:\/\/www.noticiasradioreflejos.com.ar\/2021\/\"},{\"@type\":\"ListItem\",\"position\":2,\"name\":\"Schwartzman juega contra Djovokic por los octavos de final de Roland Garros\"}]},{\"@type\":\"WebSite\",\"@id\":\"https:\/\/www.noticiasradioreflejos.com.ar\/2021\/#website\",\"url\":\"https:\/\/www.noticiasradioreflejos.com.ar\/2021\/\",\"name\":\"Noticias Radio Reflejos\",\"description\":\"Las noticias de mi comarca\",\"potentialAction\":[{\"@type\":\"SearchAction\",\"target\":{\"@type\":\"EntryPoint\",\"urlTemplate\":\"https:\/\/www.noticiasradioreflejos.com.ar\/2021\/?s={search_term_string}\"},\"query-input\":{\"@type\":\"PropertyValueSpecification\",\"valueRequired\":true,\"valueName\":\"search_term_string\"}}],\"inLanguage\":\"es\"},{\"@type\":\"Person\",\"@id\":\"https:\/\/www.noticiasradioreflejos.com.ar\/2021\/#\/schema\/person\/ad82545263dcc5ec0996818884fd5fb1\",\"name\":\"Arnaldo Botto\",\"image\":{\"@type\":\"ImageObject\",\"inLanguage\":\"es\",\"@id\":\"https:\/\/www.noticiasradioreflejos.com.ar\/2021\/#\/schema\/person\/image\/\",\"url\":\"https:\/\/secure.gravatar.com\/avatar\/55cb5e37c1efa326397366e6974cb338056df65cb50e7d64d1cf314e87504837?s=96&d=mm&r=g\",\"contentUrl\":\"https:\/\/secure.gravatar.com\/avatar\/55cb5e37c1efa326397366e6974cb338056df65cb50e7d64d1cf314e87504837?s=96&d=mm&r=g\",\"caption\":\"Arnaldo Botto\"},\"url\":\"https:\/\/www.noticiasradioreflejos.com.ar\/2021\/author\/arnaldo\/\"}]}<\/script>\n<!-- \/ Yoast SEO plugin. -->","yoast_head_json":{"title":"Schwartzman juega contra Djovokic por los octavos de final de Roland Garros - Noticias Radio Reflejos","robots":{"index":"index","follow":"follow","max-snippet":"max-snippet:-1","max-image-preview":"max-image-preview:large","max-video-preview":"max-video-preview:-1"},"canonical":"https:\/\/www.noticiasradioreflejos.com.ar\/2021\/schwartzman-juega-contra-djovokic-por-los-octavos-de-final-de-roland-garros\/","og_locale":"es_ES","og_type":"article","og_title":"Schwartzman juega contra Djovokic por los octavos de final de Roland Garros - Noticias Radio Reflejos","og_description":"El partido entre el argentino y el serbio ser\u00e1 el segundo de la jornada que comenz\u00f3 a las 6 con el cruce entre la italiana Martina Trevisan (59) y la bielorrusa Aliaksandra Sasnovich (47).","og_url":"https:\/\/www.noticiasradioreflejos.com.ar\/2021\/schwartzman-juega-contra-djovokic-por-los-octavos-de-final-de-roland-garros\/","og_site_name":"Noticias Radio Reflejos","article_published_time":"2022-05-29T11:43:56+00:00","og_image":[{"url":"https:\/\/www.telam.com.ar\/thumbs\/bluesteel\/advf\/imagenes\/2022\/05\/629356e890773_900.jpg","type":"","width":"","height":""}],"author":"Arnaldo Botto","twitter_card":"summary_large_image","schema":{"@context":"https:\/\/schema.org","@graph":[{"@type":"WebPage","@id":"https:\/\/www.noticiasradioreflejos.com.ar\/2021\/schwartzman-juega-contra-djovokic-por-los-octavos-de-final-de-roland-garros\/","url":"https:\/\/www.noticiasradioreflejos.com.ar\/2021\/schwartzman-juega-contra-djovokic-por-los-octavos-de-final-de-roland-garros\/","name":"Schwartzman juega contra Djovokic por los octavos de final de Roland Garros - Noticias Radio Reflejos","isPartOf":{"@id":"https:\/\/www.noticiasradioreflejos.com.ar\/2021\/#website"},"primaryImageOfPage":{"@id":"https:\/\/www.noticiasradioreflejos.com.ar\/2021\/schwartzman-juega-contra-djovokic-por-los-octavos-de-final-de-roland-garros\/#primaryimage"},"image":{"@id":"https:\/\/www.noticiasradioreflejos.com.ar\/2021\/schwartzman-juega-contra-djovokic-por-los-octavos-de-final-de-roland-garros\/#primaryimage"},"thumbnailUrl":"https:\/\/www.telam.com.ar\/thumbs\/bluesteel\/advf\/imagenes\/2022\/05\/629356e890773_900.jpg","datePublished":"2022-05-29T11:43:56+00:00","author":{"@id":"https:\/\/www.noticiasradioreflejos.com.ar\/2021\/#\/schema\/person\/ad82545263dcc5ec0996818884fd5fb1"},"breadcrumb":{"@id":"https:\/\/www.noticiasradioreflejos.com.ar\/2021\/schwartzman-juega-contra-djovokic-por-los-octavos-de-final-de-roland-garros\/#breadcrumb"},"inLanguage":"es","potentialAction":[{"@type":"ReadAction","target":["https:\/\/www.noticiasradioreflejos.com.ar\/2021\/schwartzman-juega-contra-djovokic-por-los-octavos-de-final-de-roland-garros\/"]}]},{"@type":"ImageObject","inLanguage":"es","@id":"https:\/\/www.noticiasradioreflejos.com.ar\/2021\/schwartzman-juega-contra-djovokic-por-los-octavos-de-final-de-roland-garros\/#primaryimage","url":"https:\/\/www.telam.com.ar\/thumbs\/bluesteel\/advf\/imagenes\/2022\/05\/629356e890773_900.jpg","contentUrl":"https:\/\/www.telam.com.ar\/thumbs\/bluesteel\/advf\/imagenes\/2022\/05\/629356e890773_900.jpg"},{"@type":"BreadcrumbList","@id":"https:\/\/www.noticiasradioreflejos.com.ar\/2021\/schwartzman-juega-contra-djovokic-por-los-octavos-de-final-de-roland-garros\/#breadcrumb","itemListElement":[{"@type":"ListItem","position":1,"name":"Portada","item":"https:\/\/www.noticiasradioreflejos.com.ar\/2021\/"},{"@type":"ListItem","position":2,"name":"Schwartzman juega contra Djovokic por los octavos de final de Roland Garros"}]},{"@type":"WebSite","@id":"https:\/\/www.noticiasradioreflejos.com.ar\/2021\/#website","url":"https:\/\/www.noticiasradioreflejos.com.ar\/2021\/","name":"Noticias Radio Reflejos","description":"Las noticias de mi comarca","potentialAction":[{"@type":"SearchAction","target":{"@type":"EntryPoint","urlTemplate":"https:\/\/www.noticiasradioreflejos.com.ar\/2021\/?s={search_term_string}"},"query-input":{"@type":"PropertyValueSpecification","valueRequired":true,"valueName":"search_term_string"}}],"inLanguage":"es"},{"@type":"Person","@id":"https:\/\/www.noticiasradioreflejos.com.ar\/2021\/#\/schema\/person\/ad82545263dcc5ec0996818884fd5fb1","name":"Arnaldo Botto","image":{"@type":"ImageObject","inLanguage":"es","@id":"https:\/\/www.noticiasradioreflejos.com.ar\/2021\/#\/schema\/person\/image\/","url":"https:\/\/secure.gravatar.com\/avatar\/55cb5e37c1efa326397366e6974cb338056df65cb50e7d64d1cf314e87504837?s=96&d=mm&r=g","contentUrl":"https:\/\/secure.gravatar.com\/avatar\/55cb5e37c1efa326397366e6974cb338056df65cb50e7d64d1cf314e87504837?s=96&d=mm&r=g","caption":"Arnaldo Botto"},"url":"https:\/\/www.noticiasradioreflejos.com.ar\/2021\/author\/arnaldo\/"}]}},"_links":{"self":[{"href":"https:\/\/www.noticiasradioreflejos.com.ar\/2021\/wp-json\/wp\/v2\/posts\/72822","targetHints":{"allow":["GET"]}}],"collection":[{"href":"https:\/\/www.noticiasradioreflejos.com.ar\/2021\/wp-json\/wp\/v2\/posts"}],"about":[{"href":"https:\/\/www.noticiasradioreflejos.com.ar\/2021\/wp-json\/wp\/v2\/types\/post"}],"author":[{"embeddable":true,"href":"https:\/\/www.noticiasradioreflejos.com.ar\/2021\/wp-json\/wp\/v2\/users\/3"}],"replies":[{"embeddable":true,"href":"https:\/\/www.noticiasradioreflejos.com.ar\/2021\/wp-json\/wp\/v2\/comments?post=72822"}],"version-history":[{"count":1,"href":"https:\/\/www.noticiasradioreflejos.com.ar\/2021\/wp-json\/wp\/v2\/posts\/72822\/revisions"}],"predecessor-version":[{"id":72824,"href":"https:\/\/www.noticiasradioreflejos.com.ar\/2021\/wp-json\/wp\/v2\/posts\/72822\/revisions\/72824"}],"wp:attachment":[{"href":"https:\/\/www.noticiasradioreflejos.com.ar\/2021\/wp-json\/wp\/v2\/media?parent=72822"}],"wp:term":[{"taxonomy":"category","embeddable":true,"href":"https:\/\/www.noticiasradioreflejos.com.ar\/2021\/wp-json\/wp\/v2\/categories?post=72822"},{"taxonomy":"post_tag","embeddable":true,"href":"https:\/\/www.noticiasradioreflejos.com.ar\/2021\/wp-json\/wp\/v2\/tags?post=72822"}],"curies":[{"name":"wp","href":"https:\/\/api.w.org\/{rel}","templated":true}]}}