{"id":72819,"date":"2022-05-29T11:41:31","date_gmt":"2022-05-29T11:41:31","guid":{"rendered":"http:\/\/www.noticiasradioreflejos.com.ar\/2021\/?p=72819"},"modified":"2022-05-29T11:41:31","modified_gmt":"2022-05-29T11:41:31","slug":"la-conae-celebra-31-anos-y-trabaja-en-un-lanzador-que-consolide-el-acceso-al-espacio-para-argentina","status":"publish","type":"post","link":"https:\/\/www.noticiasradioreflejos.com.ar\/2021\/la-conae-celebra-31-anos-y-trabaja-en-un-lanzador-que-consolide-el-acceso-al-espacio-para-argentina\/","title":{"rendered":"La Conae celebra 31 a\u00f1os y trabaja en un lanzador que consolide el acceso al espacio para Argentina"},"content":{"rendered":"<div class=\"wrapper-header\">\n<div class=\"container-xl\">\n<div class=\"row\">\n<div class=\"col-12\">\n<div class=\"head-content mb-4\">\n<div class=\"volanta\"><\/div>\n<div class=\"my-3\">\n<div class=\"social mt-3\">La Comisi\u00f3n avanza en el desarrollo de lanzadores Tronador II y III, cohetes de unos 28 metros de altura y 90 toneladas de peso con los que busca poner en \u00f3rbitas de hasta 700 kil\u00f3metros de altura a sat\u00e9lites desde un puerto espacial cercano a Bah\u00eda Blanca.<\/div>\n<div><\/div>\n<\/div>\n<\/div>\n<\/div>\n<\/div>\n<\/div>\n<\/div>\n<p><!--more--><\/p>\n<div class=\"wrapper-editable-content\">\n<div class=\"wrapper-info-note\">\n<div class=\"col-md-12\">\n<div class=\"wrapper-author-social\">\n<div class=\"time\"><span style=\"color: #1d1f20; font-size: 1.953em;\">La Conae cumple 31 a\u00f1os y trabaja en un lanzador de fabricaci\u00f3n argentina.<\/span><\/div>\n<\/div>\n<\/div>\n<\/div>\n<div>\n<div class=\"wrapper-editable-content\">\n<div class=\"container-md\">\n<div class=\"row\">\n<div class=\"col-md-12 speak\">\n<div class=\"paragraph\">\n<div class=\"video_repositive\">\n<div id=\"leQgKjxKI2U\" class=\"video_telam\">\n<div class=\"feature_article_inner\">\n<div class=\"feature_article_title\">\n<p><iframe loading=\"lazy\" title=\"YouTube video player\" src=\"https:\/\/www.youtube.com\/embed\/leQgKjxKI2U\" width=\"843\" height=\"474\" frameborder=\"0\" allowfullscreen=\"allowfullscreen\"><\/iframe><\/p>\n<\/div>\n<p>La Comisi\u00f3n Nacional de Actividades Espaciales (Conae) celebra este s\u00e1bado 31 a\u00f1os de su fundaci\u00f3n con avances en el desarrollo de la familia de\u00a0<strong>lanzadores Tronador II y III, cohetes de unos 28 metros de altura y 90 toneladas de peso con los que busca poner en \u00f3rbitas de hasta 700 kil\u00f3metros de altura a sat\u00e9lites que pesan 750 kilos\u00a0<\/strong>desde un puerto espacial cercano a la localidad bonaerense de Bah\u00eda Blanca.<\/p>\n<p>El desarrollo del veh\u00edculo espacial<strong>\u00a0fue adjudicado por Conae a la empresa estatal VENG<\/strong>\u00a0(Veh\u00edculo Espacial de Nueva Generaci\u00f3n), la cual tiene a su cargo la<strong>\u00a0fabricaci\u00f3n e integraci\u00f3n de componentes<\/strong>\u00a0en el\u00a0<strong>Centro Espacial de Punta Indio (CEPI).<\/strong><\/p>\n<p>All\u00ed fueron instaladas m\u00e1quinas de soldadura en fr\u00edo \u00fanicas en Sudam\u00e9rica y necesarias para la construcci\u00f3n de los tanques de combustible y fuselaje del cohete que requieren de materiales cuya integridad no se vea afectada por el proceso de producci\u00f3n.<\/p>\n<p><strong>El CEPI est\u00e1 ubicado\u00a0<\/strong>en el predio de una antigua planta cementera de la\u00a0<strong>localidad de Pipinas<\/strong>, a unos 140 kil\u00f3metros al sudeste de la Ciudad de Buenos Aires, y dispone de un puerto espacial en el paraje La Capetina, sobre la costa del R\u00edo de La Plata, desde donde se realizaron tres lanzamientos experimentales entre 2014 y 2017.<\/p>\n<p><strong>El director ejecutivo y t\u00e9cnico de la Conae, Ra\u00fal Kulichevsky, y el presidente de VENG<\/strong>\u00a0y\u00a0<strong>decano de la Facultad de Ingenier\u00eda de la Universidad Nacional de La Plata (UNLP), Marcos Actis,<\/strong>\u00a0recibieron a T\u00e9lam en el hangar del CEPI, donde se encuentra la m\u00e1quina de soldadura por fricci\u00f3n-agitaci\u00f3n (friction stir welding, seg\u00fan su denominaci\u00f3n en ingl\u00e9s) que fabrica las estructuras primarias de tanques y fuselajes que formar\u00e1n parte de los pr\u00f3ximos veh\u00edculos lanzadores Tronador II.<\/p>\n<p><strong>\u00abEl desarrollo del producto Tronador es el gran desaf\u00edo que tiene hoy Conae<\/strong>; en la parte satelital somos capaces de desarrollar distintos tipos de misiones con diferentes caracter\u00edsticas e instrumentos y tenemos logros como los Saocom con la puesta en \u00f3rbita de radares en banda L que es lo m\u00e1s complejo en t\u00e9rminos tecnol\u00f3gico con sat\u00e9lites\u00bb, afirm\u00f3 Kulichevsky en di\u00e1logo con T\u00e9lam.<\/p>\n<p>Tal desaf\u00edo\u00a0<strong>\u00abimplica adquirir tecnolog\u00edas en las que todav\u00eda tenemos mucho por desarrolla<\/strong>r, y<strong>\u00a0al mismo tiempo mucho que construir en infraestructura\u00bb,<\/strong>\u00a0consider\u00f3 el director de Conae, que destac\u00f3 los trabajos de adecuaci\u00f3n que tienen por delante para la fabricaci\u00f3n e integraci\u00f3n de los veh\u00edculos y la capacitaci\u00f3n del personal.<\/p>\n<figure class=\"mb-3\"><img decoding=\"async\" src=\"https:\/\/www.telam.com.ar\/thumbs\/bluesteel\/advf\/imagenes\/2022\/05\/62923fddd8c74_900.jpg\" alt=\"Director ejecutivo y tcnico de la Conae Ral Kulichevsky y el presidente de VENG Marcos Actis Foto fernando gens\" width=\"100%\" height=\"100%\" \/><\/p>\n<div class=\"media-icons\"><\/div><figcaption>Director ejecutivo y t\u00e9cnico de la Conae, Ra\u00fal Kulichevsky, y el presidente de VENG, Marcos Actis. Foto fernando gens-<\/figcaption><\/figure>\n<p><strong>El objetivo de Tronador II\/III\u00a0<\/strong>es que se convierta en un lanzador para sat\u00e9lites de observaci\u00f3n de la tierra de hasta 750 kilos de peso en \u00f3rbitas de entre 600 y 700 kil\u00f3metros de altura, un primer paso para pensar c\u00f3mo seguir evolucionando en lanzadores m\u00e1s potentes.<\/p>\n<p>\u00abEl desarrollo del acceso al espacio estuvo presente desde la creaci\u00f3n de la Conae y antes tambi\u00e9n;\u00a0<strong>durante muchos a\u00f1os<\/strong>\u00a0las\u00a0<strong>prioridades<\/strong>\u00a0estuvieron concentradas en el\u00a0<strong>desarrollo en simult\u00e1neo de proyectos muy importantes como el SAC-D<\/strong>\u00a0o los\u00a0<strong>Saocom q<\/strong>ue demandaban un esfuerzo presupuestario, y eso frente a las altas y bajas presupuestarias hac\u00eda que proyectos como el Tronador en algunos momentos quedasen m\u00e1s relegados\u00bb, record\u00f3 Kulichevsky.<\/p>\n<p>En ese sentido, destac\u00f3 que<strong>\u00a0\u00abhoy estamos en otras condiciones y retomando Tronador<\/strong>\u00ab. Aunque sostuvo que suspender un desarrollo tiene desventajas porque \u00bb hay gente que ya no est\u00e1, infraestructuras que se pueden haber degradado o soluciones tecnol\u00f3gicas que ya fueron superadas\u00bb.<\/p>\n<p>Al respecto, Actis, dijo a T\u00e9lam que hay empresas muy vinculadas a estos desarrollos que no est\u00e1n funcionando \u00abporque la pasaron muy mal en los \u00faltimos a\u00f1os\u00bb.<\/p>\n<p>\u00abDe las 160 personas que ten\u00edamos trabajando sobre esto en la UNLP pr\u00e1cticamente la mitad se fueron, eso ahora se est\u00e1 recuperando y si no fuese por la pandemia este proyecto se hubiese reactivado antes\u00bb, detall\u00f3.<\/p>\n<p>El ingeniero subray\u00f3 que muchos trabajadores de empresas argentinas que generan productos en materia aeroespacial o satelital fueron formados por la Conae a trav\u00e9s de proyectos como el Tronador.<\/p>\n<p>Sobre los pr\u00f3ximos pasos, Kulichevsky sostuvo que \u00abla l\u00f3gica de los lanzamientos de ensayo es\u00a0<strong>ir adquiriendo madurez tecnol\u00f3gica en distintos sistemas<\/strong>, como la propulsi\u00f3n, avi\u00f3nica, estructuras, y todo lo referido al segmento de tierra que es tan importante como el cohete o el sat\u00e9lite\u00bb.<\/p>\n<figure class=\"mb-3\"><img decoding=\"async\" src=\"https:\/\/www.telam.com.ar\/thumbs\/bluesteel\/advf\/imagenes\/2022\/05\/62923fde075b6_900.jpg\" alt=\"La Conae trabaja en el desarrollo de la familia de lanzadores Tronador II y III Foto fernando gens\" width=\"100%\" height=\"100%\" \/><\/p>\n<div class=\"media-icons\"><\/div><figcaption>La Conae trabaja en el desarrollo de la familia de lanzadores Tronador II y III. Foto fernando gens<\/figcaption><\/figure>\n<p>\u00abEs un\u00a0<strong>plan de trabajo de varios a\u00f1os<\/strong>\u00a0porque son desarrollos complejos que requieren de varios pasos intermedios\u00bb, detall\u00f3.<\/p>\n<p>Por su parte, Actis ponder\u00f3 que \u00abcon la campa\u00f1a de lanzamientos se aprendi\u00f3 much\u00edsimo, toda la navegaci\u00f3n del veh\u00edculo qued\u00f3 ampliamente demostrada por los lanzamientos de prueba, el manejo remoto, y ahora se apunta a la consolidaci\u00f3n del motor, especialmente de la turbobomba que es el coraz\u00f3n del motor y cuyo desarrollo se hab\u00eda discontinuado a finales de 2015\u00bb.<\/p>\n<p>\u00abEl motor es algo ya probado y ahora se est\u00e1 trabajando en los procesos de fabricaci\u00f3n para hacerlo m\u00e1s liviano, pero lo que dificulta es que hasta finales de 2015 hab\u00eda empresas nacionales en capacidad de fundir y trabajar este tipo de materiales que hoy ya no est\u00e1n\u00bb, agreg\u00f3.<\/p>\n<p>Kulichevsky detall\u00f3\u00a0<strong>\u00abvamos a necesitar 4 o 5 lanzamientos exitosos para saber que dominamos la tecnolog\u00eda antes de pasar a la siguiente etapa\u00bb.<\/strong><\/p>\n<p>\u00ab<strong>Tronador II va a tener distintas versiones<\/strong>\u00a0en funci\u00f3n del di\u00e1metro del lanzador, 70, 150 y 250 cent\u00edmetros que es el que va a ser operativo junto a Tronador III; son al menos seis o siete a\u00f1os de trabajo por delante\u00bb, indic\u00f3.<\/p>\n<p>Asimismo, explic\u00f3 que\u00a0<strong>est\u00e1n surgiendo empresas privadas en el sector espacial,<\/strong>\u00a0muchas de las cuales pueden hacer peque\u00f1os lanzadores, pero no encarar un proyecto del porte del Tronador.<\/p>\n<p>\u00abNo es lo mismo poner en \u00f3rbita un sat\u00e9lite de 50 kilos que uno de 750 y esa capacidad sigue siendo en un mercado muy competitivo de pocos proveedores, pero con muchas oportunidades. Hay una prospecci\u00f3n para los pr\u00f3ximos a\u00f1os de miles de sat\u00e9lites que buscan servicio de lanzamiento y poder ofrecer esa posibilidad abre un universo de nuevas oportunidades\u00bb, complet\u00f3 Kulichevsky.<\/p>\n<p>&nbsp;<\/p>\n<figure class=\"mb-3\"><img decoding=\"async\" src=\"https:\/\/www.telam.com.ar\/thumbs\/bluesteel\/advf\/imagenes\/2022\/05\/6292644dd1ee6_900.jpg\" alt=\"Telam SE\" width=\"100%\" height=\"100%\" \/><\/p>\n<div class=\"media-icons\"><\/div><figcaption><\/figcaption><\/figure>\n<p>La Conae desarrolla en la Argentina misiones satelitales de observaci\u00f3n de la Tierra, con el objetivo de generar informaci\u00f3n espacial sobre el territorio continental y mar\u00edtimo para beneficio del pa\u00eds y Am\u00e9rica Latina.<\/p>\n<p>El Plan Espacial Nacional contempla el\u00a0<strong>desarrollo de la capacidad de lanzamiento de los sat\u00e9lites del proyecto SARE<\/strong>\u00a0para colocarlos en \u00f3rbita desde territorio argentino con el lanzador Tronador II\/III, y la provisi\u00f3n de capacidades para actividades de telemetr\u00eda y telecomando (TT&amp;C), adquisici\u00f3n y procesamiento de la informaci\u00f3n satelital recibida mediante la Red de Estaciones Terrenas distribuidas de manera estrat\u00e9gica.<\/p>\n<\/div>\n<\/div>\n<\/div>\n<\/div>\n<\/div>\n<\/div>\n<\/div>\n<\/div>\n<\/div>\n<\/div>\n","protected":false},"excerpt":{"rendered":"<p>La Comisi\u00f3n avanza en el desarrollo de lanzadores Tronador II y III, cohetes de unos 28 metros de altura y 90 toneladas de peso con los que busca poner en \u00f3rbitas de hasta 700 kil\u00f3metros de altura a sat\u00e9lites desde un puerto espacial cercano a Bah\u00eda Blanca.<\/p>\n","protected":false},"author":3,"featured_media":0,"comment_status":"closed","ping_status":"closed","sticky":false,"template":"","format":"standard","meta":{"footnotes":""},"categories":[46,26],"tags":[],"class_list":["post-72819","post","type-post","status-publish","format-standard","hentry","category-ciencia-y-tecnologia","category-sociedad"],"yoast_head":"<!-- This site is optimized with the Yoast SEO plugin v25.9 - https:\/\/yoast.com\/wordpress\/plugins\/seo\/ -->\n<title>La Conae celebra 31 a\u00f1os y trabaja en un lanzador que consolide el acceso al espacio para Argentina - Noticias Radio Reflejos<\/title>\n<meta name=\"robots\" content=\"index, follow, max-snippet:-1, max-image-preview:large, max-video-preview:-1\" \/>\n<link rel=\"canonical\" href=\"https:\/\/www.noticiasradioreflejos.com.ar\/2021\/la-conae-celebra-31-anos-y-trabaja-en-un-lanzador-que-consolide-el-acceso-al-espacio-para-argentina\/\" \/>\n<meta property=\"og:locale\" content=\"es_ES\" \/>\n<meta property=\"og:type\" content=\"article\" \/>\n<meta property=\"og:title\" content=\"La Conae celebra 31 a\u00f1os y trabaja en un lanzador que consolide el acceso al espacio para Argentina - Noticias Radio Reflejos\" \/>\n<meta property=\"og:description\" content=\"La Comisi\u00f3n avanza en el desarrollo de lanzadores Tronador II y III, cohetes de unos 28 metros de altura y 90 toneladas de peso con los que busca poner en \u00f3rbitas de hasta 700 kil\u00f3metros de altura a sat\u00e9lites desde un puerto espacial cercano a Bah\u00eda Blanca.\" \/>\n<meta property=\"og:url\" content=\"https:\/\/www.noticiasradioreflejos.com.ar\/2021\/la-conae-celebra-31-anos-y-trabaja-en-un-lanzador-que-consolide-el-acceso-al-espacio-para-argentina\/\" \/>\n<meta property=\"og:site_name\" content=\"Noticias Radio Reflejos\" \/>\n<meta property=\"article:published_time\" content=\"2022-05-29T11:41:31+00:00\" \/>\n<meta property=\"og:image\" content=\"https:\/\/www.telam.com.ar\/thumbs\/bluesteel\/advf\/imagenes\/2022\/05\/62923fddd8c74_900.jpg\" \/>\n<meta name=\"author\" content=\"Arnaldo Botto\" \/>\n<meta name=\"twitter:card\" content=\"summary_large_image\" \/>\n<script type=\"application\/ld+json\" class=\"yoast-schema-graph\">{\"@context\":\"https:\/\/schema.org\",\"@graph\":[{\"@type\":\"WebPage\",\"@id\":\"https:\/\/www.noticiasradioreflejos.com.ar\/2021\/la-conae-celebra-31-anos-y-trabaja-en-un-lanzador-que-consolide-el-acceso-al-espacio-para-argentina\/\",\"url\":\"https:\/\/www.noticiasradioreflejos.com.ar\/2021\/la-conae-celebra-31-anos-y-trabaja-en-un-lanzador-que-consolide-el-acceso-al-espacio-para-argentina\/\",\"name\":\"La Conae celebra 31 a\u00f1os y trabaja en un lanzador que consolide el acceso al espacio para Argentina - Noticias Radio Reflejos\",\"isPartOf\":{\"@id\":\"https:\/\/www.noticiasradioreflejos.com.ar\/2021\/#website\"},\"primaryImageOfPage\":{\"@id\":\"https:\/\/www.noticiasradioreflejos.com.ar\/2021\/la-conae-celebra-31-anos-y-trabaja-en-un-lanzador-que-consolide-el-acceso-al-espacio-para-argentina\/#primaryimage\"},\"image\":{\"@id\":\"https:\/\/www.noticiasradioreflejos.com.ar\/2021\/la-conae-celebra-31-anos-y-trabaja-en-un-lanzador-que-consolide-el-acceso-al-espacio-para-argentina\/#primaryimage\"},\"thumbnailUrl\":\"https:\/\/www.telam.com.ar\/thumbs\/bluesteel\/advf\/imagenes\/2022\/05\/62923fddd8c74_900.jpg\",\"datePublished\":\"2022-05-29T11:41:31+00:00\",\"author\":{\"@id\":\"https:\/\/www.noticiasradioreflejos.com.ar\/2021\/#\/schema\/person\/ad82545263dcc5ec0996818884fd5fb1\"},\"breadcrumb\":{\"@id\":\"https:\/\/www.noticiasradioreflejos.com.ar\/2021\/la-conae-celebra-31-anos-y-trabaja-en-un-lanzador-que-consolide-el-acceso-al-espacio-para-argentina\/#breadcrumb\"},\"inLanguage\":\"es\",\"potentialAction\":[{\"@type\":\"ReadAction\",\"target\":[\"https:\/\/www.noticiasradioreflejos.com.ar\/2021\/la-conae-celebra-31-anos-y-trabaja-en-un-lanzador-que-consolide-el-acceso-al-espacio-para-argentina\/\"]}]},{\"@type\":\"ImageObject\",\"inLanguage\":\"es\",\"@id\":\"https:\/\/www.noticiasradioreflejos.com.ar\/2021\/la-conae-celebra-31-anos-y-trabaja-en-un-lanzador-que-consolide-el-acceso-al-espacio-para-argentina\/#primaryimage\",\"url\":\"https:\/\/www.telam.com.ar\/thumbs\/bluesteel\/advf\/imagenes\/2022\/05\/62923fddd8c74_900.jpg\",\"contentUrl\":\"https:\/\/www.telam.com.ar\/thumbs\/bluesteel\/advf\/imagenes\/2022\/05\/62923fddd8c74_900.jpg\"},{\"@type\":\"BreadcrumbList\",\"@id\":\"https:\/\/www.noticiasradioreflejos.com.ar\/2021\/la-conae-celebra-31-anos-y-trabaja-en-un-lanzador-que-consolide-el-acceso-al-espacio-para-argentina\/#breadcrumb\",\"itemListElement\":[{\"@type\":\"ListItem\",\"position\":1,\"name\":\"Portada\",\"item\":\"https:\/\/www.noticiasradioreflejos.com.ar\/2021\/\"},{\"@type\":\"ListItem\",\"position\":2,\"name\":\"La Conae celebra 31 a\u00f1os y trabaja en un lanzador que consolide el acceso al espacio para Argentina\"}]},{\"@type\":\"WebSite\",\"@id\":\"https:\/\/www.noticiasradioreflejos.com.ar\/2021\/#website\",\"url\":\"https:\/\/www.noticiasradioreflejos.com.ar\/2021\/\",\"name\":\"Noticias Radio Reflejos\",\"description\":\"Las noticias de mi comarca\",\"potentialAction\":[{\"@type\":\"SearchAction\",\"target\":{\"@type\":\"EntryPoint\",\"urlTemplate\":\"https:\/\/www.noticiasradioreflejos.com.ar\/2021\/?s={search_term_string}\"},\"query-input\":{\"@type\":\"PropertyValueSpecification\",\"valueRequired\":true,\"valueName\":\"search_term_string\"}}],\"inLanguage\":\"es\"},{\"@type\":\"Person\",\"@id\":\"https:\/\/www.noticiasradioreflejos.com.ar\/2021\/#\/schema\/person\/ad82545263dcc5ec0996818884fd5fb1\",\"name\":\"Arnaldo Botto\",\"image\":{\"@type\":\"ImageObject\",\"inLanguage\":\"es\",\"@id\":\"https:\/\/www.noticiasradioreflejos.com.ar\/2021\/#\/schema\/person\/image\/\",\"url\":\"https:\/\/secure.gravatar.com\/avatar\/55cb5e37c1efa326397366e6974cb338056df65cb50e7d64d1cf314e87504837?s=96&d=mm&r=g\",\"contentUrl\":\"https:\/\/secure.gravatar.com\/avatar\/55cb5e37c1efa326397366e6974cb338056df65cb50e7d64d1cf314e87504837?s=96&d=mm&r=g\",\"caption\":\"Arnaldo Botto\"},\"url\":\"https:\/\/www.noticiasradioreflejos.com.ar\/2021\/author\/arnaldo\/\"}]}<\/script>\n<!-- \/ Yoast SEO plugin. -->","yoast_head_json":{"title":"La Conae celebra 31 a\u00f1os y trabaja en un lanzador que consolide el acceso al espacio para Argentina - Noticias Radio Reflejos","robots":{"index":"index","follow":"follow","max-snippet":"max-snippet:-1","max-image-preview":"max-image-preview:large","max-video-preview":"max-video-preview:-1"},"canonical":"https:\/\/www.noticiasradioreflejos.com.ar\/2021\/la-conae-celebra-31-anos-y-trabaja-en-un-lanzador-que-consolide-el-acceso-al-espacio-para-argentina\/","og_locale":"es_ES","og_type":"article","og_title":"La Conae celebra 31 a\u00f1os y trabaja en un lanzador que consolide el acceso al espacio para Argentina - Noticias Radio Reflejos","og_description":"La Comisi\u00f3n avanza en el desarrollo de lanzadores Tronador II y III, cohetes de unos 28 metros de altura y 90 toneladas de peso con los que busca poner en \u00f3rbitas de hasta 700 kil\u00f3metros de altura a sat\u00e9lites desde un puerto espacial cercano a Bah\u00eda Blanca.","og_url":"https:\/\/www.noticiasradioreflejos.com.ar\/2021\/la-conae-celebra-31-anos-y-trabaja-en-un-lanzador-que-consolide-el-acceso-al-espacio-para-argentina\/","og_site_name":"Noticias Radio Reflejos","article_published_time":"2022-05-29T11:41:31+00:00","og_image":[{"url":"https:\/\/www.telam.com.ar\/thumbs\/bluesteel\/advf\/imagenes\/2022\/05\/62923fddd8c74_900.jpg","type":"","width":"","height":""}],"author":"Arnaldo Botto","twitter_card":"summary_large_image","schema":{"@context":"https:\/\/schema.org","@graph":[{"@type":"WebPage","@id":"https:\/\/www.noticiasradioreflejos.com.ar\/2021\/la-conae-celebra-31-anos-y-trabaja-en-un-lanzador-que-consolide-el-acceso-al-espacio-para-argentina\/","url":"https:\/\/www.noticiasradioreflejos.com.ar\/2021\/la-conae-celebra-31-anos-y-trabaja-en-un-lanzador-que-consolide-el-acceso-al-espacio-para-argentina\/","name":"La Conae celebra 31 a\u00f1os y trabaja en un lanzador que consolide el acceso al espacio para Argentina - Noticias Radio Reflejos","isPartOf":{"@id":"https:\/\/www.noticiasradioreflejos.com.ar\/2021\/#website"},"primaryImageOfPage":{"@id":"https:\/\/www.noticiasradioreflejos.com.ar\/2021\/la-conae-celebra-31-anos-y-trabaja-en-un-lanzador-que-consolide-el-acceso-al-espacio-para-argentina\/#primaryimage"},"image":{"@id":"https:\/\/www.noticiasradioreflejos.com.ar\/2021\/la-conae-celebra-31-anos-y-trabaja-en-un-lanzador-que-consolide-el-acceso-al-espacio-para-argentina\/#primaryimage"},"thumbnailUrl":"https:\/\/www.telam.com.ar\/thumbs\/bluesteel\/advf\/imagenes\/2022\/05\/62923fddd8c74_900.jpg","datePublished":"2022-05-29T11:41:31+00:00","author":{"@id":"https:\/\/www.noticiasradioreflejos.com.ar\/2021\/#\/schema\/person\/ad82545263dcc5ec0996818884fd5fb1"},"breadcrumb":{"@id":"https:\/\/www.noticiasradioreflejos.com.ar\/2021\/la-conae-celebra-31-anos-y-trabaja-en-un-lanzador-que-consolide-el-acceso-al-espacio-para-argentina\/#breadcrumb"},"inLanguage":"es","potentialAction":[{"@type":"ReadAction","target":["https:\/\/www.noticiasradioreflejos.com.ar\/2021\/la-conae-celebra-31-anos-y-trabaja-en-un-lanzador-que-consolide-el-acceso-al-espacio-para-argentina\/"]}]},{"@type":"ImageObject","inLanguage":"es","@id":"https:\/\/www.noticiasradioreflejos.com.ar\/2021\/la-conae-celebra-31-anos-y-trabaja-en-un-lanzador-que-consolide-el-acceso-al-espacio-para-argentina\/#primaryimage","url":"https:\/\/www.telam.com.ar\/thumbs\/bluesteel\/advf\/imagenes\/2022\/05\/62923fddd8c74_900.jpg","contentUrl":"https:\/\/www.telam.com.ar\/thumbs\/bluesteel\/advf\/imagenes\/2022\/05\/62923fddd8c74_900.jpg"},{"@type":"BreadcrumbList","@id":"https:\/\/www.noticiasradioreflejos.com.ar\/2021\/la-conae-celebra-31-anos-y-trabaja-en-un-lanzador-que-consolide-el-acceso-al-espacio-para-argentina\/#breadcrumb","itemListElement":[{"@type":"ListItem","position":1,"name":"Portada","item":"https:\/\/www.noticiasradioreflejos.com.ar\/2021\/"},{"@type":"ListItem","position":2,"name":"La Conae celebra 31 a\u00f1os y trabaja en un lanzador que consolide el acceso al espacio para Argentina"}]},{"@type":"WebSite","@id":"https:\/\/www.noticiasradioreflejos.com.ar\/2021\/#website","url":"https:\/\/www.noticiasradioreflejos.com.ar\/2021\/","name":"Noticias Radio Reflejos","description":"Las noticias de mi comarca","potentialAction":[{"@type":"SearchAction","target":{"@type":"EntryPoint","urlTemplate":"https:\/\/www.noticiasradioreflejos.com.ar\/2021\/?s={search_term_string}"},"query-input":{"@type":"PropertyValueSpecification","valueRequired":true,"valueName":"search_term_string"}}],"inLanguage":"es"},{"@type":"Person","@id":"https:\/\/www.noticiasradioreflejos.com.ar\/2021\/#\/schema\/person\/ad82545263dcc5ec0996818884fd5fb1","name":"Arnaldo Botto","image":{"@type":"ImageObject","inLanguage":"es","@id":"https:\/\/www.noticiasradioreflejos.com.ar\/2021\/#\/schema\/person\/image\/","url":"https:\/\/secure.gravatar.com\/avatar\/55cb5e37c1efa326397366e6974cb338056df65cb50e7d64d1cf314e87504837?s=96&d=mm&r=g","contentUrl":"https:\/\/secure.gravatar.com\/avatar\/55cb5e37c1efa326397366e6974cb338056df65cb50e7d64d1cf314e87504837?s=96&d=mm&r=g","caption":"Arnaldo Botto"},"url":"https:\/\/www.noticiasradioreflejos.com.ar\/2021\/author\/arnaldo\/"}]}},"_links":{"self":[{"href":"https:\/\/www.noticiasradioreflejos.com.ar\/2021\/wp-json\/wp\/v2\/posts\/72819","targetHints":{"allow":["GET"]}}],"collection":[{"href":"https:\/\/www.noticiasradioreflejos.com.ar\/2021\/wp-json\/wp\/v2\/posts"}],"about":[{"href":"https:\/\/www.noticiasradioreflejos.com.ar\/2021\/wp-json\/wp\/v2\/types\/post"}],"author":[{"embeddable":true,"href":"https:\/\/www.noticiasradioreflejos.com.ar\/2021\/wp-json\/wp\/v2\/users\/3"}],"replies":[{"embeddable":true,"href":"https:\/\/www.noticiasradioreflejos.com.ar\/2021\/wp-json\/wp\/v2\/comments?post=72819"}],"version-history":[{"count":1,"href":"https:\/\/www.noticiasradioreflejos.com.ar\/2021\/wp-json\/wp\/v2\/posts\/72819\/revisions"}],"predecessor-version":[{"id":72821,"href":"https:\/\/www.noticiasradioreflejos.com.ar\/2021\/wp-json\/wp\/v2\/posts\/72819\/revisions\/72821"}],"wp:attachment":[{"href":"https:\/\/www.noticiasradioreflejos.com.ar\/2021\/wp-json\/wp\/v2\/media?parent=72819"}],"wp:term":[{"taxonomy":"category","embeddable":true,"href":"https:\/\/www.noticiasradioreflejos.com.ar\/2021\/wp-json\/wp\/v2\/categories?post=72819"},{"taxonomy":"post_tag","embeddable":true,"href":"https:\/\/www.noticiasradioreflejos.com.ar\/2021\/wp-json\/wp\/v2\/tags?post=72819"}],"curies":[{"name":"wp","href":"https:\/\/api.w.org\/{rel}","templated":true}]}}